{"id":211743,"date":"2026-02-13T19:17:31","date_gmt":"2026-02-13T22:17:31","guid":{"rendered":"https:\/\/portaltela.pt\/noticias\/2026\/02\/13\/sismo-de-magnitude-39-foi-sentido-na-ilha-do-faial\/"},"modified":"2026-02-13T19:17:31","modified_gmt":"2026-02-13T22:17:31","slug":"sismo-de-magnitude-39-foi-sentido-na-ilha-do-faial","status":"publish","type":"post","link":"https:\/\/portaltela.pt\/noticias\/2026\/02\/13\/sismo-de-magnitude-39-foi-sentido-na-ilha-do-faial\/","title":{"rendered":"Sismo de magnitude 3,9 foi sentido na ilha do Faial"},"content":{"rendered":"<p>O sismo de magnitude 3,9 na escala de Richter foi sentido esta sexta-feira na ilha do Faial, A\u00e7ores. O evento ocorreu \u00e0s 18h47 locais (mais uma hora em Lisboa), segundo o Centro de Informa\u00e7\u00e3o e Vigil\u00e2ncia Sismovulc\u00e2nica dos A\u00e7ores (CIVISA).<\/p>\n<p>O epicentro situou-se a cerca de 62 quil\u00f3metros a oeste de Capelo, na ilha do Faial, no grupo Central dos A\u00e7ores, de acordo com o CIVISA.<\/p>\n<p>A intensidade registada foi III na escala de Mercalli Modificada, com a descri\u00e7\u00e3o de sensa\u00e7\u00e3o fraca. Em Feteira, no concelho de Horta, foram os relatos de maior intensidade.<\/p>\n<h3>Descri\u00e7\u00e3o do abalo<\/h3>\n<p>O Instituto Portugu\u00eas do Mar e da Atmosfera explica que a intensidade III corresponde a uma sensa\u00e7\u00e3o dentro de casa, com objetos pendentes a baloi\u00e7ar e uma vibra\u00e7\u00e3o semelhante \u00e0 passagem de ve\u00edculos pesados.<\/p>\n<p>N\u00e3o h\u00e1 informa\u00e7\u00f5es de danos at\u00e9 ao momento e n\u00e3o foi emitido qualquer alerta de tsunami.<\/p>\n","protected":false},"excerpt":{"rendered":"<ul>\n<li>O sismo teve magnitude tr\u00eas v\u00edrgula nove na escala de Richter e foi sentido na ilha do Faial, A\u00e7ores.<\/li>\n<li>O abalo ocorreu \u00e0s 18h47 locais (mais uma hora em Lisboa) e teve epicentro a cerca de sessenta e dois quil\u00f4metros a oeste de Capelo.<\/li>\n<li>O epicentro situa-se no grupo Central dos A\u00e7ores.<\/li>\n<li>A intensidade na escala de Mercalli Modificada atingiu III, considerada fraca, sendo sentido dentro de casa e com objetos pendentes a baloi\u00e7ar.<\/li>\n<li>O Centro de Informa\u00e7\u00e3o e Vigil\u00e2ncia Sismovulc\u00e2nica dos A\u00e7ores (CIVISA) atualiza as informa\u00e7\u00f5es \u00e0 medida que disp\u00f5e de dados.<\/li>\n<\/ul>\n","protected":false},"author":2,"featured_media":211744,"comment_status":"closed","ping_status":"closed","sticky":false,"template":"","format":"standard","meta":{"footnotes":""},"categories":[1],"tags":[5487,822,5215,1017,787],"class_list":["post-211743","post","type-post","status-publish","format-standard","has-post-thumbnail","hentry","category-noticias","tag-acidente","tag-acores","tag-catastrofes-naturais","tag-faial","tag-observacao"],"yoast_head":"<!-- This site is optimized with the Yoast SEO plugin v27.2 - https:\/\/yoast.com\/product\/yoast-seo-wordpress\/ -->\n<title>Sismo de magnitude 3,9 foi sentido na ilha do Faial - Portal Tela Portugal<\/title>\n<meta name=\"robots\" content=\"index, follow, max-snippet:-1, max-image-preview:large, max-video-preview:-1\" \/>\n<meta property=\"og:locale\" content=\"pt_PT\" \/>\n<meta property=\"og:type\" content=\"article\" \/>\n<meta property=\"og:title\" content=\"Sismo de magnitude 3,9 foi sentido na ilha do Faial - Portal Tela Portugal\" \/>\n<meta property=\"og:description\" content=\"O sismo teve magnitude tr\u00eas v\u00edrgula nove na escala de Richter e foi sentido na ilha do Faial, A\u00e7ores. O abalo ocorreu \u00e0s 18h47 locais (mais uma hora em Lisboa) e teve epicentro a cerca de sessenta e dois quil\u00f4metros a oeste de Capelo. O epicentro situa-se no grupo Central dos A\u00e7ores. A intensidade na escala de Mercalli Modificada atingiu III, considerada fraca, sendo sentido dentro de casa e com objetos pendentes a baloi\u00e7ar. O Centro de Informa\u00e7\u00e3o e Vigil\u00e2ncia Sismovulc\u00e2nica dos A\u00e7ores (CIVISA) atualiza as informa\u00e7\u00f5es \u00e0 medida que disp\u00f5e de dados.\" \/>\n<meta property=\"og:url\" content=\"https:\/\/portaltela.pt\/noticias\/2026\/02\/13\/sismo-de-magnitude-39-foi-sentido-na-ilha-do-faial\/\" \/>\n<meta property=\"og:site_name\" content=\"Portal Tela Portugal\" \/>\n<meta property=\"article:published_time\" content=\"2026-02-13T22:17:31+00:00\" \/>\n<meta name=\"author\" content=\"Telinha\" \/>\n<meta name=\"twitter:card\" content=\"summary_large_image\" \/>\n<meta name=\"twitter:label1\" content=\"Escrito por\" \/>\n\t<meta name=\"twitter:data1\" content=\"Telinha\" \/>\n\t<meta name=\"twitter:label2\" content=\"Tempo estimado de leitura\" \/>\n\t<meta name=\"twitter:data2\" content=\"1 minuto\" \/>\n<script type=\"application\/ld+json\" class=\"yoast-schema-graph\">{\"@context\":\"https:\/\/schema.org\",\"@graph\":[{\"@type\":\"Article\",\"@id\":\"https:\/\/portaltela.pt\/noticias\/2026\/02\/13\/sismo-de-magnitude-39-foi-sentido-na-ilha-do-faial\/#article\",\"isPartOf\":{\"@id\":\"https:\/\/portaltela.pt\/noticias\/2026\/02\/13\/sismo-de-magnitude-39-foi-sentido-na-ilha-do-faial\/\"},\"author\":{\"name\":\"Telinha\",\"@id\":\"https:\/\/portaltela.pt\/#\/schema\/person\/c4278d4a6028830caff9ee44b42d32ed\"},\"headline\":\"Sismo de magnitude 3,9 foi sentido na ilha do Faial\",\"datePublished\":\"2026-02-13T22:17:31+00:00\",\"mainEntityOfPage\":{\"@id\":\"https:\/\/portaltela.pt\/noticias\/2026\/02\/13\/sismo-de-magnitude-39-foi-sentido-na-ilha-do-faial\/\"},\"wordCount\":171,\"image\":{\"@id\":\"https:\/\/portaltela.pt\/noticias\/2026\/02\/13\/sismo-de-magnitude-39-foi-sentido-na-ilha-do-faial\/#primaryimage\"},\"thumbnailUrl\":\"https:\/\/portaltela.pt\/s.01k8rhncp4jt1\/2026\/02\/img_1500x1000uu2023-09-03-22-06-13-1434487-1.jpg\",\"keywords\":[\"acidente\",\"A\u00e7ores\",\"cat\u00e1strofes naturais\",\"Faial\",\"observa\u00e7\u00e3o\"],\"articleSection\":[\"Not\u00edcias\"],\"inLanguage\":\"pt-PT\"},{\"@type\":\"WebPage\",\"@id\":\"https:\/\/portaltela.pt\/noticias\/2026\/02\/13\/sismo-de-magnitude-39-foi-sentido-na-ilha-do-faial\/\",\"url\":\"https:\/\/portaltela.pt\/noticias\/2026\/02\/13\/sismo-de-magnitude-39-foi-sentido-na-ilha-do-faial\/\",\"name\":\"Sismo de magnitude 3,9 foi sentido na ilha do Faial - Portal Tela Portugal\",\"isPartOf\":{\"@id\":\"https:\/\/portaltela.pt\/#website\"},\"primaryImageOfPage\":{\"@id\":\"https:\/\/portaltela.pt\/noticias\/2026\/02\/13\/sismo-de-magnitude-39-foi-sentido-na-ilha-do-faial\/#primaryimage\"},\"image\":{\"@id\":\"https:\/\/portaltela.pt\/noticias\/2026\/02\/13\/sismo-de-magnitude-39-foi-sentido-na-ilha-do-faial\/#primaryimage\"},\"thumbnailUrl\":\"https:\/\/portaltela.pt\/s.01k8rhncp4jt1\/2026\/02\/img_1500x1000uu2023-09-03-22-06-13-1434487-1.jpg\",\"datePublished\":\"2026-02-13T22:17:31+00:00\",\"author\":{\"@id\":\"https:\/\/portaltela.pt\/#\/schema\/person\/c4278d4a6028830caff9ee44b42d32ed\"},\"breadcrumb\":{\"@id\":\"https:\/\/portaltela.pt\/noticias\/2026\/02\/13\/sismo-de-magnitude-39-foi-sentido-na-ilha-do-faial\/#breadcrumb\"},\"inLanguage\":\"pt-PT\",\"potentialAction\":[{\"@type\":\"ReadAction\",\"target\":[\"https:\/\/portaltela.pt\/noticias\/2026\/02\/13\/sismo-de-magnitude-39-foi-sentido-na-ilha-do-faial\/\"]}]},{\"@type\":\"ImageObject\",\"inLanguage\":\"pt-PT\",\"@id\":\"https:\/\/portaltela.pt\/noticias\/2026\/02\/13\/sismo-de-magnitude-39-foi-sentido-na-ilha-do-faial\/#primaryimage\",\"url\":\"https:\/\/portaltela.pt\/s.01k8rhncp4jt1\/2026\/02\/img_1500x1000uu2023-09-03-22-06-13-1434487-1.jpg\",\"contentUrl\":\"https:\/\/portaltela.pt\/s.01k8rhncp4jt1\/2026\/02\/img_1500x1000uu2023-09-03-22-06-13-1434487-1.jpg\",\"width\":796,\"height\":448,\"caption\":\"Ilha do Faial\"},{\"@type\":\"BreadcrumbList\",\"@id\":\"https:\/\/portaltela.pt\/noticias\/2026\/02\/13\/sismo-de-magnitude-39-foi-sentido-na-ilha-do-faial\/#breadcrumb\",\"itemListElement\":[{\"@type\":\"ListItem\",\"position\":1,\"name\":\"In\u00edcio\",\"item\":\"https:\/\/portaltela.pt\/\"},{\"@type\":\"ListItem\",\"position\":2,\"name\":\"Sismo de magnitude 3,9 foi sentido na ilha do Faial\"}]},{\"@type\":\"WebSite\",\"@id\":\"https:\/\/portaltela.pt\/#website\",\"url\":\"https:\/\/portaltela.pt\/\",\"name\":\"Portal Tela Portugal\",\"description\":\"\",\"potentialAction\":[{\"@type\":\"SearchAction\",\"target\":{\"@type\":\"EntryPoint\",\"urlTemplate\":\"https:\/\/portaltela.pt\/?s={search_term_string}\"},\"query-input\":{\"@type\":\"PropertyValueSpecification\",\"valueRequired\":true,\"valueName\":\"search_term_string\"}}],\"inLanguage\":\"pt-PT\"},{\"@type\":\"Person\",\"@id\":\"https:\/\/portaltela.pt\/#\/schema\/person\/c4278d4a6028830caff9ee44b42d32ed\",\"name\":\"Telinha\",\"image\":{\"@type\":\"ImageObject\",\"inLanguage\":\"pt-PT\",\"@id\":\"https:\/\/portaltela.pt\/s.01k8rhncp4jt1\/2025\/11\/talking-bot-125x125.png\",\"url\":\"https:\/\/portaltela.pt\/s.01k8rhncp4jt1\/2025\/11\/talking-bot-125x125.png\",\"contentUrl\":\"https:\/\/portaltela.pt\/s.01k8rhncp4jt1\/2025\/11\/talking-bot-125x125.png\",\"caption\":\"Telinha\"},\"sameAs\":[\"https:\/\/portaltela.pt\/\"],\"url\":\"https:\/\/portaltela.pt\/por\/367410592786\/\"}]}<\/script>\n<!-- \/ Yoast SEO plugin. -->","yoast_head_json":{"title":"Sismo de magnitude 3,9 foi sentido na ilha do Faial - Portal Tela Portugal","robots":{"index":"index","follow":"follow","max-snippet":"max-snippet:-1","max-image-preview":"max-image-preview:large","max-video-preview":"max-video-preview:-1"},"og_locale":"pt_PT","og_type":"article","og_title":"Sismo de magnitude 3,9 foi sentido na ilha do Faial - Portal Tela Portugal","og_description":"O sismo teve magnitude tr\u00eas v\u00edrgula nove na escala de Richter e foi sentido na ilha do Faial, A\u00e7ores. O abalo ocorreu \u00e0s 18h47 locais (mais uma hora em Lisboa) e teve epicentro a cerca de sessenta e dois quil\u00f4metros a oeste de Capelo. O epicentro situa-se no grupo Central dos A\u00e7ores. A intensidade na escala de Mercalli Modificada atingiu III, considerada fraca, sendo sentido dentro de casa e com objetos pendentes a baloi\u00e7ar. O Centro de Informa\u00e7\u00e3o e Vigil\u00e2ncia Sismovulc\u00e2nica dos A\u00e7ores (CIVISA) atualiza as informa\u00e7\u00f5es \u00e0 medida que disp\u00f5e de dados.","og_url":"https:\/\/portaltela.pt\/noticias\/2026\/02\/13\/sismo-de-magnitude-39-foi-sentido-na-ilha-do-faial\/","og_site_name":"Portal Tela Portugal","article_published_time":"2026-02-13T22:17:31+00:00","author":"Telinha","twitter_card":"summary_large_image","twitter_misc":{"Escrito por":"Telinha","Tempo estimado de leitura":"1 minuto"},"schema":{"@context":"https:\/\/schema.org","@graph":[{"@type":"Article","@id":"https:\/\/portaltela.pt\/noticias\/2026\/02\/13\/sismo-de-magnitude-39-foi-sentido-na-ilha-do-faial\/#article","isPartOf":{"@id":"https:\/\/portaltela.pt\/noticias\/2026\/02\/13\/sismo-de-magnitude-39-foi-sentido-na-ilha-do-faial\/"},"author":{"name":"Telinha","@id":"https:\/\/portaltela.pt\/#\/schema\/person\/c4278d4a6028830caff9ee44b42d32ed"},"headline":"Sismo de magnitude 3,9 foi sentido na ilha do Faial","datePublished":"2026-02-13T22:17:31+00:00","mainEntityOfPage":{"@id":"https:\/\/portaltela.pt\/noticias\/2026\/02\/13\/sismo-de-magnitude-39-foi-sentido-na-ilha-do-faial\/"},"wordCount":171,"image":{"@id":"https:\/\/portaltela.pt\/noticias\/2026\/02\/13\/sismo-de-magnitude-39-foi-sentido-na-ilha-do-faial\/#primaryimage"},"thumbnailUrl":"https:\/\/portaltela.pt\/s.01k8rhncp4jt1\/2026\/02\/img_1500x1000uu2023-09-03-22-06-13-1434487-1.jpg","keywords":["acidente","A\u00e7ores","cat\u00e1strofes naturais","Faial","observa\u00e7\u00e3o"],"articleSection":["Not\u00edcias"],"inLanguage":"pt-PT"},{"@type":"WebPage","@id":"https:\/\/portaltela.pt\/noticias\/2026\/02\/13\/sismo-de-magnitude-39-foi-sentido-na-ilha-do-faial\/","url":"https:\/\/portaltela.pt\/noticias\/2026\/02\/13\/sismo-de-magnitude-39-foi-sentido-na-ilha-do-faial\/","name":"Sismo de magnitude 3,9 foi sentido na ilha do Faial - Portal Tela Portugal","isPartOf":{"@id":"https:\/\/portaltela.pt\/#website"},"primaryImageOfPage":{"@id":"https:\/\/portaltela.pt\/noticias\/2026\/02\/13\/sismo-de-magnitude-39-foi-sentido-na-ilha-do-faial\/#primaryimage"},"image":{"@id":"https:\/\/portaltela.pt\/noticias\/2026\/02\/13\/sismo-de-magnitude-39-foi-sentido-na-ilha-do-faial\/#primaryimage"},"thumbnailUrl":"https:\/\/portaltela.pt\/s.01k8rhncp4jt1\/2026\/02\/img_1500x1000uu2023-09-03-22-06-13-1434487-1.jpg","datePublished":"2026-02-13T22:17:31+00:00","author":{"@id":"https:\/\/portaltela.pt\/#\/schema\/person\/c4278d4a6028830caff9ee44b42d32ed"},"breadcrumb":{"@id":"https:\/\/portaltela.pt\/noticias\/2026\/02\/13\/sismo-de-magnitude-39-foi-sentido-na-ilha-do-faial\/#breadcrumb"},"inLanguage":"pt-PT","potentialAction":[{"@type":"ReadAction","target":["https:\/\/portaltela.pt\/noticias\/2026\/02\/13\/sismo-de-magnitude-39-foi-sentido-na-ilha-do-faial\/"]}]},{"@type":"ImageObject","inLanguage":"pt-PT","@id":"https:\/\/portaltela.pt\/noticias\/2026\/02\/13\/sismo-de-magnitude-39-foi-sentido-na-ilha-do-faial\/#primaryimage","url":"https:\/\/portaltela.pt\/s.01k8rhncp4jt1\/2026\/02\/img_1500x1000uu2023-09-03-22-06-13-1434487-1.jpg","contentUrl":"https:\/\/portaltela.pt\/s.01k8rhncp4jt1\/2026\/02\/img_1500x1000uu2023-09-03-22-06-13-1434487-1.jpg","width":796,"height":448,"caption":"Ilha do Faial"},{"@type":"BreadcrumbList","@id":"https:\/\/portaltela.pt\/noticias\/2026\/02\/13\/sismo-de-magnitude-39-foi-sentido-na-ilha-do-faial\/#breadcrumb","itemListElement":[{"@type":"ListItem","position":1,"name":"In\u00edcio","item":"https:\/\/portaltela.pt\/"},{"@type":"ListItem","position":2,"name":"Sismo de magnitude 3,9 foi sentido na ilha do Faial"}]},{"@type":"WebSite","@id":"https:\/\/portaltela.pt\/#website","url":"https:\/\/portaltela.pt\/","name":"Portal Tela Portugal","description":"","potentialAction":[{"@type":"SearchAction","target":{"@type":"EntryPoint","urlTemplate":"https:\/\/portaltela.pt\/?s={search_term_string}"},"query-input":{"@type":"PropertyValueSpecification","valueRequired":true,"valueName":"search_term_string"}}],"inLanguage":"pt-PT"},{"@type":"Person","@id":"https:\/\/portaltela.pt\/#\/schema\/person\/c4278d4a6028830caff9ee44b42d32ed","name":"Telinha","image":{"@type":"ImageObject","inLanguage":"pt-PT","@id":"https:\/\/portaltela.pt\/s.01k8rhncp4jt1\/2025\/11\/talking-bot-125x125.png","url":"https:\/\/portaltela.pt\/s.01k8rhncp4jt1\/2025\/11\/talking-bot-125x125.png","contentUrl":"https:\/\/portaltela.pt\/s.01k8rhncp4jt1\/2025\/11\/talking-bot-125x125.png","caption":"Telinha"},"sameAs":["https:\/\/portaltela.pt\/"],"url":"https:\/\/portaltela.pt\/por\/367410592786\/"}]}},"_links":{"self":[{"href":"https:\/\/portaltela.pt\/api\/wp\/v2\/posts\/211743","targetHints":{"allow":["GET"]}}],"collection":[{"href":"https:\/\/portaltela.pt\/api\/wp\/v2\/posts"}],"about":[{"href":"https:\/\/portaltela.pt\/api\/wp\/v2\/types\/post"}],"author":[{"embeddable":true,"href":"https:\/\/portaltela.pt\/api\/wp\/v2\/users\/2"}],"replies":[{"embeddable":true,"href":"https:\/\/portaltela.pt\/api\/wp\/v2\/comments?post=211743"}],"version-history":[{"count":0,"href":"https:\/\/portaltela.pt\/api\/wp\/v2\/posts\/211743\/revisions"}],"wp:featuredmedia":[{"embeddable":true,"href":"https:\/\/portaltela.pt\/api\/wp\/v2\/media\/211744"}],"wp:attachment":[{"href":"https:\/\/portaltela.pt\/api\/wp\/v2\/media?parent=211743"}],"wp:term":[{"taxonomy":"category","embeddable":true,"href":"https:\/\/portaltela.pt\/api\/wp\/v2\/categories?post=211743"},{"taxonomy":"post_tag","embeddable":true,"href":"https:\/\/portaltela.pt\/api\/wp\/v2\/tags?post=211743"}],"curies":[{"name":"wp","href":"https:\/\/api.w.org\/{rel}","templated":true}]}}