{"id":211737,"date":"2026-02-13T18:18:00","date_gmt":"2026-02-13T21:18:00","guid":{"rendered":"https:\/\/portaltela.pt\/noticias\/2026\/02\/13\/carnaval-em-portugal-continental-com-ceu-nublado-e-chuva-fraca\/"},"modified":"2026-02-13T18:18:00","modified_gmt":"2026-02-13T21:18:00","slug":"carnaval-em-portugal-continental-com-ceu-nublado-e-chuva-fraca","status":"publish","type":"post","link":"https:\/\/portaltela.pt\/noticias\/2026\/02\/13\/carnaval-em-portugal-continental-com-ceu-nublado-e-chuva-fraca\/","title":{"rendered":"Carnaval em Portugal continental com c\u00e9u nublado e chuva fraca"},"content":{"rendered":"<p>O Carnaval celebra-se na ter\u00e7a-feira, 17 de fevereiro, mas os festejos de rua come\u00e7am no fim de semana anterior. Prev\u00ea-se c\u00e9u nublado e chuva fraca em Portugal continental, com m\u00ednimas entre 5 e 10\u00b0C e m\u00e1ximas que podem chegar a 18\u00b0C em Faro.<\/p>\n<p>O Instituto Portugu\u00eas do Mar e da Atmosfera (IPMA) aponta que um anticiclone se fixa nos A\u00e7ores, estendendo-se para a Pen\u00ednsula Ib\u00e9rica e empurrando a frente de tempestades para norte. Assim, o tempo dever\u00e1 manter-se est\u00e1vel, com flutua\u00e7\u00f5es m\u00ednimas de temperatura.<\/p>\n<p>Regi\u00e3o Norte e Centro<\/p>\n<p>No s\u00e1bado, o c\u00e9u deve apresentar-se geralmente pouco nublado, com aumento da nebulosidade nos dias seguintes. Condi\u00e7\u00f5es de chuva fraca s\u00e3o esperadas, sobretudo no Minho e Douro Litoral entre tarde de domingo e manh\u00e3 de ter\u00e7a-feira. No interior, a madrugada de domingo pode registar geada.<\/p>\n<p>Regi\u00e3o Sul<\/p>\n<p>O c\u00e9u dever\u00e1 manter-se pouco nublado, com per\u00edodos de maior nebulosidade, especialmente pela manh\u00e3. Pode chover fraco no Alto Alentejo, principalmente na manh\u00e3 de segunda-feira. Neblinas matinais s\u00e3o esperadas na segunda e ter\u00e7a-feira.<\/p>\n<p>Regi\u00e3o Aut\u00f3noma da Madeira<\/p>\n<p>Na Madeira, o anticiclone dever\u00e1 manter o tempo est\u00e1vel, com c\u00e9u geralmente pouco nublado e vento moderado de nordeste no s\u00e1bado, rodando para leste e, na ter\u00e7a-feira, tornando-se fraco. As temperaturas mant\u00eam-se est\u00e1veis, com m\u00e1xima de cerca de 20\u00b0C no Funchal e m\u00ednimas entre 13\u00b0C e 4\u00b0C nas zonas altas.<\/p>\n","protected":false},"excerpt":{"rendered":"<ul>\n<li>Entre s\u00e1bado e ter\u00e7a-feira de Carnaval prev\u00ea-se c\u00e9u nublado e chuva fraca em Portugal continental, com m\u00ednimas entre 5 e 10\u00b0C e m\u00e1ximas at\u00e9 18\u00b0C em Faro.<\/li>\n<li>No Norte e Centro haver\u00e1 c\u00e9u geralmente pouco nublado no s\u00e1bado, aumentando a nebulosidade nos dias seguintes com per\u00edodos de chuva fraca, mais frequentes no Minho e Douro Litoral; pode haver geada no interior \u00e0 madrugada de domingo.<\/li>\n<li>No Sul, o c\u00e9u dever\u00e1 manter-se pouco nublado, com per\u00edodos de muita nebulosidade pela manh\u00e3 e possibilidade de precipita\u00e7\u00e3o fraca no Alto Alentejo, sobretudo na manh\u00e3 de segunda-feira.<\/li>\n<li>De segunda a ter\u00e7a-feira dever\u00e3o ocorrer neblina ou nevoeiro matinal; o vento soprar\u00e1 predominantemente do quadrante oeste, fraco a moderado, por vezes forte nas terras altas.<\/li>\n<li>Na Madeira, o anticiclone ambiental mant\u00e9m-se, com c\u00e9u pouco nublado, vento moderado de nordeste a leste e temperaturas est\u00e1veis, com m\u00ednima de 13\u00b0C e m\u00e1xima de 20\u00b0C no Funchal.<\/li>\n<\/ul>\n","protected":false},"author":2,"featured_media":211738,"comment_status":"closed","ping_status":"closed","sticky":false,"template":"","format":"standard","meta":{"footnotes":""},"categories":[1],"tags":[5329,1194,859,4364,2765,5538],"class_list":["post-211737","post","type-post","status-publish","format-standard","has-post-thumbnail","hentry","category-noticias","tag-chuva","tag-douro","tag-madeira","tag-meteorologia","tag-norte","tag-sul"],"yoast_head":"<!-- This site is optimized with the Yoast SEO plugin v27.2 - https:\/\/yoast.com\/product\/yoast-seo-wordpress\/ -->\n<title>Carnaval em Portugal continental com c\u00e9u nublado e chuva fraca - Portal Tela Portugal<\/title>\n<meta name=\"robots\" content=\"index, follow, max-snippet:-1, max-image-preview:large, max-video-preview:-1\" \/>\n<meta property=\"og:locale\" content=\"pt_PT\" \/>\n<meta property=\"og:type\" content=\"article\" \/>\n<meta property=\"og:title\" content=\"Carnaval em Portugal continental com c\u00e9u nublado e chuva fraca - Portal Tela Portugal\" \/>\n<meta property=\"og:description\" content=\"Entre s\u00e1bado e ter\u00e7a-feira de Carnaval prev\u00ea-se c\u00e9u nublado e chuva fraca em Portugal continental, com m\u00ednimas entre 5 e 10\u00b0C e m\u00e1ximas at\u00e9 18\u00b0C em Faro. No Norte e Centro haver\u00e1 c\u00e9u geralmente pouco nublado no s\u00e1bado, aumentando a nebulosidade nos dias seguintes com per\u00edodos de chuva fraca, mais frequentes no Minho e Douro Litoral; pode haver geada no interior \u00e0 madrugada de domingo. No Sul, o c\u00e9u dever\u00e1 manter-se pouco nublado, com per\u00edodos de muita nebulosidade pela manh\u00e3 e possibilidade de precipita\u00e7\u00e3o fraca no Alto Alentejo, sobretudo na manh\u00e3 de segunda-feira. De segunda a ter\u00e7a-feira dever\u00e3o ocorrer neblina ou nevoeiro matinal; o vento soprar\u00e1 predominantemente do quadrante oeste, fraco a moderado, por vezes forte nas terras altas. Na Madeira, o anticiclone ambiental mant\u00e9m-se, com c\u00e9u pouco nublado, vento moderado de nordeste a leste e temperaturas est\u00e1veis, com m\u00ednima de 13\u00b0C e m\u00e1xima de 20\u00b0C no Funchal.\" \/>\n<meta property=\"og:url\" content=\"https:\/\/portaltela.pt\/noticias\/2026\/02\/13\/carnaval-em-portugal-continental-com-ceu-nublado-e-chuva-fraca\/\" \/>\n<meta property=\"og:site_name\" content=\"Portal Tela Portugal\" \/>\n<meta property=\"article:published_time\" content=\"2026-02-13T21:18:00+00:00\" \/>\n<meta name=\"author\" content=\"Telinha\" \/>\n<meta name=\"twitter:card\" content=\"summary_large_image\" \/>\n<meta name=\"twitter:label1\" content=\"Escrito por\" \/>\n\t<meta name=\"twitter:data1\" content=\"Telinha\" \/>\n\t<meta name=\"twitter:label2\" content=\"Tempo estimado de leitura\" \/>\n\t<meta name=\"twitter:data2\" content=\"1 minuto\" \/>\n<script type=\"application\/ld+json\" class=\"yoast-schema-graph\">{\"@context\":\"https:\/\/schema.org\",\"@graph\":[{\"@type\":\"Article\",\"@id\":\"https:\/\/portaltela.pt\/noticias\/2026\/02\/13\/carnaval-em-portugal-continental-com-ceu-nublado-e-chuva-fraca\/#article\",\"isPartOf\":{\"@id\":\"https:\/\/portaltela.pt\/noticias\/2026\/02\/13\/carnaval-em-portugal-continental-com-ceu-nublado-e-chuva-fraca\/\"},\"author\":{\"name\":\"Telinha\",\"@id\":\"https:\/\/portaltela.pt\/#\/schema\/person\/c4278d4a6028830caff9ee44b42d32ed\"},\"headline\":\"Carnaval em Portugal continental com c\u00e9u nublado e chuva fraca\",\"datePublished\":\"2026-02-13T21:18:00+00:00\",\"mainEntityOfPage\":{\"@id\":\"https:\/\/portaltela.pt\/noticias\/2026\/02\/13\/carnaval-em-portugal-continental-com-ceu-nublado-e-chuva-fraca\/\"},\"wordCount\":265,\"image\":{\"@id\":\"https:\/\/portaltela.pt\/noticias\/2026\/02\/13\/carnaval-em-portugal-continental-com-ceu-nublado-e-chuva-fraca\/#primaryimage\"},\"thumbnailUrl\":\"https:\/\/portaltela.pt\/s.01k8rhncp4jt1\/2026\/02\/img_1500x1000uu2026-01-21-12-25-22-2261667.jpg\",\"keywords\":[\"chuva\",\"Douro\",\"Madeira\",\"meteorologia\",\"Norte\",\"Sul\"],\"articleSection\":[\"Not\u00edcias\"],\"inLanguage\":\"pt-PT\"},{\"@type\":\"WebPage\",\"@id\":\"https:\/\/portaltela.pt\/noticias\/2026\/02\/13\/carnaval-em-portugal-continental-com-ceu-nublado-e-chuva-fraca\/\",\"url\":\"https:\/\/portaltela.pt\/noticias\/2026\/02\/13\/carnaval-em-portugal-continental-com-ceu-nublado-e-chuva-fraca\/\",\"name\":\"Carnaval em Portugal continental com c\u00e9u nublado e chuva fraca - Portal Tela Portugal\",\"isPartOf\":{\"@id\":\"https:\/\/portaltela.pt\/#website\"},\"primaryImageOfPage\":{\"@id\":\"https:\/\/portaltela.pt\/noticias\/2026\/02\/13\/carnaval-em-portugal-continental-com-ceu-nublado-e-chuva-fraca\/#primaryimage\"},\"image\":{\"@id\":\"https:\/\/portaltela.pt\/noticias\/2026\/02\/13\/carnaval-em-portugal-continental-com-ceu-nublado-e-chuva-fraca\/#primaryimage\"},\"thumbnailUrl\":\"https:\/\/portaltela.pt\/s.01k8rhncp4jt1\/2026\/02\/img_1500x1000uu2026-01-21-12-25-22-2261667.jpg\",\"datePublished\":\"2026-02-13T21:18:00+00:00\",\"author\":{\"@id\":\"https:\/\/portaltela.pt\/#\/schema\/person\/c4278d4a6028830caff9ee44b42d32ed\"},\"breadcrumb\":{\"@id\":\"https:\/\/portaltela.pt\/noticias\/2026\/02\/13\/carnaval-em-portugal-continental-com-ceu-nublado-e-chuva-fraca\/#breadcrumb\"},\"inLanguage\":\"pt-PT\",\"potentialAction\":[{\"@type\":\"ReadAction\",\"target\":[\"https:\/\/portaltela.pt\/noticias\/2026\/02\/13\/carnaval-em-portugal-continental-com-ceu-nublado-e-chuva-fraca\/\"]}]},{\"@type\":\"ImageObject\",\"inLanguage\":\"pt-PT\",\"@id\":\"https:\/\/portaltela.pt\/noticias\/2026\/02\/13\/carnaval-em-portugal-continental-com-ceu-nublado-e-chuva-fraca\/#primaryimage\",\"url\":\"https:\/\/portaltela.pt\/s.01k8rhncp4jt1\/2026\/02\/img_1500x1000uu2026-01-21-12-25-22-2261667.jpg\",\"contentUrl\":\"https:\/\/portaltela.pt\/s.01k8rhncp4jt1\/2026\/02\/img_1500x1000uu2026-01-21-12-25-22-2261667.jpg\",\"width\":796,\"height\":448,\"caption\":\"Foli\u00f5es mascarados celebram o Carnaval em Oliveira do Bairro\"},{\"@type\":\"BreadcrumbList\",\"@id\":\"https:\/\/portaltela.pt\/noticias\/2026\/02\/13\/carnaval-em-portugal-continental-com-ceu-nublado-e-chuva-fraca\/#breadcrumb\",\"itemListElement\":[{\"@type\":\"ListItem\",\"position\":1,\"name\":\"In\u00edcio\",\"item\":\"https:\/\/portaltela.pt\/\"},{\"@type\":\"ListItem\",\"position\":2,\"name\":\"Carnaval em Portugal continental com c\u00e9u nublado e chuva fraca\"}]},{\"@type\":\"WebSite\",\"@id\":\"https:\/\/portaltela.pt\/#website\",\"url\":\"https:\/\/portaltela.pt\/\",\"name\":\"Portal Tela Portugal\",\"description\":\"\",\"potentialAction\":[{\"@type\":\"SearchAction\",\"target\":{\"@type\":\"EntryPoint\",\"urlTemplate\":\"https:\/\/portaltela.pt\/?s={search_term_string}\"},\"query-input\":{\"@type\":\"PropertyValueSpecification\",\"valueRequired\":true,\"valueName\":\"search_term_string\"}}],\"inLanguage\":\"pt-PT\"},{\"@type\":\"Person\",\"@id\":\"https:\/\/portaltela.pt\/#\/schema\/person\/c4278d4a6028830caff9ee44b42d32ed\",\"name\":\"Telinha\",\"image\":{\"@type\":\"ImageObject\",\"inLanguage\":\"pt-PT\",\"@id\":\"https:\/\/portaltela.pt\/s.01k8rhncp4jt1\/2025\/11\/talking-bot-125x125.png\",\"url\":\"https:\/\/portaltela.pt\/s.01k8rhncp4jt1\/2025\/11\/talking-bot-125x125.png\",\"contentUrl\":\"https:\/\/portaltela.pt\/s.01k8rhncp4jt1\/2025\/11\/talking-bot-125x125.png\",\"caption\":\"Telinha\"},\"sameAs\":[\"https:\/\/portaltela.pt\/\"],\"url\":\"https:\/\/portaltela.pt\/por\/367410592786\/\"}]}<\/script>\n<!-- \/ Yoast SEO plugin. -->","yoast_head_json":{"title":"Carnaval em Portugal continental com c\u00e9u nublado e chuva fraca - Portal Tela Portugal","robots":{"index":"index","follow":"follow","max-snippet":"max-snippet:-1","max-image-preview":"max-image-preview:large","max-video-preview":"max-video-preview:-1"},"og_locale":"pt_PT","og_type":"article","og_title":"Carnaval em Portugal continental com c\u00e9u nublado e chuva fraca - Portal Tela Portugal","og_description":"Entre s\u00e1bado e ter\u00e7a-feira de Carnaval prev\u00ea-se c\u00e9u nublado e chuva fraca em Portugal continental, com m\u00ednimas entre 5 e 10\u00b0C e m\u00e1ximas at\u00e9 18\u00b0C em Faro. No Norte e Centro haver\u00e1 c\u00e9u geralmente pouco nublado no s\u00e1bado, aumentando a nebulosidade nos dias seguintes com per\u00edodos de chuva fraca, mais frequentes no Minho e Douro Litoral; pode haver geada no interior \u00e0 madrugada de domingo. No Sul, o c\u00e9u dever\u00e1 manter-se pouco nublado, com per\u00edodos de muita nebulosidade pela manh\u00e3 e possibilidade de precipita\u00e7\u00e3o fraca no Alto Alentejo, sobretudo na manh\u00e3 de segunda-feira. De segunda a ter\u00e7a-feira dever\u00e3o ocorrer neblina ou nevoeiro matinal; o vento soprar\u00e1 predominantemente do quadrante oeste, fraco a moderado, por vezes forte nas terras altas. Na Madeira, o anticiclone ambiental mant\u00e9m-se, com c\u00e9u pouco nublado, vento moderado de nordeste a leste e temperaturas est\u00e1veis, com m\u00ednima de 13\u00b0C e m\u00e1xima de 20\u00b0C no Funchal.","og_url":"https:\/\/portaltela.pt\/noticias\/2026\/02\/13\/carnaval-em-portugal-continental-com-ceu-nublado-e-chuva-fraca\/","og_site_name":"Portal Tela Portugal","article_published_time":"2026-02-13T21:18:00+00:00","author":"Telinha","twitter_card":"summary_large_image","twitter_misc":{"Escrito por":"Telinha","Tempo estimado de leitura":"1 minuto"},"schema":{"@context":"https:\/\/schema.org","@graph":[{"@type":"Article","@id":"https:\/\/portaltela.pt\/noticias\/2026\/02\/13\/carnaval-em-portugal-continental-com-ceu-nublado-e-chuva-fraca\/#article","isPartOf":{"@id":"https:\/\/portaltela.pt\/noticias\/2026\/02\/13\/carnaval-em-portugal-continental-com-ceu-nublado-e-chuva-fraca\/"},"author":{"name":"Telinha","@id":"https:\/\/portaltela.pt\/#\/schema\/person\/c4278d4a6028830caff9ee44b42d32ed"},"headline":"Carnaval em Portugal continental com c\u00e9u nublado e chuva fraca","datePublished":"2026-02-13T21:18:00+00:00","mainEntityOfPage":{"@id":"https:\/\/portaltela.pt\/noticias\/2026\/02\/13\/carnaval-em-portugal-continental-com-ceu-nublado-e-chuva-fraca\/"},"wordCount":265,"image":{"@id":"https:\/\/portaltela.pt\/noticias\/2026\/02\/13\/carnaval-em-portugal-continental-com-ceu-nublado-e-chuva-fraca\/#primaryimage"},"thumbnailUrl":"https:\/\/portaltela.pt\/s.01k8rhncp4jt1\/2026\/02\/img_1500x1000uu2026-01-21-12-25-22-2261667.jpg","keywords":["chuva","Douro","Madeira","meteorologia","Norte","Sul"],"articleSection":["Not\u00edcias"],"inLanguage":"pt-PT"},{"@type":"WebPage","@id":"https:\/\/portaltela.pt\/noticias\/2026\/02\/13\/carnaval-em-portugal-continental-com-ceu-nublado-e-chuva-fraca\/","url":"https:\/\/portaltela.pt\/noticias\/2026\/02\/13\/carnaval-em-portugal-continental-com-ceu-nublado-e-chuva-fraca\/","name":"Carnaval em Portugal continental com c\u00e9u nublado e chuva fraca - Portal Tela Portugal","isPartOf":{"@id":"https:\/\/portaltela.pt\/#website"},"primaryImageOfPage":{"@id":"https:\/\/portaltela.pt\/noticias\/2026\/02\/13\/carnaval-em-portugal-continental-com-ceu-nublado-e-chuva-fraca\/#primaryimage"},"image":{"@id":"https:\/\/portaltela.pt\/noticias\/2026\/02\/13\/carnaval-em-portugal-continental-com-ceu-nublado-e-chuva-fraca\/#primaryimage"},"thumbnailUrl":"https:\/\/portaltela.pt\/s.01k8rhncp4jt1\/2026\/02\/img_1500x1000uu2026-01-21-12-25-22-2261667.jpg","datePublished":"2026-02-13T21:18:00+00:00","author":{"@id":"https:\/\/portaltela.pt\/#\/schema\/person\/c4278d4a6028830caff9ee44b42d32ed"},"breadcrumb":{"@id":"https:\/\/portaltela.pt\/noticias\/2026\/02\/13\/carnaval-em-portugal-continental-com-ceu-nublado-e-chuva-fraca\/#breadcrumb"},"inLanguage":"pt-PT","potentialAction":[{"@type":"ReadAction","target":["https:\/\/portaltela.pt\/noticias\/2026\/02\/13\/carnaval-em-portugal-continental-com-ceu-nublado-e-chuva-fraca\/"]}]},{"@type":"ImageObject","inLanguage":"pt-PT","@id":"https:\/\/portaltela.pt\/noticias\/2026\/02\/13\/carnaval-em-portugal-continental-com-ceu-nublado-e-chuva-fraca\/#primaryimage","url":"https:\/\/portaltela.pt\/s.01k8rhncp4jt1\/2026\/02\/img_1500x1000uu2026-01-21-12-25-22-2261667.jpg","contentUrl":"https:\/\/portaltela.pt\/s.01k8rhncp4jt1\/2026\/02\/img_1500x1000uu2026-01-21-12-25-22-2261667.jpg","width":796,"height":448,"caption":"Foli\u00f5es mascarados celebram o Carnaval em Oliveira do Bairro"},{"@type":"BreadcrumbList","@id":"https:\/\/portaltela.pt\/noticias\/2026\/02\/13\/carnaval-em-portugal-continental-com-ceu-nublado-e-chuva-fraca\/#breadcrumb","itemListElement":[{"@type":"ListItem","position":1,"name":"In\u00edcio","item":"https:\/\/portaltela.pt\/"},{"@type":"ListItem","position":2,"name":"Carnaval em Portugal continental com c\u00e9u nublado e chuva fraca"}]},{"@type":"WebSite","@id":"https:\/\/portaltela.pt\/#website","url":"https:\/\/portaltela.pt\/","name":"Portal Tela Portugal","description":"","potentialAction":[{"@type":"SearchAction","target":{"@type":"EntryPoint","urlTemplate":"https:\/\/portaltela.pt\/?s={search_term_string}"},"query-input":{"@type":"PropertyValueSpecification","valueRequired":true,"valueName":"search_term_string"}}],"inLanguage":"pt-PT"},{"@type":"Person","@id":"https:\/\/portaltela.pt\/#\/schema\/person\/c4278d4a6028830caff9ee44b42d32ed","name":"Telinha","image":{"@type":"ImageObject","inLanguage":"pt-PT","@id":"https:\/\/portaltela.pt\/s.01k8rhncp4jt1\/2025\/11\/talking-bot-125x125.png","url":"https:\/\/portaltela.pt\/s.01k8rhncp4jt1\/2025\/11\/talking-bot-125x125.png","contentUrl":"https:\/\/portaltela.pt\/s.01k8rhncp4jt1\/2025\/11\/talking-bot-125x125.png","caption":"Telinha"},"sameAs":["https:\/\/portaltela.pt\/"],"url":"https:\/\/portaltela.pt\/por\/367410592786\/"}]}},"_links":{"self":[{"href":"https:\/\/portaltela.pt\/api\/wp\/v2\/posts\/211737","targetHints":{"allow":["GET"]}}],"collection":[{"href":"https:\/\/portaltela.pt\/api\/wp\/v2\/posts"}],"about":[{"href":"https:\/\/portaltela.pt\/api\/wp\/v2\/types\/post"}],"author":[{"embeddable":true,"href":"https:\/\/portaltela.pt\/api\/wp\/v2\/users\/2"}],"replies":[{"embeddable":true,"href":"https:\/\/portaltela.pt\/api\/wp\/v2\/comments?post=211737"}],"version-history":[{"count":0,"href":"https:\/\/portaltela.pt\/api\/wp\/v2\/posts\/211737\/revisions"}],"wp:featuredmedia":[{"embeddable":true,"href":"https:\/\/portaltela.pt\/api\/wp\/v2\/media\/211738"}],"wp:attachment":[{"href":"https:\/\/portaltela.pt\/api\/wp\/v2\/media?parent=211737"}],"wp:term":[{"taxonomy":"category","embeddable":true,"href":"https:\/\/portaltela.pt\/api\/wp\/v2\/categories?post=211737"},{"taxonomy":"post_tag","embeddable":true,"href":"https:\/\/portaltela.pt\/api\/wp\/v2\/tags?post=211737"}],"curies":[{"name":"wp","href":"https:\/\/api.w.org\/{rel}","templated":true}]}}