{"id":211731,"date":"2026-02-13T18:50:00","date_gmt":"2026-02-13T21:50:00","guid":{"rendered":"https:\/\/portaltela.pt\/noticias\/2026\/02\/13\/figueira-recebe-elite-do-ciclismo-mundial-apos-kristin\/"},"modified":"2026-02-13T18:50:00","modified_gmt":"2026-02-13T21:50:00","slug":"figueira-recebe-elite-do-ciclismo-mundial-apos-kristin","status":"publish","type":"post","link":"https:\/\/portaltela.pt\/desporto\/2026\/02\/13\/figueira-recebe-elite-do-ciclismo-mundial-apos-kristin\/","title":{"rendered":"Figueira recebe elite do ciclismo mundial ap\u00f3s Kristin"},"content":{"rendered":"<p>A Figueira da Foz recebe este s\u00e1bado a edi\u00e7\u00e3o de 2026 da Figueira Champions, prova que encerra a quarta edi\u00e7\u00e3o da corrida. A organiza\u00e7\u00e3o manteve o evento apesar da passagem da tempestade Kristin e das altera\u00e7\u00f5es climat\u00e9ricas que afetaram o pa\u00eds neste in\u00edcio de temporada.<\/p>\n<p>O mau tempo levou ao adiamento de v\u00e1rios eventos em Portugal, incluindo o Carnaval. A cidade, por\u00e9m, decidiu manter a corrida, que tem 221 km e passa por subidas como o Parque Florestal (1.\u00aa categoria) e o Enforca C\u00e3es (2.\u00aa).<\/p>\n<p>Apesar da redu\u00e7\u00e3o de alguns nomes de peso, o cartaz inclui fortes candidatos. Remco Evenepoel e Jo\u00e3o Almeida estavam anunciados inicialmente, mas n\u00e3o estar\u00e3o presentes. Entre os concorrentes destaca-se Ant\u00f3nio Morgado, que defende o t\u00edtulo conquistado em 2025 com uma fuga vitoriosa.<\/p>\n<p>Na equipa de Morgado, a Emirates, h\u00e1 tamb\u00e9m outros candidatos. O World Tour ser\u00e1 representado por dez equipas, num total de 14 forma\u00e7\u00f5es estrangeiras. As nove equipas portuguesas tamb\u00e9m entram em prova com ambi\u00e7\u00e3o de vencer.<\/p>\n<p>A prova marca ainda o arranque de 2026 para o ciclismo em Portugal, sendo a primeira corrida nacional do ano ap\u00f3s o adiamento da Prova de Abertura devido ao mau tempo. Muitos participantes seguir\u00e3o depois para a Volta ao Algarve, entre 18 e 22 de fevereiro.<\/p>\n","protected":false},"excerpt":{"rendered":"<ul>\n<li>A Figueira Champions, prova de 221 km, disputa-se este s\u00e1bado na Figueira da Foz, com parte da elite mundial do ciclismo presente.<\/li>\n<li>O evento mant\u00e9m-se mesmo ap\u00f3s a tempestade Kristin ter causado cancelamentos noutros certames em Portugal, incluindo o Carnaval.<\/li>\n<li>Apesar de melhoria do tempo, o vento forte \u00e9 preocupa\u00e7\u00e3o para a corrida que passa pelos climbs do Parques Florestal (1.\u00aa categoria) e do Enforca C\u00e3es (2.\u00aa).<\/li>\n<li>Ausentes ficam Remco Evenepoel e Jo\u00e3o Almeida, mas o cartaz inclui v\u00e1rias estrelas e o portugu\u00eas Ant\u00f3nio Morgado, campe\u00e3o em 2025, que defende o t\u00edtulo.<\/li>\n<li>A prova serve de abertura da temporada em Portugal em 2026, com nove equipas portuguesas e dez equipas do World Tour entre as 14 forma\u00e7\u00f5es presentes; muitos corredores seguem para a Volta ao Algarve.<\/li>\n<\/ul>\n","protected":false},"author":2,"featured_media":211732,"comment_status":"closed","ping_status":"closed","sticky":false,"template":"","format":"standard","meta":{"footnotes":""},"categories":[21],"tags":[923,152,1287,1014,4375,5902],"class_list":["post-211731","post","type-post","status-publish","format-standard","has-post-thumbnail","hentry","category-desporto","tag-ciclismo","tag-desporto","tag-equipas","tag-portugal","tag-volta-ao-algarve","tag-world-tour"],"yoast_head":"<!-- This site is optimized with the Yoast SEO plugin v27.2 - https:\/\/yoast.com\/product\/yoast-seo-wordpress\/ -->\n<title>Figueira recebe elite do ciclismo mundial ap\u00f3s Kristin - Portal Tela Portugal<\/title>\n<meta name=\"robots\" content=\"index, follow, max-snippet:-1, max-image-preview:large, max-video-preview:-1\" \/>\n<meta property=\"og:locale\" content=\"pt_PT\" \/>\n<meta property=\"og:type\" content=\"article\" \/>\n<meta property=\"og:title\" content=\"Figueira recebe elite do ciclismo mundial ap\u00f3s Kristin - Portal Tela Portugal\" \/>\n<meta property=\"og:description\" content=\"A Figueira Champions, prova de 221 km, disputa-se este s\u00e1bado na Figueira da Foz, com parte da elite mundial do ciclismo presente. O evento mant\u00e9m-se mesmo ap\u00f3s a tempestade Kristin ter causado cancelamentos noutros certames em Portugal, incluindo o Carnaval. Apesar de melhoria do tempo, o vento forte \u00e9 preocupa\u00e7\u00e3o para a corrida que passa pelos climbs do Parques Florestal (1.\u00aa categoria) e do Enforca C\u00e3es (2.\u00aa). Ausentes ficam Remco Evenepoel e Jo\u00e3o Almeida, mas o cartaz inclui v\u00e1rias estrelas e o portugu\u00eas Ant\u00f3nio Morgado, campe\u00e3o em 2025, que defende o t\u00edtulo. A prova serve de abertura da temporada em Portugal em 2026, com nove equipas portuguesas e dez equipas do World Tour entre as 14 forma\u00e7\u00f5es presentes; muitos corredores seguem para a Volta ao Algarve.\" \/>\n<meta property=\"og:url\" content=\"https:\/\/portaltela.pt\/noticias\/2026\/02\/13\/figueira-recebe-elite-do-ciclismo-mundial-apos-kristin\/\" \/>\n<meta property=\"og:site_name\" content=\"Portal Tela Portugal\" \/>\n<meta property=\"article:published_time\" content=\"2026-02-13T21:50:00+00:00\" \/>\n<meta name=\"author\" content=\"Telinha\" \/>\n<meta name=\"twitter:card\" content=\"summary_large_image\" \/>\n<meta name=\"twitter:label1\" content=\"Escrito por\" \/>\n\t<meta name=\"twitter:data1\" content=\"Telinha\" \/>\n\t<meta name=\"twitter:label2\" content=\"Tempo estimado de leitura\" \/>\n\t<meta name=\"twitter:data2\" content=\"1 minuto\" \/>\n<script type=\"application\/ld+json\" class=\"yoast-schema-graph\">{\"@context\":\"https:\/\/schema.org\",\"@graph\":[{\"@type\":\"Article\",\"@id\":\"https:\/\/portaltela.pt\/noticias\/2026\/02\/13\/figueira-recebe-elite-do-ciclismo-mundial-apos-kristin\/#article\",\"isPartOf\":{\"@id\":\"https:\/\/portaltela.pt\/noticias\/2026\/02\/13\/figueira-recebe-elite-do-ciclismo-mundial-apos-kristin\/\"},\"author\":{\"name\":\"Telinha\",\"@id\":\"https:\/\/portaltela.pt\/#\/schema\/person\/c4278d4a6028830caff9ee44b42d32ed\"},\"headline\":\"Figueira recebe elite do ciclismo mundial ap\u00f3s Kristin\",\"datePublished\":\"2026-02-13T21:50:00+00:00\",\"mainEntityOfPage\":{\"@id\":\"https:\/\/portaltela.pt\/noticias\/2026\/02\/13\/figueira-recebe-elite-do-ciclismo-mundial-apos-kristin\/\"},\"wordCount\":232,\"image\":{\"@id\":\"https:\/\/portaltela.pt\/noticias\/2026\/02\/13\/figueira-recebe-elite-do-ciclismo-mundial-apos-kristin\/#primaryimage\"},\"thumbnailUrl\":\"https:\/\/portaltela.pt\/s.01k8rhncp4jt1\/2026\/02\/img_920x518uu2026-02-13-21-48-57-2421445.jpg\",\"keywords\":[\"ciclismo\",\"desporto\",\"equipas\",\"Portugal\",\"Volta ao Algarve\",\"World Tour\"],\"articleSection\":[\"Desporto\"],\"inLanguage\":\"pt-PT\"},{\"@type\":\"WebPage\",\"@id\":\"https:\/\/portaltela.pt\/noticias\/2026\/02\/13\/figueira-recebe-elite-do-ciclismo-mundial-apos-kristin\/\",\"url\":\"https:\/\/portaltela.pt\/noticias\/2026\/02\/13\/figueira-recebe-elite-do-ciclismo-mundial-apos-kristin\/\",\"name\":\"Figueira recebe elite do ciclismo mundial ap\u00f3s Kristin - Portal Tela Portugal\",\"isPartOf\":{\"@id\":\"https:\/\/portaltela.pt\/#website\"},\"primaryImageOfPage\":{\"@id\":\"https:\/\/portaltela.pt\/noticias\/2026\/02\/13\/figueira-recebe-elite-do-ciclismo-mundial-apos-kristin\/#primaryimage\"},\"image\":{\"@id\":\"https:\/\/portaltela.pt\/noticias\/2026\/02\/13\/figueira-recebe-elite-do-ciclismo-mundial-apos-kristin\/#primaryimage\"},\"thumbnailUrl\":\"https:\/\/portaltela.pt\/s.01k8rhncp4jt1\/2026\/02\/img_920x518uu2026-02-13-21-48-57-2421445.jpg\",\"datePublished\":\"2026-02-13T21:50:00+00:00\",\"author\":{\"@id\":\"https:\/\/portaltela.pt\/#\/schema\/person\/c4278d4a6028830caff9ee44b42d32ed\"},\"breadcrumb\":{\"@id\":\"https:\/\/portaltela.pt\/noticias\/2026\/02\/13\/figueira-recebe-elite-do-ciclismo-mundial-apos-kristin\/#breadcrumb\"},\"inLanguage\":\"pt-PT\",\"potentialAction\":[{\"@type\":\"ReadAction\",\"target\":[\"https:\/\/portaltela.pt\/noticias\/2026\/02\/13\/figueira-recebe-elite-do-ciclismo-mundial-apos-kristin\/\"]}]},{\"@type\":\"ImageObject\",\"inLanguage\":\"pt-PT\",\"@id\":\"https:\/\/portaltela.pt\/noticias\/2026\/02\/13\/figueira-recebe-elite-do-ciclismo-mundial-apos-kristin\/#primaryimage\",\"url\":\"https:\/\/portaltela.pt\/s.01k8rhncp4jt1\/2026\/02\/img_920x518uu2026-02-13-21-48-57-2421445.jpg\",\"contentUrl\":\"https:\/\/portaltela.pt\/s.01k8rhncp4jt1\/2026\/02\/img_920x518uu2026-02-13-21-48-57-2421445.jpg\",\"width\":796,\"height\":448,\"caption\":\"Pelot\u00e3o mundial na Figueira\"},{\"@type\":\"BreadcrumbList\",\"@id\":\"https:\/\/portaltela.pt\/noticias\/2026\/02\/13\/figueira-recebe-elite-do-ciclismo-mundial-apos-kristin\/#breadcrumb\",\"itemListElement\":[{\"@type\":\"ListItem\",\"position\":1,\"name\":\"In\u00edcio\",\"item\":\"https:\/\/portaltela.pt\/\"},{\"@type\":\"ListItem\",\"position\":2,\"name\":\"Figueira recebe elite do ciclismo mundial ap\u00f3s Kristin\"}]},{\"@type\":\"WebSite\",\"@id\":\"https:\/\/portaltela.pt\/#website\",\"url\":\"https:\/\/portaltela.pt\/\",\"name\":\"Portal Tela Portugal\",\"description\":\"\",\"potentialAction\":[{\"@type\":\"SearchAction\",\"target\":{\"@type\":\"EntryPoint\",\"urlTemplate\":\"https:\/\/portaltela.pt\/?s={search_term_string}\"},\"query-input\":{\"@type\":\"PropertyValueSpecification\",\"valueRequired\":true,\"valueName\":\"search_term_string\"}}],\"inLanguage\":\"pt-PT\"},{\"@type\":\"Person\",\"@id\":\"https:\/\/portaltela.pt\/#\/schema\/person\/c4278d4a6028830caff9ee44b42d32ed\",\"name\":\"Telinha\",\"image\":{\"@type\":\"ImageObject\",\"inLanguage\":\"pt-PT\",\"@id\":\"https:\/\/portaltela.pt\/s.01k8rhncp4jt1\/2025\/11\/talking-bot-125x125.png\",\"url\":\"https:\/\/portaltela.pt\/s.01k8rhncp4jt1\/2025\/11\/talking-bot-125x125.png\",\"contentUrl\":\"https:\/\/portaltela.pt\/s.01k8rhncp4jt1\/2025\/11\/talking-bot-125x125.png\",\"caption\":\"Telinha\"},\"sameAs\":[\"https:\/\/portaltela.pt\/\"],\"url\":\"https:\/\/portaltela.pt\/por\/367410592786\/\"}]}<\/script>\n<!-- \/ Yoast SEO plugin. -->","yoast_head_json":{"title":"Figueira recebe elite do ciclismo mundial ap\u00f3s Kristin - Portal Tela Portugal","robots":{"index":"index","follow":"follow","max-snippet":"max-snippet:-1","max-image-preview":"max-image-preview:large","max-video-preview":"max-video-preview:-1"},"og_locale":"pt_PT","og_type":"article","og_title":"Figueira recebe elite do ciclismo mundial ap\u00f3s Kristin - Portal Tela Portugal","og_description":"A Figueira Champions, prova de 221 km, disputa-se este s\u00e1bado na Figueira da Foz, com parte da elite mundial do ciclismo presente. O evento mant\u00e9m-se mesmo ap\u00f3s a tempestade Kristin ter causado cancelamentos noutros certames em Portugal, incluindo o Carnaval. Apesar de melhoria do tempo, o vento forte \u00e9 preocupa\u00e7\u00e3o para a corrida que passa pelos climbs do Parques Florestal (1.\u00aa categoria) e do Enforca C\u00e3es (2.\u00aa). Ausentes ficam Remco Evenepoel e Jo\u00e3o Almeida, mas o cartaz inclui v\u00e1rias estrelas e o portugu\u00eas Ant\u00f3nio Morgado, campe\u00e3o em 2025, que defende o t\u00edtulo. A prova serve de abertura da temporada em Portugal em 2026, com nove equipas portuguesas e dez equipas do World Tour entre as 14 forma\u00e7\u00f5es presentes; muitos corredores seguem para a Volta ao Algarve.","og_url":"https:\/\/portaltela.pt\/noticias\/2026\/02\/13\/figueira-recebe-elite-do-ciclismo-mundial-apos-kristin\/","og_site_name":"Portal Tela Portugal","article_published_time":"2026-02-13T21:50:00+00:00","author":"Telinha","twitter_card":"summary_large_image","twitter_misc":{"Escrito por":"Telinha","Tempo estimado de leitura":"1 minuto"},"schema":{"@context":"https:\/\/schema.org","@graph":[{"@type":"Article","@id":"https:\/\/portaltela.pt\/noticias\/2026\/02\/13\/figueira-recebe-elite-do-ciclismo-mundial-apos-kristin\/#article","isPartOf":{"@id":"https:\/\/portaltela.pt\/noticias\/2026\/02\/13\/figueira-recebe-elite-do-ciclismo-mundial-apos-kristin\/"},"author":{"name":"Telinha","@id":"https:\/\/portaltela.pt\/#\/schema\/person\/c4278d4a6028830caff9ee44b42d32ed"},"headline":"Figueira recebe elite do ciclismo mundial ap\u00f3s Kristin","datePublished":"2026-02-13T21:50:00+00:00","mainEntityOfPage":{"@id":"https:\/\/portaltela.pt\/noticias\/2026\/02\/13\/figueira-recebe-elite-do-ciclismo-mundial-apos-kristin\/"},"wordCount":232,"image":{"@id":"https:\/\/portaltela.pt\/noticias\/2026\/02\/13\/figueira-recebe-elite-do-ciclismo-mundial-apos-kristin\/#primaryimage"},"thumbnailUrl":"https:\/\/portaltela.pt\/s.01k8rhncp4jt1\/2026\/02\/img_920x518uu2026-02-13-21-48-57-2421445.jpg","keywords":["ciclismo","desporto","equipas","Portugal","Volta ao Algarve","World Tour"],"articleSection":["Desporto"],"inLanguage":"pt-PT"},{"@type":"WebPage","@id":"https:\/\/portaltela.pt\/noticias\/2026\/02\/13\/figueira-recebe-elite-do-ciclismo-mundial-apos-kristin\/","url":"https:\/\/portaltela.pt\/noticias\/2026\/02\/13\/figueira-recebe-elite-do-ciclismo-mundial-apos-kristin\/","name":"Figueira recebe elite do ciclismo mundial ap\u00f3s Kristin - Portal Tela Portugal","isPartOf":{"@id":"https:\/\/portaltela.pt\/#website"},"primaryImageOfPage":{"@id":"https:\/\/portaltela.pt\/noticias\/2026\/02\/13\/figueira-recebe-elite-do-ciclismo-mundial-apos-kristin\/#primaryimage"},"image":{"@id":"https:\/\/portaltela.pt\/noticias\/2026\/02\/13\/figueira-recebe-elite-do-ciclismo-mundial-apos-kristin\/#primaryimage"},"thumbnailUrl":"https:\/\/portaltela.pt\/s.01k8rhncp4jt1\/2026\/02\/img_920x518uu2026-02-13-21-48-57-2421445.jpg","datePublished":"2026-02-13T21:50:00+00:00","author":{"@id":"https:\/\/portaltela.pt\/#\/schema\/person\/c4278d4a6028830caff9ee44b42d32ed"},"breadcrumb":{"@id":"https:\/\/portaltela.pt\/noticias\/2026\/02\/13\/figueira-recebe-elite-do-ciclismo-mundial-apos-kristin\/#breadcrumb"},"inLanguage":"pt-PT","potentialAction":[{"@type":"ReadAction","target":["https:\/\/portaltela.pt\/noticias\/2026\/02\/13\/figueira-recebe-elite-do-ciclismo-mundial-apos-kristin\/"]}]},{"@type":"ImageObject","inLanguage":"pt-PT","@id":"https:\/\/portaltela.pt\/noticias\/2026\/02\/13\/figueira-recebe-elite-do-ciclismo-mundial-apos-kristin\/#primaryimage","url":"https:\/\/portaltela.pt\/s.01k8rhncp4jt1\/2026\/02\/img_920x518uu2026-02-13-21-48-57-2421445.jpg","contentUrl":"https:\/\/portaltela.pt\/s.01k8rhncp4jt1\/2026\/02\/img_920x518uu2026-02-13-21-48-57-2421445.jpg","width":796,"height":448,"caption":"Pelot\u00e3o mundial na Figueira"},{"@type":"BreadcrumbList","@id":"https:\/\/portaltela.pt\/noticias\/2026\/02\/13\/figueira-recebe-elite-do-ciclismo-mundial-apos-kristin\/#breadcrumb","itemListElement":[{"@type":"ListItem","position":1,"name":"In\u00edcio","item":"https:\/\/portaltela.pt\/"},{"@type":"ListItem","position":2,"name":"Figueira recebe elite do ciclismo mundial ap\u00f3s Kristin"}]},{"@type":"WebSite","@id":"https:\/\/portaltela.pt\/#website","url":"https:\/\/portaltela.pt\/","name":"Portal Tela Portugal","description":"","potentialAction":[{"@type":"SearchAction","target":{"@type":"EntryPoint","urlTemplate":"https:\/\/portaltela.pt\/?s={search_term_string}"},"query-input":{"@type":"PropertyValueSpecification","valueRequired":true,"valueName":"search_term_string"}}],"inLanguage":"pt-PT"},{"@type":"Person","@id":"https:\/\/portaltela.pt\/#\/schema\/person\/c4278d4a6028830caff9ee44b42d32ed","name":"Telinha","image":{"@type":"ImageObject","inLanguage":"pt-PT","@id":"https:\/\/portaltela.pt\/s.01k8rhncp4jt1\/2025\/11\/talking-bot-125x125.png","url":"https:\/\/portaltela.pt\/s.01k8rhncp4jt1\/2025\/11\/talking-bot-125x125.png","contentUrl":"https:\/\/portaltela.pt\/s.01k8rhncp4jt1\/2025\/11\/talking-bot-125x125.png","caption":"Telinha"},"sameAs":["https:\/\/portaltela.pt\/"],"url":"https:\/\/portaltela.pt\/por\/367410592786\/"}]}},"_links":{"self":[{"href":"https:\/\/portaltela.pt\/api\/wp\/v2\/posts\/211731","targetHints":{"allow":["GET"]}}],"collection":[{"href":"https:\/\/portaltela.pt\/api\/wp\/v2\/posts"}],"about":[{"href":"https:\/\/portaltela.pt\/api\/wp\/v2\/types\/post"}],"author":[{"embeddable":true,"href":"https:\/\/portaltela.pt\/api\/wp\/v2\/users\/2"}],"replies":[{"embeddable":true,"href":"https:\/\/portaltela.pt\/api\/wp\/v2\/comments?post=211731"}],"version-history":[{"count":0,"href":"https:\/\/portaltela.pt\/api\/wp\/v2\/posts\/211731\/revisions"}],"wp:featuredmedia":[{"embeddable":true,"href":"https:\/\/portaltela.pt\/api\/wp\/v2\/media\/211732"}],"wp:attachment":[{"href":"https:\/\/portaltela.pt\/api\/wp\/v2\/media?parent=211731"}],"wp:term":[{"taxonomy":"category","embeddable":true,"href":"https:\/\/portaltela.pt\/api\/wp\/v2\/categories?post=211731"},{"taxonomy":"post_tag","embeddable":true,"href":"https:\/\/portaltela.pt\/api\/wp\/v2\/tags?post=211731"}],"curies":[{"name":"wp","href":"https:\/\/api.w.org\/{rel}","templated":true}]}}