{"id":211727,"date":"2026-02-13T18:50:00","date_gmt":"2026-02-13T21:50:00","guid":{"rendered":"https:\/\/portaltela.pt\/noticias\/2026\/02\/13\/marcelo-brinda-com-ana-abrunhosa-e-elogia-a-comunicacao-dela\/"},"modified":"2026-02-13T18:50:00","modified_gmt":"2026-02-13T21:50:00","slug":"marcelo-brinda-com-ana-abrunhosa-e-elogia-a-comunicacao-dela","status":"publish","type":"post","link":"https:\/\/portaltela.pt\/noticias\/politica\/2026\/02\/13\/marcelo-brinda-com-ana-abrunhosa-e-elogia-a-comunicacao-dela\/","title":{"rendered":"Marcelo brinda com Ana Abrunhosa e elogia a comunica\u00e7\u00e3o dela"},"content":{"rendered":"<p>O presidente da Rep\u00fablica, Marcelo Rebelo de Sousa, visitou Coimbra nesta sexta-feira, onde elogiou Ana Abrunhosa pela gest\u00e3o durante as cheias na regi\u00e3o. O presidente encaminhou o tema sem esconder o impacto das \u00faltimas ocorr\u00eancias.<\/p>\n<p>O chefe de Estado destacou que Coimbra enfrentou um aperto significativo, e elogiou a atua\u00e7\u00e3o da autarca, que tem estado na linha da comunica\u00e7\u00e3o sobre o fen\u00f3meno. Rebelo de Sousa recordou ainda uma chamada telef\u00f3nica de madrugada para a autarca, quando a situa\u00e7\u00e3o estava ainda a evoluir.<\/p>\n<p>Durante a desloca\u00e7\u00e3o, Marcelo Rebelo de Sousa percorreu a Baixa de Coimbra, cumprimentou comerciantes e visitou um bar de vinhos, onde participou num brinde \u00e0 resili\u00eancia com Ana Abrunhosa. O momento ocorreu ap\u00f3s manter contato com servi\u00e7os locais de prote\u00e7\u00e3o civil.<\/p>\n<p>A visita ocorreu num contexto de perspetivas de redu\u00e7\u00e3o do risco de inunda\u00e7\u00f5es na regi\u00e3o centro, com autoridades a manter vigil\u00e2ncia sobre o estado de diques e infraestruturas. O Presidente sublinhou a necessidade de confian\u00e7a entre autarcas e Governo.<\/p>\n<p>No final, Rebelo de Sousa ofereceu uma garrafa de vinho de uma marca chamada \u201cObrigado\u201d a Ana Abrunhosa, com uma dedicat\u00f3ria de apoio a Portugal. A atua\u00e7\u00e3o conjunta entre autarquia e Governo foi apresentada como essencial para enfrentar situa\u00e7\u00f5es extremas.<\/p>\n<p>Acompanhavam o Presidente o primeiro-ministro, Lu\u00eds Montenegro, e a presidente da C\u00e2mara Municipal de Coimbra, Ana Abrunhosa, refor\u00e7ando a coopera\u00e7\u00e3o entre entidades perante as cheias que afectaram a zona.<\/p>\n","protected":false},"excerpt":{"rendered":"<ul>\n<li>O presidente da Rep\u00fablica, Marcelo Rebelo de Sousa, visitou Coimbra e elogiou a capacidade de Ana Abrunhosa na gest\u00e3o da crise das cheias que afetam a regi\u00e3o.<\/li>\n<li>Abrunhosa tem estado na linha da comunica\u00e7\u00e3o sobre as cheias, com o dique rebentado e um tro\u00e7o da A\u20111 abatido entre as ocorr\u00eancias a que tem respondido.<\/li>\n<li>Marcelo Rebelo de Sousa disse que a autarca esteve sempre tesa e que comunicou de forma eficaz, destacando-a entre os autarcas.<\/li>\n<li>O chefe de Estado telefonou para a autarca por volta das duas horas, quando ela ainda trabalhava, cerca de seis horas antes de uma confer\u00eancia de imprensa.<\/li>\n<li>Na visita, o presidente brindou com Ana Abrunhosa num bar de vinhos, oferecendo-lhe uma garrafa com a dedicat\u00f3ria &#8220;Obrigado&#8221; e &#8220;Em nome de Portugal&#8221; ap\u00f3s percorrer a Baixa de Coimbra.<\/li>\n<\/ul>\n","protected":false},"author":2,"featured_media":211729,"comment_status":"closed","ping_status":"closed","sticky":false,"template":"","format":"standard","meta":{"footnotes":""},"categories":[1,5],"tags":[5901,1070,2293,2877,5099,5586],"class_list":["post-211727","post","type-post","status-publish","format-standard","has-post-thumbnail","hentry","category-noticias","category-politica","tag-ana-abrunhosa","tag-coimbra","tag-inundacoes","tag-marcelo-rebelo-de-sousa","tag-protecao-civil-municipal","tag-vinho"],"yoast_head":"<!-- This site is optimized with the Yoast SEO plugin v27.2 - https:\/\/yoast.com\/product\/yoast-seo-wordpress\/ -->\n<title>Marcelo brinda com Ana Abrunhosa e elogia a comunica\u00e7\u00e3o dela - Portal Tela Portugal<\/title>\n<meta name=\"robots\" content=\"index, follow, max-snippet:-1, max-image-preview:large, max-video-preview:-1\" \/>\n<meta property=\"og:locale\" content=\"pt_PT\" \/>\n<meta property=\"og:type\" content=\"article\" \/>\n<meta property=\"og:title\" content=\"Marcelo brinda com Ana Abrunhosa e elogia a comunica\u00e7\u00e3o dela - Portal Tela Portugal\" \/>\n<meta property=\"og:description\" content=\"O presidente da Rep\u00fablica, Marcelo Rebelo de Sousa, visitou Coimbra e elogiou a capacidade de Ana Abrunhosa na gest\u00e3o da crise das cheias que afetam a regi\u00e3o. Abrunhosa tem estado na linha da comunica\u00e7\u00e3o sobre as cheias, com o dique rebentado e um tro\u00e7o da A\u20111 abatido entre as ocorr\u00eancias a que tem respondido. Marcelo Rebelo de Sousa disse que a autarca esteve sempre tesa e que comunicou de forma eficaz, destacando-a entre os autarcas. O chefe de Estado telefonou para a autarca por volta das duas horas, quando ela ainda trabalhava, cerca de seis horas antes de uma confer\u00eancia de imprensa. Na visita, o presidente brindou com Ana Abrunhosa num bar de vinhos, oferecendo-lhe uma garrafa com a dedicat\u00f3ria &quot;Obrigado&quot; e &quot;Em nome de Portugal&quot; ap\u00f3s percorrer a Baixa de Coimbra.\" \/>\n<meta property=\"og:url\" content=\"https:\/\/portaltela.pt\/noticias\/2026\/02\/13\/marcelo-brinda-com-ana-abrunhosa-e-elogia-a-comunicacao-dela\/\" \/>\n<meta property=\"og:site_name\" content=\"Portal Tela Portugal\" \/>\n<meta property=\"article:published_time\" content=\"2026-02-13T21:50:00+00:00\" \/>\n<meta name=\"author\" content=\"Telinha\" \/>\n<meta name=\"twitter:card\" content=\"summary_large_image\" \/>\n<meta name=\"twitter:label1\" content=\"Escrito por\" \/>\n\t<meta name=\"twitter:data1\" content=\"Telinha\" \/>\n\t<meta name=\"twitter:label2\" content=\"Tempo estimado de leitura\" \/>\n\t<meta name=\"twitter:data2\" content=\"1 minuto\" \/>\n<script type=\"application\/ld+json\" class=\"yoast-schema-graph\">{\"@context\":\"https:\/\/schema.org\",\"@graph\":[{\"@type\":\"Article\",\"@id\":\"https:\/\/portaltela.pt\/noticias\/2026\/02\/13\/marcelo-brinda-com-ana-abrunhosa-e-elogia-a-comunicacao-dela\/#article\",\"isPartOf\":{\"@id\":\"https:\/\/portaltela.pt\/noticias\/2026\/02\/13\/marcelo-brinda-com-ana-abrunhosa-e-elogia-a-comunicacao-dela\/\"},\"author\":{\"name\":\"Telinha\",\"@id\":\"https:\/\/portaltela.pt\/#\/schema\/person\/c4278d4a6028830caff9ee44b42d32ed\"},\"headline\":\"Marcelo brinda com Ana Abrunhosa e elogia a comunica\u00e7\u00e3o dela\",\"datePublished\":\"2026-02-13T21:50:00+00:00\",\"mainEntityOfPage\":{\"@id\":\"https:\/\/portaltela.pt\/noticias\/2026\/02\/13\/marcelo-brinda-com-ana-abrunhosa-e-elogia-a-comunicacao-dela\/\"},\"wordCount\":267,\"image\":{\"@id\":\"https:\/\/portaltela.pt\/noticias\/2026\/02\/13\/marcelo-brinda-com-ana-abrunhosa-e-elogia-a-comunicacao-dela\/#primaryimage\"},\"thumbnailUrl\":\"https:\/\/portaltela.pt\/s.01k8rhncp4jt1\/2026\/02\/image-1083.jpg\",\"keywords\":[\"Ana Abrunhosa\",\"Coimbra\",\"inunda\u00e7\u00f5es\",\"Marcelo Rebelo de Sousa\",\"Prote\u00e7\u00e3o Civil Municipal\",\"vinho\"],\"articleSection\":[\"Not\u00edcias\",\"Pol\u00edtica\"],\"inLanguage\":\"pt-PT\"},{\"@type\":\"WebPage\",\"@id\":\"https:\/\/portaltela.pt\/noticias\/2026\/02\/13\/marcelo-brinda-com-ana-abrunhosa-e-elogia-a-comunicacao-dela\/\",\"url\":\"https:\/\/portaltela.pt\/noticias\/2026\/02\/13\/marcelo-brinda-com-ana-abrunhosa-e-elogia-a-comunicacao-dela\/\",\"name\":\"Marcelo brinda com Ana Abrunhosa e elogia a comunica\u00e7\u00e3o dela - Portal Tela Portugal\",\"isPartOf\":{\"@id\":\"https:\/\/portaltela.pt\/#website\"},\"primaryImageOfPage\":{\"@id\":\"https:\/\/portaltela.pt\/noticias\/2026\/02\/13\/marcelo-brinda-com-ana-abrunhosa-e-elogia-a-comunicacao-dela\/#primaryimage\"},\"image\":{\"@id\":\"https:\/\/portaltela.pt\/noticias\/2026\/02\/13\/marcelo-brinda-com-ana-abrunhosa-e-elogia-a-comunicacao-dela\/#primaryimage\"},\"thumbnailUrl\":\"https:\/\/portaltela.pt\/s.01k8rhncp4jt1\/2026\/02\/image-1083.jpg\",\"datePublished\":\"2026-02-13T21:50:00+00:00\",\"author\":{\"@id\":\"https:\/\/portaltela.pt\/#\/schema\/person\/c4278d4a6028830caff9ee44b42d32ed\"},\"breadcrumb\":{\"@id\":\"https:\/\/portaltela.pt\/noticias\/2026\/02\/13\/marcelo-brinda-com-ana-abrunhosa-e-elogia-a-comunicacao-dela\/#breadcrumb\"},\"inLanguage\":\"pt-PT\",\"potentialAction\":[{\"@type\":\"ReadAction\",\"target\":[\"https:\/\/portaltela.pt\/noticias\/2026\/02\/13\/marcelo-brinda-com-ana-abrunhosa-e-elogia-a-comunicacao-dela\/\"]}]},{\"@type\":\"ImageObject\",\"inLanguage\":\"pt-PT\",\"@id\":\"https:\/\/portaltela.pt\/noticias\/2026\/02\/13\/marcelo-brinda-com-ana-abrunhosa-e-elogia-a-comunicacao-dela\/#primaryimage\",\"url\":\"https:\/\/portaltela.pt\/s.01k8rhncp4jt1\/2026\/02\/image-1083.jpg\",\"contentUrl\":\"https:\/\/portaltela.pt\/s.01k8rhncp4jt1\/2026\/02\/image-1083.jpg\",\"width\":796,\"height\":448,\"caption\":\"O presidente da Rep\u00fablica, Marcelo Rebelo de Sousa, acompanhado pelo primeiro-ministro, Lu\u00eds Montenegro, e pela presidente da C\u00e2mara Municipal de Coimbra, Ana Abrunhosa, na quarta-feira\"},{\"@type\":\"BreadcrumbList\",\"@id\":\"https:\/\/portaltela.pt\/noticias\/2026\/02\/13\/marcelo-brinda-com-ana-abrunhosa-e-elogia-a-comunicacao-dela\/#breadcrumb\",\"itemListElement\":[{\"@type\":\"ListItem\",\"position\":1,\"name\":\"In\u00edcio\",\"item\":\"https:\/\/portaltela.pt\/\"},{\"@type\":\"ListItem\",\"position\":2,\"name\":\"Marcelo brinda com Ana Abrunhosa e elogia a comunica\u00e7\u00e3o dela\"}]},{\"@type\":\"WebSite\",\"@id\":\"https:\/\/portaltela.pt\/#website\",\"url\":\"https:\/\/portaltela.pt\/\",\"name\":\"Portal Tela Portugal\",\"description\":\"\",\"potentialAction\":[{\"@type\":\"SearchAction\",\"target\":{\"@type\":\"EntryPoint\",\"urlTemplate\":\"https:\/\/portaltela.pt\/?s={search_term_string}\"},\"query-input\":{\"@type\":\"PropertyValueSpecification\",\"valueRequired\":true,\"valueName\":\"search_term_string\"}}],\"inLanguage\":\"pt-PT\"},{\"@type\":\"Person\",\"@id\":\"https:\/\/portaltela.pt\/#\/schema\/person\/c4278d4a6028830caff9ee44b42d32ed\",\"name\":\"Telinha\",\"image\":{\"@type\":\"ImageObject\",\"inLanguage\":\"pt-PT\",\"@id\":\"https:\/\/portaltela.pt\/s.01k8rhncp4jt1\/2025\/11\/talking-bot-125x125.png\",\"url\":\"https:\/\/portaltela.pt\/s.01k8rhncp4jt1\/2025\/11\/talking-bot-125x125.png\",\"contentUrl\":\"https:\/\/portaltela.pt\/s.01k8rhncp4jt1\/2025\/11\/talking-bot-125x125.png\",\"caption\":\"Telinha\"},\"sameAs\":[\"https:\/\/portaltela.pt\/\"],\"url\":\"https:\/\/portaltela.pt\/por\/367410592786\/\"}]}<\/script>\n<!-- \/ Yoast SEO plugin. -->","yoast_head_json":{"title":"Marcelo brinda com Ana Abrunhosa e elogia a comunica\u00e7\u00e3o dela - Portal Tela Portugal","robots":{"index":"index","follow":"follow","max-snippet":"max-snippet:-1","max-image-preview":"max-image-preview:large","max-video-preview":"max-video-preview:-1"},"og_locale":"pt_PT","og_type":"article","og_title":"Marcelo brinda com Ana Abrunhosa e elogia a comunica\u00e7\u00e3o dela - Portal Tela Portugal","og_description":"O presidente da Rep\u00fablica, Marcelo Rebelo de Sousa, visitou Coimbra e elogiou a capacidade de Ana Abrunhosa na gest\u00e3o da crise das cheias que afetam a regi\u00e3o. Abrunhosa tem estado na linha da comunica\u00e7\u00e3o sobre as cheias, com o dique rebentado e um tro\u00e7o da A\u20111 abatido entre as ocorr\u00eancias a que tem respondido. Marcelo Rebelo de Sousa disse que a autarca esteve sempre tesa e que comunicou de forma eficaz, destacando-a entre os autarcas. O chefe de Estado telefonou para a autarca por volta das duas horas, quando ela ainda trabalhava, cerca de seis horas antes de uma confer\u00eancia de imprensa. Na visita, o presidente brindou com Ana Abrunhosa num bar de vinhos, oferecendo-lhe uma garrafa com a dedicat\u00f3ria \"Obrigado\" e \"Em nome de Portugal\" ap\u00f3s percorrer a Baixa de Coimbra.","og_url":"https:\/\/portaltela.pt\/noticias\/2026\/02\/13\/marcelo-brinda-com-ana-abrunhosa-e-elogia-a-comunicacao-dela\/","og_site_name":"Portal Tela Portugal","article_published_time":"2026-02-13T21:50:00+00:00","author":"Telinha","twitter_card":"summary_large_image","twitter_misc":{"Escrito por":"Telinha","Tempo estimado de leitura":"1 minuto"},"schema":{"@context":"https:\/\/schema.org","@graph":[{"@type":"Article","@id":"https:\/\/portaltela.pt\/noticias\/2026\/02\/13\/marcelo-brinda-com-ana-abrunhosa-e-elogia-a-comunicacao-dela\/#article","isPartOf":{"@id":"https:\/\/portaltela.pt\/noticias\/2026\/02\/13\/marcelo-brinda-com-ana-abrunhosa-e-elogia-a-comunicacao-dela\/"},"author":{"name":"Telinha","@id":"https:\/\/portaltela.pt\/#\/schema\/person\/c4278d4a6028830caff9ee44b42d32ed"},"headline":"Marcelo brinda com Ana Abrunhosa e elogia a comunica\u00e7\u00e3o dela","datePublished":"2026-02-13T21:50:00+00:00","mainEntityOfPage":{"@id":"https:\/\/portaltela.pt\/noticias\/2026\/02\/13\/marcelo-brinda-com-ana-abrunhosa-e-elogia-a-comunicacao-dela\/"},"wordCount":267,"image":{"@id":"https:\/\/portaltela.pt\/noticias\/2026\/02\/13\/marcelo-brinda-com-ana-abrunhosa-e-elogia-a-comunicacao-dela\/#primaryimage"},"thumbnailUrl":"https:\/\/portaltela.pt\/s.01k8rhncp4jt1\/2026\/02\/image-1083.jpg","keywords":["Ana Abrunhosa","Coimbra","inunda\u00e7\u00f5es","Marcelo Rebelo de Sousa","Prote\u00e7\u00e3o Civil Municipal","vinho"],"articleSection":["Not\u00edcias","Pol\u00edtica"],"inLanguage":"pt-PT"},{"@type":"WebPage","@id":"https:\/\/portaltela.pt\/noticias\/2026\/02\/13\/marcelo-brinda-com-ana-abrunhosa-e-elogia-a-comunicacao-dela\/","url":"https:\/\/portaltela.pt\/noticias\/2026\/02\/13\/marcelo-brinda-com-ana-abrunhosa-e-elogia-a-comunicacao-dela\/","name":"Marcelo brinda com Ana Abrunhosa e elogia a comunica\u00e7\u00e3o dela - Portal Tela Portugal","isPartOf":{"@id":"https:\/\/portaltela.pt\/#website"},"primaryImageOfPage":{"@id":"https:\/\/portaltela.pt\/noticias\/2026\/02\/13\/marcelo-brinda-com-ana-abrunhosa-e-elogia-a-comunicacao-dela\/#primaryimage"},"image":{"@id":"https:\/\/portaltela.pt\/noticias\/2026\/02\/13\/marcelo-brinda-com-ana-abrunhosa-e-elogia-a-comunicacao-dela\/#primaryimage"},"thumbnailUrl":"https:\/\/portaltela.pt\/s.01k8rhncp4jt1\/2026\/02\/image-1083.jpg","datePublished":"2026-02-13T21:50:00+00:00","author":{"@id":"https:\/\/portaltela.pt\/#\/schema\/person\/c4278d4a6028830caff9ee44b42d32ed"},"breadcrumb":{"@id":"https:\/\/portaltela.pt\/noticias\/2026\/02\/13\/marcelo-brinda-com-ana-abrunhosa-e-elogia-a-comunicacao-dela\/#breadcrumb"},"inLanguage":"pt-PT","potentialAction":[{"@type":"ReadAction","target":["https:\/\/portaltela.pt\/noticias\/2026\/02\/13\/marcelo-brinda-com-ana-abrunhosa-e-elogia-a-comunicacao-dela\/"]}]},{"@type":"ImageObject","inLanguage":"pt-PT","@id":"https:\/\/portaltela.pt\/noticias\/2026\/02\/13\/marcelo-brinda-com-ana-abrunhosa-e-elogia-a-comunicacao-dela\/#primaryimage","url":"https:\/\/portaltela.pt\/s.01k8rhncp4jt1\/2026\/02\/image-1083.jpg","contentUrl":"https:\/\/portaltela.pt\/s.01k8rhncp4jt1\/2026\/02\/image-1083.jpg","width":796,"height":448,"caption":"O presidente da Rep\u00fablica, Marcelo Rebelo de Sousa, acompanhado pelo primeiro-ministro, Lu\u00eds Montenegro, e pela presidente da C\u00e2mara Municipal de Coimbra, Ana Abrunhosa, na quarta-feira"},{"@type":"BreadcrumbList","@id":"https:\/\/portaltela.pt\/noticias\/2026\/02\/13\/marcelo-brinda-com-ana-abrunhosa-e-elogia-a-comunicacao-dela\/#breadcrumb","itemListElement":[{"@type":"ListItem","position":1,"name":"In\u00edcio","item":"https:\/\/portaltela.pt\/"},{"@type":"ListItem","position":2,"name":"Marcelo brinda com Ana Abrunhosa e elogia a comunica\u00e7\u00e3o dela"}]},{"@type":"WebSite","@id":"https:\/\/portaltela.pt\/#website","url":"https:\/\/portaltela.pt\/","name":"Portal Tela Portugal","description":"","potentialAction":[{"@type":"SearchAction","target":{"@type":"EntryPoint","urlTemplate":"https:\/\/portaltela.pt\/?s={search_term_string}"},"query-input":{"@type":"PropertyValueSpecification","valueRequired":true,"valueName":"search_term_string"}}],"inLanguage":"pt-PT"},{"@type":"Person","@id":"https:\/\/portaltela.pt\/#\/schema\/person\/c4278d4a6028830caff9ee44b42d32ed","name":"Telinha","image":{"@type":"ImageObject","inLanguage":"pt-PT","@id":"https:\/\/portaltela.pt\/s.01k8rhncp4jt1\/2025\/11\/talking-bot-125x125.png","url":"https:\/\/portaltela.pt\/s.01k8rhncp4jt1\/2025\/11\/talking-bot-125x125.png","contentUrl":"https:\/\/portaltela.pt\/s.01k8rhncp4jt1\/2025\/11\/talking-bot-125x125.png","caption":"Telinha"},"sameAs":["https:\/\/portaltela.pt\/"],"url":"https:\/\/portaltela.pt\/por\/367410592786\/"}]}},"_links":{"self":[{"href":"https:\/\/portaltela.pt\/api\/wp\/v2\/posts\/211727","targetHints":{"allow":["GET"]}}],"collection":[{"href":"https:\/\/portaltela.pt\/api\/wp\/v2\/posts"}],"about":[{"href":"https:\/\/portaltela.pt\/api\/wp\/v2\/types\/post"}],"author":[{"embeddable":true,"href":"https:\/\/portaltela.pt\/api\/wp\/v2\/users\/2"}],"replies":[{"embeddable":true,"href":"https:\/\/portaltela.pt\/api\/wp\/v2\/comments?post=211727"}],"version-history":[{"count":0,"href":"https:\/\/portaltela.pt\/api\/wp\/v2\/posts\/211727\/revisions"}],"wp:featuredmedia":[{"embeddable":true,"href":"https:\/\/portaltela.pt\/api\/wp\/v2\/media\/211729"}],"wp:attachment":[{"href":"https:\/\/portaltela.pt\/api\/wp\/v2\/media?parent=211727"}],"wp:term":[{"taxonomy":"category","embeddable":true,"href":"https:\/\/portaltela.pt\/api\/wp\/v2\/categories?post=211727"},{"taxonomy":"post_tag","embeddable":true,"href":"https:\/\/portaltela.pt\/api\/wp\/v2\/tags?post=211727"}],"curies":[{"name":"wp","href":"https:\/\/api.w.org\/{rel}","templated":true}]}}