{"id":211712,"date":"2026-02-13T18:27:00","date_gmt":"2026-02-13T21:27:00","guid":{"rendered":"https:\/\/portaltela.pt\/noticias\/2026\/02\/13\/risco-de-colapso-de-dique-provoca-apreensao-em-soure\/"},"modified":"2026-02-13T18:27:00","modified_gmt":"2026-02-13T21:27:00","slug":"risco-de-colapso-de-dique-provoca-apreensao-em-soure","status":"publish","type":"post","link":"https:\/\/portaltela.pt\/noticias\/2026\/02\/13\/risco-de-colapso-de-dique-provoca-apreensao-em-soure\/","title":{"rendered":"Risco de colapso de dique provoca apreens\u00e3o em Soure"},"content":{"rendered":"<p>O dique de Soure, no distrito de Coimbra, enfrenta risco de colapso devido \u00e0s chuvas intensas das \u00faltimas semanas. Localmente, h\u00e1 preocupa\u00e7\u00e3o e desespero entre residentes, com autoridades a monitorizar a estrutura de perto. Evacua\u00e7\u00f5es preventivas j\u00e1 foram sugeridas para \u00e1reas de maior exposi\u00e7\u00e3o ao risco.<\/p>\n<p>As autoridades destacam o perigo de inunda\u00e7\u00f5es catastr\u00f3ficas caso haja falha no dique. A popula\u00e7\u00e3o tem recebido orienta\u00e7\u00f5es sobre procedimentos de seguran\u00e7a e vias de fuga. Equipes t\u00e9cnicas trabalham para refor\u00e7ar a infraestrutura com recursos dispon\u00edveis.<\/p>\n<p>A situa\u00e7\u00e3o mant\u00e9m-se delicada, com o monitoriza\u00e7\u00e3o continuada e decis\u00f5es de prote\u00e7\u00e3o da comunidade a dependerem da evolu\u00e7\u00e3o das condi\u00e7\u00f5es meteorol\u00f3gicas. O objetivo \u00e9 evitar danos humanos e materiais graves na regi\u00e3o.<\/p>\n<h3>Estrada ficou reduzida a escombros em Torres Vedras<\/h3>\n<p>As primeiras informa\u00e7\u00f5es indicam destrui\u00e7\u00e3o parcial de vias em Torres Vedras, com mobiliza\u00e7\u00e3o de servi\u00e7os municipais para estabiliza\u00e7\u00e3o. N\u00e3o h\u00e1 confirma\u00e7\u00e3o de v\u00edtimas at\u00e9 ao momento.<\/p>\n<h3>Casas alagadas e risco de alagamento em Montemor-o-Velho<\/h3>\n<p>Em Montemor-o-Velho, diversas habita\u00e7\u00f5es permanecem inundadas. Autoridades recomendam cautela e permanecem em alerta para novas cheias durante as pr\u00f3ximas horas.<\/p>\n<h3>\u201cTenho medo m\u00e3e\u201d: Mariana tem epilepsia e fam\u00edlia teve de sair de casa devido ao mau tempo<\/h3>\n<p>Relatos de moradores indicam situa\u00e7\u00f5es de vulnerabilidade. Familiares descrevem dificuldades de evacua\u00e7\u00e3o e a necessidade de apoio m\u00e9dico e log\u00edstico para pessoas com condi\u00e7\u00f5es de sa\u00fade.<\/p>\n<h3>&#8220;Eu e os meus filhos fic\u00e1mos sem nada&#8221;: Fam\u00edlia na Marinha Grande ficou sem teto<\/h3>\n<p>Casos de perder o teto surgem na Marinha Grande, com fam\u00edlias a recorrer a abrigos tempor\u00e1rios. Servi\u00e7os sociais contactados para assegurar apoio e reassentamento.<\/p>\n","protected":false},"excerpt":{"rendered":"<ul>\n<li>Risco de colapso de um dique em Soure (distrito de Coimbra) gera desespero na comunidade.<\/li>\n<li>Fortes chuvas nas \u00faltimas semanas provocam instabilidade na estrutura.<\/li>\n<li>Autoridades monitorizam o dique de perto e alertam para o perigo de inunda\u00e7\u00f5es catastr\u00f3ficas.<\/li>\n<li>Fam\u00edlias nas proximidades j\u00e1 foram aconselhadas a evacuar preventivamente, com apoio comunit\u00e1rio na evacua\u00e7\u00e3o.<\/li>\n<li>Esfor\u00e7os de estabiliza\u00e7\u00e3o incluem refor\u00e7os na estrutura, mas a situa\u00e7\u00e3o continua delicada e sem solu\u00e7\u00e3o definitiva.<\/li>\n<\/ul>\n","protected":false},"author":2,"featured_media":211714,"comment_status":"closed","ping_status":"closed","sticky":false,"template":"","format":"standard","meta":{"footnotes":""},"categories":[1],"tags":[2743,4519,2051,4643,4903,1835],"class_list":["post-211712","post","type-post","status-publish","format-standard","has-post-thumbnail","hentry","category-noticias","tag-casas","tag-evacuacoes","tag-inundacao","tag-marinha-grande","tag-montemor-o-velho","tag-torres-vedras"],"yoast_head":"<!-- This site is optimized with the Yoast SEO plugin v27.2 - https:\/\/yoast.com\/product\/yoast-seo-wordpress\/ -->\n<title>Risco de colapso de dique provoca apreens\u00e3o em Soure - Portal Tela Portugal<\/title>\n<meta name=\"robots\" content=\"index, follow, max-snippet:-1, max-image-preview:large, max-video-preview:-1\" \/>\n<meta property=\"og:locale\" content=\"pt_PT\" \/>\n<meta property=\"og:type\" content=\"article\" \/>\n<meta property=\"og:title\" content=\"Risco de colapso de dique provoca apreens\u00e3o em Soure - Portal Tela Portugal\" \/>\n<meta property=\"og:description\" content=\"Risco de colapso de um dique em Soure (distrito de Coimbra) gera desespero na comunidade. Fortes chuvas nas \u00faltimas semanas provocam instabilidade na estrutura. Autoridades monitorizam o dique de perto e alertam para o perigo de inunda\u00e7\u00f5es catastr\u00f3ficas. Fam\u00edlias nas proximidades j\u00e1 foram aconselhadas a evacuar preventivamente, com apoio comunit\u00e1rio na evacua\u00e7\u00e3o. Esfor\u00e7os de estabiliza\u00e7\u00e3o incluem refor\u00e7os na estrutura, mas a situa\u00e7\u00e3o continua delicada e sem solu\u00e7\u00e3o definitiva.\" \/>\n<meta property=\"og:url\" content=\"https:\/\/portaltela.pt\/noticias\/2026\/02\/13\/risco-de-colapso-de-dique-provoca-apreensao-em-soure\/\" \/>\n<meta property=\"og:site_name\" content=\"Portal Tela Portugal\" \/>\n<meta property=\"article:published_time\" content=\"2026-02-13T21:27:00+00:00\" \/>\n<meta name=\"author\" content=\"Telinha\" \/>\n<meta name=\"twitter:card\" content=\"summary_large_image\" \/>\n<meta name=\"twitter:label1\" content=\"Escrito por\" \/>\n\t<meta name=\"twitter:data1\" content=\"Telinha\" \/>\n\t<meta name=\"twitter:label2\" content=\"Tempo estimado de leitura\" \/>\n\t<meta name=\"twitter:data2\" content=\"2 minutos\" \/>\n<script type=\"application\/ld+json\" class=\"yoast-schema-graph\">{\"@context\":\"https:\/\/schema.org\",\"@graph\":[{\"@type\":\"Article\",\"@id\":\"https:\/\/portaltela.pt\/noticias\/2026\/02\/13\/risco-de-colapso-de-dique-provoca-apreensao-em-soure\/#article\",\"isPartOf\":{\"@id\":\"https:\/\/portaltela.pt\/noticias\/2026\/02\/13\/risco-de-colapso-de-dique-provoca-apreensao-em-soure\/\"},\"author\":{\"name\":\"Telinha\",\"@id\":\"https:\/\/portaltela.pt\/#\/schema\/person\/c4278d4a6028830caff9ee44b42d32ed\"},\"headline\":\"Risco de colapso de dique provoca apreens\u00e3o em Soure\",\"datePublished\":\"2026-02-13T21:27:00+00:00\",\"mainEntityOfPage\":{\"@id\":\"https:\/\/portaltela.pt\/noticias\/2026\/02\/13\/risco-de-colapso-de-dique-provoca-apreensao-em-soure\/\"},\"wordCount\":310,\"image\":{\"@id\":\"https:\/\/portaltela.pt\/noticias\/2026\/02\/13\/risco-de-colapso-de-dique-provoca-apreensao-em-soure\/#primaryimage\"},\"thumbnailUrl\":\"https:\/\/portaltela.pt\/s.01k8rhncp4jt1\/2026\/02\/img_1280x722uu2026-02-12-16-14-22-2266504.jpg\",\"keywords\":[\"casas\",\"evacua\u00e7\u00f5es\",\"inunda\u00e7\u00e3o\",\"Marinha Grande\",\"Montemor-o-Velho\",\"Torres Vedras\"],\"articleSection\":[\"Not\u00edcias\"],\"inLanguage\":\"pt-PT\"},{\"@type\":\"WebPage\",\"@id\":\"https:\/\/portaltela.pt\/noticias\/2026\/02\/13\/risco-de-colapso-de-dique-provoca-apreensao-em-soure\/\",\"url\":\"https:\/\/portaltela.pt\/noticias\/2026\/02\/13\/risco-de-colapso-de-dique-provoca-apreensao-em-soure\/\",\"name\":\"Risco de colapso de dique provoca apreens\u00e3o em Soure - Portal Tela Portugal\",\"isPartOf\":{\"@id\":\"https:\/\/portaltela.pt\/#website\"},\"primaryImageOfPage\":{\"@id\":\"https:\/\/portaltela.pt\/noticias\/2026\/02\/13\/risco-de-colapso-de-dique-provoca-apreensao-em-soure\/#primaryimage\"},\"image\":{\"@id\":\"https:\/\/portaltela.pt\/noticias\/2026\/02\/13\/risco-de-colapso-de-dique-provoca-apreensao-em-soure\/#primaryimage\"},\"thumbnailUrl\":\"https:\/\/portaltela.pt\/s.01k8rhncp4jt1\/2026\/02\/img_1280x722uu2026-02-12-16-14-22-2266504.jpg\",\"datePublished\":\"2026-02-13T21:27:00+00:00\",\"author\":{\"@id\":\"https:\/\/portaltela.pt\/#\/schema\/person\/c4278d4a6028830caff9ee44b42d32ed\"},\"breadcrumb\":{\"@id\":\"https:\/\/portaltela.pt\/noticias\/2026\/02\/13\/risco-de-colapso-de-dique-provoca-apreensao-em-soure\/#breadcrumb\"},\"inLanguage\":\"pt-PT\",\"potentialAction\":[{\"@type\":\"ReadAction\",\"target\":[\"https:\/\/portaltela.pt\/noticias\/2026\/02\/13\/risco-de-colapso-de-dique-provoca-apreensao-em-soure\/\"]}]},{\"@type\":\"ImageObject\",\"inLanguage\":\"pt-PT\",\"@id\":\"https:\/\/portaltela.pt\/noticias\/2026\/02\/13\/risco-de-colapso-de-dique-provoca-apreensao-em-soure\/#primaryimage\",\"url\":\"https:\/\/portaltela.pt\/s.01k8rhncp4jt1\/2026\/02\/img_1280x722uu2026-02-12-16-14-22-2266504.jpg\",\"contentUrl\":\"https:\/\/portaltela.pt\/s.01k8rhncp4jt1\/2026\/02\/img_1280x722uu2026-02-12-16-14-22-2266504.jpg\",\"width\":1280,\"height\":722,\"caption\":\"Photo\"},{\"@type\":\"BreadcrumbList\",\"@id\":\"https:\/\/portaltela.pt\/noticias\/2026\/02\/13\/risco-de-colapso-de-dique-provoca-apreensao-em-soure\/#breadcrumb\",\"itemListElement\":[{\"@type\":\"ListItem\",\"position\":1,\"name\":\"In\u00edcio\",\"item\":\"https:\/\/portaltela.pt\/\"},{\"@type\":\"ListItem\",\"position\":2,\"name\":\"Risco de colapso de dique provoca apreens\u00e3o em Soure\"}]},{\"@type\":\"WebSite\",\"@id\":\"https:\/\/portaltela.pt\/#website\",\"url\":\"https:\/\/portaltela.pt\/\",\"name\":\"Portal Tela Portugal\",\"description\":\"\",\"potentialAction\":[{\"@type\":\"SearchAction\",\"target\":{\"@type\":\"EntryPoint\",\"urlTemplate\":\"https:\/\/portaltela.pt\/?s={search_term_string}\"},\"query-input\":{\"@type\":\"PropertyValueSpecification\",\"valueRequired\":true,\"valueName\":\"search_term_string\"}}],\"inLanguage\":\"pt-PT\"},{\"@type\":\"Person\",\"@id\":\"https:\/\/portaltela.pt\/#\/schema\/person\/c4278d4a6028830caff9ee44b42d32ed\",\"name\":\"Telinha\",\"image\":{\"@type\":\"ImageObject\",\"inLanguage\":\"pt-PT\",\"@id\":\"https:\/\/portaltela.pt\/s.01k8rhncp4jt1\/2025\/11\/talking-bot-125x125.png\",\"url\":\"https:\/\/portaltela.pt\/s.01k8rhncp4jt1\/2025\/11\/talking-bot-125x125.png\",\"contentUrl\":\"https:\/\/portaltela.pt\/s.01k8rhncp4jt1\/2025\/11\/talking-bot-125x125.png\",\"caption\":\"Telinha\"},\"sameAs\":[\"https:\/\/portaltela.pt\/\"],\"url\":\"https:\/\/portaltela.pt\/por\/367410592786\/\"}]}<\/script>\n<!-- \/ Yoast SEO plugin. -->","yoast_head_json":{"title":"Risco de colapso de dique provoca apreens\u00e3o em Soure - Portal Tela Portugal","robots":{"index":"index","follow":"follow","max-snippet":"max-snippet:-1","max-image-preview":"max-image-preview:large","max-video-preview":"max-video-preview:-1"},"og_locale":"pt_PT","og_type":"article","og_title":"Risco de colapso de dique provoca apreens\u00e3o em Soure - Portal Tela Portugal","og_description":"Risco de colapso de um dique em Soure (distrito de Coimbra) gera desespero na comunidade. Fortes chuvas nas \u00faltimas semanas provocam instabilidade na estrutura. Autoridades monitorizam o dique de perto e alertam para o perigo de inunda\u00e7\u00f5es catastr\u00f3ficas. Fam\u00edlias nas proximidades j\u00e1 foram aconselhadas a evacuar preventivamente, com apoio comunit\u00e1rio na evacua\u00e7\u00e3o. Esfor\u00e7os de estabiliza\u00e7\u00e3o incluem refor\u00e7os na estrutura, mas a situa\u00e7\u00e3o continua delicada e sem solu\u00e7\u00e3o definitiva.","og_url":"https:\/\/portaltela.pt\/noticias\/2026\/02\/13\/risco-de-colapso-de-dique-provoca-apreensao-em-soure\/","og_site_name":"Portal Tela Portugal","article_published_time":"2026-02-13T21:27:00+00:00","author":"Telinha","twitter_card":"summary_large_image","twitter_misc":{"Escrito por":"Telinha","Tempo estimado de leitura":"2 minutos"},"schema":{"@context":"https:\/\/schema.org","@graph":[{"@type":"Article","@id":"https:\/\/portaltela.pt\/noticias\/2026\/02\/13\/risco-de-colapso-de-dique-provoca-apreensao-em-soure\/#article","isPartOf":{"@id":"https:\/\/portaltela.pt\/noticias\/2026\/02\/13\/risco-de-colapso-de-dique-provoca-apreensao-em-soure\/"},"author":{"name":"Telinha","@id":"https:\/\/portaltela.pt\/#\/schema\/person\/c4278d4a6028830caff9ee44b42d32ed"},"headline":"Risco de colapso de dique provoca apreens\u00e3o em Soure","datePublished":"2026-02-13T21:27:00+00:00","mainEntityOfPage":{"@id":"https:\/\/portaltela.pt\/noticias\/2026\/02\/13\/risco-de-colapso-de-dique-provoca-apreensao-em-soure\/"},"wordCount":310,"image":{"@id":"https:\/\/portaltela.pt\/noticias\/2026\/02\/13\/risco-de-colapso-de-dique-provoca-apreensao-em-soure\/#primaryimage"},"thumbnailUrl":"https:\/\/portaltela.pt\/s.01k8rhncp4jt1\/2026\/02\/img_1280x722uu2026-02-12-16-14-22-2266504.jpg","keywords":["casas","evacua\u00e7\u00f5es","inunda\u00e7\u00e3o","Marinha Grande","Montemor-o-Velho","Torres Vedras"],"articleSection":["Not\u00edcias"],"inLanguage":"pt-PT"},{"@type":"WebPage","@id":"https:\/\/portaltela.pt\/noticias\/2026\/02\/13\/risco-de-colapso-de-dique-provoca-apreensao-em-soure\/","url":"https:\/\/portaltela.pt\/noticias\/2026\/02\/13\/risco-de-colapso-de-dique-provoca-apreensao-em-soure\/","name":"Risco de colapso de dique provoca apreens\u00e3o em Soure - Portal Tela Portugal","isPartOf":{"@id":"https:\/\/portaltela.pt\/#website"},"primaryImageOfPage":{"@id":"https:\/\/portaltela.pt\/noticias\/2026\/02\/13\/risco-de-colapso-de-dique-provoca-apreensao-em-soure\/#primaryimage"},"image":{"@id":"https:\/\/portaltela.pt\/noticias\/2026\/02\/13\/risco-de-colapso-de-dique-provoca-apreensao-em-soure\/#primaryimage"},"thumbnailUrl":"https:\/\/portaltela.pt\/s.01k8rhncp4jt1\/2026\/02\/img_1280x722uu2026-02-12-16-14-22-2266504.jpg","datePublished":"2026-02-13T21:27:00+00:00","author":{"@id":"https:\/\/portaltela.pt\/#\/schema\/person\/c4278d4a6028830caff9ee44b42d32ed"},"breadcrumb":{"@id":"https:\/\/portaltela.pt\/noticias\/2026\/02\/13\/risco-de-colapso-de-dique-provoca-apreensao-em-soure\/#breadcrumb"},"inLanguage":"pt-PT","potentialAction":[{"@type":"ReadAction","target":["https:\/\/portaltela.pt\/noticias\/2026\/02\/13\/risco-de-colapso-de-dique-provoca-apreensao-em-soure\/"]}]},{"@type":"ImageObject","inLanguage":"pt-PT","@id":"https:\/\/portaltela.pt\/noticias\/2026\/02\/13\/risco-de-colapso-de-dique-provoca-apreensao-em-soure\/#primaryimage","url":"https:\/\/portaltela.pt\/s.01k8rhncp4jt1\/2026\/02\/img_1280x722uu2026-02-12-16-14-22-2266504.jpg","contentUrl":"https:\/\/portaltela.pt\/s.01k8rhncp4jt1\/2026\/02\/img_1280x722uu2026-02-12-16-14-22-2266504.jpg","width":1280,"height":722,"caption":"Photo"},{"@type":"BreadcrumbList","@id":"https:\/\/portaltela.pt\/noticias\/2026\/02\/13\/risco-de-colapso-de-dique-provoca-apreensao-em-soure\/#breadcrumb","itemListElement":[{"@type":"ListItem","position":1,"name":"In\u00edcio","item":"https:\/\/portaltela.pt\/"},{"@type":"ListItem","position":2,"name":"Risco de colapso de dique provoca apreens\u00e3o em Soure"}]},{"@type":"WebSite","@id":"https:\/\/portaltela.pt\/#website","url":"https:\/\/portaltela.pt\/","name":"Portal Tela Portugal","description":"","potentialAction":[{"@type":"SearchAction","target":{"@type":"EntryPoint","urlTemplate":"https:\/\/portaltela.pt\/?s={search_term_string}"},"query-input":{"@type":"PropertyValueSpecification","valueRequired":true,"valueName":"search_term_string"}}],"inLanguage":"pt-PT"},{"@type":"Person","@id":"https:\/\/portaltela.pt\/#\/schema\/person\/c4278d4a6028830caff9ee44b42d32ed","name":"Telinha","image":{"@type":"ImageObject","inLanguage":"pt-PT","@id":"https:\/\/portaltela.pt\/s.01k8rhncp4jt1\/2025\/11\/talking-bot-125x125.png","url":"https:\/\/portaltela.pt\/s.01k8rhncp4jt1\/2025\/11\/talking-bot-125x125.png","contentUrl":"https:\/\/portaltela.pt\/s.01k8rhncp4jt1\/2025\/11\/talking-bot-125x125.png","caption":"Telinha"},"sameAs":["https:\/\/portaltela.pt\/"],"url":"https:\/\/portaltela.pt\/por\/367410592786\/"}]}},"_links":{"self":[{"href":"https:\/\/portaltela.pt\/api\/wp\/v2\/posts\/211712","targetHints":{"allow":["GET"]}}],"collection":[{"href":"https:\/\/portaltela.pt\/api\/wp\/v2\/posts"}],"about":[{"href":"https:\/\/portaltela.pt\/api\/wp\/v2\/types\/post"}],"author":[{"embeddable":true,"href":"https:\/\/portaltela.pt\/api\/wp\/v2\/users\/2"}],"replies":[{"embeddable":true,"href":"https:\/\/portaltela.pt\/api\/wp\/v2\/comments?post=211712"}],"version-history":[{"count":0,"href":"https:\/\/portaltela.pt\/api\/wp\/v2\/posts\/211712\/revisions"}],"wp:featuredmedia":[{"embeddable":true,"href":"https:\/\/portaltela.pt\/api\/wp\/v2\/media\/211714"}],"wp:attachment":[{"href":"https:\/\/portaltela.pt\/api\/wp\/v2\/media?parent=211712"}],"wp:term":[{"taxonomy":"category","embeddable":true,"href":"https:\/\/portaltela.pt\/api\/wp\/v2\/categories?post=211712"},{"taxonomy":"post_tag","embeddable":true,"href":"https:\/\/portaltela.pt\/api\/wp\/v2\/tags?post=211712"}],"curies":[{"name":"wp","href":"https:\/\/api.w.org\/{rel}","templated":true}]}}