{"id":211699,"date":"2026-02-13T18:28:10","date_gmt":"2026-02-13T21:28:10","guid":{"rendered":"https:\/\/portaltela.pt\/noticias\/2026\/02\/13\/trump-confirma-visita-a-venezuela-e-reforca-relacoes-entre-os-dois-paises\/"},"modified":"2026-02-13T18:28:10","modified_gmt":"2026-02-13T21:28:10","slug":"trump-confirma-visita-a-venezuela-e-reforca-relacoes-entre-os-dois-paises","status":"publish","type":"post","link":"https:\/\/portaltela.pt\/noticias\/internacional\/2026\/02\/13\/trump-confirma-visita-a-venezuela-e-reforca-relacoes-entre-os-dois-paises\/","title":{"rendered":"Trump confirma visita \u00e0 Venezuela e refor\u00e7a rela\u00e7\u00f5es entre os dois pa\u00edses"},"content":{"rendered":"<p>O presidente dos Estados Unidos, Donald Trump, afirmou nesta sexta-feira que planeia visitar a Venezuela, embora ainda n\u00e3o tenha data definida. A declara\u00e7\u00e3o aponta para uma rela\u00e7\u00e3o muito boa com as autoridades venezuelanas.<\/p>\n<p>Trump adianta que o deslocamento pode ocorrer no futuro, sem revelar detalhes log\u00edsticos ou agenda oficial. A not\u00edcia refor\u00e7a a inten\u00e7\u00e3o de aprofundar contactos entre os dois pa\u00edses.<\/p>\n<p>A informa\u00e7\u00e3o foi publicada pela Associated Press (AP). O pronunciamento surge num contexto de tens\u00f5es diplom\u00e1ticas na regi\u00e3o e de interesse norte-americano em manter canais com o Governo venezuelano.<\/p>\n","protected":false},"excerpt":{"rendered":"<ul>\n<li>O presidente dos EUA, Donald Trump, afirmou planejar deslocar-se \u00e0 Venezuela.<\/li>\n<li>A data da visita ainda n\u00e3o est\u00e1 definida.<\/li>\n<li>Trump destacou que existe uma rela\u00e7\u00e3o \u201cmuito boa\u201d com as autoridades venezuelanas.<\/li>\n<li>A declara\u00e7\u00e3o foi feita esta sexta-feira, numa comunica\u00e7\u00e3o p\u00fablica.<\/li>\n<\/ul>\n","protected":false},"author":2,"featured_media":211704,"comment_status":"closed","ping_status":"closed","sticky":false,"template":"","format":"standard","meta":{"footnotes":""},"categories":[4,1],"tags":[2870,29,1600,5698,27,2758],"class_list":["post-211699","post","type-post","status-publish","format-standard","has-post-thumbnail","hentry","category-internacional","category-noticias","tag-colaboracoes-internacionais","tag-diplomacia","tag-estados-unidos","tag-politica-internacional","tag-relacoes-internacionais","tag-venezuela"],"yoast_head":"<!-- This site is optimized with the Yoast SEO plugin v27.2 - https:\/\/yoast.com\/product\/yoast-seo-wordpress\/ -->\n<title>Trump confirma visita \u00e0 Venezuela e refor\u00e7a rela\u00e7\u00f5es entre os dois pa\u00edses - Portal Tela Portugal<\/title>\n<meta name=\"robots\" content=\"index, follow, max-snippet:-1, max-image-preview:large, max-video-preview:-1\" \/>\n<meta property=\"og:locale\" content=\"pt_PT\" \/>\n<meta property=\"og:type\" content=\"article\" \/>\n<meta property=\"og:title\" content=\"Trump confirma visita \u00e0 Venezuela e refor\u00e7a rela\u00e7\u00f5es entre os dois pa\u00edses - Portal Tela Portugal\" \/>\n<meta property=\"og:description\" content=\"O presidente dos EUA, Donald Trump, afirmou planejar deslocar-se \u00e0 Venezuela. A data da visita ainda n\u00e3o est\u00e1 definida. Trump destacou que existe uma rela\u00e7\u00e3o \u201cmuito boa\u201d com as autoridades venezuelanas. A declara\u00e7\u00e3o foi feita esta sexta-feira, numa comunica\u00e7\u00e3o p\u00fablica.\" \/>\n<meta property=\"og:url\" content=\"https:\/\/portaltela.pt\/noticias\/2026\/02\/13\/trump-confirma-visita-a-venezuela-e-reforca-relacoes-entre-os-dois-paises\/\" \/>\n<meta property=\"og:site_name\" content=\"Portal Tela Portugal\" \/>\n<meta property=\"article:published_time\" content=\"2026-02-13T21:28:10+00:00\" \/>\n<meta name=\"author\" content=\"Telinha\" \/>\n<meta name=\"twitter:card\" content=\"summary_large_image\" \/>\n<meta name=\"twitter:label1\" content=\"Escrito por\" \/>\n\t<meta name=\"twitter:data1\" content=\"Telinha\" \/>\n\t<meta name=\"twitter:label2\" content=\"Tempo estimado de leitura\" \/>\n\t<meta name=\"twitter:data2\" content=\"1 minuto\" \/>\n<script type=\"application\/ld+json\" class=\"yoast-schema-graph\">{\"@context\":\"https:\/\/schema.org\",\"@graph\":[{\"@type\":\"Article\",\"@id\":\"https:\/\/portaltela.pt\/noticias\/2026\/02\/13\/trump-confirma-visita-a-venezuela-e-reforca-relacoes-entre-os-dois-paises\/#article\",\"isPartOf\":{\"@id\":\"https:\/\/portaltela.pt\/noticias\/2026\/02\/13\/trump-confirma-visita-a-venezuela-e-reforca-relacoes-entre-os-dois-paises\/\"},\"author\":{\"name\":\"Telinha\",\"@id\":\"https:\/\/portaltela.pt\/#\/schema\/person\/c4278d4a6028830caff9ee44b42d32ed\"},\"headline\":\"Trump confirma visita \u00e0 Venezuela e refor\u00e7a rela\u00e7\u00f5es entre os dois pa\u00edses\",\"datePublished\":\"2026-02-13T21:28:10+00:00\",\"mainEntityOfPage\":{\"@id\":\"https:\/\/portaltela.pt\/noticias\/2026\/02\/13\/trump-confirma-visita-a-venezuela-e-reforca-relacoes-entre-os-dois-paises\/\"},\"wordCount\":116,\"image\":{\"@id\":\"https:\/\/portaltela.pt\/noticias\/2026\/02\/13\/trump-confirma-visita-a-venezuela-e-reforca-relacoes-entre-os-dois-paises\/#primaryimage\"},\"thumbnailUrl\":\"https:\/\/portaltela.pt\/s.01k8rhncp4jt1\/2026\/02\/img_1280x722uu2026-02-13-21-27-09-2266777.jpg\",\"keywords\":[\"colabora\u00e7\u00f5es internacionais\",\"diplomacia\",\"Estados Unidos\",\"pol\u00edtica internacional\",\"rela\u00e7\u00f5es internacionais\",\"Venezuela\"],\"articleSection\":[\"Internacional\",\"Not\u00edcias\"],\"inLanguage\":\"pt-PT\"},{\"@type\":\"WebPage\",\"@id\":\"https:\/\/portaltela.pt\/noticias\/2026\/02\/13\/trump-confirma-visita-a-venezuela-e-reforca-relacoes-entre-os-dois-paises\/\",\"url\":\"https:\/\/portaltela.pt\/noticias\/2026\/02\/13\/trump-confirma-visita-a-venezuela-e-reforca-relacoes-entre-os-dois-paises\/\",\"name\":\"Trump confirma visita \u00e0 Venezuela e refor\u00e7a rela\u00e7\u00f5es entre os dois pa\u00edses - Portal Tela Portugal\",\"isPartOf\":{\"@id\":\"https:\/\/portaltela.pt\/#website\"},\"primaryImageOfPage\":{\"@id\":\"https:\/\/portaltela.pt\/noticias\/2026\/02\/13\/trump-confirma-visita-a-venezuela-e-reforca-relacoes-entre-os-dois-paises\/#primaryimage\"},\"image\":{\"@id\":\"https:\/\/portaltela.pt\/noticias\/2026\/02\/13\/trump-confirma-visita-a-venezuela-e-reforca-relacoes-entre-os-dois-paises\/#primaryimage\"},\"thumbnailUrl\":\"https:\/\/portaltela.pt\/s.01k8rhncp4jt1\/2026\/02\/img_1280x722uu2026-02-13-21-27-09-2266777.jpg\",\"datePublished\":\"2026-02-13T21:28:10+00:00\",\"author\":{\"@id\":\"https:\/\/portaltela.pt\/#\/schema\/person\/c4278d4a6028830caff9ee44b42d32ed\"},\"breadcrumb\":{\"@id\":\"https:\/\/portaltela.pt\/noticias\/2026\/02\/13\/trump-confirma-visita-a-venezuela-e-reforca-relacoes-entre-os-dois-paises\/#breadcrumb\"},\"inLanguage\":\"pt-PT\",\"potentialAction\":[{\"@type\":\"ReadAction\",\"target\":[\"https:\/\/portaltela.pt\/noticias\/2026\/02\/13\/trump-confirma-visita-a-venezuela-e-reforca-relacoes-entre-os-dois-paises\/\"]}]},{\"@type\":\"ImageObject\",\"inLanguage\":\"pt-PT\",\"@id\":\"https:\/\/portaltela.pt\/noticias\/2026\/02\/13\/trump-confirma-visita-a-venezuela-e-reforca-relacoes-entre-os-dois-paises\/#primaryimage\",\"url\":\"https:\/\/portaltela.pt\/s.01k8rhncp4jt1\/2026\/02\/img_1280x722uu2026-02-13-21-27-09-2266777.jpg\",\"contentUrl\":\"https:\/\/portaltela.pt\/s.01k8rhncp4jt1\/2026\/02\/img_1280x722uu2026-02-13-21-27-09-2266777.jpg\",\"width\":796,\"height\":448,\"caption\":\"Trump confirma que far\u00e1 uma visita \u00e0 Venezuela e elogia fortes rela\u00e7\u00f5es entre os pa\u00edses\"},{\"@type\":\"BreadcrumbList\",\"@id\":\"https:\/\/portaltela.pt\/noticias\/2026\/02\/13\/trump-confirma-visita-a-venezuela-e-reforca-relacoes-entre-os-dois-paises\/#breadcrumb\",\"itemListElement\":[{\"@type\":\"ListItem\",\"position\":1,\"name\":\"In\u00edcio\",\"item\":\"https:\/\/portaltela.pt\/\"},{\"@type\":\"ListItem\",\"position\":2,\"name\":\"Trump confirma visita \u00e0 Venezuela e refor\u00e7a rela\u00e7\u00f5es entre os dois pa\u00edses\"}]},{\"@type\":\"WebSite\",\"@id\":\"https:\/\/portaltela.pt\/#website\",\"url\":\"https:\/\/portaltela.pt\/\",\"name\":\"Portal Tela Portugal\",\"description\":\"\",\"potentialAction\":[{\"@type\":\"SearchAction\",\"target\":{\"@type\":\"EntryPoint\",\"urlTemplate\":\"https:\/\/portaltela.pt\/?s={search_term_string}\"},\"query-input\":{\"@type\":\"PropertyValueSpecification\",\"valueRequired\":true,\"valueName\":\"search_term_string\"}}],\"inLanguage\":\"pt-PT\"},{\"@type\":\"Person\",\"@id\":\"https:\/\/portaltela.pt\/#\/schema\/person\/c4278d4a6028830caff9ee44b42d32ed\",\"name\":\"Telinha\",\"image\":{\"@type\":\"ImageObject\",\"inLanguage\":\"pt-PT\",\"@id\":\"https:\/\/portaltela.pt\/s.01k8rhncp4jt1\/2025\/11\/talking-bot-125x125.png\",\"url\":\"https:\/\/portaltela.pt\/s.01k8rhncp4jt1\/2025\/11\/talking-bot-125x125.png\",\"contentUrl\":\"https:\/\/portaltela.pt\/s.01k8rhncp4jt1\/2025\/11\/talking-bot-125x125.png\",\"caption\":\"Telinha\"},\"sameAs\":[\"https:\/\/portaltela.pt\/\"],\"url\":\"https:\/\/portaltela.pt\/por\/367410592786\/\"}]}<\/script>\n<!-- \/ Yoast SEO plugin. -->","yoast_head_json":{"title":"Trump confirma visita \u00e0 Venezuela e refor\u00e7a rela\u00e7\u00f5es entre os dois pa\u00edses - Portal Tela Portugal","robots":{"index":"index","follow":"follow","max-snippet":"max-snippet:-1","max-image-preview":"max-image-preview:large","max-video-preview":"max-video-preview:-1"},"og_locale":"pt_PT","og_type":"article","og_title":"Trump confirma visita \u00e0 Venezuela e refor\u00e7a rela\u00e7\u00f5es entre os dois pa\u00edses - Portal Tela Portugal","og_description":"O presidente dos EUA, Donald Trump, afirmou planejar deslocar-se \u00e0 Venezuela. A data da visita ainda n\u00e3o est\u00e1 definida. Trump destacou que existe uma rela\u00e7\u00e3o \u201cmuito boa\u201d com as autoridades venezuelanas. A declara\u00e7\u00e3o foi feita esta sexta-feira, numa comunica\u00e7\u00e3o p\u00fablica.","og_url":"https:\/\/portaltela.pt\/noticias\/2026\/02\/13\/trump-confirma-visita-a-venezuela-e-reforca-relacoes-entre-os-dois-paises\/","og_site_name":"Portal Tela Portugal","article_published_time":"2026-02-13T21:28:10+00:00","author":"Telinha","twitter_card":"summary_large_image","twitter_misc":{"Escrito por":"Telinha","Tempo estimado de leitura":"1 minuto"},"schema":{"@context":"https:\/\/schema.org","@graph":[{"@type":"Article","@id":"https:\/\/portaltela.pt\/noticias\/2026\/02\/13\/trump-confirma-visita-a-venezuela-e-reforca-relacoes-entre-os-dois-paises\/#article","isPartOf":{"@id":"https:\/\/portaltela.pt\/noticias\/2026\/02\/13\/trump-confirma-visita-a-venezuela-e-reforca-relacoes-entre-os-dois-paises\/"},"author":{"name":"Telinha","@id":"https:\/\/portaltela.pt\/#\/schema\/person\/c4278d4a6028830caff9ee44b42d32ed"},"headline":"Trump confirma visita \u00e0 Venezuela e refor\u00e7a rela\u00e7\u00f5es entre os dois pa\u00edses","datePublished":"2026-02-13T21:28:10+00:00","mainEntityOfPage":{"@id":"https:\/\/portaltela.pt\/noticias\/2026\/02\/13\/trump-confirma-visita-a-venezuela-e-reforca-relacoes-entre-os-dois-paises\/"},"wordCount":116,"image":{"@id":"https:\/\/portaltela.pt\/noticias\/2026\/02\/13\/trump-confirma-visita-a-venezuela-e-reforca-relacoes-entre-os-dois-paises\/#primaryimage"},"thumbnailUrl":"https:\/\/portaltela.pt\/s.01k8rhncp4jt1\/2026\/02\/img_1280x722uu2026-02-13-21-27-09-2266777.jpg","keywords":["colabora\u00e7\u00f5es internacionais","diplomacia","Estados Unidos","pol\u00edtica internacional","rela\u00e7\u00f5es internacionais","Venezuela"],"articleSection":["Internacional","Not\u00edcias"],"inLanguage":"pt-PT"},{"@type":"WebPage","@id":"https:\/\/portaltela.pt\/noticias\/2026\/02\/13\/trump-confirma-visita-a-venezuela-e-reforca-relacoes-entre-os-dois-paises\/","url":"https:\/\/portaltela.pt\/noticias\/2026\/02\/13\/trump-confirma-visita-a-venezuela-e-reforca-relacoes-entre-os-dois-paises\/","name":"Trump confirma visita \u00e0 Venezuela e refor\u00e7a rela\u00e7\u00f5es entre os dois pa\u00edses - Portal Tela Portugal","isPartOf":{"@id":"https:\/\/portaltela.pt\/#website"},"primaryImageOfPage":{"@id":"https:\/\/portaltela.pt\/noticias\/2026\/02\/13\/trump-confirma-visita-a-venezuela-e-reforca-relacoes-entre-os-dois-paises\/#primaryimage"},"image":{"@id":"https:\/\/portaltela.pt\/noticias\/2026\/02\/13\/trump-confirma-visita-a-venezuela-e-reforca-relacoes-entre-os-dois-paises\/#primaryimage"},"thumbnailUrl":"https:\/\/portaltela.pt\/s.01k8rhncp4jt1\/2026\/02\/img_1280x722uu2026-02-13-21-27-09-2266777.jpg","datePublished":"2026-02-13T21:28:10+00:00","author":{"@id":"https:\/\/portaltela.pt\/#\/schema\/person\/c4278d4a6028830caff9ee44b42d32ed"},"breadcrumb":{"@id":"https:\/\/portaltela.pt\/noticias\/2026\/02\/13\/trump-confirma-visita-a-venezuela-e-reforca-relacoes-entre-os-dois-paises\/#breadcrumb"},"inLanguage":"pt-PT","potentialAction":[{"@type":"ReadAction","target":["https:\/\/portaltela.pt\/noticias\/2026\/02\/13\/trump-confirma-visita-a-venezuela-e-reforca-relacoes-entre-os-dois-paises\/"]}]},{"@type":"ImageObject","inLanguage":"pt-PT","@id":"https:\/\/portaltela.pt\/noticias\/2026\/02\/13\/trump-confirma-visita-a-venezuela-e-reforca-relacoes-entre-os-dois-paises\/#primaryimage","url":"https:\/\/portaltela.pt\/s.01k8rhncp4jt1\/2026\/02\/img_1280x722uu2026-02-13-21-27-09-2266777.jpg","contentUrl":"https:\/\/portaltela.pt\/s.01k8rhncp4jt1\/2026\/02\/img_1280x722uu2026-02-13-21-27-09-2266777.jpg","width":796,"height":448,"caption":"Trump confirma que far\u00e1 uma visita \u00e0 Venezuela e elogia fortes rela\u00e7\u00f5es entre os pa\u00edses"},{"@type":"BreadcrumbList","@id":"https:\/\/portaltela.pt\/noticias\/2026\/02\/13\/trump-confirma-visita-a-venezuela-e-reforca-relacoes-entre-os-dois-paises\/#breadcrumb","itemListElement":[{"@type":"ListItem","position":1,"name":"In\u00edcio","item":"https:\/\/portaltela.pt\/"},{"@type":"ListItem","position":2,"name":"Trump confirma visita \u00e0 Venezuela e refor\u00e7a rela\u00e7\u00f5es entre os dois pa\u00edses"}]},{"@type":"WebSite","@id":"https:\/\/portaltela.pt\/#website","url":"https:\/\/portaltela.pt\/","name":"Portal Tela Portugal","description":"","potentialAction":[{"@type":"SearchAction","target":{"@type":"EntryPoint","urlTemplate":"https:\/\/portaltela.pt\/?s={search_term_string}"},"query-input":{"@type":"PropertyValueSpecification","valueRequired":true,"valueName":"search_term_string"}}],"inLanguage":"pt-PT"},{"@type":"Person","@id":"https:\/\/portaltela.pt\/#\/schema\/person\/c4278d4a6028830caff9ee44b42d32ed","name":"Telinha","image":{"@type":"ImageObject","inLanguage":"pt-PT","@id":"https:\/\/portaltela.pt\/s.01k8rhncp4jt1\/2025\/11\/talking-bot-125x125.png","url":"https:\/\/portaltela.pt\/s.01k8rhncp4jt1\/2025\/11\/talking-bot-125x125.png","contentUrl":"https:\/\/portaltela.pt\/s.01k8rhncp4jt1\/2025\/11\/talking-bot-125x125.png","caption":"Telinha"},"sameAs":["https:\/\/portaltela.pt\/"],"url":"https:\/\/portaltela.pt\/por\/367410592786\/"}]}},"_links":{"self":[{"href":"https:\/\/portaltela.pt\/api\/wp\/v2\/posts\/211699","targetHints":{"allow":["GET"]}}],"collection":[{"href":"https:\/\/portaltela.pt\/api\/wp\/v2\/posts"}],"about":[{"href":"https:\/\/portaltela.pt\/api\/wp\/v2\/types\/post"}],"author":[{"embeddable":true,"href":"https:\/\/portaltela.pt\/api\/wp\/v2\/users\/2"}],"replies":[{"embeddable":true,"href":"https:\/\/portaltela.pt\/api\/wp\/v2\/comments?post=211699"}],"version-history":[{"count":0,"href":"https:\/\/portaltela.pt\/api\/wp\/v2\/posts\/211699\/revisions"}],"wp:featuredmedia":[{"embeddable":true,"href":"https:\/\/portaltela.pt\/api\/wp\/v2\/media\/211704"}],"wp:attachment":[{"href":"https:\/\/portaltela.pt\/api\/wp\/v2\/media?parent=211699"}],"wp:term":[{"taxonomy":"category","embeddable":true,"href":"https:\/\/portaltela.pt\/api\/wp\/v2\/categories?post=211699"},{"taxonomy":"post_tag","embeddable":true,"href":"https:\/\/portaltela.pt\/api\/wp\/v2\/tags?post=211699"}],"curies":[{"name":"wp","href":"https:\/\/api.w.org\/{rel}","templated":true}]}}