{"id":211684,"date":"2026-02-13T17:52:00","date_gmt":"2026-02-13T20:52:00","guid":{"rendered":"https:\/\/portaltela.pt\/noticias\/2026\/02\/13\/emprego-publico-aumenta-17-e-atinge-maximos-desde-2011\/"},"modified":"2026-02-13T17:52:00","modified_gmt":"2026-02-13T20:52:00","slug":"emprego-publico-aumenta-17-e-atinge-maximos-desde-2011","status":"publish","type":"post","link":"https:\/\/portaltela.pt\/noticias\/2026\/02\/13\/emprego-publico-aumenta-17-e-atinge-maximos-desde-2011\/","title":{"rendered":"Emprego p\u00fablico aumenta 1,7% e atinge m\u00e1ximos desde 2011"},"content":{"rendered":"<p>O emprego na administra\u00e7\u00e3o p\u00fablica em Portugal cresceu 1,7% no quarto trimestre de 2025, para 766.278 trabalhadores, o maior valor desde o \u00faltimo trimestre de 2011. A subida \u00e9 confirmada pela s\u00edntese da Direc\u00e7\u00e3o-Geral da Administra\u00e7\u00e3o e do Emprego P\u00fablico (DGAEP).<\/p>\n<p>Em termos hom\u00f3logos, o aumento foi impulsionado pela Administra\u00e7\u00e3o Central, com mais 9.171 postos (+1,6%), e pela Administra\u00e7\u00e3o Local, com mais 4.057 postos (+2,9%). Regi\u00f5es aut\u00f3nomas e fundos de seguran\u00e7a social registaram diminui\u00e7\u00f5es.<\/p>\n<p>No trimestre, o emprego p\u00fablico subiu 0,9% face aos tr\u00eas meses anteriores, equivalente a 6.841 vagas. O aumento resultou sobretudo na educa\u00e7\u00e3o, ci\u00eancia e inova\u00e7\u00e3o, e nos estabelecimentos de ensino, com destaque para o ensino b\u00e1sico e secund\u00e1rio.<\/p>\n<p>O ritmo de crescimento manteve-se no conjunto de 2025, com um saldo l\u00edquido positivo de 12.721 empregos criados ao longo do ano, superior em 5.538 postos face a 2024.<\/p>\n<h3>Reformas na Fun\u00e7\u00e3o P\u00fablica<\/h3>\n<p>No ano de 2025 houve 17.231 reformas, menos 1.440 do que em 2024, a primeira queda desde 2018. A DGAEP aponta que a trajet\u00f3ria de sa\u00eddas por reforma, em 2017-2024, foi interrompida em 2025.<\/p>\n<p>A maior parte das sa\u00eddas pela reforma ocorreu na Administra\u00e7\u00e3o Central, com 12.893 reformados. A Administra\u00e7\u00e3o Local registou 3.459, enquanto as Administra\u00e7\u00f5es Regionais totalizaram 879.<\/p>\n","protected":false},"excerpt":{"rendered":"<ul>\n<li>Em 31 de dezembro de 2025, o emprego na Administra\u00e7\u00e3o P\u00fablica era de 766.278 postos, mais 1,7% (mais 12.721) face ao \u00faltimo trimestre de 2011, atingindo m\u00e1ximo hist\u00f3rico na s\u00e9rie.<\/li>\n<li>O aumento deveu-se, sobretudo, \u00e0 Administra\u00e7\u00e3o Central (+1,6%, +9.171) e \u00e0 Administra\u00e7\u00e3o Local (+2,9%, +4.057), com eleva\u00e7\u00e3o nos sectores da Sa\u00fade e da Educa\u00e7\u00e3o\/Ci\u00eancia e Inova\u00e7\u00e3o.<\/li>\n<li>Comparando com o trimestre anterior, houve subida de 0,9% (mais 6.841 postos), principalmente na Administra\u00e7\u00e3o Central (+6.653) e no ensino; registou-se queda na Administra\u00e7\u00e3o Interna (-1.315).<\/li>\n<li>No conjunto de 2025, houve saldo l\u00edquido positivo de 12.721 postos, mais 5.538 face a 2024; 7,1% da popula\u00e7\u00e3o total trabalha nas administra\u00e7\u00f5es p\u00fablicas, 13,5% da popula\u00e7\u00e3o activa e 14,4% da popula\u00e7\u00e3o empregada.<\/li>\n<li>Reformas caem pela primeira vez desde 2018: 17.231 reformas em 2025, menos 1.440 que em 2024, com a maioria na Administra\u00e7\u00e3o Central (12.893), seguida pela Administra\u00e7\u00e3o Local (3.459) e Administrations regionais (879).<\/li>\n<\/ul>\n","protected":false},"author":2,"featured_media":211685,"comment_status":"closed","ping_status":"closed","sticky":false,"template":"","format":"standard","meta":{"footnotes":""},"categories":[1],"tags":[4847,4846,168,1992,163,1006],"class_list":["post-211684","post","type-post","status-publish","format-standard","has-post-thumbnail","hentry","category-noticias","tag-administracao-central","tag-administracao-local","tag-administracao-publica","tag-ciencia","tag-educacao","tag-emprego"],"yoast_head":"<!-- This site is optimized with the Yoast SEO plugin v27.2 - https:\/\/yoast.com\/product\/yoast-seo-wordpress\/ -->\n<title>Emprego p\u00fablico aumenta 1,7% e atinge m\u00e1ximos desde 2011 - Portal Tela Portugal<\/title>\n<meta name=\"robots\" content=\"index, follow, max-snippet:-1, max-image-preview:large, max-video-preview:-1\" \/>\n<meta property=\"og:locale\" content=\"pt_PT\" \/>\n<meta property=\"og:type\" content=\"article\" \/>\n<meta property=\"og:title\" content=\"Emprego p\u00fablico aumenta 1,7% e atinge m\u00e1ximos desde 2011 - Portal Tela Portugal\" \/>\n<meta property=\"og:description\" content=\"Em 31 de dezembro de 2025, o emprego na Administra\u00e7\u00e3o P\u00fablica era de 766.278 postos, mais 1,7% (mais 12.721) face ao \u00faltimo trimestre de 2011, atingindo m\u00e1ximo hist\u00f3rico na s\u00e9rie. O aumento deveu-se, sobretudo, \u00e0 Administra\u00e7\u00e3o Central (+1,6%, +9.171) e \u00e0 Administra\u00e7\u00e3o Local (+2,9%, +4.057), com eleva\u00e7\u00e3o nos sectores da Sa\u00fade e da Educa\u00e7\u00e3o\/Ci\u00eancia e Inova\u00e7\u00e3o. Comparando com o trimestre anterior, houve subida de 0,9% (mais 6.841 postos), principalmente na Administra\u00e7\u00e3o Central (+6.653) e no ensino; registou-se queda na Administra\u00e7\u00e3o Interna (-1.315). No conjunto de 2025, houve saldo l\u00edquido positivo de 12.721 postos, mais 5.538 face a 2024; 7,1% da popula\u00e7\u00e3o total trabalha nas administra\u00e7\u00f5es p\u00fablicas, 13,5% da popula\u00e7\u00e3o activa e 14,4% da popula\u00e7\u00e3o empregada. Reformas caem pela primeira vez desde 2018: 17.231 reformas em 2025, menos 1.440 que em 2024, com a maioria na Administra\u00e7\u00e3o Central (12.893), seguida pela Administra\u00e7\u00e3o Local (3.459) e Administrations regionais (879).\" \/>\n<meta property=\"og:url\" content=\"https:\/\/portaltela.pt\/noticias\/2026\/02\/13\/emprego-publico-aumenta-17-e-atinge-maximos-desde-2011\/\" \/>\n<meta property=\"og:site_name\" content=\"Portal Tela Portugal\" \/>\n<meta property=\"article:published_time\" content=\"2026-02-13T20:52:00+00:00\" \/>\n<meta name=\"author\" content=\"Telinha\" \/>\n<meta name=\"twitter:card\" content=\"summary_large_image\" \/>\n<meta name=\"twitter:label1\" content=\"Escrito por\" \/>\n\t<meta name=\"twitter:data1\" content=\"Telinha\" \/>\n\t<meta name=\"twitter:label2\" content=\"Tempo estimado de leitura\" \/>\n\t<meta name=\"twitter:data2\" content=\"1 minuto\" \/>\n<script type=\"application\/ld+json\" class=\"yoast-schema-graph\">{\"@context\":\"https:\/\/schema.org\",\"@graph\":[{\"@type\":\"Article\",\"@id\":\"https:\/\/portaltela.pt\/noticias\/2026\/02\/13\/emprego-publico-aumenta-17-e-atinge-maximos-desde-2011\/#article\",\"isPartOf\":{\"@id\":\"https:\/\/portaltela.pt\/noticias\/2026\/02\/13\/emprego-publico-aumenta-17-e-atinge-maximos-desde-2011\/\"},\"author\":{\"name\":\"Telinha\",\"@id\":\"https:\/\/portaltela.pt\/#\/schema\/person\/c4278d4a6028830caff9ee44b42d32ed\"},\"headline\":\"Emprego p\u00fablico aumenta 1,7% e atinge m\u00e1ximos desde 2011\",\"datePublished\":\"2026-02-13T20:52:00+00:00\",\"mainEntityOfPage\":{\"@id\":\"https:\/\/portaltela.pt\/noticias\/2026\/02\/13\/emprego-publico-aumenta-17-e-atinge-maximos-desde-2011\/\"},\"wordCount\":218,\"image\":{\"@id\":\"https:\/\/portaltela.pt\/noticias\/2026\/02\/13\/emprego-publico-aumenta-17-e-atinge-maximos-desde-2011\/#primaryimage\"},\"thumbnailUrl\":\"https:\/\/portaltela.pt\/s.01k8rhncp4jt1\/2026\/02\/2067176.jpg\",\"keywords\":[\"Administra\u00e7\u00e3o Central\",\"Administra\u00e7\u00e3o Local\",\"administra\u00e7\u00e3o p\u00fablica\",\"ci\u00eancia\",\"educa\u00e7\u00e3o\",\"emprego\"],\"articleSection\":[\"Not\u00edcias\"],\"inLanguage\":\"pt-PT\"},{\"@type\":\"WebPage\",\"@id\":\"https:\/\/portaltela.pt\/noticias\/2026\/02\/13\/emprego-publico-aumenta-17-e-atinge-maximos-desde-2011\/\",\"url\":\"https:\/\/portaltela.pt\/noticias\/2026\/02\/13\/emprego-publico-aumenta-17-e-atinge-maximos-desde-2011\/\",\"name\":\"Emprego p\u00fablico aumenta 1,7% e atinge m\u00e1ximos desde 2011 - Portal Tela Portugal\",\"isPartOf\":{\"@id\":\"https:\/\/portaltela.pt\/#website\"},\"primaryImageOfPage\":{\"@id\":\"https:\/\/portaltela.pt\/noticias\/2026\/02\/13\/emprego-publico-aumenta-17-e-atinge-maximos-desde-2011\/#primaryimage\"},\"image\":{\"@id\":\"https:\/\/portaltela.pt\/noticias\/2026\/02\/13\/emprego-publico-aumenta-17-e-atinge-maximos-desde-2011\/#primaryimage\"},\"thumbnailUrl\":\"https:\/\/portaltela.pt\/s.01k8rhncp4jt1\/2026\/02\/2067176.jpg\",\"datePublished\":\"2026-02-13T20:52:00+00:00\",\"author\":{\"@id\":\"https:\/\/portaltela.pt\/#\/schema\/person\/c4278d4a6028830caff9ee44b42d32ed\"},\"breadcrumb\":{\"@id\":\"https:\/\/portaltela.pt\/noticias\/2026\/02\/13\/emprego-publico-aumenta-17-e-atinge-maximos-desde-2011\/#breadcrumb\"},\"inLanguage\":\"pt-PT\",\"potentialAction\":[{\"@type\":\"ReadAction\",\"target\":[\"https:\/\/portaltela.pt\/noticias\/2026\/02\/13\/emprego-publico-aumenta-17-e-atinge-maximos-desde-2011\/\"]}]},{\"@type\":\"ImageObject\",\"inLanguage\":\"pt-PT\",\"@id\":\"https:\/\/portaltela.pt\/noticias\/2026\/02\/13\/emprego-publico-aumenta-17-e-atinge-maximos-desde-2011\/#primaryimage\",\"url\":\"https:\/\/portaltela.pt\/s.01k8rhncp4jt1\/2026\/02\/2067176.jpg\",\"contentUrl\":\"https:\/\/portaltela.pt\/s.01k8rhncp4jt1\/2026\/02\/2067176.jpg\",\"width\":796,\"height\":448,\"caption\":\"Sa\u00fade foi um dos sectores respons\u00e1vel pelo aumento do emprego p\u00fablico em 2025\"},{\"@type\":\"BreadcrumbList\",\"@id\":\"https:\/\/portaltela.pt\/noticias\/2026\/02\/13\/emprego-publico-aumenta-17-e-atinge-maximos-desde-2011\/#breadcrumb\",\"itemListElement\":[{\"@type\":\"ListItem\",\"position\":1,\"name\":\"In\u00edcio\",\"item\":\"https:\/\/portaltela.pt\/\"},{\"@type\":\"ListItem\",\"position\":2,\"name\":\"Emprego p\u00fablico aumenta 1,7% e atinge m\u00e1ximos desde 2011\"}]},{\"@type\":\"WebSite\",\"@id\":\"https:\/\/portaltela.pt\/#website\",\"url\":\"https:\/\/portaltela.pt\/\",\"name\":\"Portal Tela Portugal\",\"description\":\"\",\"potentialAction\":[{\"@type\":\"SearchAction\",\"target\":{\"@type\":\"EntryPoint\",\"urlTemplate\":\"https:\/\/portaltela.pt\/?s={search_term_string}\"},\"query-input\":{\"@type\":\"PropertyValueSpecification\",\"valueRequired\":true,\"valueName\":\"search_term_string\"}}],\"inLanguage\":\"pt-PT\"},{\"@type\":\"Person\",\"@id\":\"https:\/\/portaltela.pt\/#\/schema\/person\/c4278d4a6028830caff9ee44b42d32ed\",\"name\":\"Telinha\",\"image\":{\"@type\":\"ImageObject\",\"inLanguage\":\"pt-PT\",\"@id\":\"https:\/\/portaltela.pt\/s.01k8rhncp4jt1\/2025\/11\/talking-bot-125x125.png\",\"url\":\"https:\/\/portaltela.pt\/s.01k8rhncp4jt1\/2025\/11\/talking-bot-125x125.png\",\"contentUrl\":\"https:\/\/portaltela.pt\/s.01k8rhncp4jt1\/2025\/11\/talking-bot-125x125.png\",\"caption\":\"Telinha\"},\"sameAs\":[\"https:\/\/portaltela.pt\/\"],\"url\":\"https:\/\/portaltela.pt\/por\/367410592786\/\"}]}<\/script>\n<!-- \/ Yoast SEO plugin. -->","yoast_head_json":{"title":"Emprego p\u00fablico aumenta 1,7% e atinge m\u00e1ximos desde 2011 - Portal Tela Portugal","robots":{"index":"index","follow":"follow","max-snippet":"max-snippet:-1","max-image-preview":"max-image-preview:large","max-video-preview":"max-video-preview:-1"},"og_locale":"pt_PT","og_type":"article","og_title":"Emprego p\u00fablico aumenta 1,7% e atinge m\u00e1ximos desde 2011 - Portal Tela Portugal","og_description":"Em 31 de dezembro de 2025, o emprego na Administra\u00e7\u00e3o P\u00fablica era de 766.278 postos, mais 1,7% (mais 12.721) face ao \u00faltimo trimestre de 2011, atingindo m\u00e1ximo hist\u00f3rico na s\u00e9rie. O aumento deveu-se, sobretudo, \u00e0 Administra\u00e7\u00e3o Central (+1,6%, +9.171) e \u00e0 Administra\u00e7\u00e3o Local (+2,9%, +4.057), com eleva\u00e7\u00e3o nos sectores da Sa\u00fade e da Educa\u00e7\u00e3o\/Ci\u00eancia e Inova\u00e7\u00e3o. Comparando com o trimestre anterior, houve subida de 0,9% (mais 6.841 postos), principalmente na Administra\u00e7\u00e3o Central (+6.653) e no ensino; registou-se queda na Administra\u00e7\u00e3o Interna (-1.315). No conjunto de 2025, houve saldo l\u00edquido positivo de 12.721 postos, mais 5.538 face a 2024; 7,1% da popula\u00e7\u00e3o total trabalha nas administra\u00e7\u00f5es p\u00fablicas, 13,5% da popula\u00e7\u00e3o activa e 14,4% da popula\u00e7\u00e3o empregada. Reformas caem pela primeira vez desde 2018: 17.231 reformas em 2025, menos 1.440 que em 2024, com a maioria na Administra\u00e7\u00e3o Central (12.893), seguida pela Administra\u00e7\u00e3o Local (3.459) e Administrations regionais (879).","og_url":"https:\/\/portaltela.pt\/noticias\/2026\/02\/13\/emprego-publico-aumenta-17-e-atinge-maximos-desde-2011\/","og_site_name":"Portal Tela Portugal","article_published_time":"2026-02-13T20:52:00+00:00","author":"Telinha","twitter_card":"summary_large_image","twitter_misc":{"Escrito por":"Telinha","Tempo estimado de leitura":"1 minuto"},"schema":{"@context":"https:\/\/schema.org","@graph":[{"@type":"Article","@id":"https:\/\/portaltela.pt\/noticias\/2026\/02\/13\/emprego-publico-aumenta-17-e-atinge-maximos-desde-2011\/#article","isPartOf":{"@id":"https:\/\/portaltela.pt\/noticias\/2026\/02\/13\/emprego-publico-aumenta-17-e-atinge-maximos-desde-2011\/"},"author":{"name":"Telinha","@id":"https:\/\/portaltela.pt\/#\/schema\/person\/c4278d4a6028830caff9ee44b42d32ed"},"headline":"Emprego p\u00fablico aumenta 1,7% e atinge m\u00e1ximos desde 2011","datePublished":"2026-02-13T20:52:00+00:00","mainEntityOfPage":{"@id":"https:\/\/portaltela.pt\/noticias\/2026\/02\/13\/emprego-publico-aumenta-17-e-atinge-maximos-desde-2011\/"},"wordCount":218,"image":{"@id":"https:\/\/portaltela.pt\/noticias\/2026\/02\/13\/emprego-publico-aumenta-17-e-atinge-maximos-desde-2011\/#primaryimage"},"thumbnailUrl":"https:\/\/portaltela.pt\/s.01k8rhncp4jt1\/2026\/02\/2067176.jpg","keywords":["Administra\u00e7\u00e3o Central","Administra\u00e7\u00e3o Local","administra\u00e7\u00e3o p\u00fablica","ci\u00eancia","educa\u00e7\u00e3o","emprego"],"articleSection":["Not\u00edcias"],"inLanguage":"pt-PT"},{"@type":"WebPage","@id":"https:\/\/portaltela.pt\/noticias\/2026\/02\/13\/emprego-publico-aumenta-17-e-atinge-maximos-desde-2011\/","url":"https:\/\/portaltela.pt\/noticias\/2026\/02\/13\/emprego-publico-aumenta-17-e-atinge-maximos-desde-2011\/","name":"Emprego p\u00fablico aumenta 1,7% e atinge m\u00e1ximos desde 2011 - Portal Tela Portugal","isPartOf":{"@id":"https:\/\/portaltela.pt\/#website"},"primaryImageOfPage":{"@id":"https:\/\/portaltela.pt\/noticias\/2026\/02\/13\/emprego-publico-aumenta-17-e-atinge-maximos-desde-2011\/#primaryimage"},"image":{"@id":"https:\/\/portaltela.pt\/noticias\/2026\/02\/13\/emprego-publico-aumenta-17-e-atinge-maximos-desde-2011\/#primaryimage"},"thumbnailUrl":"https:\/\/portaltela.pt\/s.01k8rhncp4jt1\/2026\/02\/2067176.jpg","datePublished":"2026-02-13T20:52:00+00:00","author":{"@id":"https:\/\/portaltela.pt\/#\/schema\/person\/c4278d4a6028830caff9ee44b42d32ed"},"breadcrumb":{"@id":"https:\/\/portaltela.pt\/noticias\/2026\/02\/13\/emprego-publico-aumenta-17-e-atinge-maximos-desde-2011\/#breadcrumb"},"inLanguage":"pt-PT","potentialAction":[{"@type":"ReadAction","target":["https:\/\/portaltela.pt\/noticias\/2026\/02\/13\/emprego-publico-aumenta-17-e-atinge-maximos-desde-2011\/"]}]},{"@type":"ImageObject","inLanguage":"pt-PT","@id":"https:\/\/portaltela.pt\/noticias\/2026\/02\/13\/emprego-publico-aumenta-17-e-atinge-maximos-desde-2011\/#primaryimage","url":"https:\/\/portaltela.pt\/s.01k8rhncp4jt1\/2026\/02\/2067176.jpg","contentUrl":"https:\/\/portaltela.pt\/s.01k8rhncp4jt1\/2026\/02\/2067176.jpg","width":796,"height":448,"caption":"Sa\u00fade foi um dos sectores respons\u00e1vel pelo aumento do emprego p\u00fablico em 2025"},{"@type":"BreadcrumbList","@id":"https:\/\/portaltela.pt\/noticias\/2026\/02\/13\/emprego-publico-aumenta-17-e-atinge-maximos-desde-2011\/#breadcrumb","itemListElement":[{"@type":"ListItem","position":1,"name":"In\u00edcio","item":"https:\/\/portaltela.pt\/"},{"@type":"ListItem","position":2,"name":"Emprego p\u00fablico aumenta 1,7% e atinge m\u00e1ximos desde 2011"}]},{"@type":"WebSite","@id":"https:\/\/portaltela.pt\/#website","url":"https:\/\/portaltela.pt\/","name":"Portal Tela Portugal","description":"","potentialAction":[{"@type":"SearchAction","target":{"@type":"EntryPoint","urlTemplate":"https:\/\/portaltela.pt\/?s={search_term_string}"},"query-input":{"@type":"PropertyValueSpecification","valueRequired":true,"valueName":"search_term_string"}}],"inLanguage":"pt-PT"},{"@type":"Person","@id":"https:\/\/portaltela.pt\/#\/schema\/person\/c4278d4a6028830caff9ee44b42d32ed","name":"Telinha","image":{"@type":"ImageObject","inLanguage":"pt-PT","@id":"https:\/\/portaltela.pt\/s.01k8rhncp4jt1\/2025\/11\/talking-bot-125x125.png","url":"https:\/\/portaltela.pt\/s.01k8rhncp4jt1\/2025\/11\/talking-bot-125x125.png","contentUrl":"https:\/\/portaltela.pt\/s.01k8rhncp4jt1\/2025\/11\/talking-bot-125x125.png","caption":"Telinha"},"sameAs":["https:\/\/portaltela.pt\/"],"url":"https:\/\/portaltela.pt\/por\/367410592786\/"}]}},"_links":{"self":[{"href":"https:\/\/portaltela.pt\/api\/wp\/v2\/posts\/211684","targetHints":{"allow":["GET"]}}],"collection":[{"href":"https:\/\/portaltela.pt\/api\/wp\/v2\/posts"}],"about":[{"href":"https:\/\/portaltela.pt\/api\/wp\/v2\/types\/post"}],"author":[{"embeddable":true,"href":"https:\/\/portaltela.pt\/api\/wp\/v2\/users\/2"}],"replies":[{"embeddable":true,"href":"https:\/\/portaltela.pt\/api\/wp\/v2\/comments?post=211684"}],"version-history":[{"count":0,"href":"https:\/\/portaltela.pt\/api\/wp\/v2\/posts\/211684\/revisions"}],"wp:featuredmedia":[{"embeddable":true,"href":"https:\/\/portaltela.pt\/api\/wp\/v2\/media\/211685"}],"wp:attachment":[{"href":"https:\/\/portaltela.pt\/api\/wp\/v2\/media?parent=211684"}],"wp:term":[{"taxonomy":"category","embeddable":true,"href":"https:\/\/portaltela.pt\/api\/wp\/v2\/categories?post=211684"},{"taxonomy":"post_tag","embeddable":true,"href":"https:\/\/portaltela.pt\/api\/wp\/v2\/tags?post=211684"}],"curies":[{"name":"wp","href":"https:\/\/api.w.org\/{rel}","templated":true}]}}