{"id":211659,"date":"2026-02-13T15:12:00","date_gmt":"2026-02-13T18:12:00","guid":{"rendered":"https:\/\/portaltela.pt\/noticias\/2026\/02\/13\/emprego-publico-cresce-17-no-4-o-trimestre-e-atinge-maximos-desde-2011\/"},"modified":"2026-02-13T15:12:00","modified_gmt":"2026-02-13T18:12:00","slug":"emprego-publico-cresce-17-no-4-o-trimestre-e-atinge-maximos-desde-2011","status":"publish","type":"post","link":"https:\/\/portaltela.pt\/noticias\/2026\/02\/13\/emprego-publico-cresce-17-no-4-o-trimestre-e-atinge-maximos-desde-2011\/","title":{"rendered":"Emprego p\u00fablico cresce 1,7% no 4.\u00ba trimestre e atinge m\u00e1ximos desde 2011"},"content":{"rendered":"<p>O emprego p\u00fablico em Portugal aumentou 1,7% no 4.\u00ba trimestre, atingindo um m\u00e1ximo n\u00e3o visto desde 2011. A varia\u00e7\u00e3o reflete a evolu\u00e7\u00e3o do quadro de pessoal nos setores da administra\u00e7\u00e3o central, regional e local. Dados oficiais n\u00e3o detalham a distribui\u00e7\u00e3o por n\u00edveis ou regi\u00f5es.<\/p>\n<p>Segundo as informa\u00e7\u00f5es divulgadas, o aumento ocorre face ao trimestre anterior e acompanha uma tend\u00eancia de \u0434\u0438\u043d\u0430\u043c\u0438\u00e7\u00e3o no quadro de funcion\u00e1rios p\u00fablicos em anos recentes. O fen\u00f3meno pode estar associado a concursos abertos, nomea\u00e7\u00f5es tempor\u00e1rias e pol\u00edticas de refor\u00e7o de servi\u00e7os essenciais.<\/p>\n<h3>Contexto e impactos<\/h3>\n<p>O crescimento do emprego p\u00fablico mant\u00e9m-se como indicador relevante para a gest\u00e3o or\u00e7amental e de servi\u00e7os p\u00fablicos. Analistas apontam que a dimens\u00e3o do quadro de pessoal influencia a capacidade de resposta de \u00e1reas como sa\u00fade, educa\u00e7\u00e3o e seguran\u00e7a, entre outras.<\/p>\n<p>Fontes oficiais destacam que a renova\u00e7\u00e3o de m\u00e1ximos hist\u00f3ricos ajuda a sustentar servi\u00e7os p\u00fablicos, mas requer monitoriza\u00e7\u00e3o cont\u00ednua do equil\u00edbrio entre vagas, custos salariais e qualidade de servi\u00e7o \u00e0 popula\u00e7\u00e3o.<\/p>\n","protected":false},"excerpt":{"rendered":"<ul>\n<li>O emprego p\u00fablico aumentou 1,7% no quarto trimestre.<\/li>\n<li>O incremento levou a renovar m\u00e1ximos desde 2011.<\/li>\n<\/ul>\n","protected":false},"author":2,"featured_media":211661,"comment_status":"closed","ping_status":"closed","sticky":false,"template":"","format":"standard","meta":{"footnotes":""},"categories":[1],"tags":[4847,4846,168,1006,5334,2824],"class_list":["post-211659","post","type-post","status-publish","format-standard","has-post-thumbnail","hentry","category-noticias","tag-administracao-central","tag-administracao-local","tag-administracao-publica","tag-emprego","tag-gestao-publica","tag-setor-publico"],"yoast_head":"<!-- This site is optimized with the Yoast SEO plugin v27.2 - https:\/\/yoast.com\/product\/yoast-seo-wordpress\/ -->\n<title>Emprego p\u00fablico cresce 1,7% no 4.\u00ba trimestre e atinge m\u00e1ximos desde 2011 - Portal Tela Portugal<\/title>\n<meta name=\"robots\" content=\"index, follow, max-snippet:-1, max-image-preview:large, max-video-preview:-1\" \/>\n<meta property=\"og:locale\" content=\"pt_PT\" \/>\n<meta property=\"og:type\" content=\"article\" \/>\n<meta property=\"og:title\" content=\"Emprego p\u00fablico cresce 1,7% no 4.\u00ba trimestre e atinge m\u00e1ximos desde 2011 - Portal Tela Portugal\" \/>\n<meta property=\"og:description\" content=\"O emprego p\u00fablico aumentou 1,7% no quarto trimestre. O incremento levou a renovar m\u00e1ximos desde 2011.\" \/>\n<meta property=\"og:url\" content=\"https:\/\/portaltela.pt\/noticias\/2026\/02\/13\/emprego-publico-cresce-17-no-4-o-trimestre-e-atinge-maximos-desde-2011\/\" \/>\n<meta property=\"og:site_name\" content=\"Portal Tela Portugal\" \/>\n<meta property=\"article:published_time\" content=\"2026-02-13T18:12:00+00:00\" \/>\n<meta name=\"author\" content=\"Telinha\" \/>\n<meta name=\"twitter:card\" content=\"summary_large_image\" \/>\n<meta name=\"twitter:label1\" content=\"Escrito por\" \/>\n\t<meta name=\"twitter:data1\" content=\"Telinha\" \/>\n\t<meta name=\"twitter:label2\" content=\"Tempo estimado de leitura\" \/>\n\t<meta name=\"twitter:data2\" content=\"1 minuto\" \/>\n<script type=\"application\/ld+json\" class=\"yoast-schema-graph\">{\"@context\":\"https:\/\/schema.org\",\"@graph\":[{\"@type\":\"Article\",\"@id\":\"https:\/\/portaltela.pt\/noticias\/2026\/02\/13\/emprego-publico-cresce-17-no-4-o-trimestre-e-atinge-maximos-desde-2011\/#article\",\"isPartOf\":{\"@id\":\"https:\/\/portaltela.pt\/noticias\/2026\/02\/13\/emprego-publico-cresce-17-no-4-o-trimestre-e-atinge-maximos-desde-2011\/\"},\"author\":{\"name\":\"Telinha\",\"@id\":\"https:\/\/portaltela.pt\/#\/schema\/person\/c4278d4a6028830caff9ee44b42d32ed\"},\"headline\":\"Emprego p\u00fablico cresce 1,7% no 4.\u00ba trimestre e atinge m\u00e1ximos desde 2011\",\"datePublished\":\"2026-02-13T18:12:00+00:00\",\"mainEntityOfPage\":{\"@id\":\"https:\/\/portaltela.pt\/noticias\/2026\/02\/13\/emprego-publico-cresce-17-no-4-o-trimestre-e-atinge-maximos-desde-2011\/\"},\"wordCount\":207,\"image\":{\"@id\":\"https:\/\/portaltela.pt\/noticias\/2026\/02\/13\/emprego-publico-cresce-17-no-4-o-trimestre-e-atinge-maximos-desde-2011\/#primaryimage\"},\"thumbnailUrl\":\"https:\/\/portaltela.pt\/s.01k8rhncp4jt1\/2026\/02\/CACHE_780X1200_ANALOG_WATERMARKED_13558047_1041176_27122019060202.jpg\",\"keywords\":[\"Administra\u00e7\u00e3o Central\",\"Administra\u00e7\u00e3o Local\",\"administra\u00e7\u00e3o p\u00fablica\",\"emprego\",\"gest\u00e3o p\u00fablica\",\"setor p\u00fablico\"],\"articleSection\":[\"Not\u00edcias\"],\"inLanguage\":\"pt-PT\"},{\"@type\":\"WebPage\",\"@id\":\"https:\/\/portaltela.pt\/noticias\/2026\/02\/13\/emprego-publico-cresce-17-no-4-o-trimestre-e-atinge-maximos-desde-2011\/\",\"url\":\"https:\/\/portaltela.pt\/noticias\/2026\/02\/13\/emprego-publico-cresce-17-no-4-o-trimestre-e-atinge-maximos-desde-2011\/\",\"name\":\"Emprego p\u00fablico cresce 1,7% no 4.\u00ba trimestre e atinge m\u00e1ximos desde 2011 - Portal Tela Portugal\",\"isPartOf\":{\"@id\":\"https:\/\/portaltela.pt\/#website\"},\"primaryImageOfPage\":{\"@id\":\"https:\/\/portaltela.pt\/noticias\/2026\/02\/13\/emprego-publico-cresce-17-no-4-o-trimestre-e-atinge-maximos-desde-2011\/#primaryimage\"},\"image\":{\"@id\":\"https:\/\/portaltela.pt\/noticias\/2026\/02\/13\/emprego-publico-cresce-17-no-4-o-trimestre-e-atinge-maximos-desde-2011\/#primaryimage\"},\"thumbnailUrl\":\"https:\/\/portaltela.pt\/s.01k8rhncp4jt1\/2026\/02\/CACHE_780X1200_ANALOG_WATERMARKED_13558047_1041176_27122019060202.jpg\",\"datePublished\":\"2026-02-13T18:12:00+00:00\",\"author\":{\"@id\":\"https:\/\/portaltela.pt\/#\/schema\/person\/c4278d4a6028830caff9ee44b42d32ed\"},\"breadcrumb\":{\"@id\":\"https:\/\/portaltela.pt\/noticias\/2026\/02\/13\/emprego-publico-cresce-17-no-4-o-trimestre-e-atinge-maximos-desde-2011\/#breadcrumb\"},\"inLanguage\":\"pt-PT\",\"potentialAction\":[{\"@type\":\"ReadAction\",\"target\":[\"https:\/\/portaltela.pt\/noticias\/2026\/02\/13\/emprego-publico-cresce-17-no-4-o-trimestre-e-atinge-maximos-desde-2011\/\"]}]},{\"@type\":\"ImageObject\",\"inLanguage\":\"pt-PT\",\"@id\":\"https:\/\/portaltela.pt\/noticias\/2026\/02\/13\/emprego-publico-cresce-17-no-4-o-trimestre-e-atinge-maximos-desde-2011\/#primaryimage\",\"url\":\"https:\/\/portaltela.pt\/s.01k8rhncp4jt1\/2026\/02\/CACHE_780X1200_ANALOG_WATERMARKED_13558047_1041176_27122019060202.jpg\",\"contentUrl\":\"https:\/\/portaltela.pt\/s.01k8rhncp4jt1\/2026\/02\/CACHE_780X1200_ANALOG_WATERMARKED_13558047_1041176_27122019060202.jpg\",\"width\":796,\"height\":448,\"caption\":\"Emprego p\u00fablico aumenta 1,7% no 4.\u00ba trimestre e renova m\u00e1ximos de 2011\"},{\"@type\":\"BreadcrumbList\",\"@id\":\"https:\/\/portaltela.pt\/noticias\/2026\/02\/13\/emprego-publico-cresce-17-no-4-o-trimestre-e-atinge-maximos-desde-2011\/#breadcrumb\",\"itemListElement\":[{\"@type\":\"ListItem\",\"position\":1,\"name\":\"In\u00edcio\",\"item\":\"https:\/\/portaltela.pt\/\"},{\"@type\":\"ListItem\",\"position\":2,\"name\":\"Emprego p\u00fablico cresce 1,7% no 4.\u00ba trimestre e atinge m\u00e1ximos desde 2011\"}]},{\"@type\":\"WebSite\",\"@id\":\"https:\/\/portaltela.pt\/#website\",\"url\":\"https:\/\/portaltela.pt\/\",\"name\":\"Portal Tela Portugal\",\"description\":\"\",\"potentialAction\":[{\"@type\":\"SearchAction\",\"target\":{\"@type\":\"EntryPoint\",\"urlTemplate\":\"https:\/\/portaltela.pt\/?s={search_term_string}\"},\"query-input\":{\"@type\":\"PropertyValueSpecification\",\"valueRequired\":true,\"valueName\":\"search_term_string\"}}],\"inLanguage\":\"pt-PT\"},{\"@type\":\"Person\",\"@id\":\"https:\/\/portaltela.pt\/#\/schema\/person\/c4278d4a6028830caff9ee44b42d32ed\",\"name\":\"Telinha\",\"image\":{\"@type\":\"ImageObject\",\"inLanguage\":\"pt-PT\",\"@id\":\"https:\/\/portaltela.pt\/s.01k8rhncp4jt1\/2025\/11\/talking-bot-125x125.png\",\"url\":\"https:\/\/portaltela.pt\/s.01k8rhncp4jt1\/2025\/11\/talking-bot-125x125.png\",\"contentUrl\":\"https:\/\/portaltela.pt\/s.01k8rhncp4jt1\/2025\/11\/talking-bot-125x125.png\",\"caption\":\"Telinha\"},\"sameAs\":[\"https:\/\/portaltela.pt\/\"],\"url\":\"https:\/\/portaltela.pt\/por\/367410592786\/\"}]}<\/script>\n<!-- \/ Yoast SEO plugin. -->","yoast_head_json":{"title":"Emprego p\u00fablico cresce 1,7% no 4.\u00ba trimestre e atinge m\u00e1ximos desde 2011 - Portal Tela Portugal","robots":{"index":"index","follow":"follow","max-snippet":"max-snippet:-1","max-image-preview":"max-image-preview:large","max-video-preview":"max-video-preview:-1"},"og_locale":"pt_PT","og_type":"article","og_title":"Emprego p\u00fablico cresce 1,7% no 4.\u00ba trimestre e atinge m\u00e1ximos desde 2011 - Portal Tela Portugal","og_description":"O emprego p\u00fablico aumentou 1,7% no quarto trimestre. O incremento levou a renovar m\u00e1ximos desde 2011.","og_url":"https:\/\/portaltela.pt\/noticias\/2026\/02\/13\/emprego-publico-cresce-17-no-4-o-trimestre-e-atinge-maximos-desde-2011\/","og_site_name":"Portal Tela Portugal","article_published_time":"2026-02-13T18:12:00+00:00","author":"Telinha","twitter_card":"summary_large_image","twitter_misc":{"Escrito por":"Telinha","Tempo estimado de leitura":"1 minuto"},"schema":{"@context":"https:\/\/schema.org","@graph":[{"@type":"Article","@id":"https:\/\/portaltela.pt\/noticias\/2026\/02\/13\/emprego-publico-cresce-17-no-4-o-trimestre-e-atinge-maximos-desde-2011\/#article","isPartOf":{"@id":"https:\/\/portaltela.pt\/noticias\/2026\/02\/13\/emprego-publico-cresce-17-no-4-o-trimestre-e-atinge-maximos-desde-2011\/"},"author":{"name":"Telinha","@id":"https:\/\/portaltela.pt\/#\/schema\/person\/c4278d4a6028830caff9ee44b42d32ed"},"headline":"Emprego p\u00fablico cresce 1,7% no 4.\u00ba trimestre e atinge m\u00e1ximos desde 2011","datePublished":"2026-02-13T18:12:00+00:00","mainEntityOfPage":{"@id":"https:\/\/portaltela.pt\/noticias\/2026\/02\/13\/emprego-publico-cresce-17-no-4-o-trimestre-e-atinge-maximos-desde-2011\/"},"wordCount":207,"image":{"@id":"https:\/\/portaltela.pt\/noticias\/2026\/02\/13\/emprego-publico-cresce-17-no-4-o-trimestre-e-atinge-maximos-desde-2011\/#primaryimage"},"thumbnailUrl":"https:\/\/portaltela.pt\/s.01k8rhncp4jt1\/2026\/02\/CACHE_780X1200_ANALOG_WATERMARKED_13558047_1041176_27122019060202.jpg","keywords":["Administra\u00e7\u00e3o Central","Administra\u00e7\u00e3o Local","administra\u00e7\u00e3o p\u00fablica","emprego","gest\u00e3o p\u00fablica","setor p\u00fablico"],"articleSection":["Not\u00edcias"],"inLanguage":"pt-PT"},{"@type":"WebPage","@id":"https:\/\/portaltela.pt\/noticias\/2026\/02\/13\/emprego-publico-cresce-17-no-4-o-trimestre-e-atinge-maximos-desde-2011\/","url":"https:\/\/portaltela.pt\/noticias\/2026\/02\/13\/emprego-publico-cresce-17-no-4-o-trimestre-e-atinge-maximos-desde-2011\/","name":"Emprego p\u00fablico cresce 1,7% no 4.\u00ba trimestre e atinge m\u00e1ximos desde 2011 - Portal Tela Portugal","isPartOf":{"@id":"https:\/\/portaltela.pt\/#website"},"primaryImageOfPage":{"@id":"https:\/\/portaltela.pt\/noticias\/2026\/02\/13\/emprego-publico-cresce-17-no-4-o-trimestre-e-atinge-maximos-desde-2011\/#primaryimage"},"image":{"@id":"https:\/\/portaltela.pt\/noticias\/2026\/02\/13\/emprego-publico-cresce-17-no-4-o-trimestre-e-atinge-maximos-desde-2011\/#primaryimage"},"thumbnailUrl":"https:\/\/portaltela.pt\/s.01k8rhncp4jt1\/2026\/02\/CACHE_780X1200_ANALOG_WATERMARKED_13558047_1041176_27122019060202.jpg","datePublished":"2026-02-13T18:12:00+00:00","author":{"@id":"https:\/\/portaltela.pt\/#\/schema\/person\/c4278d4a6028830caff9ee44b42d32ed"},"breadcrumb":{"@id":"https:\/\/portaltela.pt\/noticias\/2026\/02\/13\/emprego-publico-cresce-17-no-4-o-trimestre-e-atinge-maximos-desde-2011\/#breadcrumb"},"inLanguage":"pt-PT","potentialAction":[{"@type":"ReadAction","target":["https:\/\/portaltela.pt\/noticias\/2026\/02\/13\/emprego-publico-cresce-17-no-4-o-trimestre-e-atinge-maximos-desde-2011\/"]}]},{"@type":"ImageObject","inLanguage":"pt-PT","@id":"https:\/\/portaltela.pt\/noticias\/2026\/02\/13\/emprego-publico-cresce-17-no-4-o-trimestre-e-atinge-maximos-desde-2011\/#primaryimage","url":"https:\/\/portaltela.pt\/s.01k8rhncp4jt1\/2026\/02\/CACHE_780X1200_ANALOG_WATERMARKED_13558047_1041176_27122019060202.jpg","contentUrl":"https:\/\/portaltela.pt\/s.01k8rhncp4jt1\/2026\/02\/CACHE_780X1200_ANALOG_WATERMARKED_13558047_1041176_27122019060202.jpg","width":796,"height":448,"caption":"Emprego p\u00fablico aumenta 1,7% no 4.\u00ba trimestre e renova m\u00e1ximos de 2011"},{"@type":"BreadcrumbList","@id":"https:\/\/portaltela.pt\/noticias\/2026\/02\/13\/emprego-publico-cresce-17-no-4-o-trimestre-e-atinge-maximos-desde-2011\/#breadcrumb","itemListElement":[{"@type":"ListItem","position":1,"name":"In\u00edcio","item":"https:\/\/portaltela.pt\/"},{"@type":"ListItem","position":2,"name":"Emprego p\u00fablico cresce 1,7% no 4.\u00ba trimestre e atinge m\u00e1ximos desde 2011"}]},{"@type":"WebSite","@id":"https:\/\/portaltela.pt\/#website","url":"https:\/\/portaltela.pt\/","name":"Portal Tela Portugal","description":"","potentialAction":[{"@type":"SearchAction","target":{"@type":"EntryPoint","urlTemplate":"https:\/\/portaltela.pt\/?s={search_term_string}"},"query-input":{"@type":"PropertyValueSpecification","valueRequired":true,"valueName":"search_term_string"}}],"inLanguage":"pt-PT"},{"@type":"Person","@id":"https:\/\/portaltela.pt\/#\/schema\/person\/c4278d4a6028830caff9ee44b42d32ed","name":"Telinha","image":{"@type":"ImageObject","inLanguage":"pt-PT","@id":"https:\/\/portaltela.pt\/s.01k8rhncp4jt1\/2025\/11\/talking-bot-125x125.png","url":"https:\/\/portaltela.pt\/s.01k8rhncp4jt1\/2025\/11\/talking-bot-125x125.png","contentUrl":"https:\/\/portaltela.pt\/s.01k8rhncp4jt1\/2025\/11\/talking-bot-125x125.png","caption":"Telinha"},"sameAs":["https:\/\/portaltela.pt\/"],"url":"https:\/\/portaltela.pt\/por\/367410592786\/"}]}},"_links":{"self":[{"href":"https:\/\/portaltela.pt\/api\/wp\/v2\/posts\/211659","targetHints":{"allow":["GET"]}}],"collection":[{"href":"https:\/\/portaltela.pt\/api\/wp\/v2\/posts"}],"about":[{"href":"https:\/\/portaltela.pt\/api\/wp\/v2\/types\/post"}],"author":[{"embeddable":true,"href":"https:\/\/portaltela.pt\/api\/wp\/v2\/users\/2"}],"replies":[{"embeddable":true,"href":"https:\/\/portaltela.pt\/api\/wp\/v2\/comments?post=211659"}],"version-history":[{"count":0,"href":"https:\/\/portaltela.pt\/api\/wp\/v2\/posts\/211659\/revisions"}],"wp:featuredmedia":[{"embeddable":true,"href":"https:\/\/portaltela.pt\/api\/wp\/v2\/media\/211661"}],"wp:attachment":[{"href":"https:\/\/portaltela.pt\/api\/wp\/v2\/media?parent=211659"}],"wp:term":[{"taxonomy":"category","embeddable":true,"href":"https:\/\/portaltela.pt\/api\/wp\/v2\/categories?post=211659"},{"taxonomy":"post_tag","embeddable":true,"href":"https:\/\/portaltela.pt\/api\/wp\/v2\/tags?post=211659"}],"curies":[{"name":"wp","href":"https:\/\/api.w.org\/{rel}","templated":true}]}}