{"id":211653,"date":"2026-02-13T17:30:00","date_gmt":"2026-02-13T20:30:00","guid":{"rendered":"https:\/\/portaltela.pt\/noticias\/2026\/02\/13\/corre-contra-o-tempo-para-salvar-o-que-se-pode-nos-formozinhos\/"},"modified":"2026-02-13T17:30:00","modified_gmt":"2026-02-13T20:30:00","slug":"corre-contra-o-tempo-para-salvar-o-que-se-pode-nos-formozinhos","status":"publish","type":"post","link":"https:\/\/portaltela.pt\/noticias\/2026\/02\/13\/corre-contra-o-tempo-para-salvar-o-que-se-pode-nos-formozinhos\/","title":{"rendered":"Corre contra o tempo para salvar o que se pode nos Formozinhos"},"content":{"rendered":"<p>Numa corrida contra o tempo, moradores da Azinhaga dos Formozinhos, em Almada, retiram bens para evitar que a terra deslize e leve parte da sua vida. O bairro fica junto \u00e0s arribas entre Monte da Caparica e Porto Brand\u00e3o, junto ao Tejo.<\/p>\n<p>Pelo terceiro dia consecutivo, fam\u00edlias, amigos e inquilinos juntam-se para transportar o que conseguem. Nesta az\u00e1fama, v\u00e1rios moradores ajudam-se mutuamente, apesar do peso emocional da situa\u00e7\u00e3o.<\/p>\n<p>Teresa Carvalho, que vive no bairro h\u00e1 48 anos, e o filho Carlos Carvalho s\u00e3o propriet\u00e1rios de v\u00e1rias casas arrendadas na zona. Em intermedi\u00e1rio entre o desespero e a esperan\u00e7a, descrevem a import\u00e2ncia de proteger quem depende deles.<\/p>\n<h3>Situa\u00e7\u00e3o no terreno e desloca\u00e7\u00f5es<\/h3>\n<p>A az\u00e1faga decorre num acesso de terra batida que desemboca num espa\u00e7o onde h\u00e1 autom\u00f3veis a descarregar bens. O ch\u00e3o j\u00e1 cede em algumas zonas, com movimentos de encosta vis\u00edveis a poucos metros de habita\u00e7\u00f5es.<\/p>\n<p>Alguns vizinhos permanecem \u00e0 espera de autoriza\u00e7\u00e3o para aceder ao bairro e resgatar pertences, enquanto familiares e inquilinos ficam sob vigil\u00e2ncia de autoridades locais. Moradores com mais de 70 anos pedem clareza sobre onde poder\u00e3o viver temporariamente.<\/p>\n<p>Maria J\u00falia, de 69 anos, est\u00e1 entre os que aguardam por uma solu\u00e7\u00e3o est\u00e1vel. O marido e o pai, de 91 anos, foram acolhidos pela autarquia de Almada no Inatel, na Costa da Caparica, mas enfrentam incerteza sobre o futuro.<\/p>\n<h3>Contexto regional e resposta oficial<\/h3>\n<p>Desde o in\u00edcio das tempestades, Almada regista v\u00e1rios deslizamentos de terras nas zonas costeiras. Em Porto Brand\u00e3o, cerca de 500 pessoas ficaram deslocadas; pelo menos 160 foram acolhidas pela autarquia.<\/p>\n<p>As depress\u00f5es Kristin, Leonardo e Marta causaram 16 mortos em Portugal e v\u00e1rias centenas de feridos, desalojados e estragos generalizados. As regi\u00f5es de Lisboa e do Centro continuam entre as mais afetadas.<\/p>\n<p>O Governo estendeu a situa\u00e7\u00e3o de calamidade at\u00e9 15 de mar\u00e7o para 68 concelhos e anunciou medidas de apoio que totalizam at\u00e9 2,5 mil milh\u00f5es de euros. As autoridades ressaltam a necessidade de proteger popula\u00e7\u00f5es vulner\u00e1veis e acelerar realojamentos.<\/p>\n","protected":false},"excerpt":{"rendered":"<ul>\n<li>Moradores da Azinhaga dos Formozinhos, em Almada, est\u00e3o numa corrida contra o tempo para salvar pertences, j\u00e1 que o ch\u00e3o desliza nas encostas junto ao Tejo.<\/li>\n<li>Durante o terceiro dia, fam\u00edlias ajudam\u2011se mutuamente para levar m\u00f3veis e bens, enquanto enfrentam o sofrimento pela destrui\u00e7\u00e3o da sua casa.<\/li>\n<li>Vizinhos e inquilinos aguardam autoriza\u00e7\u00e3o para descer ao bairro e retirar pertences; Maria J\u00falia e o marido, de 91 anos, encontram abrigo tempor\u00e1rio no Inatel, na Costa da Caparica.<\/li>\n<li>O concelho de Almada tem registado v\u00e1rios deslizamentos nas arribas da Costa da Caparica e de Porto Brand\u00e3o, com cerca de 500 pessoas deslocadas na zona; pelo menos 160 j\u00e1 foram acolhidas pela autarquia.<\/li>\n<li>O temporal j\u00e1 provocou dezasseis mortes em Portugal; o Governo prolongou a calamidade at\u00e9 ao dia 15 para 68 concelhos e anunciou medidas de apoio at\u00e9 2,5 mil milh\u00f5es de euros.<\/li>\n<\/ul>\n","protected":false},"author":2,"featured_media":211655,"comment_status":"closed","ping_status":"closed","sticky":false,"template":"","format":"standard","meta":{"footnotes":""},"categories":[1],"tags":[1373,4687,3735,4617,981,5413],"class_list":["post-211653","post","type-post","status-publish","format-standard","has-post-thumbnail","hentry","category-noticias","tag-almada","tag-calamidade-publica","tag-deslizamentos","tag-deslocados","tag-lisboa","tag-realojamentos"],"yoast_head":"<!-- This site is optimized with the Yoast SEO plugin v27.2 - https:\/\/yoast.com\/product\/yoast-seo-wordpress\/ -->\n<title>Corre contra o tempo para salvar o que se pode nos Formozinhos - Portal Tela Portugal<\/title>\n<meta name=\"robots\" content=\"index, follow, max-snippet:-1, max-image-preview:large, max-video-preview:-1\" \/>\n<meta property=\"og:locale\" content=\"pt_PT\" \/>\n<meta property=\"og:type\" content=\"article\" \/>\n<meta property=\"og:title\" content=\"Corre contra o tempo para salvar o que se pode nos Formozinhos - Portal Tela Portugal\" \/>\n<meta property=\"og:description\" content=\"Moradores da Azinhaga dos Formozinhos, em Almada, est\u00e3o numa corrida contra o tempo para salvar pertences, j\u00e1 que o ch\u00e3o desliza nas encostas junto ao Tejo. Durante o terceiro dia, fam\u00edlias ajudam\u2011se mutuamente para levar m\u00f3veis e bens, enquanto enfrentam o sofrimento pela destrui\u00e7\u00e3o da sua casa. Vizinhos e inquilinos aguardam autoriza\u00e7\u00e3o para descer ao bairro e retirar pertences; Maria J\u00falia e o marido, de 91 anos, encontram abrigo tempor\u00e1rio no Inatel, na Costa da Caparica. O concelho de Almada tem registado v\u00e1rios deslizamentos nas arribas da Costa da Caparica e de Porto Brand\u00e3o, com cerca de 500 pessoas deslocadas na zona; pelo menos 160 j\u00e1 foram acolhidas pela autarquia. O temporal j\u00e1 provocou dezasseis mortes em Portugal; o Governo prolongou a calamidade at\u00e9 ao dia 15 para 68 concelhos e anunciou medidas de apoio at\u00e9 2,5 mil milh\u00f5es de euros.\" \/>\n<meta property=\"og:url\" content=\"https:\/\/portaltela.pt\/noticias\/2026\/02\/13\/corre-contra-o-tempo-para-salvar-o-que-se-pode-nos-formozinhos\/\" \/>\n<meta property=\"og:site_name\" content=\"Portal Tela Portugal\" \/>\n<meta property=\"article:published_time\" content=\"2026-02-13T20:30:00+00:00\" \/>\n<meta name=\"author\" content=\"Telinha\" \/>\n<meta name=\"twitter:card\" content=\"summary_large_image\" \/>\n<meta name=\"twitter:label1\" content=\"Escrito por\" \/>\n\t<meta name=\"twitter:data1\" content=\"Telinha\" \/>\n\t<meta name=\"twitter:label2\" content=\"Tempo estimado de leitura\" \/>\n\t<meta name=\"twitter:data2\" content=\"2 minutos\" \/>\n<script type=\"application\/ld+json\" class=\"yoast-schema-graph\">{\"@context\":\"https:\/\/schema.org\",\"@graph\":[{\"@type\":\"Article\",\"@id\":\"https:\/\/portaltela.pt\/noticias\/2026\/02\/13\/corre-contra-o-tempo-para-salvar-o-que-se-pode-nos-formozinhos\/#article\",\"isPartOf\":{\"@id\":\"https:\/\/portaltela.pt\/noticias\/2026\/02\/13\/corre-contra-o-tempo-para-salvar-o-que-se-pode-nos-formozinhos\/\"},\"author\":{\"name\":\"Telinha\",\"@id\":\"https:\/\/portaltela.pt\/#\/schema\/person\/c4278d4a6028830caff9ee44b42d32ed\"},\"headline\":\"Corre contra o tempo para salvar o que se pode nos Formozinhos\",\"datePublished\":\"2026-02-13T20:30:00+00:00\",\"mainEntityOfPage\":{\"@id\":\"https:\/\/portaltela.pt\/noticias\/2026\/02\/13\/corre-contra-o-tempo-para-salvar-o-que-se-pode-nos-formozinhos\/\"},\"wordCount\":366,\"image\":{\"@id\":\"https:\/\/portaltela.pt\/noticias\/2026\/02\/13\/corre-contra-o-tempo-para-salvar-o-que-se-pode-nos-formozinhos\/#primaryimage\"},\"thumbnailUrl\":\"https:\/\/portaltela.pt\/s.01k8rhncp4jt1\/2026\/02\/image-1080.jpg\",\"keywords\":[\"Almada\",\"calamidade p\u00fablica\",\"deslizamentos\",\"deslocados\",\"Lisboa\",\"realojamentos\"],\"articleSection\":[\"Not\u00edcias\"],\"inLanguage\":\"pt-PT\"},{\"@type\":\"WebPage\",\"@id\":\"https:\/\/portaltela.pt\/noticias\/2026\/02\/13\/corre-contra-o-tempo-para-salvar-o-que-se-pode-nos-formozinhos\/\",\"url\":\"https:\/\/portaltela.pt\/noticias\/2026\/02\/13\/corre-contra-o-tempo-para-salvar-o-que-se-pode-nos-formozinhos\/\",\"name\":\"Corre contra o tempo para salvar o que se pode nos Formozinhos - Portal Tela Portugal\",\"isPartOf\":{\"@id\":\"https:\/\/portaltela.pt\/#website\"},\"primaryImageOfPage\":{\"@id\":\"https:\/\/portaltela.pt\/noticias\/2026\/02\/13\/corre-contra-o-tempo-para-salvar-o-que-se-pode-nos-formozinhos\/#primaryimage\"},\"image\":{\"@id\":\"https:\/\/portaltela.pt\/noticias\/2026\/02\/13\/corre-contra-o-tempo-para-salvar-o-que-se-pode-nos-formozinhos\/#primaryimage\"},\"thumbnailUrl\":\"https:\/\/portaltela.pt\/s.01k8rhncp4jt1\/2026\/02\/image-1080.jpg\",\"datePublished\":\"2026-02-13T20:30:00+00:00\",\"author\":{\"@id\":\"https:\/\/portaltela.pt\/#\/schema\/person\/c4278d4a6028830caff9ee44b42d32ed\"},\"breadcrumb\":{\"@id\":\"https:\/\/portaltela.pt\/noticias\/2026\/02\/13\/corre-contra-o-tempo-para-salvar-o-que-se-pode-nos-formozinhos\/#breadcrumb\"},\"inLanguage\":\"pt-PT\",\"potentialAction\":[{\"@type\":\"ReadAction\",\"target\":[\"https:\/\/portaltela.pt\/noticias\/2026\/02\/13\/corre-contra-o-tempo-para-salvar-o-que-se-pode-nos-formozinhos\/\"]}]},{\"@type\":\"ImageObject\",\"inLanguage\":\"pt-PT\",\"@id\":\"https:\/\/portaltela.pt\/noticias\/2026\/02\/13\/corre-contra-o-tempo-para-salvar-o-que-se-pode-nos-formozinhos\/#primaryimage\",\"url\":\"https:\/\/portaltela.pt\/s.01k8rhncp4jt1\/2026\/02\/image-1080.jpg\",\"contentUrl\":\"https:\/\/portaltela.pt\/s.01k8rhncp4jt1\/2026\/02\/image-1080.jpg\",\"width\":796,\"height\":448,\"caption\":\"Foto: Ant\u00f3nio Pedro Santos\/Lusa\"},{\"@type\":\"BreadcrumbList\",\"@id\":\"https:\/\/portaltela.pt\/noticias\/2026\/02\/13\/corre-contra-o-tempo-para-salvar-o-que-se-pode-nos-formozinhos\/#breadcrumb\",\"itemListElement\":[{\"@type\":\"ListItem\",\"position\":1,\"name\":\"In\u00edcio\",\"item\":\"https:\/\/portaltela.pt\/\"},{\"@type\":\"ListItem\",\"position\":2,\"name\":\"Corre contra o tempo para salvar o que se pode nos Formozinhos\"}]},{\"@type\":\"WebSite\",\"@id\":\"https:\/\/portaltela.pt\/#website\",\"url\":\"https:\/\/portaltela.pt\/\",\"name\":\"Portal Tela Portugal\",\"description\":\"\",\"potentialAction\":[{\"@type\":\"SearchAction\",\"target\":{\"@type\":\"EntryPoint\",\"urlTemplate\":\"https:\/\/portaltela.pt\/?s={search_term_string}\"},\"query-input\":{\"@type\":\"PropertyValueSpecification\",\"valueRequired\":true,\"valueName\":\"search_term_string\"}}],\"inLanguage\":\"pt-PT\"},{\"@type\":\"Person\",\"@id\":\"https:\/\/portaltela.pt\/#\/schema\/person\/c4278d4a6028830caff9ee44b42d32ed\",\"name\":\"Telinha\",\"image\":{\"@type\":\"ImageObject\",\"inLanguage\":\"pt-PT\",\"@id\":\"https:\/\/portaltela.pt\/s.01k8rhncp4jt1\/2025\/11\/talking-bot-125x125.png\",\"url\":\"https:\/\/portaltela.pt\/s.01k8rhncp4jt1\/2025\/11\/talking-bot-125x125.png\",\"contentUrl\":\"https:\/\/portaltela.pt\/s.01k8rhncp4jt1\/2025\/11\/talking-bot-125x125.png\",\"caption\":\"Telinha\"},\"sameAs\":[\"https:\/\/portaltela.pt\/\"],\"url\":\"https:\/\/portaltela.pt\/por\/367410592786\/\"}]}<\/script>\n<!-- \/ Yoast SEO plugin. -->","yoast_head_json":{"title":"Corre contra o tempo para salvar o que se pode nos Formozinhos - Portal Tela Portugal","robots":{"index":"index","follow":"follow","max-snippet":"max-snippet:-1","max-image-preview":"max-image-preview:large","max-video-preview":"max-video-preview:-1"},"og_locale":"pt_PT","og_type":"article","og_title":"Corre contra o tempo para salvar o que se pode nos Formozinhos - Portal Tela Portugal","og_description":"Moradores da Azinhaga dos Formozinhos, em Almada, est\u00e3o numa corrida contra o tempo para salvar pertences, j\u00e1 que o ch\u00e3o desliza nas encostas junto ao Tejo. Durante o terceiro dia, fam\u00edlias ajudam\u2011se mutuamente para levar m\u00f3veis e bens, enquanto enfrentam o sofrimento pela destrui\u00e7\u00e3o da sua casa. Vizinhos e inquilinos aguardam autoriza\u00e7\u00e3o para descer ao bairro e retirar pertences; Maria J\u00falia e o marido, de 91 anos, encontram abrigo tempor\u00e1rio no Inatel, na Costa da Caparica. O concelho de Almada tem registado v\u00e1rios deslizamentos nas arribas da Costa da Caparica e de Porto Brand\u00e3o, com cerca de 500 pessoas deslocadas na zona; pelo menos 160 j\u00e1 foram acolhidas pela autarquia. O temporal j\u00e1 provocou dezasseis mortes em Portugal; o Governo prolongou a calamidade at\u00e9 ao dia 15 para 68 concelhos e anunciou medidas de apoio at\u00e9 2,5 mil milh\u00f5es de euros.","og_url":"https:\/\/portaltela.pt\/noticias\/2026\/02\/13\/corre-contra-o-tempo-para-salvar-o-que-se-pode-nos-formozinhos\/","og_site_name":"Portal Tela Portugal","article_published_time":"2026-02-13T20:30:00+00:00","author":"Telinha","twitter_card":"summary_large_image","twitter_misc":{"Escrito por":"Telinha","Tempo estimado de leitura":"2 minutos"},"schema":{"@context":"https:\/\/schema.org","@graph":[{"@type":"Article","@id":"https:\/\/portaltela.pt\/noticias\/2026\/02\/13\/corre-contra-o-tempo-para-salvar-o-que-se-pode-nos-formozinhos\/#article","isPartOf":{"@id":"https:\/\/portaltela.pt\/noticias\/2026\/02\/13\/corre-contra-o-tempo-para-salvar-o-que-se-pode-nos-formozinhos\/"},"author":{"name":"Telinha","@id":"https:\/\/portaltela.pt\/#\/schema\/person\/c4278d4a6028830caff9ee44b42d32ed"},"headline":"Corre contra o tempo para salvar o que se pode nos Formozinhos","datePublished":"2026-02-13T20:30:00+00:00","mainEntityOfPage":{"@id":"https:\/\/portaltela.pt\/noticias\/2026\/02\/13\/corre-contra-o-tempo-para-salvar-o-que-se-pode-nos-formozinhos\/"},"wordCount":366,"image":{"@id":"https:\/\/portaltela.pt\/noticias\/2026\/02\/13\/corre-contra-o-tempo-para-salvar-o-que-se-pode-nos-formozinhos\/#primaryimage"},"thumbnailUrl":"https:\/\/portaltela.pt\/s.01k8rhncp4jt1\/2026\/02\/image-1080.jpg","keywords":["Almada","calamidade p\u00fablica","deslizamentos","deslocados","Lisboa","realojamentos"],"articleSection":["Not\u00edcias"],"inLanguage":"pt-PT"},{"@type":"WebPage","@id":"https:\/\/portaltela.pt\/noticias\/2026\/02\/13\/corre-contra-o-tempo-para-salvar-o-que-se-pode-nos-formozinhos\/","url":"https:\/\/portaltela.pt\/noticias\/2026\/02\/13\/corre-contra-o-tempo-para-salvar-o-que-se-pode-nos-formozinhos\/","name":"Corre contra o tempo para salvar o que se pode nos Formozinhos - Portal Tela Portugal","isPartOf":{"@id":"https:\/\/portaltela.pt\/#website"},"primaryImageOfPage":{"@id":"https:\/\/portaltela.pt\/noticias\/2026\/02\/13\/corre-contra-o-tempo-para-salvar-o-que-se-pode-nos-formozinhos\/#primaryimage"},"image":{"@id":"https:\/\/portaltela.pt\/noticias\/2026\/02\/13\/corre-contra-o-tempo-para-salvar-o-que-se-pode-nos-formozinhos\/#primaryimage"},"thumbnailUrl":"https:\/\/portaltela.pt\/s.01k8rhncp4jt1\/2026\/02\/image-1080.jpg","datePublished":"2026-02-13T20:30:00+00:00","author":{"@id":"https:\/\/portaltela.pt\/#\/schema\/person\/c4278d4a6028830caff9ee44b42d32ed"},"breadcrumb":{"@id":"https:\/\/portaltela.pt\/noticias\/2026\/02\/13\/corre-contra-o-tempo-para-salvar-o-que-se-pode-nos-formozinhos\/#breadcrumb"},"inLanguage":"pt-PT","potentialAction":[{"@type":"ReadAction","target":["https:\/\/portaltela.pt\/noticias\/2026\/02\/13\/corre-contra-o-tempo-para-salvar-o-que-se-pode-nos-formozinhos\/"]}]},{"@type":"ImageObject","inLanguage":"pt-PT","@id":"https:\/\/portaltela.pt\/noticias\/2026\/02\/13\/corre-contra-o-tempo-para-salvar-o-que-se-pode-nos-formozinhos\/#primaryimage","url":"https:\/\/portaltela.pt\/s.01k8rhncp4jt1\/2026\/02\/image-1080.jpg","contentUrl":"https:\/\/portaltela.pt\/s.01k8rhncp4jt1\/2026\/02\/image-1080.jpg","width":796,"height":448,"caption":"Foto: Ant\u00f3nio Pedro Santos\/Lusa"},{"@type":"BreadcrumbList","@id":"https:\/\/portaltela.pt\/noticias\/2026\/02\/13\/corre-contra-o-tempo-para-salvar-o-que-se-pode-nos-formozinhos\/#breadcrumb","itemListElement":[{"@type":"ListItem","position":1,"name":"In\u00edcio","item":"https:\/\/portaltela.pt\/"},{"@type":"ListItem","position":2,"name":"Corre contra o tempo para salvar o que se pode nos Formozinhos"}]},{"@type":"WebSite","@id":"https:\/\/portaltela.pt\/#website","url":"https:\/\/portaltela.pt\/","name":"Portal Tela Portugal","description":"","potentialAction":[{"@type":"SearchAction","target":{"@type":"EntryPoint","urlTemplate":"https:\/\/portaltela.pt\/?s={search_term_string}"},"query-input":{"@type":"PropertyValueSpecification","valueRequired":true,"valueName":"search_term_string"}}],"inLanguage":"pt-PT"},{"@type":"Person","@id":"https:\/\/portaltela.pt\/#\/schema\/person\/c4278d4a6028830caff9ee44b42d32ed","name":"Telinha","image":{"@type":"ImageObject","inLanguage":"pt-PT","@id":"https:\/\/portaltela.pt\/s.01k8rhncp4jt1\/2025\/11\/talking-bot-125x125.png","url":"https:\/\/portaltela.pt\/s.01k8rhncp4jt1\/2025\/11\/talking-bot-125x125.png","contentUrl":"https:\/\/portaltela.pt\/s.01k8rhncp4jt1\/2025\/11\/talking-bot-125x125.png","caption":"Telinha"},"sameAs":["https:\/\/portaltela.pt\/"],"url":"https:\/\/portaltela.pt\/por\/367410592786\/"}]}},"_links":{"self":[{"href":"https:\/\/portaltela.pt\/api\/wp\/v2\/posts\/211653","targetHints":{"allow":["GET"]}}],"collection":[{"href":"https:\/\/portaltela.pt\/api\/wp\/v2\/posts"}],"about":[{"href":"https:\/\/portaltela.pt\/api\/wp\/v2\/types\/post"}],"author":[{"embeddable":true,"href":"https:\/\/portaltela.pt\/api\/wp\/v2\/users\/2"}],"replies":[{"embeddable":true,"href":"https:\/\/portaltela.pt\/api\/wp\/v2\/comments?post=211653"}],"version-history":[{"count":0,"href":"https:\/\/portaltela.pt\/api\/wp\/v2\/posts\/211653\/revisions"}],"wp:featuredmedia":[{"embeddable":true,"href":"https:\/\/portaltela.pt\/api\/wp\/v2\/media\/211655"}],"wp:attachment":[{"href":"https:\/\/portaltela.pt\/api\/wp\/v2\/media?parent=211653"}],"wp:term":[{"taxonomy":"category","embeddable":true,"href":"https:\/\/portaltela.pt\/api\/wp\/v2\/categories?post=211653"},{"taxonomy":"post_tag","embeddable":true,"href":"https:\/\/portaltela.pt\/api\/wp\/v2\/tags?post=211653"}],"curies":[{"name":"wp","href":"https:\/\/api.w.org\/{rel}","templated":true}]}}