{"id":211643,"date":"2026-02-13T17:15:00","date_gmt":"2026-02-13T20:15:00","guid":{"rendered":"https:\/\/portaltela.pt\/noticias\/2026\/02\/13\/enfermeiro-demite-se-do-cargo-de-coordenador-da-estrutura-de-energias-renovaveis-3\/"},"modified":"2026-02-13T17:15:00","modified_gmt":"2026-02-13T20:15:00","slug":"enfermeiro-demite-se-do-cargo-de-coordenador-da-estrutura-de-energias-renovaveis-3","status":"publish","type":"post","link":"https:\/\/portaltela.pt\/noticias\/politica\/2026\/02\/13\/enfermeiro-demite-se-do-cargo-de-coordenador-da-estrutura-de-energias-renovaveis-3\/","title":{"rendered":"Enfermeiro demite-se do cargo de coordenador da estrutura de energias renov\u00e1veis"},"content":{"rendered":"<p>F\u00e1bio Teixeira, enfermeiro de forma\u00e7\u00e3o, demitiu-se do cargo de coordenador da Estrutura de Miss\u00e3o para o Licenciamento de Projectos de Energias Renov\u00e1veis (EMER), menos de uma semana ap\u00f3s a nomea\u00e7\u00e3o. A decis\u00e3o foi aceite pelo presidente da estrutura.<\/p>\n<p>A nomea\u00e7\u00e3o, conhecida esta semana, gerou pol\u00e9mica por a pessoa escolhida n\u00e3o possuir experi\u00eancia profissional relevante em ambiente, sustentabilidade ou energias renov\u00e1veis. A EMER tem como miss\u00e3o acelerar o licenciamento de projetos no PRR.<\/p>\n<p>Manuel Nina, presidente da EMER, confirmou a exonera\u00e7\u00e3o e agradeceu a disponibilidade de Teixeira para o cargo, desejando sucesso nas suas fun\u00e7\u00f5es futuras. A nota p\u00fablica n\u00e3o detalha as raz\u00f5es da decis\u00e3o.<\/p>\n<p>A EMER foi criada em mar\u00e7o de 2024 para facilitar os processos de licenciamento de projetos renov\u00e1veis inscritos no PRR. O Governo mant\u00e9m que a estrutura est\u00e1 a trabalhar a full, com prazos e metas em curso para 2026.<\/p>\n<p>O Minist\u00e9rio do Ambiente e Energia explica que o presidente da EMER come\u00e7ou fun\u00e7\u00f5es em janeiro de 2026 e que a gest\u00e3o interna, incluindo o refor\u00e7o de equipas, \u00e9 da sua exclusiva responsabilidade. Os trabalhos continuam numa fase adiantada.<\/p>\n<p>Entre os projetos em curso, destacam-se o balc\u00e3o \u00fanico de licenciamento e o estudo de transposi\u00e7\u00e3o da diretiva RED III, bem como o desenvolvimento de ferramentas de apoio ao licenciamento municipal.<\/p>\n","protected":false},"excerpt":{"rendered":"<ul>\n<li>F\u00e1bio Alves Teixeira demitiu-se do cargo de Coordenador da Estrutura de Miss\u00e3o para o Licenciamento de Projectos de Energias Renov\u00e1veis (EMER), menos de uma semana ap\u00f3s a nomea\u00e7\u00e3o.<\/li>\n<li>O pedido de exonera\u00e7\u00e3o foi aceite pelo presidente da EMER, Manuel Nina, que agradeceu a disponibilidade do ex-coordenador.<\/li>\n<li>A nomea\u00e7\u00e3o gerou pol\u00e9mica por o respons\u00e1vel n\u00e3o ter experi\u00eancia profissional nas \u00e1reas de ambiente, sustentabilidade ou energias renov\u00e1veis.<\/li>\n<li>O hist\u00f3rico de Teixeira inclui licenciatura em Enfermagem (Escola Superior de Enfermagem do Porto, 2018), p\u00f3s-gradua\u00e7\u00e3o em Gest\u00e3o de Projectos (Porto Business School) e certifica\u00e7\u00f5es PMP e CSPO.<\/li>\n<li>A EMER, criada em mar\u00e7o de 2024, visa acelerar projetos de energias renov\u00e1veis no \u00e2mbito do Plano de Recupera\u00e7\u00e3o e Resili\u00eancia; a gest\u00e3o interna da estrutura continua sob a al\u00e7ada do presidente, com projetos j\u00e1 em curso, como o balc\u00e3o \u00fanico de licenciamento e estudos de transposi\u00e7\u00e3o da diretiva RED III.<\/li>\n<\/ul>\n","protected":false},"author":2,"featured_media":211646,"comment_status":"closed","ping_status":"closed","sticky":false,"template":"","format":"standard","meta":{"footnotes":""},"categories":[1,5],"tags":[4847,167,174,3603,34,229],"class_list":["post-211643","post","type-post","status-publish","format-standard","has-post-thumbnail","hentry","category-noticias","category-politica","tag-administracao-central","tag-ambiente","tag-energia","tag-energias-renovaveis","tag-governo","tag-politica-publica"],"yoast_head":"<!-- This site is optimized with the Yoast SEO plugin v27.2 - https:\/\/yoast.com\/product\/yoast-seo-wordpress\/ -->\n<title>Enfermeiro demite-se do cargo de coordenador da estrutura de energias renov\u00e1veis - Portal Tela Portugal<\/title>\n<meta name=\"robots\" content=\"index, follow, max-snippet:-1, max-image-preview:large, max-video-preview:-1\" \/>\n<meta property=\"og:locale\" content=\"pt_PT\" \/>\n<meta property=\"og:type\" content=\"article\" \/>\n<meta property=\"og:title\" content=\"Enfermeiro demite-se do cargo de coordenador da estrutura de energias renov\u00e1veis - Portal Tela Portugal\" \/>\n<meta property=\"og:description\" content=\"F\u00e1bio Alves Teixeira demitiu-se do cargo de Coordenador da Estrutura de Miss\u00e3o para o Licenciamento de Projectos de Energias Renov\u00e1veis (EMER), menos de uma semana ap\u00f3s a nomea\u00e7\u00e3o. O pedido de exonera\u00e7\u00e3o foi aceite pelo presidente da EMER, Manuel Nina, que agradeceu a disponibilidade do ex-coordenador. A nomea\u00e7\u00e3o gerou pol\u00e9mica por o respons\u00e1vel n\u00e3o ter experi\u00eancia profissional nas \u00e1reas de ambiente, sustentabilidade ou energias renov\u00e1veis. O hist\u00f3rico de Teixeira inclui licenciatura em Enfermagem (Escola Superior de Enfermagem do Porto, 2018), p\u00f3s-gradua\u00e7\u00e3o em Gest\u00e3o de Projectos (Porto Business School) e certifica\u00e7\u00f5es PMP e CSPO. A EMER, criada em mar\u00e7o de 2024, visa acelerar projetos de energias renov\u00e1veis no \u00e2mbito do Plano de Recupera\u00e7\u00e3o e Resili\u00eancia; a gest\u00e3o interna da estrutura continua sob a al\u00e7ada do presidente, com projetos j\u00e1 em curso, como o balc\u00e3o \u00fanico de licenciamento e estudos de transposi\u00e7\u00e3o da diretiva RED III.\" \/>\n<meta property=\"og:url\" content=\"https:\/\/portaltela.pt\/noticias\/2026\/02\/13\/enfermeiro-demite-se-do-cargo-de-coordenador-da-estrutura-de-energias-renovaveis-3\/\" \/>\n<meta property=\"og:site_name\" content=\"Portal Tela Portugal\" \/>\n<meta property=\"article:published_time\" content=\"2026-02-13T20:15:00+00:00\" \/>\n<meta name=\"author\" content=\"Telinha\" \/>\n<meta name=\"twitter:card\" content=\"summary_large_image\" \/>\n<meta name=\"twitter:label1\" content=\"Escrito por\" \/>\n\t<meta name=\"twitter:data1\" content=\"Telinha\" \/>\n\t<meta name=\"twitter:label2\" content=\"Tempo estimado de leitura\" \/>\n\t<meta name=\"twitter:data2\" content=\"1 minuto\" \/>\n<script type=\"application\/ld+json\" class=\"yoast-schema-graph\">{\"@context\":\"https:\/\/schema.org\",\"@graph\":[{\"@type\":\"Article\",\"@id\":\"https:\/\/portaltela.pt\/noticias\/2026\/02\/13\/enfermeiro-demite-se-do-cargo-de-coordenador-da-estrutura-de-energias-renovaveis-3\/#article\",\"isPartOf\":{\"@id\":\"https:\/\/portaltela.pt\/noticias\/2026\/02\/13\/enfermeiro-demite-se-do-cargo-de-coordenador-da-estrutura-de-energias-renovaveis-3\/\"},\"author\":{\"name\":\"Telinha\",\"@id\":\"https:\/\/portaltela.pt\/#\/schema\/person\/c4278d4a6028830caff9ee44b42d32ed\"},\"headline\":\"Enfermeiro demite-se do cargo de coordenador da estrutura de energias renov\u00e1veis\",\"datePublished\":\"2026-02-13T20:15:00+00:00\",\"mainEntityOfPage\":{\"@id\":\"https:\/\/portaltela.pt\/noticias\/2026\/02\/13\/enfermeiro-demite-se-do-cargo-de-coordenador-da-estrutura-de-energias-renovaveis-3\/\"},\"wordCount\":250,\"image\":{\"@id\":\"https:\/\/portaltela.pt\/noticias\/2026\/02\/13\/enfermeiro-demite-se-do-cargo-de-coordenador-da-estrutura-de-energias-renovaveis-3\/#primaryimage\"},\"thumbnailUrl\":\"https:\/\/portaltela.pt\/s.01k8rhncp4jt1\/2026\/02\/2067158.jpg\",\"keywords\":[\"Administra\u00e7\u00e3o Central\",\"ambiente\",\"energia\",\"energias renov\u00e1veis\",\"governo\",\"pol\u00edtica p\u00fablica\"],\"articleSection\":[\"Not\u00edcias\",\"Pol\u00edtica\"],\"inLanguage\":\"pt-PT\"},{\"@type\":\"WebPage\",\"@id\":\"https:\/\/portaltela.pt\/noticias\/2026\/02\/13\/enfermeiro-demite-se-do-cargo-de-coordenador-da-estrutura-de-energias-renovaveis-3\/\",\"url\":\"https:\/\/portaltela.pt\/noticias\/2026\/02\/13\/enfermeiro-demite-se-do-cargo-de-coordenador-da-estrutura-de-energias-renovaveis-3\/\",\"name\":\"Enfermeiro demite-se do cargo de coordenador da estrutura de energias renov\u00e1veis - Portal Tela Portugal\",\"isPartOf\":{\"@id\":\"https:\/\/portaltela.pt\/#website\"},\"primaryImageOfPage\":{\"@id\":\"https:\/\/portaltela.pt\/noticias\/2026\/02\/13\/enfermeiro-demite-se-do-cargo-de-coordenador-da-estrutura-de-energias-renovaveis-3\/#primaryimage\"},\"image\":{\"@id\":\"https:\/\/portaltela.pt\/noticias\/2026\/02\/13\/enfermeiro-demite-se-do-cargo-de-coordenador-da-estrutura-de-energias-renovaveis-3\/#primaryimage\"},\"thumbnailUrl\":\"https:\/\/portaltela.pt\/s.01k8rhncp4jt1\/2026\/02\/2067158.jpg\",\"datePublished\":\"2026-02-13T20:15:00+00:00\",\"author\":{\"@id\":\"https:\/\/portaltela.pt\/#\/schema\/person\/c4278d4a6028830caff9ee44b42d32ed\"},\"breadcrumb\":{\"@id\":\"https:\/\/portaltela.pt\/noticias\/2026\/02\/13\/enfermeiro-demite-se-do-cargo-de-coordenador-da-estrutura-de-energias-renovaveis-3\/#breadcrumb\"},\"inLanguage\":\"pt-PT\",\"potentialAction\":[{\"@type\":\"ReadAction\",\"target\":[\"https:\/\/portaltela.pt\/noticias\/2026\/02\/13\/enfermeiro-demite-se-do-cargo-de-coordenador-da-estrutura-de-energias-renovaveis-3\/\"]}]},{\"@type\":\"ImageObject\",\"inLanguage\":\"pt-PT\",\"@id\":\"https:\/\/portaltela.pt\/noticias\/2026\/02\/13\/enfermeiro-demite-se-do-cargo-de-coordenador-da-estrutura-de-energias-renovaveis-3\/#primaryimage\",\"url\":\"https:\/\/portaltela.pt\/s.01k8rhncp4jt1\/2026\/02\/2067158.jpg\",\"contentUrl\":\"https:\/\/portaltela.pt\/s.01k8rhncp4jt1\/2026\/02\/2067158.jpg\",\"width\":796,\"height\":448,\"caption\":\"A EMER, criada em Mar\u00e7o de 2024, tem como miss\u00e3o agilizar os processos de concretiza\u00e7\u00e3o dos projectos de energias renov\u00e1veis inscritos no Plano de Recupera\u00e7\u00e3o e Resili\u00eancia\"},{\"@type\":\"BreadcrumbList\",\"@id\":\"https:\/\/portaltela.pt\/noticias\/2026\/02\/13\/enfermeiro-demite-se-do-cargo-de-coordenador-da-estrutura-de-energias-renovaveis-3\/#breadcrumb\",\"itemListElement\":[{\"@type\":\"ListItem\",\"position\":1,\"name\":\"In\u00edcio\",\"item\":\"https:\/\/portaltela.pt\/\"},{\"@type\":\"ListItem\",\"position\":2,\"name\":\"Enfermeiro demite-se do cargo de coordenador da estrutura de energias renov\u00e1veis\"}]},{\"@type\":\"WebSite\",\"@id\":\"https:\/\/portaltela.pt\/#website\",\"url\":\"https:\/\/portaltela.pt\/\",\"name\":\"Portal Tela Portugal\",\"description\":\"\",\"potentialAction\":[{\"@type\":\"SearchAction\",\"target\":{\"@type\":\"EntryPoint\",\"urlTemplate\":\"https:\/\/portaltela.pt\/?s={search_term_string}\"},\"query-input\":{\"@type\":\"PropertyValueSpecification\",\"valueRequired\":true,\"valueName\":\"search_term_string\"}}],\"inLanguage\":\"pt-PT\"},{\"@type\":\"Person\",\"@id\":\"https:\/\/portaltela.pt\/#\/schema\/person\/c4278d4a6028830caff9ee44b42d32ed\",\"name\":\"Telinha\",\"image\":{\"@type\":\"ImageObject\",\"inLanguage\":\"pt-PT\",\"@id\":\"https:\/\/portaltela.pt\/s.01k8rhncp4jt1\/2025\/11\/talking-bot-125x125.png\",\"url\":\"https:\/\/portaltela.pt\/s.01k8rhncp4jt1\/2025\/11\/talking-bot-125x125.png\",\"contentUrl\":\"https:\/\/portaltela.pt\/s.01k8rhncp4jt1\/2025\/11\/talking-bot-125x125.png\",\"caption\":\"Telinha\"},\"sameAs\":[\"https:\/\/portaltela.pt\/\"],\"url\":\"https:\/\/portaltela.pt\/por\/367410592786\/\"}]}<\/script>\n<!-- \/ Yoast SEO plugin. -->","yoast_head_json":{"title":"Enfermeiro demite-se do cargo de coordenador da estrutura de energias renov\u00e1veis - Portal Tela Portugal","robots":{"index":"index","follow":"follow","max-snippet":"max-snippet:-1","max-image-preview":"max-image-preview:large","max-video-preview":"max-video-preview:-1"},"og_locale":"pt_PT","og_type":"article","og_title":"Enfermeiro demite-se do cargo de coordenador da estrutura de energias renov\u00e1veis - Portal Tela Portugal","og_description":"F\u00e1bio Alves Teixeira demitiu-se do cargo de Coordenador da Estrutura de Miss\u00e3o para o Licenciamento de Projectos de Energias Renov\u00e1veis (EMER), menos de uma semana ap\u00f3s a nomea\u00e7\u00e3o. O pedido de exonera\u00e7\u00e3o foi aceite pelo presidente da EMER, Manuel Nina, que agradeceu a disponibilidade do ex-coordenador. A nomea\u00e7\u00e3o gerou pol\u00e9mica por o respons\u00e1vel n\u00e3o ter experi\u00eancia profissional nas \u00e1reas de ambiente, sustentabilidade ou energias renov\u00e1veis. O hist\u00f3rico de Teixeira inclui licenciatura em Enfermagem (Escola Superior de Enfermagem do Porto, 2018), p\u00f3s-gradua\u00e7\u00e3o em Gest\u00e3o de Projectos (Porto Business School) e certifica\u00e7\u00f5es PMP e CSPO. A EMER, criada em mar\u00e7o de 2024, visa acelerar projetos de energias renov\u00e1veis no \u00e2mbito do Plano de Recupera\u00e7\u00e3o e Resili\u00eancia; a gest\u00e3o interna da estrutura continua sob a al\u00e7ada do presidente, com projetos j\u00e1 em curso, como o balc\u00e3o \u00fanico de licenciamento e estudos de transposi\u00e7\u00e3o da diretiva RED III.","og_url":"https:\/\/portaltela.pt\/noticias\/2026\/02\/13\/enfermeiro-demite-se-do-cargo-de-coordenador-da-estrutura-de-energias-renovaveis-3\/","og_site_name":"Portal Tela Portugal","article_published_time":"2026-02-13T20:15:00+00:00","author":"Telinha","twitter_card":"summary_large_image","twitter_misc":{"Escrito por":"Telinha","Tempo estimado de leitura":"1 minuto"},"schema":{"@context":"https:\/\/schema.org","@graph":[{"@type":"Article","@id":"https:\/\/portaltela.pt\/noticias\/2026\/02\/13\/enfermeiro-demite-se-do-cargo-de-coordenador-da-estrutura-de-energias-renovaveis-3\/#article","isPartOf":{"@id":"https:\/\/portaltela.pt\/noticias\/2026\/02\/13\/enfermeiro-demite-se-do-cargo-de-coordenador-da-estrutura-de-energias-renovaveis-3\/"},"author":{"name":"Telinha","@id":"https:\/\/portaltela.pt\/#\/schema\/person\/c4278d4a6028830caff9ee44b42d32ed"},"headline":"Enfermeiro demite-se do cargo de coordenador da estrutura de energias renov\u00e1veis","datePublished":"2026-02-13T20:15:00+00:00","mainEntityOfPage":{"@id":"https:\/\/portaltela.pt\/noticias\/2026\/02\/13\/enfermeiro-demite-se-do-cargo-de-coordenador-da-estrutura-de-energias-renovaveis-3\/"},"wordCount":250,"image":{"@id":"https:\/\/portaltela.pt\/noticias\/2026\/02\/13\/enfermeiro-demite-se-do-cargo-de-coordenador-da-estrutura-de-energias-renovaveis-3\/#primaryimage"},"thumbnailUrl":"https:\/\/portaltela.pt\/s.01k8rhncp4jt1\/2026\/02\/2067158.jpg","keywords":["Administra\u00e7\u00e3o Central","ambiente","energia","energias renov\u00e1veis","governo","pol\u00edtica p\u00fablica"],"articleSection":["Not\u00edcias","Pol\u00edtica"],"inLanguage":"pt-PT"},{"@type":"WebPage","@id":"https:\/\/portaltela.pt\/noticias\/2026\/02\/13\/enfermeiro-demite-se-do-cargo-de-coordenador-da-estrutura-de-energias-renovaveis-3\/","url":"https:\/\/portaltela.pt\/noticias\/2026\/02\/13\/enfermeiro-demite-se-do-cargo-de-coordenador-da-estrutura-de-energias-renovaveis-3\/","name":"Enfermeiro demite-se do cargo de coordenador da estrutura de energias renov\u00e1veis - Portal Tela Portugal","isPartOf":{"@id":"https:\/\/portaltela.pt\/#website"},"primaryImageOfPage":{"@id":"https:\/\/portaltela.pt\/noticias\/2026\/02\/13\/enfermeiro-demite-se-do-cargo-de-coordenador-da-estrutura-de-energias-renovaveis-3\/#primaryimage"},"image":{"@id":"https:\/\/portaltela.pt\/noticias\/2026\/02\/13\/enfermeiro-demite-se-do-cargo-de-coordenador-da-estrutura-de-energias-renovaveis-3\/#primaryimage"},"thumbnailUrl":"https:\/\/portaltela.pt\/s.01k8rhncp4jt1\/2026\/02\/2067158.jpg","datePublished":"2026-02-13T20:15:00+00:00","author":{"@id":"https:\/\/portaltela.pt\/#\/schema\/person\/c4278d4a6028830caff9ee44b42d32ed"},"breadcrumb":{"@id":"https:\/\/portaltela.pt\/noticias\/2026\/02\/13\/enfermeiro-demite-se-do-cargo-de-coordenador-da-estrutura-de-energias-renovaveis-3\/#breadcrumb"},"inLanguage":"pt-PT","potentialAction":[{"@type":"ReadAction","target":["https:\/\/portaltela.pt\/noticias\/2026\/02\/13\/enfermeiro-demite-se-do-cargo-de-coordenador-da-estrutura-de-energias-renovaveis-3\/"]}]},{"@type":"ImageObject","inLanguage":"pt-PT","@id":"https:\/\/portaltela.pt\/noticias\/2026\/02\/13\/enfermeiro-demite-se-do-cargo-de-coordenador-da-estrutura-de-energias-renovaveis-3\/#primaryimage","url":"https:\/\/portaltela.pt\/s.01k8rhncp4jt1\/2026\/02\/2067158.jpg","contentUrl":"https:\/\/portaltela.pt\/s.01k8rhncp4jt1\/2026\/02\/2067158.jpg","width":796,"height":448,"caption":"A EMER, criada em Mar\u00e7o de 2024, tem como miss\u00e3o agilizar os processos de concretiza\u00e7\u00e3o dos projectos de energias renov\u00e1veis inscritos no Plano de Recupera\u00e7\u00e3o e Resili\u00eancia"},{"@type":"BreadcrumbList","@id":"https:\/\/portaltela.pt\/noticias\/2026\/02\/13\/enfermeiro-demite-se-do-cargo-de-coordenador-da-estrutura-de-energias-renovaveis-3\/#breadcrumb","itemListElement":[{"@type":"ListItem","position":1,"name":"In\u00edcio","item":"https:\/\/portaltela.pt\/"},{"@type":"ListItem","position":2,"name":"Enfermeiro demite-se do cargo de coordenador da estrutura de energias renov\u00e1veis"}]},{"@type":"WebSite","@id":"https:\/\/portaltela.pt\/#website","url":"https:\/\/portaltela.pt\/","name":"Portal Tela Portugal","description":"","potentialAction":[{"@type":"SearchAction","target":{"@type":"EntryPoint","urlTemplate":"https:\/\/portaltela.pt\/?s={search_term_string}"},"query-input":{"@type":"PropertyValueSpecification","valueRequired":true,"valueName":"search_term_string"}}],"inLanguage":"pt-PT"},{"@type":"Person","@id":"https:\/\/portaltela.pt\/#\/schema\/person\/c4278d4a6028830caff9ee44b42d32ed","name":"Telinha","image":{"@type":"ImageObject","inLanguage":"pt-PT","@id":"https:\/\/portaltela.pt\/s.01k8rhncp4jt1\/2025\/11\/talking-bot-125x125.png","url":"https:\/\/portaltela.pt\/s.01k8rhncp4jt1\/2025\/11\/talking-bot-125x125.png","contentUrl":"https:\/\/portaltela.pt\/s.01k8rhncp4jt1\/2025\/11\/talking-bot-125x125.png","caption":"Telinha"},"sameAs":["https:\/\/portaltela.pt\/"],"url":"https:\/\/portaltela.pt\/por\/367410592786\/"}]}},"_links":{"self":[{"href":"https:\/\/portaltela.pt\/api\/wp\/v2\/posts\/211643","targetHints":{"allow":["GET"]}}],"collection":[{"href":"https:\/\/portaltela.pt\/api\/wp\/v2\/posts"}],"about":[{"href":"https:\/\/portaltela.pt\/api\/wp\/v2\/types\/post"}],"author":[{"embeddable":true,"href":"https:\/\/portaltela.pt\/api\/wp\/v2\/users\/2"}],"replies":[{"embeddable":true,"href":"https:\/\/portaltela.pt\/api\/wp\/v2\/comments?post=211643"}],"version-history":[{"count":0,"href":"https:\/\/portaltela.pt\/api\/wp\/v2\/posts\/211643\/revisions"}],"wp:featuredmedia":[{"embeddable":true,"href":"https:\/\/portaltela.pt\/api\/wp\/v2\/media\/211646"}],"wp:attachment":[{"href":"https:\/\/portaltela.pt\/api\/wp\/v2\/media?parent=211643"}],"wp:term":[{"taxonomy":"category","embeddable":true,"href":"https:\/\/portaltela.pt\/api\/wp\/v2\/categories?post=211643"},{"taxonomy":"post_tag","embeddable":true,"href":"https:\/\/portaltela.pt\/api\/wp\/v2\/tags?post=211643"}],"curies":[{"name":"wp","href":"https:\/\/api.w.org\/{rel}","templated":true}]}}