{"id":211607,"date":"2026-02-13T17:10:56","date_gmt":"2026-02-13T20:10:56","guid":{"rendered":"https:\/\/portaltela.pt\/noticias\/2026\/02\/13\/gastao-elias-e-joao-domingues-eliminados-em-vila-real-de-santo-antonio\/"},"modified":"2026-02-13T17:10:56","modified_gmt":"2026-02-13T20:10:56","slug":"gastao-elias-e-joao-domingues-eliminados-em-vila-real-de-santo-antonio","status":"publish","type":"post","link":"https:\/\/portaltela.pt\/desporto\/2026\/02\/13\/gastao-elias-e-joao-domingues-eliminados-em-vila-real-de-santo-antonio\/","title":{"rendered":"Gast\u00e3o Elias e Jo\u00e3o Domingues eliminados em Vila Real de Santo Ant\u00f3nio"},"content":{"rendered":"<p>Gast\u00e3o Elias e Jo\u00e3o Domingues foram eliminados nos quartos de final do 7.\u00ba Open Internacional de T\u00e9nis de Vila Real de Santo Ant\u00f3nio, numa sexta-feira marcada pelo mau tempo. O torneio, da categoria M25 no ITF World Tennis Tour, decorre no Algarve, com as rondas finais previstas para s\u00e1bado, se as condi\u00e7\u00f5es permitirem.<\/p>\n<p>Domingues, o \u00fanico n\u00e3o cabe\u00e7a de s\u00e9rie a alcan\u00e7ar os quartos, perdeu diante do brit\u00e2nico Liam Broady por 6-3, 6-4, em 1h53, com tr\u00eas interrup\u00e7\u00f5es de chuva a atrasar o encontro. Elias, cabe\u00e7a de s\u00e9rie n.\u00ba5, foi eliminado pelo belga Gauthier Onclin, por 6-2, 6-0, em 1h21. O evento registou ventos fortes, chuva e temperaturas mais baixas, o que complicou o jogo para os participantes.<\/p>\n<p>No quadro de quartos de final, o japon\u00eas Kaichi Uchida, cabe\u00e7a de s\u00e9rie n.\u00ba1, foi derrotado pelo colombiano Adri\u00e0 Soriano Barrera, por 7-6 (7\/4) e 6-4. O brit\u00e2nico Max Basing, n.\u00ba4, venceu o sueco Olle Wallin, n.\u00ba8, por 7-6 (7\/4) e 6-3. As meias-finais est\u00e3o marcadas para amanh\u00e3, a partir das 11h00.<\/p>\n<h3>Meias-finais e confrontos<\/h3>\n<p>Onclin defronta Soriano Barrera; ser\u00e1 o terceiro confronto entre eles e Onclin venceu os dois anteriores, incluindo um duelo em Faro, em 2022. Soriano Barrera nunca venceu um set frente a Onclin. Do lado oposto, Broady, n.\u00ba2, mede for\u00e7as com Basing, n.\u00ba4, num reencontro entre tenistas brit\u00e2nicos. Caso as condi\u00e7\u00f5es clim\u00e1ticas o permitam, est\u00e1 prevista a final de pares para meio da tarde.<\/p>\n<p>Declara\u00e7\u00f5es de Jo\u00e3o Domingues e de Gast\u00e3o Elias<\/p>\n<p>Domingues destacou que os torneios representam uma etapa de recupera\u00e7\u00e3o ap\u00f3s les\u00f5es, mantendo a progress\u00e3o em dire\u00e7\u00e3o a objetivos maiores. Elias refor\u00e7ou a positiva presta\u00e7\u00e3o nas duas rondas iniciais e reconheceu as dificuldades impostas pelo vento, considerando as batalhas dentro de court como parte do processo.<\/p>\n<h3>Organiza\u00e7\u00e3o e contexto do torneio<\/h3>\n<p>O 7.\u00ba Open Internacional de T\u00e9nis de Vila Real de Santo Ant\u00f3nio termina no dia 15, com organiza\u00e7\u00e3o do Clube de T\u00e9nis de VRSA, apoio da Federa\u00e7\u00e3o Portuguesa de T\u00e9nis e da C\u00e2mara Municipal de VRSA. Distribui 30 mil d\u00f3lares em pr\u00e9mios (25 mil euros) e integra o ranking ATP, no \u00e2mbito do ITF World Tennis Tour, na categoria M25.<\/p>\n","protected":false},"excerpt":{"rendered":"<ul>\n<li>Gast\u00e3o Elias e Jo\u00e3o Domingues foram eliminados nos quartos de final do 7\u00ba Open Internacional de T\u00e9nis de Vila Real de Santo Ant\u00f3nio, no Algarve, competi\u00e7\u00e3o do ITF World Tennis Tour, em piso M25.<\/li>\n<li>Domingues perdeu diante do brit\u00e2nico Liam Broady, por seis\u2013tr\u00eas e seis\u2013quatro, em uma hora, cinquenta e tr\u00eas minutos, com tr\u00eas interrup\u00e7\u00f5es devido \u00e0 chuva.<\/li>\n<li>Elias caiu diante do belga Gauthier Onclin, por seis\u2013duas e seis\u2013zero, em uma hora e vinte e um minutos.<\/li>\n<li>O dia foi marcado por ventos fortes, chuva e temperaturas mais frias, complicando as condi\u00e7\u00f5es de jogo e levando a interrup\u00e7\u00f5es em alguns encontros.<\/li>\n<li>Nas meias-finais ficam Onclin frente a Soriano Barrera e Broady frente a Max Basing; se as condi\u00e7\u00f5es permitirem, a final de pares pode realizar-se ao meio da tarde.<\/li>\n<\/ul>\n","protected":false},"author":2,"featured_media":211610,"comment_status":"closed","ping_status":"closed","sticky":false,"template":"","format":"standard","meta":{"footnotes":""},"categories":[21],"tags":[928,2681,5356,1014,94,1665],"class_list":["post-211607","post","type-post","status-publish","format-standard","has-post-thumbnail","hentry","category-desporto","tag-algarve","tag-desporto-internacional","tag-itf","tag-portugal","tag-tenis","tag-vila-real"],"yoast_head":"<!-- This site is optimized with the Yoast SEO plugin v27.2 - https:\/\/yoast.com\/product\/yoast-seo-wordpress\/ -->\n<title>Gast\u00e3o Elias e Jo\u00e3o Domingues eliminados em Vila Real de Santo Ant\u00f3nio - Portal Tela Portugal<\/title>\n<meta name=\"robots\" content=\"index, follow, max-snippet:-1, max-image-preview:large, max-video-preview:-1\" \/>\n<meta property=\"og:locale\" content=\"pt_PT\" \/>\n<meta property=\"og:type\" content=\"article\" \/>\n<meta property=\"og:title\" content=\"Gast\u00e3o Elias e Jo\u00e3o Domingues eliminados em Vila Real de Santo Ant\u00f3nio - Portal Tela Portugal\" \/>\n<meta property=\"og:description\" content=\"Gast\u00e3o Elias e Jo\u00e3o Domingues foram eliminados nos quartos de final do 7\u00ba Open Internacional de T\u00e9nis de Vila Real de Santo Ant\u00f3nio, no Algarve, competi\u00e7\u00e3o do ITF World Tennis Tour, em piso M25. Domingues perdeu diante do brit\u00e2nico Liam Broady, por seis\u2013tr\u00eas e seis\u2013quatro, em uma hora, cinquenta e tr\u00eas minutos, com tr\u00eas interrup\u00e7\u00f5es devido \u00e0 chuva. Elias caiu diante do belga Gauthier Onclin, por seis\u2013duas e seis\u2013zero, em uma hora e vinte e um minutos. O dia foi marcado por ventos fortes, chuva e temperaturas mais frias, complicando as condi\u00e7\u00f5es de jogo e levando a interrup\u00e7\u00f5es em alguns encontros. Nas meias-finais ficam Onclin frente a Soriano Barrera e Broady frente a Max Basing; se as condi\u00e7\u00f5es permitirem, a final de pares pode realizar-se ao meio da tarde.\" \/>\n<meta property=\"og:url\" content=\"https:\/\/portaltela.pt\/noticias\/2026\/02\/13\/gastao-elias-e-joao-domingues-eliminados-em-vila-real-de-santo-antonio\/\" \/>\n<meta property=\"og:site_name\" content=\"Portal Tela Portugal\" \/>\n<meta property=\"article:published_time\" content=\"2026-02-13T20:10:56+00:00\" \/>\n<meta name=\"author\" content=\"Telinha\" \/>\n<meta name=\"twitter:card\" content=\"summary_large_image\" \/>\n<meta name=\"twitter:label1\" content=\"Escrito por\" \/>\n\t<meta name=\"twitter:data1\" content=\"Telinha\" \/>\n\t<meta name=\"twitter:label2\" content=\"Tempo estimado de leitura\" \/>\n\t<meta name=\"twitter:data2\" content=\"2 minutos\" \/>\n<script type=\"application\/ld+json\" class=\"yoast-schema-graph\">{\"@context\":\"https:\/\/schema.org\",\"@graph\":[{\"@type\":\"Article\",\"@id\":\"https:\/\/portaltela.pt\/noticias\/2026\/02\/13\/gastao-elias-e-joao-domingues-eliminados-em-vila-real-de-santo-antonio\/#article\",\"isPartOf\":{\"@id\":\"https:\/\/portaltela.pt\/noticias\/2026\/02\/13\/gastao-elias-e-joao-domingues-eliminados-em-vila-real-de-santo-antonio\/\"},\"author\":{\"name\":\"Telinha\",\"@id\":\"https:\/\/portaltela.pt\/#\/schema\/person\/c4278d4a6028830caff9ee44b42d32ed\"},\"headline\":\"Gast\u00e3o Elias e Jo\u00e3o Domingues eliminados em Vila Real de Santo Ant\u00f3nio\",\"datePublished\":\"2026-02-13T20:10:56+00:00\",\"mainEntityOfPage\":{\"@id\":\"https:\/\/portaltela.pt\/noticias\/2026\/02\/13\/gastao-elias-e-joao-domingues-eliminados-em-vila-real-de-santo-antonio\/\"},\"wordCount\":406,\"image\":{\"@id\":\"https:\/\/portaltela.pt\/noticias\/2026\/02\/13\/gastao-elias-e-joao-domingues-eliminados-em-vila-real-de-santo-antonio\/#primaryimage\"},\"thumbnailUrl\":\"https:\/\/portaltela.pt\/s.01k8rhncp4jt1\/2026\/02\/img_1200x721uu2026-02-13-20-10-21-2421417.jpg\",\"keywords\":[\"Algarve\",\"desporto internacional\",\"ITF\",\"Portugal\",\"t\u00eanis\",\"Vila Real\"],\"articleSection\":[\"Desporto\"],\"inLanguage\":\"pt-PT\"},{\"@type\":\"WebPage\",\"@id\":\"https:\/\/portaltela.pt\/noticias\/2026\/02\/13\/gastao-elias-e-joao-domingues-eliminados-em-vila-real-de-santo-antonio\/\",\"url\":\"https:\/\/portaltela.pt\/noticias\/2026\/02\/13\/gastao-elias-e-joao-domingues-eliminados-em-vila-real-de-santo-antonio\/\",\"name\":\"Gast\u00e3o Elias e Jo\u00e3o Domingues eliminados em Vila Real de Santo Ant\u00f3nio - Portal Tela Portugal\",\"isPartOf\":{\"@id\":\"https:\/\/portaltela.pt\/#website\"},\"primaryImageOfPage\":{\"@id\":\"https:\/\/portaltela.pt\/noticias\/2026\/02\/13\/gastao-elias-e-joao-domingues-eliminados-em-vila-real-de-santo-antonio\/#primaryimage\"},\"image\":{\"@id\":\"https:\/\/portaltela.pt\/noticias\/2026\/02\/13\/gastao-elias-e-joao-domingues-eliminados-em-vila-real-de-santo-antonio\/#primaryimage\"},\"thumbnailUrl\":\"https:\/\/portaltela.pt\/s.01k8rhncp4jt1\/2026\/02\/img_1200x721uu2026-02-13-20-10-21-2421417.jpg\",\"datePublished\":\"2026-02-13T20:10:56+00:00\",\"author\":{\"@id\":\"https:\/\/portaltela.pt\/#\/schema\/person\/c4278d4a6028830caff9ee44b42d32ed\"},\"breadcrumb\":{\"@id\":\"https:\/\/portaltela.pt\/noticias\/2026\/02\/13\/gastao-elias-e-joao-domingues-eliminados-em-vila-real-de-santo-antonio\/#breadcrumb\"},\"inLanguage\":\"pt-PT\",\"potentialAction\":[{\"@type\":\"ReadAction\",\"target\":[\"https:\/\/portaltela.pt\/noticias\/2026\/02\/13\/gastao-elias-e-joao-domingues-eliminados-em-vila-real-de-santo-antonio\/\"]}]},{\"@type\":\"ImageObject\",\"inLanguage\":\"pt-PT\",\"@id\":\"https:\/\/portaltela.pt\/noticias\/2026\/02\/13\/gastao-elias-e-joao-domingues-eliminados-em-vila-real-de-santo-antonio\/#primaryimage\",\"url\":\"https:\/\/portaltela.pt\/s.01k8rhncp4jt1\/2026\/02\/img_1200x721uu2026-02-13-20-10-21-2421417.jpg\",\"contentUrl\":\"https:\/\/portaltela.pt\/s.01k8rhncp4jt1\/2026\/02\/img_1200x721uu2026-02-13-20-10-21-2421417.jpg\",\"width\":796,\"height\":448,\"caption\":\"Gast\u00e3o Elias\"},{\"@type\":\"BreadcrumbList\",\"@id\":\"https:\/\/portaltela.pt\/noticias\/2026\/02\/13\/gastao-elias-e-joao-domingues-eliminados-em-vila-real-de-santo-antonio\/#breadcrumb\",\"itemListElement\":[{\"@type\":\"ListItem\",\"position\":1,\"name\":\"In\u00edcio\",\"item\":\"https:\/\/portaltela.pt\/\"},{\"@type\":\"ListItem\",\"position\":2,\"name\":\"Gast\u00e3o Elias e Jo\u00e3o Domingues eliminados em Vila Real de Santo Ant\u00f3nio\"}]},{\"@type\":\"WebSite\",\"@id\":\"https:\/\/portaltela.pt\/#website\",\"url\":\"https:\/\/portaltela.pt\/\",\"name\":\"Portal Tela Portugal\",\"description\":\"\",\"potentialAction\":[{\"@type\":\"SearchAction\",\"target\":{\"@type\":\"EntryPoint\",\"urlTemplate\":\"https:\/\/portaltela.pt\/?s={search_term_string}\"},\"query-input\":{\"@type\":\"PropertyValueSpecification\",\"valueRequired\":true,\"valueName\":\"search_term_string\"}}],\"inLanguage\":\"pt-PT\"},{\"@type\":\"Person\",\"@id\":\"https:\/\/portaltela.pt\/#\/schema\/person\/c4278d4a6028830caff9ee44b42d32ed\",\"name\":\"Telinha\",\"image\":{\"@type\":\"ImageObject\",\"inLanguage\":\"pt-PT\",\"@id\":\"https:\/\/portaltela.pt\/s.01k8rhncp4jt1\/2025\/11\/talking-bot-125x125.png\",\"url\":\"https:\/\/portaltela.pt\/s.01k8rhncp4jt1\/2025\/11\/talking-bot-125x125.png\",\"contentUrl\":\"https:\/\/portaltela.pt\/s.01k8rhncp4jt1\/2025\/11\/talking-bot-125x125.png\",\"caption\":\"Telinha\"},\"sameAs\":[\"https:\/\/portaltela.pt\/\"],\"url\":\"https:\/\/portaltela.pt\/por\/367410592786\/\"}]}<\/script>\n<!-- \/ Yoast SEO plugin. -->","yoast_head_json":{"title":"Gast\u00e3o Elias e Jo\u00e3o Domingues eliminados em Vila Real de Santo Ant\u00f3nio - Portal Tela Portugal","robots":{"index":"index","follow":"follow","max-snippet":"max-snippet:-1","max-image-preview":"max-image-preview:large","max-video-preview":"max-video-preview:-1"},"og_locale":"pt_PT","og_type":"article","og_title":"Gast\u00e3o Elias e Jo\u00e3o Domingues eliminados em Vila Real de Santo Ant\u00f3nio - Portal Tela Portugal","og_description":"Gast\u00e3o Elias e Jo\u00e3o Domingues foram eliminados nos quartos de final do 7\u00ba Open Internacional de T\u00e9nis de Vila Real de Santo Ant\u00f3nio, no Algarve, competi\u00e7\u00e3o do ITF World Tennis Tour, em piso M25. Domingues perdeu diante do brit\u00e2nico Liam Broady, por seis\u2013tr\u00eas e seis\u2013quatro, em uma hora, cinquenta e tr\u00eas minutos, com tr\u00eas interrup\u00e7\u00f5es devido \u00e0 chuva. Elias caiu diante do belga Gauthier Onclin, por seis\u2013duas e seis\u2013zero, em uma hora e vinte e um minutos. O dia foi marcado por ventos fortes, chuva e temperaturas mais frias, complicando as condi\u00e7\u00f5es de jogo e levando a interrup\u00e7\u00f5es em alguns encontros. Nas meias-finais ficam Onclin frente a Soriano Barrera e Broady frente a Max Basing; se as condi\u00e7\u00f5es permitirem, a final de pares pode realizar-se ao meio da tarde.","og_url":"https:\/\/portaltela.pt\/noticias\/2026\/02\/13\/gastao-elias-e-joao-domingues-eliminados-em-vila-real-de-santo-antonio\/","og_site_name":"Portal Tela Portugal","article_published_time":"2026-02-13T20:10:56+00:00","author":"Telinha","twitter_card":"summary_large_image","twitter_misc":{"Escrito por":"Telinha","Tempo estimado de leitura":"2 minutos"},"schema":{"@context":"https:\/\/schema.org","@graph":[{"@type":"Article","@id":"https:\/\/portaltela.pt\/noticias\/2026\/02\/13\/gastao-elias-e-joao-domingues-eliminados-em-vila-real-de-santo-antonio\/#article","isPartOf":{"@id":"https:\/\/portaltela.pt\/noticias\/2026\/02\/13\/gastao-elias-e-joao-domingues-eliminados-em-vila-real-de-santo-antonio\/"},"author":{"name":"Telinha","@id":"https:\/\/portaltela.pt\/#\/schema\/person\/c4278d4a6028830caff9ee44b42d32ed"},"headline":"Gast\u00e3o Elias e Jo\u00e3o Domingues eliminados em Vila Real de Santo Ant\u00f3nio","datePublished":"2026-02-13T20:10:56+00:00","mainEntityOfPage":{"@id":"https:\/\/portaltela.pt\/noticias\/2026\/02\/13\/gastao-elias-e-joao-domingues-eliminados-em-vila-real-de-santo-antonio\/"},"wordCount":406,"image":{"@id":"https:\/\/portaltela.pt\/noticias\/2026\/02\/13\/gastao-elias-e-joao-domingues-eliminados-em-vila-real-de-santo-antonio\/#primaryimage"},"thumbnailUrl":"https:\/\/portaltela.pt\/s.01k8rhncp4jt1\/2026\/02\/img_1200x721uu2026-02-13-20-10-21-2421417.jpg","keywords":["Algarve","desporto internacional","ITF","Portugal","t\u00eanis","Vila Real"],"articleSection":["Desporto"],"inLanguage":"pt-PT"},{"@type":"WebPage","@id":"https:\/\/portaltela.pt\/noticias\/2026\/02\/13\/gastao-elias-e-joao-domingues-eliminados-em-vila-real-de-santo-antonio\/","url":"https:\/\/portaltela.pt\/noticias\/2026\/02\/13\/gastao-elias-e-joao-domingues-eliminados-em-vila-real-de-santo-antonio\/","name":"Gast\u00e3o Elias e Jo\u00e3o Domingues eliminados em Vila Real de Santo Ant\u00f3nio - Portal Tela Portugal","isPartOf":{"@id":"https:\/\/portaltela.pt\/#website"},"primaryImageOfPage":{"@id":"https:\/\/portaltela.pt\/noticias\/2026\/02\/13\/gastao-elias-e-joao-domingues-eliminados-em-vila-real-de-santo-antonio\/#primaryimage"},"image":{"@id":"https:\/\/portaltela.pt\/noticias\/2026\/02\/13\/gastao-elias-e-joao-domingues-eliminados-em-vila-real-de-santo-antonio\/#primaryimage"},"thumbnailUrl":"https:\/\/portaltela.pt\/s.01k8rhncp4jt1\/2026\/02\/img_1200x721uu2026-02-13-20-10-21-2421417.jpg","datePublished":"2026-02-13T20:10:56+00:00","author":{"@id":"https:\/\/portaltela.pt\/#\/schema\/person\/c4278d4a6028830caff9ee44b42d32ed"},"breadcrumb":{"@id":"https:\/\/portaltela.pt\/noticias\/2026\/02\/13\/gastao-elias-e-joao-domingues-eliminados-em-vila-real-de-santo-antonio\/#breadcrumb"},"inLanguage":"pt-PT","potentialAction":[{"@type":"ReadAction","target":["https:\/\/portaltela.pt\/noticias\/2026\/02\/13\/gastao-elias-e-joao-domingues-eliminados-em-vila-real-de-santo-antonio\/"]}]},{"@type":"ImageObject","inLanguage":"pt-PT","@id":"https:\/\/portaltela.pt\/noticias\/2026\/02\/13\/gastao-elias-e-joao-domingues-eliminados-em-vila-real-de-santo-antonio\/#primaryimage","url":"https:\/\/portaltela.pt\/s.01k8rhncp4jt1\/2026\/02\/img_1200x721uu2026-02-13-20-10-21-2421417.jpg","contentUrl":"https:\/\/portaltela.pt\/s.01k8rhncp4jt1\/2026\/02\/img_1200x721uu2026-02-13-20-10-21-2421417.jpg","width":796,"height":448,"caption":"Gast\u00e3o Elias"},{"@type":"BreadcrumbList","@id":"https:\/\/portaltela.pt\/noticias\/2026\/02\/13\/gastao-elias-e-joao-domingues-eliminados-em-vila-real-de-santo-antonio\/#breadcrumb","itemListElement":[{"@type":"ListItem","position":1,"name":"In\u00edcio","item":"https:\/\/portaltela.pt\/"},{"@type":"ListItem","position":2,"name":"Gast\u00e3o Elias e Jo\u00e3o Domingues eliminados em Vila Real de Santo Ant\u00f3nio"}]},{"@type":"WebSite","@id":"https:\/\/portaltela.pt\/#website","url":"https:\/\/portaltela.pt\/","name":"Portal Tela Portugal","description":"","potentialAction":[{"@type":"SearchAction","target":{"@type":"EntryPoint","urlTemplate":"https:\/\/portaltela.pt\/?s={search_term_string}"},"query-input":{"@type":"PropertyValueSpecification","valueRequired":true,"valueName":"search_term_string"}}],"inLanguage":"pt-PT"},{"@type":"Person","@id":"https:\/\/portaltela.pt\/#\/schema\/person\/c4278d4a6028830caff9ee44b42d32ed","name":"Telinha","image":{"@type":"ImageObject","inLanguage":"pt-PT","@id":"https:\/\/portaltela.pt\/s.01k8rhncp4jt1\/2025\/11\/talking-bot-125x125.png","url":"https:\/\/portaltela.pt\/s.01k8rhncp4jt1\/2025\/11\/talking-bot-125x125.png","contentUrl":"https:\/\/portaltela.pt\/s.01k8rhncp4jt1\/2025\/11\/talking-bot-125x125.png","caption":"Telinha"},"sameAs":["https:\/\/portaltela.pt\/"],"url":"https:\/\/portaltela.pt\/por\/367410592786\/"}]}},"_links":{"self":[{"href":"https:\/\/portaltela.pt\/api\/wp\/v2\/posts\/211607","targetHints":{"allow":["GET"]}}],"collection":[{"href":"https:\/\/portaltela.pt\/api\/wp\/v2\/posts"}],"about":[{"href":"https:\/\/portaltela.pt\/api\/wp\/v2\/types\/post"}],"author":[{"embeddable":true,"href":"https:\/\/portaltela.pt\/api\/wp\/v2\/users\/2"}],"replies":[{"embeddable":true,"href":"https:\/\/portaltela.pt\/api\/wp\/v2\/comments?post=211607"}],"version-history":[{"count":0,"href":"https:\/\/portaltela.pt\/api\/wp\/v2\/posts\/211607\/revisions"}],"wp:featuredmedia":[{"embeddable":true,"href":"https:\/\/portaltela.pt\/api\/wp\/v2\/media\/211610"}],"wp:attachment":[{"href":"https:\/\/portaltela.pt\/api\/wp\/v2\/media?parent=211607"}],"wp:term":[{"taxonomy":"category","embeddable":true,"href":"https:\/\/portaltela.pt\/api\/wp\/v2\/categories?post=211607"},{"taxonomy":"post_tag","embeddable":true,"href":"https:\/\/portaltela.pt\/api\/wp\/v2\/tags?post=211607"}],"curies":[{"name":"wp","href":"https:\/\/api.w.org\/{rel}","templated":true}]}}