{"id":211537,"date":"2026-02-13T16:16:00","date_gmt":"2026-02-13T19:16:00","guid":{"rendered":"https:\/\/portaltela.pt\/noticias\/2026\/02\/13\/passos-regressa-e-o-psd-fica-dividido-em-duas-correntes\/"},"modified":"2026-02-13T16:16:00","modified_gmt":"2026-02-13T19:16:00","slug":"passos-regressa-e-o-psd-fica-dividido-em-duas-correntes","status":"publish","type":"post","link":"https:\/\/portaltela.pt\/noticias\/2026\/02\/13\/passos-regressa-e-o-psd-fica-dividido-em-duas-correntes\/","title":{"rendered":"Passos regressa e o PSD fica dividido em duas correntes"},"content":{"rendered":"<p>O regresso de Pedro Passos Coelho \u00e0 lideran\u00e7a do PSD est\u00e1 a ser avaliado como forma de refor\u00e7ar a direita, indicam an\u00e1lises em vigor no podcast Soundbite.<\/p>\n<p>Manuela Aguiar, antiga governante e deputada, desfilia-se do PSD. A dirigente critica as alian\u00e7as constantes com o Chega, sobretudo no tema da imigra\u00e7\u00e3o, e questiona o rumo atual do partido.<\/p>\n<p>A discuss\u00e3o sobre a poss\u00edvel retoma da lideran\u00e7a acontece numa altura de tens\u00f5es internas, com repercuss\u00f5es no debate p\u00fablico sobre alian\u00e7as direita.<\/p>\n<h3>Contexto<\/h3>\n<p>O Soundbite \u00e9 um podcast di\u00e1rio dispon\u00edvel de segunda a sexta, em v\u00e1rias plataformas de streaming, incluindo Apple Podcasts e Spotify, e tamb\u00e9m na \u00e1rea de podcasts do P\u00fablico.<\/p>\n","protected":false},"excerpt":{"rendered":"<ul>\n<li>O regresso de Pedro Passos Coelho \u00e0 lideran\u00e7a do PSD est\u00e1 a ser discutido como forma de fortalecer a direita.<\/li>\n<li>Manuela Aguiar, antiga governante e deputada, desfilia-se do PSD, afirmando ser imposs\u00edvel permanecer no partido tal como est\u00e1 hoje.<\/li>\n<li>A ex-social-democrata critica as alian\u00e7as com o Chega, especialmente no que toca \u00e0 imigra\u00e7\u00e3o.<\/li>\n<li>O caso ocorre num momento de divis\u00e3o dentro do PSD quanto ao alinhamento pol\u00edtico \u00e0 direita.<\/li>\n<li>O Soundbite est\u00e1 dispon\u00edvel de segunda a sexta, em plataformas de podcasts como Apple Podcasts e Spotify.<\/li>\n<\/ul>\n","protected":false},"author":2,"featured_media":211538,"comment_status":"closed","ping_status":"closed","sticky":false,"template":"","format":"standard","meta":{"footnotes":""},"categories":[1],"tags":[1849,5808,712,2832,3695,2458],"class_list":["post-211537","post","type-post","status-publish","format-standard","has-post-thumbnail","hentry","category-noticias","tag-aliancas","tag-direita","tag-imigracao","tag-politica","tag-psd","tag-psd-cds"],"yoast_head":"<!-- This site is optimized with the Yoast SEO plugin v27.2 - https:\/\/yoast.com\/product\/yoast-seo-wordpress\/ -->\n<title>Passos regressa e o PSD fica dividido em duas correntes - Portal Tela Portugal<\/title>\n<meta name=\"robots\" content=\"index, follow, max-snippet:-1, max-image-preview:large, max-video-preview:-1\" \/>\n<meta property=\"og:locale\" content=\"pt_PT\" \/>\n<meta property=\"og:type\" content=\"article\" \/>\n<meta property=\"og:title\" content=\"Passos regressa e o PSD fica dividido em duas correntes - Portal Tela Portugal\" \/>\n<meta property=\"og:description\" content=\"O regresso de Pedro Passos Coelho \u00e0 lideran\u00e7a do PSD est\u00e1 a ser discutido como forma de fortalecer a direita. Manuela Aguiar, antiga governante e deputada, desfilia-se do PSD, afirmando ser imposs\u00edvel permanecer no partido tal como est\u00e1 hoje. A ex-social-democrata critica as alian\u00e7as com o Chega, especialmente no que toca \u00e0 imigra\u00e7\u00e3o. O caso ocorre num momento de divis\u00e3o dentro do PSD quanto ao alinhamento pol\u00edtico \u00e0 direita. O Soundbite est\u00e1 dispon\u00edvel de segunda a sexta, em plataformas de podcasts como Apple Podcasts e Spotify.\" \/>\n<meta property=\"og:url\" content=\"https:\/\/portaltela.pt\/noticias\/2026\/02\/13\/passos-regressa-e-o-psd-fica-dividido-em-duas-correntes\/\" \/>\n<meta property=\"og:site_name\" content=\"Portal Tela Portugal\" \/>\n<meta property=\"article:published_time\" content=\"2026-02-13T19:16:00+00:00\" \/>\n<meta name=\"author\" content=\"Telinha\" \/>\n<meta name=\"twitter:card\" content=\"summary_large_image\" \/>\n<meta name=\"twitter:label1\" content=\"Escrito por\" \/>\n\t<meta name=\"twitter:data1\" content=\"Telinha\" \/>\n\t<meta name=\"twitter:label2\" content=\"Tempo estimado de leitura\" \/>\n\t<meta name=\"twitter:data2\" content=\"1 minuto\" \/>\n<script type=\"application\/ld+json\" class=\"yoast-schema-graph\">{\"@context\":\"https:\/\/schema.org\",\"@graph\":[{\"@type\":\"Article\",\"@id\":\"https:\/\/portaltela.pt\/noticias\/2026\/02\/13\/passos-regressa-e-o-psd-fica-dividido-em-duas-correntes\/#article\",\"isPartOf\":{\"@id\":\"https:\/\/portaltela.pt\/noticias\/2026\/02\/13\/passos-regressa-e-o-psd-fica-dividido-em-duas-correntes\/\"},\"author\":{\"name\":\"Telinha\",\"@id\":\"https:\/\/portaltela.pt\/#\/schema\/person\/c4278d4a6028830caff9ee44b42d32ed\"},\"headline\":\"Passos regressa e o PSD fica dividido em duas correntes\",\"datePublished\":\"2026-02-13T19:16:00+00:00\",\"mainEntityOfPage\":{\"@id\":\"https:\/\/portaltela.pt\/noticias\/2026\/02\/13\/passos-regressa-e-o-psd-fica-dividido-em-duas-correntes\/\"},\"wordCount\":134,\"image\":{\"@id\":\"https:\/\/portaltela.pt\/noticias\/2026\/02\/13\/passos-regressa-e-o-psd-fica-dividido-em-duas-correntes\/#primaryimage\"},\"thumbnailUrl\":\"https:\/\/portaltela.pt\/s.01k8rhncp4jt1\/2026\/02\/2067151.jpg\",\"keywords\":[\"alian\u00e7as\",\"direita\",\"imigra\u00e7\u00e3o\",\"pol\u00edtica\",\"PSD\",\"PSD\/CDS\"],\"articleSection\":[\"Not\u00edcias\"],\"inLanguage\":\"pt-PT\"},{\"@type\":\"WebPage\",\"@id\":\"https:\/\/portaltela.pt\/noticias\/2026\/02\/13\/passos-regressa-e-o-psd-fica-dividido-em-duas-correntes\/\",\"url\":\"https:\/\/portaltela.pt\/noticias\/2026\/02\/13\/passos-regressa-e-o-psd-fica-dividido-em-duas-correntes\/\",\"name\":\"Passos regressa e o PSD fica dividido em duas correntes - Portal Tela Portugal\",\"isPartOf\":{\"@id\":\"https:\/\/portaltela.pt\/#website\"},\"primaryImageOfPage\":{\"@id\":\"https:\/\/portaltela.pt\/noticias\/2026\/02\/13\/passos-regressa-e-o-psd-fica-dividido-em-duas-correntes\/#primaryimage\"},\"image\":{\"@id\":\"https:\/\/portaltela.pt\/noticias\/2026\/02\/13\/passos-regressa-e-o-psd-fica-dividido-em-duas-correntes\/#primaryimage\"},\"thumbnailUrl\":\"https:\/\/portaltela.pt\/s.01k8rhncp4jt1\/2026\/02\/2067151.jpg\",\"datePublished\":\"2026-02-13T19:16:00+00:00\",\"author\":{\"@id\":\"https:\/\/portaltela.pt\/#\/schema\/person\/c4278d4a6028830caff9ee44b42d32ed\"},\"breadcrumb\":{\"@id\":\"https:\/\/portaltela.pt\/noticias\/2026\/02\/13\/passos-regressa-e-o-psd-fica-dividido-em-duas-correntes\/#breadcrumb\"},\"inLanguage\":\"pt-PT\",\"potentialAction\":[{\"@type\":\"ReadAction\",\"target\":[\"https:\/\/portaltela.pt\/noticias\/2026\/02\/13\/passos-regressa-e-o-psd-fica-dividido-em-duas-correntes\/\"]}]},{\"@type\":\"ImageObject\",\"inLanguage\":\"pt-PT\",\"@id\":\"https:\/\/portaltela.pt\/noticias\/2026\/02\/13\/passos-regressa-e-o-psd-fica-dividido-em-duas-correntes\/#primaryimage\",\"url\":\"https:\/\/portaltela.pt\/s.01k8rhncp4jt1\/2026\/02\/2067151.jpg\",\"contentUrl\":\"https:\/\/portaltela.pt\/s.01k8rhncp4jt1\/2026\/02\/2067151.jpg\",\"width\":796,\"height\":448,\"caption\":\"Photo\"},{\"@type\":\"BreadcrumbList\",\"@id\":\"https:\/\/portaltela.pt\/noticias\/2026\/02\/13\/passos-regressa-e-o-psd-fica-dividido-em-duas-correntes\/#breadcrumb\",\"itemListElement\":[{\"@type\":\"ListItem\",\"position\":1,\"name\":\"In\u00edcio\",\"item\":\"https:\/\/portaltela.pt\/\"},{\"@type\":\"ListItem\",\"position\":2,\"name\":\"Passos regressa e o PSD fica dividido em duas correntes\"}]},{\"@type\":\"WebSite\",\"@id\":\"https:\/\/portaltela.pt\/#website\",\"url\":\"https:\/\/portaltela.pt\/\",\"name\":\"Portal Tela Portugal\",\"description\":\"\",\"potentialAction\":[{\"@type\":\"SearchAction\",\"target\":{\"@type\":\"EntryPoint\",\"urlTemplate\":\"https:\/\/portaltela.pt\/?s={search_term_string}\"},\"query-input\":{\"@type\":\"PropertyValueSpecification\",\"valueRequired\":true,\"valueName\":\"search_term_string\"}}],\"inLanguage\":\"pt-PT\"},{\"@type\":\"Person\",\"@id\":\"https:\/\/portaltela.pt\/#\/schema\/person\/c4278d4a6028830caff9ee44b42d32ed\",\"name\":\"Telinha\",\"image\":{\"@type\":\"ImageObject\",\"inLanguage\":\"pt-PT\",\"@id\":\"https:\/\/portaltela.pt\/s.01k8rhncp4jt1\/2025\/11\/talking-bot-125x125.png\",\"url\":\"https:\/\/portaltela.pt\/s.01k8rhncp4jt1\/2025\/11\/talking-bot-125x125.png\",\"contentUrl\":\"https:\/\/portaltela.pt\/s.01k8rhncp4jt1\/2025\/11\/talking-bot-125x125.png\",\"caption\":\"Telinha\"},\"sameAs\":[\"https:\/\/portaltela.pt\/\"],\"url\":\"https:\/\/portaltela.pt\/por\/367410592786\/\"}]}<\/script>\n<!-- \/ Yoast SEO plugin. -->","yoast_head_json":{"title":"Passos regressa e o PSD fica dividido em duas correntes - Portal Tela Portugal","robots":{"index":"index","follow":"follow","max-snippet":"max-snippet:-1","max-image-preview":"max-image-preview:large","max-video-preview":"max-video-preview:-1"},"og_locale":"pt_PT","og_type":"article","og_title":"Passos regressa e o PSD fica dividido em duas correntes - Portal Tela Portugal","og_description":"O regresso de Pedro Passos Coelho \u00e0 lideran\u00e7a do PSD est\u00e1 a ser discutido como forma de fortalecer a direita. Manuela Aguiar, antiga governante e deputada, desfilia-se do PSD, afirmando ser imposs\u00edvel permanecer no partido tal como est\u00e1 hoje. A ex-social-democrata critica as alian\u00e7as com o Chega, especialmente no que toca \u00e0 imigra\u00e7\u00e3o. O caso ocorre num momento de divis\u00e3o dentro do PSD quanto ao alinhamento pol\u00edtico \u00e0 direita. O Soundbite est\u00e1 dispon\u00edvel de segunda a sexta, em plataformas de podcasts como Apple Podcasts e Spotify.","og_url":"https:\/\/portaltela.pt\/noticias\/2026\/02\/13\/passos-regressa-e-o-psd-fica-dividido-em-duas-correntes\/","og_site_name":"Portal Tela Portugal","article_published_time":"2026-02-13T19:16:00+00:00","author":"Telinha","twitter_card":"summary_large_image","twitter_misc":{"Escrito por":"Telinha","Tempo estimado de leitura":"1 minuto"},"schema":{"@context":"https:\/\/schema.org","@graph":[{"@type":"Article","@id":"https:\/\/portaltela.pt\/noticias\/2026\/02\/13\/passos-regressa-e-o-psd-fica-dividido-em-duas-correntes\/#article","isPartOf":{"@id":"https:\/\/portaltela.pt\/noticias\/2026\/02\/13\/passos-regressa-e-o-psd-fica-dividido-em-duas-correntes\/"},"author":{"name":"Telinha","@id":"https:\/\/portaltela.pt\/#\/schema\/person\/c4278d4a6028830caff9ee44b42d32ed"},"headline":"Passos regressa e o PSD fica dividido em duas correntes","datePublished":"2026-02-13T19:16:00+00:00","mainEntityOfPage":{"@id":"https:\/\/portaltela.pt\/noticias\/2026\/02\/13\/passos-regressa-e-o-psd-fica-dividido-em-duas-correntes\/"},"wordCount":134,"image":{"@id":"https:\/\/portaltela.pt\/noticias\/2026\/02\/13\/passos-regressa-e-o-psd-fica-dividido-em-duas-correntes\/#primaryimage"},"thumbnailUrl":"https:\/\/portaltela.pt\/s.01k8rhncp4jt1\/2026\/02\/2067151.jpg","keywords":["alian\u00e7as","direita","imigra\u00e7\u00e3o","pol\u00edtica","PSD","PSD\/CDS"],"articleSection":["Not\u00edcias"],"inLanguage":"pt-PT"},{"@type":"WebPage","@id":"https:\/\/portaltela.pt\/noticias\/2026\/02\/13\/passos-regressa-e-o-psd-fica-dividido-em-duas-correntes\/","url":"https:\/\/portaltela.pt\/noticias\/2026\/02\/13\/passos-regressa-e-o-psd-fica-dividido-em-duas-correntes\/","name":"Passos regressa e o PSD fica dividido em duas correntes - Portal Tela Portugal","isPartOf":{"@id":"https:\/\/portaltela.pt\/#website"},"primaryImageOfPage":{"@id":"https:\/\/portaltela.pt\/noticias\/2026\/02\/13\/passos-regressa-e-o-psd-fica-dividido-em-duas-correntes\/#primaryimage"},"image":{"@id":"https:\/\/portaltela.pt\/noticias\/2026\/02\/13\/passos-regressa-e-o-psd-fica-dividido-em-duas-correntes\/#primaryimage"},"thumbnailUrl":"https:\/\/portaltela.pt\/s.01k8rhncp4jt1\/2026\/02\/2067151.jpg","datePublished":"2026-02-13T19:16:00+00:00","author":{"@id":"https:\/\/portaltela.pt\/#\/schema\/person\/c4278d4a6028830caff9ee44b42d32ed"},"breadcrumb":{"@id":"https:\/\/portaltela.pt\/noticias\/2026\/02\/13\/passos-regressa-e-o-psd-fica-dividido-em-duas-correntes\/#breadcrumb"},"inLanguage":"pt-PT","potentialAction":[{"@type":"ReadAction","target":["https:\/\/portaltela.pt\/noticias\/2026\/02\/13\/passos-regressa-e-o-psd-fica-dividido-em-duas-correntes\/"]}]},{"@type":"ImageObject","inLanguage":"pt-PT","@id":"https:\/\/portaltela.pt\/noticias\/2026\/02\/13\/passos-regressa-e-o-psd-fica-dividido-em-duas-correntes\/#primaryimage","url":"https:\/\/portaltela.pt\/s.01k8rhncp4jt1\/2026\/02\/2067151.jpg","contentUrl":"https:\/\/portaltela.pt\/s.01k8rhncp4jt1\/2026\/02\/2067151.jpg","width":796,"height":448,"caption":"Photo"},{"@type":"BreadcrumbList","@id":"https:\/\/portaltela.pt\/noticias\/2026\/02\/13\/passos-regressa-e-o-psd-fica-dividido-em-duas-correntes\/#breadcrumb","itemListElement":[{"@type":"ListItem","position":1,"name":"In\u00edcio","item":"https:\/\/portaltela.pt\/"},{"@type":"ListItem","position":2,"name":"Passos regressa e o PSD fica dividido em duas correntes"}]},{"@type":"WebSite","@id":"https:\/\/portaltela.pt\/#website","url":"https:\/\/portaltela.pt\/","name":"Portal Tela Portugal","description":"","potentialAction":[{"@type":"SearchAction","target":{"@type":"EntryPoint","urlTemplate":"https:\/\/portaltela.pt\/?s={search_term_string}"},"query-input":{"@type":"PropertyValueSpecification","valueRequired":true,"valueName":"search_term_string"}}],"inLanguage":"pt-PT"},{"@type":"Person","@id":"https:\/\/portaltela.pt\/#\/schema\/person\/c4278d4a6028830caff9ee44b42d32ed","name":"Telinha","image":{"@type":"ImageObject","inLanguage":"pt-PT","@id":"https:\/\/portaltela.pt\/s.01k8rhncp4jt1\/2025\/11\/talking-bot-125x125.png","url":"https:\/\/portaltela.pt\/s.01k8rhncp4jt1\/2025\/11\/talking-bot-125x125.png","contentUrl":"https:\/\/portaltela.pt\/s.01k8rhncp4jt1\/2025\/11\/talking-bot-125x125.png","caption":"Telinha"},"sameAs":["https:\/\/portaltela.pt\/"],"url":"https:\/\/portaltela.pt\/por\/367410592786\/"}]}},"_links":{"self":[{"href":"https:\/\/portaltela.pt\/api\/wp\/v2\/posts\/211537","targetHints":{"allow":["GET"]}}],"collection":[{"href":"https:\/\/portaltela.pt\/api\/wp\/v2\/posts"}],"about":[{"href":"https:\/\/portaltela.pt\/api\/wp\/v2\/types\/post"}],"author":[{"embeddable":true,"href":"https:\/\/portaltela.pt\/api\/wp\/v2\/users\/2"}],"replies":[{"embeddable":true,"href":"https:\/\/portaltela.pt\/api\/wp\/v2\/comments?post=211537"}],"version-history":[{"count":0,"href":"https:\/\/portaltela.pt\/api\/wp\/v2\/posts\/211537\/revisions"}],"wp:featuredmedia":[{"embeddable":true,"href":"https:\/\/portaltela.pt\/api\/wp\/v2\/media\/211538"}],"wp:attachment":[{"href":"https:\/\/portaltela.pt\/api\/wp\/v2\/media?parent=211537"}],"wp:term":[{"taxonomy":"category","embeddable":true,"href":"https:\/\/portaltela.pt\/api\/wp\/v2\/categories?post=211537"},{"taxonomy":"post_tag","embeddable":true,"href":"https:\/\/portaltela.pt\/api\/wp\/v2\/tags?post=211537"}],"curies":[{"name":"wp","href":"https:\/\/api.w.org\/{rel}","templated":true}]}}