{"id":211523,"date":"2026-02-13T15:59:00","date_gmt":"2026-02-13T18:59:00","guid":{"rendered":"https:\/\/portaltela.pt\/noticias\/2026\/02\/13\/espaco-todos-abre-portas-ao-resto-da-cidade-no-bairro-do-cerco\/"},"modified":"2026-02-13T15:59:00","modified_gmt":"2026-02-13T18:59:00","slug":"espaco-todos-abre-portas-ao-resto-da-cidade-no-bairro-do-cerco","status":"publish","type":"post","link":"https:\/\/portaltela.pt\/noticias\/2026\/02\/13\/espaco-todos-abre-portas-ao-resto-da-cidade-no-bairro-do-cerco\/","title":{"rendered":"Espa\u00e7o Todos abre portas ao resto da cidade no Bairro do Cerco"},"content":{"rendered":"<p>O espa\u00e7o Todos, inaugurado nesta sexta-feira no Porto, funciona como uma casa aberta a entidades de toda a cidade. Gerido pela Domus Social, \u00e9 gratuito para forma\u00e7\u00f5es, workshops, exposi\u00e7\u00f5es ou reuni\u00f5es, mediante reserva.<\/p>\n<p>Situado na entrada do Cerco, em Campanh\u00e3, o equipamento pretende aproximar o bairro do restante da cidade. A casa-oficina pode receber at\u00e9 70 pessoas em modo audit\u00f3rio e manter-se flex\u00edvel para grupos menores.<\/p>\n<p>A Domus Social, respons\u00e1vel pelo parque habitacional municipal, tamb\u00e9m ficar\u00e1 com a gest\u00e3o da nova infraestrutura. A reserva deve ser feita por email, para atividades enquadradas no esp\u00edrito do projeto.<\/p>\n<p>O espa\u00e7o oferece cozinha, zona de refei\u00e7\u00f5es, sala de estar, audit\u00f3rio, quarto, oficina e sala de reuni\u00f5es, tudo num \u00fanico piso com potencial de adapta\u00e7\u00e3o. As \u00e1reas permitem redu\u00e7\u00e3o para grupos reduzidos.<\/p>\n<p>O edif\u00edcio, \u00e0 Rua Manuel Pinheiro Rocha, 536, nasceu de um espa\u00e7o vazio e sem utilidade na antiga sede de um clube desportivo. O piso t\u00e9rreo foi refeito, com demoli\u00e7\u00e3o de paredes, para criar a sala polivalente.<\/p>\n<p>O piso superior foi cedido pela Domus Social \u00e0 APPC \u2013 IPSS, e as obras inclu\u00edram isolamento t\u00e9rmico, rampa de acesso e novas instala\u00e7\u00f5es sanit\u00e1rias. O investimento ronda os 850 mil euros.<\/p>\n<p>A obra insere-se numa candidatura ao PAOITI AMP Centro Oriental, alinhada com o PRR e com o Plano de Combate \u00e0 Pobreza. O objetivo \u00e9 facilitar o acesso cultural e social entre o bairro e a cidade.<\/p>\n<p>Na inaugura\u00e7\u00e3o, o presidente da C\u00e2mara do Porto, Pedro Duarte, destacou o trabalho de longa data para derrubar \u201cmuros\u201d entre o bairro do Cerco e a cidade, apontando para iniciativas anteriores ligadas a Rui Moreira e Manuel Pizarro.<\/p>\n<p>A sess\u00e3o contou com atua\u00e7\u00e3o de Jo\u00e3o Pequeno e MC Buster, artistas locais do Cerco, que refor\u00e7aram a ideia de que o projeto visa aproximar comunidades sem perder a identidade do bairro.<\/p>\n","protected":false},"excerpt":{"rendered":"<ul>\n<li>O espa\u00e7o Todos, no Bairro do Cerco, inaugurado nesta sexta-feira no Porto, ser\u00e1 usado gratuitamente por entidades da cidade mediante reserva.<\/li>\n<li>A Domus Social gere a nova infraestrutura, dedicada a forma\u00e7\u00f5es, workshops, exposi\u00e7\u00f5es e reuni\u00f5es, com capacidade para cerca de setenta pessoas no audit\u00f3rio.<\/li>\n<li>O edif\u00edcio, localizado no n\u00famero 536 da Rua Manuel Pinheiro Rocha, era um espa\u00e7o vazio; inclui cozinha, sala de refei\u00e7\u00f5es, zona de estar, sala de reuni\u00f5es e oficina, entre outros ambientes.<\/li>\n<li>A interven\u00e7\u00e3o custou cerca de 850 mil euros, financiada em parte por fundos do Plano de Recupera\u00e7\u00e3o e Resili\u00eancia, via PAOITI AMP Centro Oriental, com o piso superior cedido \u00e0 APPC \u2013 IPSS.<\/li>\n<li>A inaugura\u00e7\u00e3o contou com atua\u00e7\u00e3o de rappers ligados ao bairro e destacou o objetivo de \u201cderrubar muros\u201d entre o Cerco e a cidade, aproximando o bairro do restante do Porto.<\/li>\n<\/ul>\n","protected":false},"author":2,"featured_media":211526,"comment_status":"closed","ping_status":"closed","sticky":false,"template":"","format":"standard","meta":{"footnotes":""},"categories":[1],"tags":[3035,145,150,5076,982,189],"class_list":["post-211523","post","type-post","status-publish","format-standard","has-post-thumbnail","hentry","category-noticias","tag-comunidade","tag-cultura","tag-habitacao","tag-paoiti","tag-porto","tag-urbanismo"],"yoast_head":"<!-- This site is optimized with the Yoast SEO plugin v27.2 - https:\/\/yoast.com\/product\/yoast-seo-wordpress\/ -->\n<title>Espa\u00e7o Todos abre portas ao resto da cidade no Bairro do Cerco - Portal Tela Portugal<\/title>\n<meta name=\"robots\" content=\"index, follow, max-snippet:-1, max-image-preview:large, max-video-preview:-1\" \/>\n<meta property=\"og:locale\" content=\"pt_PT\" \/>\n<meta property=\"og:type\" content=\"article\" \/>\n<meta property=\"og:title\" content=\"Espa\u00e7o Todos abre portas ao resto da cidade no Bairro do Cerco - Portal Tela Portugal\" \/>\n<meta property=\"og:description\" content=\"O espa\u00e7o Todos, no Bairro do Cerco, inaugurado nesta sexta-feira no Porto, ser\u00e1 usado gratuitamente por entidades da cidade mediante reserva. A Domus Social gere a nova infraestrutura, dedicada a forma\u00e7\u00f5es, workshops, exposi\u00e7\u00f5es e reuni\u00f5es, com capacidade para cerca de setenta pessoas no audit\u00f3rio. O edif\u00edcio, localizado no n\u00famero 536 da Rua Manuel Pinheiro Rocha, era um espa\u00e7o vazio; inclui cozinha, sala de refei\u00e7\u00f5es, zona de estar, sala de reuni\u00f5es e oficina, entre outros ambientes. A interven\u00e7\u00e3o custou cerca de 850 mil euros, financiada em parte por fundos do Plano de Recupera\u00e7\u00e3o e Resili\u00eancia, via PAOITI AMP Centro Oriental, com o piso superior cedido \u00e0 APPC \u2013 IPSS. A inaugura\u00e7\u00e3o contou com atua\u00e7\u00e3o de rappers ligados ao bairro e destacou o objetivo de \u201cderrubar muros\u201d entre o Cerco e a cidade, aproximando o bairro do restante do Porto.\" \/>\n<meta property=\"og:url\" content=\"https:\/\/portaltela.pt\/noticias\/2026\/02\/13\/espaco-todos-abre-portas-ao-resto-da-cidade-no-bairro-do-cerco\/\" \/>\n<meta property=\"og:site_name\" content=\"Portal Tela Portugal\" \/>\n<meta property=\"article:published_time\" content=\"2026-02-13T18:59:00+00:00\" \/>\n<meta name=\"author\" content=\"Telinha\" \/>\n<meta name=\"twitter:card\" content=\"summary_large_image\" \/>\n<meta name=\"twitter:label1\" content=\"Escrito por\" \/>\n\t<meta name=\"twitter:data1\" content=\"Telinha\" \/>\n\t<meta name=\"twitter:label2\" content=\"Tempo estimado de leitura\" \/>\n\t<meta name=\"twitter:data2\" content=\"2 minutos\" \/>\n<script type=\"application\/ld+json\" class=\"yoast-schema-graph\">{\"@context\":\"https:\/\/schema.org\",\"@graph\":[{\"@type\":\"Article\",\"@id\":\"https:\/\/portaltela.pt\/noticias\/2026\/02\/13\/espaco-todos-abre-portas-ao-resto-da-cidade-no-bairro-do-cerco\/#article\",\"isPartOf\":{\"@id\":\"https:\/\/portaltela.pt\/noticias\/2026\/02\/13\/espaco-todos-abre-portas-ao-resto-da-cidade-no-bairro-do-cerco\/\"},\"author\":{\"name\":\"Telinha\",\"@id\":\"https:\/\/portaltela.pt\/#\/schema\/person\/c4278d4a6028830caff9ee44b42d32ed\"},\"headline\":\"Espa\u00e7o Todos abre portas ao resto da cidade no Bairro do Cerco\",\"datePublished\":\"2026-02-13T18:59:00+00:00\",\"mainEntityOfPage\":{\"@id\":\"https:\/\/portaltela.pt\/noticias\/2026\/02\/13\/espaco-todos-abre-portas-ao-resto-da-cidade-no-bairro-do-cerco\/\"},\"wordCount\":338,\"image\":{\"@id\":\"https:\/\/portaltela.pt\/noticias\/2026\/02\/13\/espaco-todos-abre-portas-ao-resto-da-cidade-no-bairro-do-cerco\/#primaryimage\"},\"thumbnailUrl\":\"https:\/\/portaltela.pt\/s.01k8rhncp4jt1\/2026\/02\/2067145.jpg\",\"keywords\":[\"comunidade\",\"cultura\",\"habita\u00e7\u00e3o\",\"PAOITI\",\"Porto\",\"urbanismo\"],\"articleSection\":[\"Not\u00edcias\"],\"inLanguage\":\"pt-PT\"},{\"@type\":\"WebPage\",\"@id\":\"https:\/\/portaltela.pt\/noticias\/2026\/02\/13\/espaco-todos-abre-portas-ao-resto-da-cidade-no-bairro-do-cerco\/\",\"url\":\"https:\/\/portaltela.pt\/noticias\/2026\/02\/13\/espaco-todos-abre-portas-ao-resto-da-cidade-no-bairro-do-cerco\/\",\"name\":\"Espa\u00e7o Todos abre portas ao resto da cidade no Bairro do Cerco - Portal Tela Portugal\",\"isPartOf\":{\"@id\":\"https:\/\/portaltela.pt\/#website\"},\"primaryImageOfPage\":{\"@id\":\"https:\/\/portaltela.pt\/noticias\/2026\/02\/13\/espaco-todos-abre-portas-ao-resto-da-cidade-no-bairro-do-cerco\/#primaryimage\"},\"image\":{\"@id\":\"https:\/\/portaltela.pt\/noticias\/2026\/02\/13\/espaco-todos-abre-portas-ao-resto-da-cidade-no-bairro-do-cerco\/#primaryimage\"},\"thumbnailUrl\":\"https:\/\/portaltela.pt\/s.01k8rhncp4jt1\/2026\/02\/2067145.jpg\",\"datePublished\":\"2026-02-13T18:59:00+00:00\",\"author\":{\"@id\":\"https:\/\/portaltela.pt\/#\/schema\/person\/c4278d4a6028830caff9ee44b42d32ed\"},\"breadcrumb\":{\"@id\":\"https:\/\/portaltela.pt\/noticias\/2026\/02\/13\/espaco-todos-abre-portas-ao-resto-da-cidade-no-bairro-do-cerco\/#breadcrumb\"},\"inLanguage\":\"pt-PT\",\"potentialAction\":[{\"@type\":\"ReadAction\",\"target\":[\"https:\/\/portaltela.pt\/noticias\/2026\/02\/13\/espaco-todos-abre-portas-ao-resto-da-cidade-no-bairro-do-cerco\/\"]}]},{\"@type\":\"ImageObject\",\"inLanguage\":\"pt-PT\",\"@id\":\"https:\/\/portaltela.pt\/noticias\/2026\/02\/13\/espaco-todos-abre-portas-ao-resto-da-cidade-no-bairro-do-cerco\/#primaryimage\",\"url\":\"https:\/\/portaltela.pt\/s.01k8rhncp4jt1\/2026\/02\/2067145.jpg\",\"contentUrl\":\"https:\/\/portaltela.pt\/s.01k8rhncp4jt1\/2026\/02\/2067145.jpg\",\"width\":796,\"height\":448,\"caption\":\"O espa\u00e7o Todos, no Bairro do Cerco, parece uma casa, mas nasceu para ser um espa\u00e7o de trabalho aberto \u00e0 comunidade\"},{\"@type\":\"BreadcrumbList\",\"@id\":\"https:\/\/portaltela.pt\/noticias\/2026\/02\/13\/espaco-todos-abre-portas-ao-resto-da-cidade-no-bairro-do-cerco\/#breadcrumb\",\"itemListElement\":[{\"@type\":\"ListItem\",\"position\":1,\"name\":\"In\u00edcio\",\"item\":\"https:\/\/portaltela.pt\/\"},{\"@type\":\"ListItem\",\"position\":2,\"name\":\"Espa\u00e7o Todos abre portas ao resto da cidade no Bairro do Cerco\"}]},{\"@type\":\"WebSite\",\"@id\":\"https:\/\/portaltela.pt\/#website\",\"url\":\"https:\/\/portaltela.pt\/\",\"name\":\"Portal Tela Portugal\",\"description\":\"\",\"potentialAction\":[{\"@type\":\"SearchAction\",\"target\":{\"@type\":\"EntryPoint\",\"urlTemplate\":\"https:\/\/portaltela.pt\/?s={search_term_string}\"},\"query-input\":{\"@type\":\"PropertyValueSpecification\",\"valueRequired\":true,\"valueName\":\"search_term_string\"}}],\"inLanguage\":\"pt-PT\"},{\"@type\":\"Person\",\"@id\":\"https:\/\/portaltela.pt\/#\/schema\/person\/c4278d4a6028830caff9ee44b42d32ed\",\"name\":\"Telinha\",\"image\":{\"@type\":\"ImageObject\",\"inLanguage\":\"pt-PT\",\"@id\":\"https:\/\/portaltela.pt\/s.01k8rhncp4jt1\/2025\/11\/talking-bot-125x125.png\",\"url\":\"https:\/\/portaltela.pt\/s.01k8rhncp4jt1\/2025\/11\/talking-bot-125x125.png\",\"contentUrl\":\"https:\/\/portaltela.pt\/s.01k8rhncp4jt1\/2025\/11\/talking-bot-125x125.png\",\"caption\":\"Telinha\"},\"sameAs\":[\"https:\/\/portaltela.pt\/\"],\"url\":\"https:\/\/portaltela.pt\/por\/367410592786\/\"}]}<\/script>\n<!-- \/ Yoast SEO plugin. -->","yoast_head_json":{"title":"Espa\u00e7o Todos abre portas ao resto da cidade no Bairro do Cerco - Portal Tela Portugal","robots":{"index":"index","follow":"follow","max-snippet":"max-snippet:-1","max-image-preview":"max-image-preview:large","max-video-preview":"max-video-preview:-1"},"og_locale":"pt_PT","og_type":"article","og_title":"Espa\u00e7o Todos abre portas ao resto da cidade no Bairro do Cerco - Portal Tela Portugal","og_description":"O espa\u00e7o Todos, no Bairro do Cerco, inaugurado nesta sexta-feira no Porto, ser\u00e1 usado gratuitamente por entidades da cidade mediante reserva. A Domus Social gere a nova infraestrutura, dedicada a forma\u00e7\u00f5es, workshops, exposi\u00e7\u00f5es e reuni\u00f5es, com capacidade para cerca de setenta pessoas no audit\u00f3rio. O edif\u00edcio, localizado no n\u00famero 536 da Rua Manuel Pinheiro Rocha, era um espa\u00e7o vazio; inclui cozinha, sala de refei\u00e7\u00f5es, zona de estar, sala de reuni\u00f5es e oficina, entre outros ambientes. A interven\u00e7\u00e3o custou cerca de 850 mil euros, financiada em parte por fundos do Plano de Recupera\u00e7\u00e3o e Resili\u00eancia, via PAOITI AMP Centro Oriental, com o piso superior cedido \u00e0 APPC \u2013 IPSS. A inaugura\u00e7\u00e3o contou com atua\u00e7\u00e3o de rappers ligados ao bairro e destacou o objetivo de \u201cderrubar muros\u201d entre o Cerco e a cidade, aproximando o bairro do restante do Porto.","og_url":"https:\/\/portaltela.pt\/noticias\/2026\/02\/13\/espaco-todos-abre-portas-ao-resto-da-cidade-no-bairro-do-cerco\/","og_site_name":"Portal Tela Portugal","article_published_time":"2026-02-13T18:59:00+00:00","author":"Telinha","twitter_card":"summary_large_image","twitter_misc":{"Escrito por":"Telinha","Tempo estimado de leitura":"2 minutos"},"schema":{"@context":"https:\/\/schema.org","@graph":[{"@type":"Article","@id":"https:\/\/portaltela.pt\/noticias\/2026\/02\/13\/espaco-todos-abre-portas-ao-resto-da-cidade-no-bairro-do-cerco\/#article","isPartOf":{"@id":"https:\/\/portaltela.pt\/noticias\/2026\/02\/13\/espaco-todos-abre-portas-ao-resto-da-cidade-no-bairro-do-cerco\/"},"author":{"name":"Telinha","@id":"https:\/\/portaltela.pt\/#\/schema\/person\/c4278d4a6028830caff9ee44b42d32ed"},"headline":"Espa\u00e7o Todos abre portas ao resto da cidade no Bairro do Cerco","datePublished":"2026-02-13T18:59:00+00:00","mainEntityOfPage":{"@id":"https:\/\/portaltela.pt\/noticias\/2026\/02\/13\/espaco-todos-abre-portas-ao-resto-da-cidade-no-bairro-do-cerco\/"},"wordCount":338,"image":{"@id":"https:\/\/portaltela.pt\/noticias\/2026\/02\/13\/espaco-todos-abre-portas-ao-resto-da-cidade-no-bairro-do-cerco\/#primaryimage"},"thumbnailUrl":"https:\/\/portaltela.pt\/s.01k8rhncp4jt1\/2026\/02\/2067145.jpg","keywords":["comunidade","cultura","habita\u00e7\u00e3o","PAOITI","Porto","urbanismo"],"articleSection":["Not\u00edcias"],"inLanguage":"pt-PT"},{"@type":"WebPage","@id":"https:\/\/portaltela.pt\/noticias\/2026\/02\/13\/espaco-todos-abre-portas-ao-resto-da-cidade-no-bairro-do-cerco\/","url":"https:\/\/portaltela.pt\/noticias\/2026\/02\/13\/espaco-todos-abre-portas-ao-resto-da-cidade-no-bairro-do-cerco\/","name":"Espa\u00e7o Todos abre portas ao resto da cidade no Bairro do Cerco - Portal Tela Portugal","isPartOf":{"@id":"https:\/\/portaltela.pt\/#website"},"primaryImageOfPage":{"@id":"https:\/\/portaltela.pt\/noticias\/2026\/02\/13\/espaco-todos-abre-portas-ao-resto-da-cidade-no-bairro-do-cerco\/#primaryimage"},"image":{"@id":"https:\/\/portaltela.pt\/noticias\/2026\/02\/13\/espaco-todos-abre-portas-ao-resto-da-cidade-no-bairro-do-cerco\/#primaryimage"},"thumbnailUrl":"https:\/\/portaltela.pt\/s.01k8rhncp4jt1\/2026\/02\/2067145.jpg","datePublished":"2026-02-13T18:59:00+00:00","author":{"@id":"https:\/\/portaltela.pt\/#\/schema\/person\/c4278d4a6028830caff9ee44b42d32ed"},"breadcrumb":{"@id":"https:\/\/portaltela.pt\/noticias\/2026\/02\/13\/espaco-todos-abre-portas-ao-resto-da-cidade-no-bairro-do-cerco\/#breadcrumb"},"inLanguage":"pt-PT","potentialAction":[{"@type":"ReadAction","target":["https:\/\/portaltela.pt\/noticias\/2026\/02\/13\/espaco-todos-abre-portas-ao-resto-da-cidade-no-bairro-do-cerco\/"]}]},{"@type":"ImageObject","inLanguage":"pt-PT","@id":"https:\/\/portaltela.pt\/noticias\/2026\/02\/13\/espaco-todos-abre-portas-ao-resto-da-cidade-no-bairro-do-cerco\/#primaryimage","url":"https:\/\/portaltela.pt\/s.01k8rhncp4jt1\/2026\/02\/2067145.jpg","contentUrl":"https:\/\/portaltela.pt\/s.01k8rhncp4jt1\/2026\/02\/2067145.jpg","width":796,"height":448,"caption":"O espa\u00e7o Todos, no Bairro do Cerco, parece uma casa, mas nasceu para ser um espa\u00e7o de trabalho aberto \u00e0 comunidade"},{"@type":"BreadcrumbList","@id":"https:\/\/portaltela.pt\/noticias\/2026\/02\/13\/espaco-todos-abre-portas-ao-resto-da-cidade-no-bairro-do-cerco\/#breadcrumb","itemListElement":[{"@type":"ListItem","position":1,"name":"In\u00edcio","item":"https:\/\/portaltela.pt\/"},{"@type":"ListItem","position":2,"name":"Espa\u00e7o Todos abre portas ao resto da cidade no Bairro do Cerco"}]},{"@type":"WebSite","@id":"https:\/\/portaltela.pt\/#website","url":"https:\/\/portaltela.pt\/","name":"Portal Tela Portugal","description":"","potentialAction":[{"@type":"SearchAction","target":{"@type":"EntryPoint","urlTemplate":"https:\/\/portaltela.pt\/?s={search_term_string}"},"query-input":{"@type":"PropertyValueSpecification","valueRequired":true,"valueName":"search_term_string"}}],"inLanguage":"pt-PT"},{"@type":"Person","@id":"https:\/\/portaltela.pt\/#\/schema\/person\/c4278d4a6028830caff9ee44b42d32ed","name":"Telinha","image":{"@type":"ImageObject","inLanguage":"pt-PT","@id":"https:\/\/portaltela.pt\/s.01k8rhncp4jt1\/2025\/11\/talking-bot-125x125.png","url":"https:\/\/portaltela.pt\/s.01k8rhncp4jt1\/2025\/11\/talking-bot-125x125.png","contentUrl":"https:\/\/portaltela.pt\/s.01k8rhncp4jt1\/2025\/11\/talking-bot-125x125.png","caption":"Telinha"},"sameAs":["https:\/\/portaltela.pt\/"],"url":"https:\/\/portaltela.pt\/por\/367410592786\/"}]}},"_links":{"self":[{"href":"https:\/\/portaltela.pt\/api\/wp\/v2\/posts\/211523","targetHints":{"allow":["GET"]}}],"collection":[{"href":"https:\/\/portaltela.pt\/api\/wp\/v2\/posts"}],"about":[{"href":"https:\/\/portaltela.pt\/api\/wp\/v2\/types\/post"}],"author":[{"embeddable":true,"href":"https:\/\/portaltela.pt\/api\/wp\/v2\/users\/2"}],"replies":[{"embeddable":true,"href":"https:\/\/portaltela.pt\/api\/wp\/v2\/comments?post=211523"}],"version-history":[{"count":0,"href":"https:\/\/portaltela.pt\/api\/wp\/v2\/posts\/211523\/revisions"}],"wp:featuredmedia":[{"embeddable":true,"href":"https:\/\/portaltela.pt\/api\/wp\/v2\/media\/211526"}],"wp:attachment":[{"href":"https:\/\/portaltela.pt\/api\/wp\/v2\/media?parent=211523"}],"wp:term":[{"taxonomy":"category","embeddable":true,"href":"https:\/\/portaltela.pt\/api\/wp\/v2\/categories?post=211523"},{"taxonomy":"post_tag","embeddable":true,"href":"https:\/\/portaltela.pt\/api\/wp\/v2\/tags?post=211523"}],"curies":[{"name":"wp","href":"https:\/\/api.w.org\/{rel}","templated":true}]}}