{"id":211502,"date":"2026-02-13T15:47:00","date_gmt":"2026-02-13T18:47:00","guid":{"rendered":"https:\/\/portaltela.pt\/noticias\/2026\/02\/13\/mais-de-250-bibliotecas-publicas-com-danos-apos-tempestades\/"},"modified":"2026-02-13T15:47:00","modified_gmt":"2026-02-13T18:47:00","slug":"mais-de-250-bibliotecas-publicas-com-danos-apos-tempestades","status":"publish","type":"post","link":"https:\/\/portaltela.pt\/noticias\/2026\/02\/13\/mais-de-250-bibliotecas-publicas-com-danos-apos-tempestades\/","title":{"rendered":"Mais de 250 bibliotecas p\u00fablicas com danos ap\u00f3s tempestades"},"content":{"rendered":"<p>Mais de 250 bibliotecas p\u00fablicas em Portugal registaram danos resultantes de tempestades recentes, com o foco em infiltra\u00e7\u00f5es e inunda\u00e7\u00f5es de pequena dimens\u00e3o. No conjunto, 78% das unidades mant\u00e9m-se em funcionamento, tendo algumas alargado hor\u00e1rios para apoiar as popula\u00e7\u00f5es.<\/p>\n<p>Mais da metade das bibliotecas da Rede Nacional de Bibliotecas P\u00fablicas foram afetadas, sobretudo as de Alc\u00e1cer do Sal, Santar\u00e9m, Leiria, Caldas da Rainha, Pombal e Marinha Grande. Os dados atuais s\u00e3o recolhidos pela DGLAB e atualizados de forma cont\u00ednua.<\/p>\n<p>Segundo a DGLAB, 52% das bibliotecas da rede indicaram ter sido afetadas pelo mau tempo, com maior incid\u00eancia na regi\u00e3o centro. O registo ainda est\u00e1 em evolu\u00e7\u00e3o, j\u00e1 que contactos com bibliotecas n\u00e3o est\u00e3o a fluir com a mesma cad\u00eancia.<\/p>\n<p>Entre as quase 255 bibliotecas atingidas desde 28 de janeiro, 80% registaram infiltra\u00e7\u00f5es, inunda\u00e7\u00f5es pequenas ou problemas externos como falhas el\u00e9tricas e de comunica\u00e7\u00f5es. As restantes tiveram impactos menores, incluindo dificuldades de acesso de trabalhadores.<\/p>\n<p>Apesar dos danos, 78% das bibliotecas mantiveram-se abertas, com 22% a encerrar parcialmente espa\u00e7os ou servi\u00e7os. Os estabelecimentos com maiores preju\u00edzos identificados est\u00e3o em Alc\u00e1cer do Sal, Santar\u00e9m, Leiria, Caldas da Rainha, Pombal e Marinha Grande.<\/p>\n<p>A\u00c7\u00d4es mais graves<\/p>\n<p>Alc\u00e1cer do Sal relatou encerramento por tempo indeterminado ap\u00f3s danos no piso t\u00e9rreo, com salas infantis e armaz\u00e9ns afetados e grandes danos no audit\u00f3rio e na exposi\u00e7\u00e3o. A biblioteca pediu doa\u00e7\u00f5es de livros infantis, mas a capacidade de gest\u00e3o ficou limitada pelo mau tempo.<\/p>\n<p>Pombal sofreu estragos significativos no piso superior e na parte traseira, com infiltra\u00e7\u00f5es, falta de coberturas e janelas danificadas. Alguns computadores foram destru\u00eddos e parte interna, incluindo a oficina, ficou comprometida.<\/p>\n<p>Marinha Grande foi outra das que registou danos relevantes, com a perda de cobertura e maior gravidade na exposi\u00e7\u00e3o de estantes e livros, que ficaram protegidos apenas por pl\u00e1sticos para reduzir perdas.<\/p>\n<p>Estrutura de apoio \u00e0 comunidade<\/p>\n<p>O servi\u00e7o p\u00fablico destaca o papel das bibliotecas como pontos abertos, gratuitos e seguros, com apoio t\u00e9cnico para informa\u00e7\u00f5es e uso de equipamentos. V\u00e1rias unidades passaram a funcionar como pontos de carregamento de telem\u00f3veis e acesso \u00e0 Internet, servindo comunidades durante as tempestades.<\/p>\n<p>Algumas bibliotecas ajustaram hor\u00e1rios para responder \u00e0 procura. Em Pombal, por exemplo, o hor\u00e1rio alargou-se para as 9h00-20h00, de segunda a s\u00e1bado, para atender os utentes. A Rede Nacional de Bibliotecas P\u00fablicas continua a monitorizar os impactos com o objetivo de apoiar as popula\u00e7\u00f5es.<\/p>\n","protected":false},"excerpt":{"rendered":"<ul>\n<li>Mais de 250 bibliotecas p\u00fablicas portuguesas foram afetadas pelas tempestades, com danos que incluem infiltra\u00e7\u00f5es e inunda\u00e7\u00f5es de pequena dimens\u00e3o.<\/li>\n<li>Das quase 255 bibliotecas atingidas, 80% registaram danos nesses casos, enquanto 78% conseguiram manter-se em funcionamento, com alguns espa\u00e7os a ter hor\u00e1rios alargados.<\/li>\n<li>As zonas mais afectadas foram Alc\u00e1cer do Sal, Santar\u00e9m, Leiria, Caldas da Rainha, Pombal e Marinha Grande, que sofreram o maior impacto.<\/li>\n<li>Algumas bibliotecas registaram estragos graves, como Alc\u00e1cer do Sal (encerramento por tempo indeterminado), Pombal (infiltra\u00e7\u00f5es e danos no piso superior) e Marinha Grande (perda de cobertura).<\/li>\n<li>Em resposta, as bibliotecas t\u00eam vindo a apoiar as comunidades, com hor\u00e1rios alargados em alguns casos e a disponibiliza\u00e7\u00e3o de servi\u00e7os b\u00e1sicos como internet e pontos de carregamento, al\u00e9m de pedidos de doa\u00e7\u00e3o de livros em Alc\u00e1cer do Sal.<\/li>\n<\/ul>\n","protected":false},"author":2,"featured_media":211505,"comment_status":"closed","ping_status":"closed","sticky":false,"template":"","format":"standard","meta":{"footnotes":""},"categories":[1],"tags":[3812,1998,1078,4676,2293,898],"class_list":["post-211502","post","type-post","status-publish","format-standard","has-post-thumbnail","hentry","category-noticias","tag-alagamentos","tag-alcacer-do-sal","tag-bibliotecas-arquivos","tag-infiltracoes","tag-inundacoes","tag-santarem"],"yoast_head":"<!-- This site is optimized with the Yoast SEO plugin v27.2 - https:\/\/yoast.com\/product\/yoast-seo-wordpress\/ -->\n<title>Mais de 250 bibliotecas p\u00fablicas com danos ap\u00f3s tempestades - Portal Tela Portugal<\/title>\n<meta name=\"robots\" content=\"index, follow, max-snippet:-1, max-image-preview:large, max-video-preview:-1\" \/>\n<meta property=\"og:locale\" content=\"pt_PT\" \/>\n<meta property=\"og:type\" content=\"article\" \/>\n<meta property=\"og:title\" content=\"Mais de 250 bibliotecas p\u00fablicas com danos ap\u00f3s tempestades - Portal Tela Portugal\" \/>\n<meta property=\"og:description\" content=\"Mais de 250 bibliotecas p\u00fablicas portuguesas foram afetadas pelas tempestades, com danos que incluem infiltra\u00e7\u00f5es e inunda\u00e7\u00f5es de pequena dimens\u00e3o. Das quase 255 bibliotecas atingidas, 80% registaram danos nesses casos, enquanto 78% conseguiram manter-se em funcionamento, com alguns espa\u00e7os a ter hor\u00e1rios alargados. As zonas mais afectadas foram Alc\u00e1cer do Sal, Santar\u00e9m, Leiria, Caldas da Rainha, Pombal e Marinha Grande, que sofreram o maior impacto. Algumas bibliotecas registaram estragos graves, como Alc\u00e1cer do Sal (encerramento por tempo indeterminado), Pombal (infiltra\u00e7\u00f5es e danos no piso superior) e Marinha Grande (perda de cobertura). Em resposta, as bibliotecas t\u00eam vindo a apoiar as comunidades, com hor\u00e1rios alargados em alguns casos e a disponibiliza\u00e7\u00e3o de servi\u00e7os b\u00e1sicos como internet e pontos de carregamento, al\u00e9m de pedidos de doa\u00e7\u00e3o de livros em Alc\u00e1cer do Sal.\" \/>\n<meta property=\"og:url\" content=\"https:\/\/portaltela.pt\/noticias\/2026\/02\/13\/mais-de-250-bibliotecas-publicas-com-danos-apos-tempestades\/\" \/>\n<meta property=\"og:site_name\" content=\"Portal Tela Portugal\" \/>\n<meta property=\"article:published_time\" content=\"2026-02-13T18:47:00+00:00\" \/>\n<meta name=\"author\" content=\"Telinha\" \/>\n<meta name=\"twitter:card\" content=\"summary_large_image\" \/>\n<meta name=\"twitter:label1\" content=\"Escrito por\" \/>\n\t<meta name=\"twitter:data1\" content=\"Telinha\" \/>\n\t<meta name=\"twitter:label2\" content=\"Tempo estimado de leitura\" \/>\n\t<meta name=\"twitter:data2\" content=\"2 minutos\" \/>\n<script type=\"application\/ld+json\" class=\"yoast-schema-graph\">{\"@context\":\"https:\/\/schema.org\",\"@graph\":[{\"@type\":\"Article\",\"@id\":\"https:\/\/portaltela.pt\/noticias\/2026\/02\/13\/mais-de-250-bibliotecas-publicas-com-danos-apos-tempestades\/#article\",\"isPartOf\":{\"@id\":\"https:\/\/portaltela.pt\/noticias\/2026\/02\/13\/mais-de-250-bibliotecas-publicas-com-danos-apos-tempestades\/\"},\"author\":{\"name\":\"Telinha\",\"@id\":\"https:\/\/portaltela.pt\/#\/schema\/person\/c4278d4a6028830caff9ee44b42d32ed\"},\"headline\":\"Mais de 250 bibliotecas p\u00fablicas com danos ap\u00f3s tempestades\",\"datePublished\":\"2026-02-13T18:47:00+00:00\",\"mainEntityOfPage\":{\"@id\":\"https:\/\/portaltela.pt\/noticias\/2026\/02\/13\/mais-de-250-bibliotecas-publicas-com-danos-apos-tempestades\/\"},\"wordCount\":445,\"image\":{\"@id\":\"https:\/\/portaltela.pt\/noticias\/2026\/02\/13\/mais-de-250-bibliotecas-publicas-com-danos-apos-tempestades\/#primaryimage\"},\"thumbnailUrl\":\"https:\/\/portaltela.pt\/s.01k8rhncp4jt1\/2026\/02\/2067134.jpg\",\"keywords\":[\"alagamentos\",\"Alc\u00e1cer do Sal\",\"bibliotecas\/arquivos\",\"infiltra\u00e7\u00f5es\",\"inunda\u00e7\u00f5es\",\"Santar\u00e9m\"],\"articleSection\":[\"Not\u00edcias\"],\"inLanguage\":\"pt-PT\"},{\"@type\":\"WebPage\",\"@id\":\"https:\/\/portaltela.pt\/noticias\/2026\/02\/13\/mais-de-250-bibliotecas-publicas-com-danos-apos-tempestades\/\",\"url\":\"https:\/\/portaltela.pt\/noticias\/2026\/02\/13\/mais-de-250-bibliotecas-publicas-com-danos-apos-tempestades\/\",\"name\":\"Mais de 250 bibliotecas p\u00fablicas com danos ap\u00f3s tempestades - Portal Tela Portugal\",\"isPartOf\":{\"@id\":\"https:\/\/portaltela.pt\/#website\"},\"primaryImageOfPage\":{\"@id\":\"https:\/\/portaltela.pt\/noticias\/2026\/02\/13\/mais-de-250-bibliotecas-publicas-com-danos-apos-tempestades\/#primaryimage\"},\"image\":{\"@id\":\"https:\/\/portaltela.pt\/noticias\/2026\/02\/13\/mais-de-250-bibliotecas-publicas-com-danos-apos-tempestades\/#primaryimage\"},\"thumbnailUrl\":\"https:\/\/portaltela.pt\/s.01k8rhncp4jt1\/2026\/02\/2067134.jpg\",\"datePublished\":\"2026-02-13T18:47:00+00:00\",\"author\":{\"@id\":\"https:\/\/portaltela.pt\/#\/schema\/person\/c4278d4a6028830caff9ee44b42d32ed\"},\"breadcrumb\":{\"@id\":\"https:\/\/portaltela.pt\/noticias\/2026\/02\/13\/mais-de-250-bibliotecas-publicas-com-danos-apos-tempestades\/#breadcrumb\"},\"inLanguage\":\"pt-PT\",\"potentialAction\":[{\"@type\":\"ReadAction\",\"target\":[\"https:\/\/portaltela.pt\/noticias\/2026\/02\/13\/mais-de-250-bibliotecas-publicas-com-danos-apos-tempestades\/\"]}]},{\"@type\":\"ImageObject\",\"inLanguage\":\"pt-PT\",\"@id\":\"https:\/\/portaltela.pt\/noticias\/2026\/02\/13\/mais-de-250-bibliotecas-publicas-com-danos-apos-tempestades\/#primaryimage\",\"url\":\"https:\/\/portaltela.pt\/s.01k8rhncp4jt1\/2026\/02\/2067134.jpg\",\"contentUrl\":\"https:\/\/portaltela.pt\/s.01k8rhncp4jt1\/2026\/02\/2067134.jpg\",\"width\":796,\"height\":448,\"caption\":\"Biblioteca Municipal de Pombal\"},{\"@type\":\"BreadcrumbList\",\"@id\":\"https:\/\/portaltela.pt\/noticias\/2026\/02\/13\/mais-de-250-bibliotecas-publicas-com-danos-apos-tempestades\/#breadcrumb\",\"itemListElement\":[{\"@type\":\"ListItem\",\"position\":1,\"name\":\"In\u00edcio\",\"item\":\"https:\/\/portaltela.pt\/\"},{\"@type\":\"ListItem\",\"position\":2,\"name\":\"Mais de 250 bibliotecas p\u00fablicas com danos ap\u00f3s tempestades\"}]},{\"@type\":\"WebSite\",\"@id\":\"https:\/\/portaltela.pt\/#website\",\"url\":\"https:\/\/portaltela.pt\/\",\"name\":\"Portal Tela Portugal\",\"description\":\"\",\"potentialAction\":[{\"@type\":\"SearchAction\",\"target\":{\"@type\":\"EntryPoint\",\"urlTemplate\":\"https:\/\/portaltela.pt\/?s={search_term_string}\"},\"query-input\":{\"@type\":\"PropertyValueSpecification\",\"valueRequired\":true,\"valueName\":\"search_term_string\"}}],\"inLanguage\":\"pt-PT\"},{\"@type\":\"Person\",\"@id\":\"https:\/\/portaltela.pt\/#\/schema\/person\/c4278d4a6028830caff9ee44b42d32ed\",\"name\":\"Telinha\",\"image\":{\"@type\":\"ImageObject\",\"inLanguage\":\"pt-PT\",\"@id\":\"https:\/\/portaltela.pt\/s.01k8rhncp4jt1\/2025\/11\/talking-bot-125x125.png\",\"url\":\"https:\/\/portaltela.pt\/s.01k8rhncp4jt1\/2025\/11\/talking-bot-125x125.png\",\"contentUrl\":\"https:\/\/portaltela.pt\/s.01k8rhncp4jt1\/2025\/11\/talking-bot-125x125.png\",\"caption\":\"Telinha\"},\"sameAs\":[\"https:\/\/portaltela.pt\/\"],\"url\":\"https:\/\/portaltela.pt\/por\/367410592786\/\"}]}<\/script>\n<!-- \/ Yoast SEO plugin. -->","yoast_head_json":{"title":"Mais de 250 bibliotecas p\u00fablicas com danos ap\u00f3s tempestades - Portal Tela Portugal","robots":{"index":"index","follow":"follow","max-snippet":"max-snippet:-1","max-image-preview":"max-image-preview:large","max-video-preview":"max-video-preview:-1"},"og_locale":"pt_PT","og_type":"article","og_title":"Mais de 250 bibliotecas p\u00fablicas com danos ap\u00f3s tempestades - Portal Tela Portugal","og_description":"Mais de 250 bibliotecas p\u00fablicas portuguesas foram afetadas pelas tempestades, com danos que incluem infiltra\u00e7\u00f5es e inunda\u00e7\u00f5es de pequena dimens\u00e3o. Das quase 255 bibliotecas atingidas, 80% registaram danos nesses casos, enquanto 78% conseguiram manter-se em funcionamento, com alguns espa\u00e7os a ter hor\u00e1rios alargados. As zonas mais afectadas foram Alc\u00e1cer do Sal, Santar\u00e9m, Leiria, Caldas da Rainha, Pombal e Marinha Grande, que sofreram o maior impacto. Algumas bibliotecas registaram estragos graves, como Alc\u00e1cer do Sal (encerramento por tempo indeterminado), Pombal (infiltra\u00e7\u00f5es e danos no piso superior) e Marinha Grande (perda de cobertura). Em resposta, as bibliotecas t\u00eam vindo a apoiar as comunidades, com hor\u00e1rios alargados em alguns casos e a disponibiliza\u00e7\u00e3o de servi\u00e7os b\u00e1sicos como internet e pontos de carregamento, al\u00e9m de pedidos de doa\u00e7\u00e3o de livros em Alc\u00e1cer do Sal.","og_url":"https:\/\/portaltela.pt\/noticias\/2026\/02\/13\/mais-de-250-bibliotecas-publicas-com-danos-apos-tempestades\/","og_site_name":"Portal Tela Portugal","article_published_time":"2026-02-13T18:47:00+00:00","author":"Telinha","twitter_card":"summary_large_image","twitter_misc":{"Escrito por":"Telinha","Tempo estimado de leitura":"2 minutos"},"schema":{"@context":"https:\/\/schema.org","@graph":[{"@type":"Article","@id":"https:\/\/portaltela.pt\/noticias\/2026\/02\/13\/mais-de-250-bibliotecas-publicas-com-danos-apos-tempestades\/#article","isPartOf":{"@id":"https:\/\/portaltela.pt\/noticias\/2026\/02\/13\/mais-de-250-bibliotecas-publicas-com-danos-apos-tempestades\/"},"author":{"name":"Telinha","@id":"https:\/\/portaltela.pt\/#\/schema\/person\/c4278d4a6028830caff9ee44b42d32ed"},"headline":"Mais de 250 bibliotecas p\u00fablicas com danos ap\u00f3s tempestades","datePublished":"2026-02-13T18:47:00+00:00","mainEntityOfPage":{"@id":"https:\/\/portaltela.pt\/noticias\/2026\/02\/13\/mais-de-250-bibliotecas-publicas-com-danos-apos-tempestades\/"},"wordCount":445,"image":{"@id":"https:\/\/portaltela.pt\/noticias\/2026\/02\/13\/mais-de-250-bibliotecas-publicas-com-danos-apos-tempestades\/#primaryimage"},"thumbnailUrl":"https:\/\/portaltela.pt\/s.01k8rhncp4jt1\/2026\/02\/2067134.jpg","keywords":["alagamentos","Alc\u00e1cer do Sal","bibliotecas\/arquivos","infiltra\u00e7\u00f5es","inunda\u00e7\u00f5es","Santar\u00e9m"],"articleSection":["Not\u00edcias"],"inLanguage":"pt-PT"},{"@type":"WebPage","@id":"https:\/\/portaltela.pt\/noticias\/2026\/02\/13\/mais-de-250-bibliotecas-publicas-com-danos-apos-tempestades\/","url":"https:\/\/portaltela.pt\/noticias\/2026\/02\/13\/mais-de-250-bibliotecas-publicas-com-danos-apos-tempestades\/","name":"Mais de 250 bibliotecas p\u00fablicas com danos ap\u00f3s tempestades - Portal Tela Portugal","isPartOf":{"@id":"https:\/\/portaltela.pt\/#website"},"primaryImageOfPage":{"@id":"https:\/\/portaltela.pt\/noticias\/2026\/02\/13\/mais-de-250-bibliotecas-publicas-com-danos-apos-tempestades\/#primaryimage"},"image":{"@id":"https:\/\/portaltela.pt\/noticias\/2026\/02\/13\/mais-de-250-bibliotecas-publicas-com-danos-apos-tempestades\/#primaryimage"},"thumbnailUrl":"https:\/\/portaltela.pt\/s.01k8rhncp4jt1\/2026\/02\/2067134.jpg","datePublished":"2026-02-13T18:47:00+00:00","author":{"@id":"https:\/\/portaltela.pt\/#\/schema\/person\/c4278d4a6028830caff9ee44b42d32ed"},"breadcrumb":{"@id":"https:\/\/portaltela.pt\/noticias\/2026\/02\/13\/mais-de-250-bibliotecas-publicas-com-danos-apos-tempestades\/#breadcrumb"},"inLanguage":"pt-PT","potentialAction":[{"@type":"ReadAction","target":["https:\/\/portaltela.pt\/noticias\/2026\/02\/13\/mais-de-250-bibliotecas-publicas-com-danos-apos-tempestades\/"]}]},{"@type":"ImageObject","inLanguage":"pt-PT","@id":"https:\/\/portaltela.pt\/noticias\/2026\/02\/13\/mais-de-250-bibliotecas-publicas-com-danos-apos-tempestades\/#primaryimage","url":"https:\/\/portaltela.pt\/s.01k8rhncp4jt1\/2026\/02\/2067134.jpg","contentUrl":"https:\/\/portaltela.pt\/s.01k8rhncp4jt1\/2026\/02\/2067134.jpg","width":796,"height":448,"caption":"Biblioteca Municipal de Pombal"},{"@type":"BreadcrumbList","@id":"https:\/\/portaltela.pt\/noticias\/2026\/02\/13\/mais-de-250-bibliotecas-publicas-com-danos-apos-tempestades\/#breadcrumb","itemListElement":[{"@type":"ListItem","position":1,"name":"In\u00edcio","item":"https:\/\/portaltela.pt\/"},{"@type":"ListItem","position":2,"name":"Mais de 250 bibliotecas p\u00fablicas com danos ap\u00f3s tempestades"}]},{"@type":"WebSite","@id":"https:\/\/portaltela.pt\/#website","url":"https:\/\/portaltela.pt\/","name":"Portal Tela Portugal","description":"","potentialAction":[{"@type":"SearchAction","target":{"@type":"EntryPoint","urlTemplate":"https:\/\/portaltela.pt\/?s={search_term_string}"},"query-input":{"@type":"PropertyValueSpecification","valueRequired":true,"valueName":"search_term_string"}}],"inLanguage":"pt-PT"},{"@type":"Person","@id":"https:\/\/portaltela.pt\/#\/schema\/person\/c4278d4a6028830caff9ee44b42d32ed","name":"Telinha","image":{"@type":"ImageObject","inLanguage":"pt-PT","@id":"https:\/\/portaltela.pt\/s.01k8rhncp4jt1\/2025\/11\/talking-bot-125x125.png","url":"https:\/\/portaltela.pt\/s.01k8rhncp4jt1\/2025\/11\/talking-bot-125x125.png","contentUrl":"https:\/\/portaltela.pt\/s.01k8rhncp4jt1\/2025\/11\/talking-bot-125x125.png","caption":"Telinha"},"sameAs":["https:\/\/portaltela.pt\/"],"url":"https:\/\/portaltela.pt\/por\/367410592786\/"}]}},"_links":{"self":[{"href":"https:\/\/portaltela.pt\/api\/wp\/v2\/posts\/211502","targetHints":{"allow":["GET"]}}],"collection":[{"href":"https:\/\/portaltela.pt\/api\/wp\/v2\/posts"}],"about":[{"href":"https:\/\/portaltela.pt\/api\/wp\/v2\/types\/post"}],"author":[{"embeddable":true,"href":"https:\/\/portaltela.pt\/api\/wp\/v2\/users\/2"}],"replies":[{"embeddable":true,"href":"https:\/\/portaltela.pt\/api\/wp\/v2\/comments?post=211502"}],"version-history":[{"count":0,"href":"https:\/\/portaltela.pt\/api\/wp\/v2\/posts\/211502\/revisions"}],"wp:featuredmedia":[{"embeddable":true,"href":"https:\/\/portaltela.pt\/api\/wp\/v2\/media\/211505"}],"wp:attachment":[{"href":"https:\/\/portaltela.pt\/api\/wp\/v2\/media?parent=211502"}],"wp:term":[{"taxonomy":"category","embeddable":true,"href":"https:\/\/portaltela.pt\/api\/wp\/v2\/categories?post=211502"},{"taxonomy":"post_tag","embeddable":true,"href":"https:\/\/portaltela.pt\/api\/wp\/v2\/tags?post=211502"}],"curies":[{"name":"wp","href":"https:\/\/api.w.org\/{rel}","templated":true}]}}