{"id":211501,"date":"2026-02-13T15:26:00","date_gmt":"2026-02-13T18:26:00","guid":{"rendered":"https:\/\/portaltela.pt\/noticias\/2026\/02\/13\/fim-de-semana-espalhar-amor-e-celebrar-o-entrudo\/"},"modified":"2026-02-13T15:26:00","modified_gmt":"2026-02-13T18:26:00","slug":"fim-de-semana-espalhar-amor-e-celebrar-o-entrudo","status":"publish","type":"post","link":"https:\/\/portaltela.pt\/noticias\/2026\/02\/13\/fim-de-semana-espalhar-amor-e-celebrar-o-entrudo\/","title":{"rendered":"Fim de semana: espalhar amor e celebrar o Entrudo"},"content":{"rendered":"<p>Em pleno fim-de-semana, o pa\u00eds prepara-se para um conjunto de iniciativas culturais ligadas ao amor, ao Entrudo e \u00e0 tradi\u00e7\u00e3o. O cartaz junta m\u00fasica, dan\u00e7as, desfiles e feiras em v\u00e1rias regi\u00f5es entre 12 e 17 de fevereiro. A programa\u00e7\u00e3o visa mobilizar fam\u00edlias e p\u00fablico em geral.<\/p>\n<p>Entre os destaques est\u00e3o 16 concertos intimistas, com artistas nacionais como S\u00e9rgio Godinho, GNR, Delfins, Aurea, Carolina Deslandes, Marisa Liz e Ricardo Ribeiro. Os espet\u00e1culos decorrem em diferentes cidades, com entradas gratuitas ou pagas.<\/p>\n<p>Devido a zonas em estado de calamidade, alguns eventos podem sofrer adiamentos ou altera\u00e7\u00f5es. Os promotores alertam para confirmar hor\u00e1rios junto das organiza\u00e7\u00f5es locais antes de rumar aos locais.<\/p>\n<h3>Entrudo Chocalheiro<\/h3>\n<p>MACEDO DE CAVALEIROS Podence. De 14\/2 a 17\/2. O Carnaval, reconhecido pela UNESCO como Patrim\u00f3nio Imaterial, apresenta caretos, desfiles, bailes, exposi\u00e7\u00f5es e feira de produtos regionais. A programa\u00e7\u00e3o inclui a Ronda das Tabernas, Festival Gastron\u00f3mico do Grelo e a Queimada.<\/p>\n<h3>Entrudan\u00e7as<\/h3>\n<p>CASTRO VERDE Entradas. De 13\/2 a 15\/2. 15\u20ac (noite), 20\u20ac (dia); 50\u20ac (passe geral). O festival, organizado pela P\u00e9deXumbo, promove dan\u00e7a, m\u00fasica e cultura alentejana com atividades para toda a fam\u00edlia, sob o tema Dan\u00e7a com Voz.<\/p>\n<h3>Concerto de Carnaval<\/h3>\n<p>LISBOA Centro Cultural de Bel\u00e9m. 15\/2, \u00e0s 17h. M\/6. 7\u20ac a 35\u20ac. A Orquestra Metropolitana de Lisboa apresenta um programa com obras de Mozart, Bizet, Schumann, Rossini, Falla e Sousa, entre outros. O dress code convida a usar perucas, plumas e serpentinas.<\/p>\n<h3>Feira do Queijo Serra da Estrela<\/h3>\n<p>SEIA Mercado Municipal. 14\/2 a 17\/2, 10h-20h; tasquinhas at\u00e9 \u00e0s 22h. A 49.\u00aa edi\u00e7\u00e3o destaca as ra\u00edzes da pastor\u00edcia e a tradi\u00e7\u00e3o queijeira, com enchidos, p\u00e3o, vinho do D\u00e3o, mel, azeite, artesanato e demonstra\u00e7\u00f5es culin\u00e1rias.<\/p>\n","protected":false},"excerpt":{"rendered":"<ul>\n<li>O fim de semana traz o festival \u201cO que fazer neste fim-de-semana? Espalhar o amor e o Entrudo\u201d, com 16 concertos intimistas de norte a sul e entradas entre Gr\u00e1tis e 47,50\u20ac, de 12 a 15 de fevereiro, em v\u00e1rias localidades.<\/li>\n<li>Entrudo Chocalheiro, em Macedo de Cavaleiros Podence, de 14 a 17 de fevereiro, \u00e9 reconhecido pela UNESCO como Patrim\u00f3nio Imaterial da Humanidade e inclui caretos, desfiles e festa popular.<\/li>\n<li>Entrudan\u00e7as, em Castro Verde Entradas, de 13 a 15 de fevereiro, com 15\u20ac \u00e0 noite, 20\u20ac durante o dia e 50\u20ac o passe geral; espet\u00e1culo centrado na cultura alentejana e dan\u00e7a.<\/li>\n<li>Concerto de Carnaval, em Lisboa, no Centro Cultural de Bel\u00e9m, dia 15 de fevereiro \u00e0s 17h; entrada entre 7\u20ac e 35\u20ac; programa com Mozart, Bizet, entre outros, com traje festivo recomendado.<\/li>\n<li>Feira do Queijo Serra da Estrela, em Seia, Mercado Municipal, de 14 a 17 de fevereiro, das 10h \u00e0s 20h (tasquinhas at\u00e9 \u00e0s 22h); entrada livre e destaque para queijos, enchidos e produtos regionais.<\/li>\n<\/ul>\n","protected":false},"author":2,"featured_media":211506,"comment_status":"closed","ping_status":"closed","sticky":false,"template":"","format":"standard","meta":{"footnotes":""},"categories":[1],"tags":[5055,1683,981,5896,3954,1658],"class_list":["post-211501","post","type-post","status-publish","format-standard","has-post-thumbnail","hentry","category-noticias","tag-castro-verde","tag-danca","tag-lisboa","tag-macedo-de-cavaleiros","tag-seia","tag-serra-da-estrela"],"yoast_head":"<!-- This site is optimized with the Yoast SEO plugin v27.2 - https:\/\/yoast.com\/product\/yoast-seo-wordpress\/ -->\n<title>Fim de semana: espalhar amor e celebrar o Entrudo - Portal Tela Portugal<\/title>\n<meta name=\"robots\" content=\"index, follow, max-snippet:-1, max-image-preview:large, max-video-preview:-1\" \/>\n<meta property=\"og:locale\" content=\"pt_PT\" \/>\n<meta property=\"og:type\" content=\"article\" \/>\n<meta property=\"og:title\" content=\"Fim de semana: espalhar amor e celebrar o Entrudo - Portal Tela Portugal\" \/>\n<meta property=\"og:description\" content=\"O fim de semana traz o festival \u201cO que fazer neste fim-de-semana? Espalhar o amor e o Entrudo\u201d, com 16 concertos intimistas de norte a sul e entradas entre Gr\u00e1tis e 47,50\u20ac, de 12 a 15 de fevereiro, em v\u00e1rias localidades. Entrudo Chocalheiro, em Macedo de Cavaleiros Podence, de 14 a 17 de fevereiro, \u00e9 reconhecido pela UNESCO como Patrim\u00f3nio Imaterial da Humanidade e inclui caretos, desfiles e festa popular. Entrudan\u00e7as, em Castro Verde Entradas, de 13 a 15 de fevereiro, com 15\u20ac \u00e0 noite, 20\u20ac durante o dia e 50\u20ac o passe geral; espet\u00e1culo centrado na cultura alentejana e dan\u00e7a. Concerto de Carnaval, em Lisboa, no Centro Cultural de Bel\u00e9m, dia 15 de fevereiro \u00e0s 17h; entrada entre 7\u20ac e 35\u20ac; programa com Mozart, Bizet, entre outros, com traje festivo recomendado. Feira do Queijo Serra da Estrela, em Seia, Mercado Municipal, de 14 a 17 de fevereiro, das 10h \u00e0s 20h (tasquinhas at\u00e9 \u00e0s 22h); entrada livre e destaque para queijos, enchidos e produtos regionais.\" \/>\n<meta property=\"og:url\" content=\"https:\/\/portaltela.pt\/noticias\/2026\/02\/13\/fim-de-semana-espalhar-amor-e-celebrar-o-entrudo\/\" \/>\n<meta property=\"og:site_name\" content=\"Portal Tela Portugal\" \/>\n<meta property=\"article:published_time\" content=\"2026-02-13T18:26:00+00:00\" \/>\n<meta name=\"author\" content=\"Telinha\" \/>\n<meta name=\"twitter:card\" content=\"summary_large_image\" \/>\n<meta name=\"twitter:label1\" content=\"Escrito por\" \/>\n\t<meta name=\"twitter:data1\" content=\"Telinha\" \/>\n\t<meta name=\"twitter:label2\" content=\"Tempo estimado de leitura\" \/>\n\t<meta name=\"twitter:data2\" content=\"1 minuto\" \/>\n<script type=\"application\/ld+json\" class=\"yoast-schema-graph\">{\"@context\":\"https:\/\/schema.org\",\"@graph\":[{\"@type\":\"Article\",\"@id\":\"https:\/\/portaltela.pt\/noticias\/2026\/02\/13\/fim-de-semana-espalhar-amor-e-celebrar-o-entrudo\/#article\",\"isPartOf\":{\"@id\":\"https:\/\/portaltela.pt\/noticias\/2026\/02\/13\/fim-de-semana-espalhar-amor-e-celebrar-o-entrudo\/\"},\"author\":{\"name\":\"Telinha\",\"@id\":\"https:\/\/portaltela.pt\/#\/schema\/person\/c4278d4a6028830caff9ee44b42d32ed\"},\"headline\":\"Fim de semana: espalhar amor e celebrar o Entrudo\",\"datePublished\":\"2026-02-13T18:26:00+00:00\",\"mainEntityOfPage\":{\"@id\":\"https:\/\/portaltela.pt\/noticias\/2026\/02\/13\/fim-de-semana-espalhar-amor-e-celebrar-o-entrudo\/\"},\"wordCount\":302,\"image\":{\"@id\":\"https:\/\/portaltela.pt\/noticias\/2026\/02\/13\/fim-de-semana-espalhar-amor-e-celebrar-o-entrudo\/#primaryimage\"},\"thumbnailUrl\":\"https:\/\/portaltela.pt\/s.01k8rhncp4jt1\/2026\/02\/2067115.jpg\",\"keywords\":[\"Castro Verde\",\"dan\u00e7a\",\"Lisboa\",\"MACEDO DE CAVALEIROS\",\"Seia\",\"Serra da Estrela\"],\"articleSection\":[\"Not\u00edcias\"],\"inLanguage\":\"pt-PT\"},{\"@type\":\"WebPage\",\"@id\":\"https:\/\/portaltela.pt\/noticias\/2026\/02\/13\/fim-de-semana-espalhar-amor-e-celebrar-o-entrudo\/\",\"url\":\"https:\/\/portaltela.pt\/noticias\/2026\/02\/13\/fim-de-semana-espalhar-amor-e-celebrar-o-entrudo\/\",\"name\":\"Fim de semana: espalhar amor e celebrar o Entrudo - Portal Tela Portugal\",\"isPartOf\":{\"@id\":\"https:\/\/portaltela.pt\/#website\"},\"primaryImageOfPage\":{\"@id\":\"https:\/\/portaltela.pt\/noticias\/2026\/02\/13\/fim-de-semana-espalhar-amor-e-celebrar-o-entrudo\/#primaryimage\"},\"image\":{\"@id\":\"https:\/\/portaltela.pt\/noticias\/2026\/02\/13\/fim-de-semana-espalhar-amor-e-celebrar-o-entrudo\/#primaryimage\"},\"thumbnailUrl\":\"https:\/\/portaltela.pt\/s.01k8rhncp4jt1\/2026\/02\/2067115.jpg\",\"datePublished\":\"2026-02-13T18:26:00+00:00\",\"author\":{\"@id\":\"https:\/\/portaltela.pt\/#\/schema\/person\/c4278d4a6028830caff9ee44b42d32ed\"},\"breadcrumb\":{\"@id\":\"https:\/\/portaltela.pt\/noticias\/2026\/02\/13\/fim-de-semana-espalhar-amor-e-celebrar-o-entrudo\/#breadcrumb\"},\"inLanguage\":\"pt-PT\",\"potentialAction\":[{\"@type\":\"ReadAction\",\"target\":[\"https:\/\/portaltela.pt\/noticias\/2026\/02\/13\/fim-de-semana-espalhar-amor-e-celebrar-o-entrudo\/\"]}]},{\"@type\":\"ImageObject\",\"inLanguage\":\"pt-PT\",\"@id\":\"https:\/\/portaltela.pt\/noticias\/2026\/02\/13\/fim-de-semana-espalhar-amor-e-celebrar-o-entrudo\/#primaryimage\",\"url\":\"https:\/\/portaltela.pt\/s.01k8rhncp4jt1\/2026\/02\/2067115.jpg\",\"contentUrl\":\"https:\/\/portaltela.pt\/s.01k8rhncp4jt1\/2026\/02\/2067115.jpg\",\"width\":796,\"height\":448,\"caption\":\"Neste s\u00e1bado celebra-se o Dia dos Namorados\"},{\"@type\":\"BreadcrumbList\",\"@id\":\"https:\/\/portaltela.pt\/noticias\/2026\/02\/13\/fim-de-semana-espalhar-amor-e-celebrar-o-entrudo\/#breadcrumb\",\"itemListElement\":[{\"@type\":\"ListItem\",\"position\":1,\"name\":\"In\u00edcio\",\"item\":\"https:\/\/portaltela.pt\/\"},{\"@type\":\"ListItem\",\"position\":2,\"name\":\"Fim de semana: espalhar amor e celebrar o Entrudo\"}]},{\"@type\":\"WebSite\",\"@id\":\"https:\/\/portaltela.pt\/#website\",\"url\":\"https:\/\/portaltela.pt\/\",\"name\":\"Portal Tela Portugal\",\"description\":\"\",\"potentialAction\":[{\"@type\":\"SearchAction\",\"target\":{\"@type\":\"EntryPoint\",\"urlTemplate\":\"https:\/\/portaltela.pt\/?s={search_term_string}\"},\"query-input\":{\"@type\":\"PropertyValueSpecification\",\"valueRequired\":true,\"valueName\":\"search_term_string\"}}],\"inLanguage\":\"pt-PT\"},{\"@type\":\"Person\",\"@id\":\"https:\/\/portaltela.pt\/#\/schema\/person\/c4278d4a6028830caff9ee44b42d32ed\",\"name\":\"Telinha\",\"image\":{\"@type\":\"ImageObject\",\"inLanguage\":\"pt-PT\",\"@id\":\"https:\/\/portaltela.pt\/s.01k8rhncp4jt1\/2025\/11\/talking-bot-125x125.png\",\"url\":\"https:\/\/portaltela.pt\/s.01k8rhncp4jt1\/2025\/11\/talking-bot-125x125.png\",\"contentUrl\":\"https:\/\/portaltela.pt\/s.01k8rhncp4jt1\/2025\/11\/talking-bot-125x125.png\",\"caption\":\"Telinha\"},\"sameAs\":[\"https:\/\/portaltela.pt\/\"],\"url\":\"https:\/\/portaltela.pt\/por\/367410592786\/\"}]}<\/script>\n<!-- \/ Yoast SEO plugin. -->","yoast_head_json":{"title":"Fim de semana: espalhar amor e celebrar o Entrudo - Portal Tela Portugal","robots":{"index":"index","follow":"follow","max-snippet":"max-snippet:-1","max-image-preview":"max-image-preview:large","max-video-preview":"max-video-preview:-1"},"og_locale":"pt_PT","og_type":"article","og_title":"Fim de semana: espalhar amor e celebrar o Entrudo - Portal Tela Portugal","og_description":"O fim de semana traz o festival \u201cO que fazer neste fim-de-semana? Espalhar o amor e o Entrudo\u201d, com 16 concertos intimistas de norte a sul e entradas entre Gr\u00e1tis e 47,50\u20ac, de 12 a 15 de fevereiro, em v\u00e1rias localidades. Entrudo Chocalheiro, em Macedo de Cavaleiros Podence, de 14 a 17 de fevereiro, \u00e9 reconhecido pela UNESCO como Patrim\u00f3nio Imaterial da Humanidade e inclui caretos, desfiles e festa popular. Entrudan\u00e7as, em Castro Verde Entradas, de 13 a 15 de fevereiro, com 15\u20ac \u00e0 noite, 20\u20ac durante o dia e 50\u20ac o passe geral; espet\u00e1culo centrado na cultura alentejana e dan\u00e7a. Concerto de Carnaval, em Lisboa, no Centro Cultural de Bel\u00e9m, dia 15 de fevereiro \u00e0s 17h; entrada entre 7\u20ac e 35\u20ac; programa com Mozart, Bizet, entre outros, com traje festivo recomendado. Feira do Queijo Serra da Estrela, em Seia, Mercado Municipal, de 14 a 17 de fevereiro, das 10h \u00e0s 20h (tasquinhas at\u00e9 \u00e0s 22h); entrada livre e destaque para queijos, enchidos e produtos regionais.","og_url":"https:\/\/portaltela.pt\/noticias\/2026\/02\/13\/fim-de-semana-espalhar-amor-e-celebrar-o-entrudo\/","og_site_name":"Portal Tela Portugal","article_published_time":"2026-02-13T18:26:00+00:00","author":"Telinha","twitter_card":"summary_large_image","twitter_misc":{"Escrito por":"Telinha","Tempo estimado de leitura":"1 minuto"},"schema":{"@context":"https:\/\/schema.org","@graph":[{"@type":"Article","@id":"https:\/\/portaltela.pt\/noticias\/2026\/02\/13\/fim-de-semana-espalhar-amor-e-celebrar-o-entrudo\/#article","isPartOf":{"@id":"https:\/\/portaltela.pt\/noticias\/2026\/02\/13\/fim-de-semana-espalhar-amor-e-celebrar-o-entrudo\/"},"author":{"name":"Telinha","@id":"https:\/\/portaltela.pt\/#\/schema\/person\/c4278d4a6028830caff9ee44b42d32ed"},"headline":"Fim de semana: espalhar amor e celebrar o Entrudo","datePublished":"2026-02-13T18:26:00+00:00","mainEntityOfPage":{"@id":"https:\/\/portaltela.pt\/noticias\/2026\/02\/13\/fim-de-semana-espalhar-amor-e-celebrar-o-entrudo\/"},"wordCount":302,"image":{"@id":"https:\/\/portaltela.pt\/noticias\/2026\/02\/13\/fim-de-semana-espalhar-amor-e-celebrar-o-entrudo\/#primaryimage"},"thumbnailUrl":"https:\/\/portaltela.pt\/s.01k8rhncp4jt1\/2026\/02\/2067115.jpg","keywords":["Castro Verde","dan\u00e7a","Lisboa","MACEDO DE CAVALEIROS","Seia","Serra da Estrela"],"articleSection":["Not\u00edcias"],"inLanguage":"pt-PT"},{"@type":"WebPage","@id":"https:\/\/portaltela.pt\/noticias\/2026\/02\/13\/fim-de-semana-espalhar-amor-e-celebrar-o-entrudo\/","url":"https:\/\/portaltela.pt\/noticias\/2026\/02\/13\/fim-de-semana-espalhar-amor-e-celebrar-o-entrudo\/","name":"Fim de semana: espalhar amor e celebrar o Entrudo - Portal Tela Portugal","isPartOf":{"@id":"https:\/\/portaltela.pt\/#website"},"primaryImageOfPage":{"@id":"https:\/\/portaltela.pt\/noticias\/2026\/02\/13\/fim-de-semana-espalhar-amor-e-celebrar-o-entrudo\/#primaryimage"},"image":{"@id":"https:\/\/portaltela.pt\/noticias\/2026\/02\/13\/fim-de-semana-espalhar-amor-e-celebrar-o-entrudo\/#primaryimage"},"thumbnailUrl":"https:\/\/portaltela.pt\/s.01k8rhncp4jt1\/2026\/02\/2067115.jpg","datePublished":"2026-02-13T18:26:00+00:00","author":{"@id":"https:\/\/portaltela.pt\/#\/schema\/person\/c4278d4a6028830caff9ee44b42d32ed"},"breadcrumb":{"@id":"https:\/\/portaltela.pt\/noticias\/2026\/02\/13\/fim-de-semana-espalhar-amor-e-celebrar-o-entrudo\/#breadcrumb"},"inLanguage":"pt-PT","potentialAction":[{"@type":"ReadAction","target":["https:\/\/portaltela.pt\/noticias\/2026\/02\/13\/fim-de-semana-espalhar-amor-e-celebrar-o-entrudo\/"]}]},{"@type":"ImageObject","inLanguage":"pt-PT","@id":"https:\/\/portaltela.pt\/noticias\/2026\/02\/13\/fim-de-semana-espalhar-amor-e-celebrar-o-entrudo\/#primaryimage","url":"https:\/\/portaltela.pt\/s.01k8rhncp4jt1\/2026\/02\/2067115.jpg","contentUrl":"https:\/\/portaltela.pt\/s.01k8rhncp4jt1\/2026\/02\/2067115.jpg","width":796,"height":448,"caption":"Neste s\u00e1bado celebra-se o Dia dos Namorados"},{"@type":"BreadcrumbList","@id":"https:\/\/portaltela.pt\/noticias\/2026\/02\/13\/fim-de-semana-espalhar-amor-e-celebrar-o-entrudo\/#breadcrumb","itemListElement":[{"@type":"ListItem","position":1,"name":"In\u00edcio","item":"https:\/\/portaltela.pt\/"},{"@type":"ListItem","position":2,"name":"Fim de semana: espalhar amor e celebrar o Entrudo"}]},{"@type":"WebSite","@id":"https:\/\/portaltela.pt\/#website","url":"https:\/\/portaltela.pt\/","name":"Portal Tela Portugal","description":"","potentialAction":[{"@type":"SearchAction","target":{"@type":"EntryPoint","urlTemplate":"https:\/\/portaltela.pt\/?s={search_term_string}"},"query-input":{"@type":"PropertyValueSpecification","valueRequired":true,"valueName":"search_term_string"}}],"inLanguage":"pt-PT"},{"@type":"Person","@id":"https:\/\/portaltela.pt\/#\/schema\/person\/c4278d4a6028830caff9ee44b42d32ed","name":"Telinha","image":{"@type":"ImageObject","inLanguage":"pt-PT","@id":"https:\/\/portaltela.pt\/s.01k8rhncp4jt1\/2025\/11\/talking-bot-125x125.png","url":"https:\/\/portaltela.pt\/s.01k8rhncp4jt1\/2025\/11\/talking-bot-125x125.png","contentUrl":"https:\/\/portaltela.pt\/s.01k8rhncp4jt1\/2025\/11\/talking-bot-125x125.png","caption":"Telinha"},"sameAs":["https:\/\/portaltela.pt\/"],"url":"https:\/\/portaltela.pt\/por\/367410592786\/"}]}},"_links":{"self":[{"href":"https:\/\/portaltela.pt\/api\/wp\/v2\/posts\/211501","targetHints":{"allow":["GET"]}}],"collection":[{"href":"https:\/\/portaltela.pt\/api\/wp\/v2\/posts"}],"about":[{"href":"https:\/\/portaltela.pt\/api\/wp\/v2\/types\/post"}],"author":[{"embeddable":true,"href":"https:\/\/portaltela.pt\/api\/wp\/v2\/users\/2"}],"replies":[{"embeddable":true,"href":"https:\/\/portaltela.pt\/api\/wp\/v2\/comments?post=211501"}],"version-history":[{"count":0,"href":"https:\/\/portaltela.pt\/api\/wp\/v2\/posts\/211501\/revisions"}],"wp:featuredmedia":[{"embeddable":true,"href":"https:\/\/portaltela.pt\/api\/wp\/v2\/media\/211506"}],"wp:attachment":[{"href":"https:\/\/portaltela.pt\/api\/wp\/v2\/media?parent=211501"}],"wp:term":[{"taxonomy":"category","embeddable":true,"href":"https:\/\/portaltela.pt\/api\/wp\/v2\/categories?post=211501"},{"taxonomy":"post_tag","embeddable":true,"href":"https:\/\/portaltela.pt\/api\/wp\/v2\/tags?post=211501"}],"curies":[{"name":"wp","href":"https:\/\/api.w.org\/{rel}","templated":true}]}}