{"id":211473,"date":"2026-02-13T15:40:00","date_gmt":"2026-02-13T18:40:00","guid":{"rendered":"https:\/\/portaltela.pt\/noticias\/2026\/02\/13\/macaco-aparece-na-madeira-no-dia-do-jogo-do-fc-porto\/"},"modified":"2026-02-13T15:40:00","modified_gmt":"2026-02-13T18:40:00","slug":"macaco-aparece-na-madeira-no-dia-do-jogo-do-fc-porto","status":"publish","type":"post","link":"https:\/\/portaltela.pt\/desporto\/futebol\/2026\/02\/13\/macaco-aparece-na-madeira-no-dia-do-jogo-do-fc-porto\/","title":{"rendered":"Macaco aparece na Madeira no dia do jogo do FC Porto"},"content":{"rendered":"<p>Fernando Madureira, ex-l\u00edder dos Super Drag\u00f5es, estar\u00e1 na Madeira no domingo, dia do jogo entre FC Porto e Nacional, marcado para as 15h30 na Choupana, Funchal. O dirigente garante que n\u00e3o ficar\u00e1 no recinto durante a partida.<\/p>\n<p>Ao CM, Madureira afirma que regressa ao Porto para uma missa anunciada \u00e0s 11h, em homenagem a Pinto da Costa. A prioridade \u00e9 chegar a tempo da cerim\u00f3nia, segundo o relato do ex-dirigente.<\/p>\n<p>Apesar da sua presen\u00e7a na ilha, Madureira assegura que n\u00e3o se aproximar\u00e1 do estadio na Choupana. O Porto enfrenta o Nacional num encontro da liga, com agenda prevista para decorrer no fim de tarde.<\/p>\n","protected":false},"excerpt":{"rendered":"<ul>\n<li>Fernando Madureira, ex-l\u00edder dos Super Drag\u00f5es, diz ao CM que passou o Dia dos Namorados com a mulher.<\/li>\n<li>O FC Porto defronta o Nacional na Madeira, no domingo, \u00e0s 15h30, na Choupana.<\/li>\n<li>Madureira garante que j\u00e1 n\u00e3o estar\u00e1 na ilha a essa hora do encontro, pois pretende regressar ao Porto pela manh\u00e3.<\/li>\n<li>Acrescenta que apanha um avi\u00e3o de manh\u00e3 para chegar a tempo da missa das 11h00, em homenagem a Pinto da Costa.<\/li>\n<li>N\u00e3o vai aproximar-se do est\u00e1dio na Choupana.<\/li>\n<\/ul>\n","protected":false},"author":2,"featured_media":211482,"comment_status":"closed","ping_status":"closed","sticky":false,"template":"","format":"standard","meta":{"footnotes":""},"categories":[21,24],"tags":[5881,2028,1120,32,1319,982],"class_list":["post-211473","post","type-post","status-publish","format-standard","has-post-thumbnail","hentry","category-desporto","category-futebol","tag-a-madeira","tag-fc-porto","tag-funchal","tag-futebol","tag-nacional","tag-porto"],"yoast_head":"<!-- This site is optimized with the Yoast SEO plugin v27.2 - https:\/\/yoast.com\/product\/yoast-seo-wordpress\/ -->\n<title>Macaco aparece na Madeira no dia do jogo do FC Porto - Portal Tela Portugal<\/title>\n<meta name=\"robots\" content=\"index, follow, max-snippet:-1, max-image-preview:large, max-video-preview:-1\" \/>\n<meta property=\"og:locale\" content=\"pt_PT\" \/>\n<meta property=\"og:type\" content=\"article\" \/>\n<meta property=\"og:title\" content=\"Macaco aparece na Madeira no dia do jogo do FC Porto - Portal Tela Portugal\" \/>\n<meta property=\"og:description\" content=\"Fernando Madureira, ex-l\u00edder dos Super Drag\u00f5es, diz ao CM que passou o Dia dos Namorados com a mulher. O FC Porto defronta o Nacional na Madeira, no domingo, \u00e0s 15h30, na Choupana. Madureira garante que j\u00e1 n\u00e3o estar\u00e1 na ilha a essa hora do encontro, pois pretende regressar ao Porto pela manh\u00e3. Acrescenta que apanha um avi\u00e3o de manh\u00e3 para chegar a tempo da missa das 11h00, em homenagem a Pinto da Costa. N\u00e3o vai aproximar-se do est\u00e1dio na Choupana.\" \/>\n<meta property=\"og:url\" content=\"https:\/\/portaltela.pt\/noticias\/2026\/02\/13\/macaco-aparece-na-madeira-no-dia-do-jogo-do-fc-porto\/\" \/>\n<meta property=\"og:site_name\" content=\"Portal Tela Portugal\" \/>\n<meta property=\"article:published_time\" content=\"2026-02-13T18:40:00+00:00\" \/>\n<meta name=\"author\" content=\"Telinha\" \/>\n<meta name=\"twitter:card\" content=\"summary_large_image\" \/>\n<meta name=\"twitter:label1\" content=\"Escrito por\" \/>\n\t<meta name=\"twitter:data1\" content=\"Telinha\" \/>\n\t<meta name=\"twitter:label2\" content=\"Tempo estimado de leitura\" \/>\n\t<meta name=\"twitter:data2\" content=\"1 minuto\" \/>\n<script type=\"application\/ld+json\" class=\"yoast-schema-graph\">{\"@context\":\"https:\/\/schema.org\",\"@graph\":[{\"@type\":\"Article\",\"@id\":\"https:\/\/portaltela.pt\/noticias\/2026\/02\/13\/macaco-aparece-na-madeira-no-dia-do-jogo-do-fc-porto\/#article\",\"isPartOf\":{\"@id\":\"https:\/\/portaltela.pt\/noticias\/2026\/02\/13\/macaco-aparece-na-madeira-no-dia-do-jogo-do-fc-porto\/\"},\"author\":{\"name\":\"Telinha\",\"@id\":\"https:\/\/portaltela.pt\/#\/schema\/person\/c4278d4a6028830caff9ee44b42d32ed\"},\"headline\":\"Macaco aparece na Madeira no dia do jogo do FC Porto\",\"datePublished\":\"2026-02-13T18:40:00+00:00\",\"mainEntityOfPage\":{\"@id\":\"https:\/\/portaltela.pt\/noticias\/2026\/02\/13\/macaco-aparece-na-madeira-no-dia-do-jogo-do-fc-porto\/\"},\"wordCount\":120,\"image\":{\"@id\":\"https:\/\/portaltela.pt\/noticias\/2026\/02\/13\/macaco-aparece-na-madeira-no-dia-do-jogo-do-fc-porto\/#primaryimage\"},\"thumbnailUrl\":\"https:\/\/portaltela.pt\/s.01k8rhncp4jt1\/2026\/02\/img_1500x1000uu2026-02-06-17-26-00-2265270.jpg\",\"keywords\":[\"a madeira\",\"FC Porto\",\"Funchal\",\"futebol\",\"Nacional\",\"Porto\"],\"articleSection\":[\"Desporto\",\"Futebol\"],\"inLanguage\":\"pt-PT\"},{\"@type\":\"WebPage\",\"@id\":\"https:\/\/portaltela.pt\/noticias\/2026\/02\/13\/macaco-aparece-na-madeira-no-dia-do-jogo-do-fc-porto\/\",\"url\":\"https:\/\/portaltela.pt\/noticias\/2026\/02\/13\/macaco-aparece-na-madeira-no-dia-do-jogo-do-fc-porto\/\",\"name\":\"Macaco aparece na Madeira no dia do jogo do FC Porto - Portal Tela Portugal\",\"isPartOf\":{\"@id\":\"https:\/\/portaltela.pt\/#website\"},\"primaryImageOfPage\":{\"@id\":\"https:\/\/portaltela.pt\/noticias\/2026\/02\/13\/macaco-aparece-na-madeira-no-dia-do-jogo-do-fc-porto\/#primaryimage\"},\"image\":{\"@id\":\"https:\/\/portaltela.pt\/noticias\/2026\/02\/13\/macaco-aparece-na-madeira-no-dia-do-jogo-do-fc-porto\/#primaryimage\"},\"thumbnailUrl\":\"https:\/\/portaltela.pt\/s.01k8rhncp4jt1\/2026\/02\/img_1500x1000uu2026-02-06-17-26-00-2265270.jpg\",\"datePublished\":\"2026-02-13T18:40:00+00:00\",\"author\":{\"@id\":\"https:\/\/portaltela.pt\/#\/schema\/person\/c4278d4a6028830caff9ee44b42d32ed\"},\"breadcrumb\":{\"@id\":\"https:\/\/portaltela.pt\/noticias\/2026\/02\/13\/macaco-aparece-na-madeira-no-dia-do-jogo-do-fc-porto\/#breadcrumb\"},\"inLanguage\":\"pt-PT\",\"potentialAction\":[{\"@type\":\"ReadAction\",\"target\":[\"https:\/\/portaltela.pt\/noticias\/2026\/02\/13\/macaco-aparece-na-madeira-no-dia-do-jogo-do-fc-porto\/\"]}]},{\"@type\":\"ImageObject\",\"inLanguage\":\"pt-PT\",\"@id\":\"https:\/\/portaltela.pt\/noticias\/2026\/02\/13\/macaco-aparece-na-madeira-no-dia-do-jogo-do-fc-porto\/#primaryimage\",\"url\":\"https:\/\/portaltela.pt\/s.01k8rhncp4jt1\/2026\/02\/img_1500x1000uu2026-02-06-17-26-00-2265270.jpg\",\"contentUrl\":\"https:\/\/portaltela.pt\/s.01k8rhncp4jt1\/2026\/02\/img_1500x1000uu2026-02-06-17-26-00-2265270.jpg\",\"width\":796,\"height\":448,\"caption\":\"Fernando Madureira\"},{\"@type\":\"BreadcrumbList\",\"@id\":\"https:\/\/portaltela.pt\/noticias\/2026\/02\/13\/macaco-aparece-na-madeira-no-dia-do-jogo-do-fc-porto\/#breadcrumb\",\"itemListElement\":[{\"@type\":\"ListItem\",\"position\":1,\"name\":\"In\u00edcio\",\"item\":\"https:\/\/portaltela.pt\/\"},{\"@type\":\"ListItem\",\"position\":2,\"name\":\"Macaco aparece na Madeira no dia do jogo do FC Porto\"}]},{\"@type\":\"WebSite\",\"@id\":\"https:\/\/portaltela.pt\/#website\",\"url\":\"https:\/\/portaltela.pt\/\",\"name\":\"Portal Tela Portugal\",\"description\":\"\",\"potentialAction\":[{\"@type\":\"SearchAction\",\"target\":{\"@type\":\"EntryPoint\",\"urlTemplate\":\"https:\/\/portaltela.pt\/?s={search_term_string}\"},\"query-input\":{\"@type\":\"PropertyValueSpecification\",\"valueRequired\":true,\"valueName\":\"search_term_string\"}}],\"inLanguage\":\"pt-PT\"},{\"@type\":\"Person\",\"@id\":\"https:\/\/portaltela.pt\/#\/schema\/person\/c4278d4a6028830caff9ee44b42d32ed\",\"name\":\"Telinha\",\"image\":{\"@type\":\"ImageObject\",\"inLanguage\":\"pt-PT\",\"@id\":\"https:\/\/portaltela.pt\/s.01k8rhncp4jt1\/2025\/11\/talking-bot-125x125.png\",\"url\":\"https:\/\/portaltela.pt\/s.01k8rhncp4jt1\/2025\/11\/talking-bot-125x125.png\",\"contentUrl\":\"https:\/\/portaltela.pt\/s.01k8rhncp4jt1\/2025\/11\/talking-bot-125x125.png\",\"caption\":\"Telinha\"},\"sameAs\":[\"https:\/\/portaltela.pt\/\"],\"url\":\"https:\/\/portaltela.pt\/por\/367410592786\/\"}]}<\/script>\n<!-- \/ Yoast SEO plugin. -->","yoast_head_json":{"title":"Macaco aparece na Madeira no dia do jogo do FC Porto - Portal Tela Portugal","robots":{"index":"index","follow":"follow","max-snippet":"max-snippet:-1","max-image-preview":"max-image-preview:large","max-video-preview":"max-video-preview:-1"},"og_locale":"pt_PT","og_type":"article","og_title":"Macaco aparece na Madeira no dia do jogo do FC Porto - Portal Tela Portugal","og_description":"Fernando Madureira, ex-l\u00edder dos Super Drag\u00f5es, diz ao CM que passou o Dia dos Namorados com a mulher. O FC Porto defronta o Nacional na Madeira, no domingo, \u00e0s 15h30, na Choupana. Madureira garante que j\u00e1 n\u00e3o estar\u00e1 na ilha a essa hora do encontro, pois pretende regressar ao Porto pela manh\u00e3. Acrescenta que apanha um avi\u00e3o de manh\u00e3 para chegar a tempo da missa das 11h00, em homenagem a Pinto da Costa. N\u00e3o vai aproximar-se do est\u00e1dio na Choupana.","og_url":"https:\/\/portaltela.pt\/noticias\/2026\/02\/13\/macaco-aparece-na-madeira-no-dia-do-jogo-do-fc-porto\/","og_site_name":"Portal Tela Portugal","article_published_time":"2026-02-13T18:40:00+00:00","author":"Telinha","twitter_card":"summary_large_image","twitter_misc":{"Escrito por":"Telinha","Tempo estimado de leitura":"1 minuto"},"schema":{"@context":"https:\/\/schema.org","@graph":[{"@type":"Article","@id":"https:\/\/portaltela.pt\/noticias\/2026\/02\/13\/macaco-aparece-na-madeira-no-dia-do-jogo-do-fc-porto\/#article","isPartOf":{"@id":"https:\/\/portaltela.pt\/noticias\/2026\/02\/13\/macaco-aparece-na-madeira-no-dia-do-jogo-do-fc-porto\/"},"author":{"name":"Telinha","@id":"https:\/\/portaltela.pt\/#\/schema\/person\/c4278d4a6028830caff9ee44b42d32ed"},"headline":"Macaco aparece na Madeira no dia do jogo do FC Porto","datePublished":"2026-02-13T18:40:00+00:00","mainEntityOfPage":{"@id":"https:\/\/portaltela.pt\/noticias\/2026\/02\/13\/macaco-aparece-na-madeira-no-dia-do-jogo-do-fc-porto\/"},"wordCount":120,"image":{"@id":"https:\/\/portaltela.pt\/noticias\/2026\/02\/13\/macaco-aparece-na-madeira-no-dia-do-jogo-do-fc-porto\/#primaryimage"},"thumbnailUrl":"https:\/\/portaltela.pt\/s.01k8rhncp4jt1\/2026\/02\/img_1500x1000uu2026-02-06-17-26-00-2265270.jpg","keywords":["a madeira","FC Porto","Funchal","futebol","Nacional","Porto"],"articleSection":["Desporto","Futebol"],"inLanguage":"pt-PT"},{"@type":"WebPage","@id":"https:\/\/portaltela.pt\/noticias\/2026\/02\/13\/macaco-aparece-na-madeira-no-dia-do-jogo-do-fc-porto\/","url":"https:\/\/portaltela.pt\/noticias\/2026\/02\/13\/macaco-aparece-na-madeira-no-dia-do-jogo-do-fc-porto\/","name":"Macaco aparece na Madeira no dia do jogo do FC Porto - Portal Tela Portugal","isPartOf":{"@id":"https:\/\/portaltela.pt\/#website"},"primaryImageOfPage":{"@id":"https:\/\/portaltela.pt\/noticias\/2026\/02\/13\/macaco-aparece-na-madeira-no-dia-do-jogo-do-fc-porto\/#primaryimage"},"image":{"@id":"https:\/\/portaltela.pt\/noticias\/2026\/02\/13\/macaco-aparece-na-madeira-no-dia-do-jogo-do-fc-porto\/#primaryimage"},"thumbnailUrl":"https:\/\/portaltela.pt\/s.01k8rhncp4jt1\/2026\/02\/img_1500x1000uu2026-02-06-17-26-00-2265270.jpg","datePublished":"2026-02-13T18:40:00+00:00","author":{"@id":"https:\/\/portaltela.pt\/#\/schema\/person\/c4278d4a6028830caff9ee44b42d32ed"},"breadcrumb":{"@id":"https:\/\/portaltela.pt\/noticias\/2026\/02\/13\/macaco-aparece-na-madeira-no-dia-do-jogo-do-fc-porto\/#breadcrumb"},"inLanguage":"pt-PT","potentialAction":[{"@type":"ReadAction","target":["https:\/\/portaltela.pt\/noticias\/2026\/02\/13\/macaco-aparece-na-madeira-no-dia-do-jogo-do-fc-porto\/"]}]},{"@type":"ImageObject","inLanguage":"pt-PT","@id":"https:\/\/portaltela.pt\/noticias\/2026\/02\/13\/macaco-aparece-na-madeira-no-dia-do-jogo-do-fc-porto\/#primaryimage","url":"https:\/\/portaltela.pt\/s.01k8rhncp4jt1\/2026\/02\/img_1500x1000uu2026-02-06-17-26-00-2265270.jpg","contentUrl":"https:\/\/portaltela.pt\/s.01k8rhncp4jt1\/2026\/02\/img_1500x1000uu2026-02-06-17-26-00-2265270.jpg","width":796,"height":448,"caption":"Fernando Madureira"},{"@type":"BreadcrumbList","@id":"https:\/\/portaltela.pt\/noticias\/2026\/02\/13\/macaco-aparece-na-madeira-no-dia-do-jogo-do-fc-porto\/#breadcrumb","itemListElement":[{"@type":"ListItem","position":1,"name":"In\u00edcio","item":"https:\/\/portaltela.pt\/"},{"@type":"ListItem","position":2,"name":"Macaco aparece na Madeira no dia do jogo do FC Porto"}]},{"@type":"WebSite","@id":"https:\/\/portaltela.pt\/#website","url":"https:\/\/portaltela.pt\/","name":"Portal Tela Portugal","description":"","potentialAction":[{"@type":"SearchAction","target":{"@type":"EntryPoint","urlTemplate":"https:\/\/portaltela.pt\/?s={search_term_string}"},"query-input":{"@type":"PropertyValueSpecification","valueRequired":true,"valueName":"search_term_string"}}],"inLanguage":"pt-PT"},{"@type":"Person","@id":"https:\/\/portaltela.pt\/#\/schema\/person\/c4278d4a6028830caff9ee44b42d32ed","name":"Telinha","image":{"@type":"ImageObject","inLanguage":"pt-PT","@id":"https:\/\/portaltela.pt\/s.01k8rhncp4jt1\/2025\/11\/talking-bot-125x125.png","url":"https:\/\/portaltela.pt\/s.01k8rhncp4jt1\/2025\/11\/talking-bot-125x125.png","contentUrl":"https:\/\/portaltela.pt\/s.01k8rhncp4jt1\/2025\/11\/talking-bot-125x125.png","caption":"Telinha"},"sameAs":["https:\/\/portaltela.pt\/"],"url":"https:\/\/portaltela.pt\/por\/367410592786\/"}]}},"_links":{"self":[{"href":"https:\/\/portaltela.pt\/api\/wp\/v2\/posts\/211473","targetHints":{"allow":["GET"]}}],"collection":[{"href":"https:\/\/portaltela.pt\/api\/wp\/v2\/posts"}],"about":[{"href":"https:\/\/portaltela.pt\/api\/wp\/v2\/types\/post"}],"author":[{"embeddable":true,"href":"https:\/\/portaltela.pt\/api\/wp\/v2\/users\/2"}],"replies":[{"embeddable":true,"href":"https:\/\/portaltela.pt\/api\/wp\/v2\/comments?post=211473"}],"version-history":[{"count":0,"href":"https:\/\/portaltela.pt\/api\/wp\/v2\/posts\/211473\/revisions"}],"wp:featuredmedia":[{"embeddable":true,"href":"https:\/\/portaltela.pt\/api\/wp\/v2\/media\/211482"}],"wp:attachment":[{"href":"https:\/\/portaltela.pt\/api\/wp\/v2\/media?parent=211473"}],"wp:term":[{"taxonomy":"category","embeddable":true,"href":"https:\/\/portaltela.pt\/api\/wp\/v2\/categories?post=211473"},{"taxonomy":"post_tag","embeddable":true,"href":"https:\/\/portaltela.pt\/api\/wp\/v2\/tags?post=211473"}],"curies":[{"name":"wp","href":"https:\/\/api.w.org\/{rel}","templated":true}]}}