{"id":211470,"date":"2026-02-13T15:42:00","date_gmt":"2026-02-13T18:42:00","guid":{"rendered":"https:\/\/portaltela.pt\/noticias\/2026\/02\/13\/adeptos-do-benfica-impedidos-de-entrar-no-estadio-sao-miguel-com-aderecos\/"},"modified":"2026-02-13T15:42:00","modified_gmt":"2026-02-13T18:42:00","slug":"adeptos-do-benfica-impedidos-de-entrar-no-estadio-sao-miguel-com-aderecos","status":"publish","type":"post","link":"https:\/\/portaltela.pt\/desporto\/futebol\/2026\/02\/13\/adeptos-do-benfica-impedidos-de-entrar-no-estadio-sao-miguel-com-aderecos\/","title":{"rendered":"Adeptos do Benfica impedidos de entrar no Est\u00e1dio S\u00e3o Miguel com adere\u00e7os"},"content":{"rendered":"<p>Os s\u00f3cios do Benfica que ocupavam a bancada central do Est\u00e1dio de S\u00e3o Miguel foram proibidos de exibir adere\u00e7os alusivos ao clube da Luz durante o encontro com o Santa Clara, a 21\u00aa jornada da Liga. A decis\u00e3o foi comunicada pela organiza\u00e7\u00e3o do recinto, com base numa pr\u00e1tica habitual nesta fase da \u00e9poca.<\/p>\n<p>A medida vale para todos os adeptos do Benfica presentes naquela zona, mesmo que j\u00e1 tivessem bilhete adquirido atrav\u00e9s do site do clube. Os respons\u00e1veis do Santa Clara afirmaram que a proibi\u00e7\u00e3o se aplica de forma consistente ao jogo de hoje.<\/p>\n<h3>Proibi\u00e7\u00e3o de adere\u00e7os e rea\u00e7\u00e3o<\/h3>\n<p>A den\u00fancia gerou surpresa entre alguns f\u00e3s, que chegaram a cantar e apoiar a equipa de outras formas. O \u00e1rbitro do encontro manteve o andamento da partida, que terminou empatada a zero, com uma presen\u00e7a igual de p\u00fablicos de ambos os lados.<\/p>\n<p>A dire\u00e7\u00e3o do Benfica ainda n\u00e3o emitiu uma posi\u00e7\u00e3o oficial sobre o tema. No est\u00e1dio, a atmosfera manteve-se animada, sem incidentes relevantes relatados pelas autoridades. A organiza\u00e7\u00e3o justifica a medida pela necessidade de manter a ordem durante o evento.<\/p>\n","protected":false},"excerpt":{"rendered":"<ul>\n<li>Adeptos do Benfica foram proibidos de exibir adere\u00e7os alusivos ao clube na bancada central do Est\u00e1dio de S\u00e3o Miguel, no jogo frente ao Santa Clara.<\/li>\n<li>A medida foi comunicada pela organiza\u00e7\u00e3o do Santa Clara e aplica-se \u00e0 21\u00aa jornada da competi\u00e7\u00e3o.<\/li>\n<li>Os bilhetes foram adquiridos pelos adeptos junto do Benfica, mas a proibi\u00e7\u00e3o j\u00e1 era pr\u00e1tica sobre a presen\u00e7a do clube na lota\u00e7\u00e3o.<\/li>\n<li>O jogo terminou empatado a zero, com atmosfera de rivalidade entre as torcidas, mas sem incidentes relevantes reportados.<\/li>\n<li>A decis\u00e3o gerou controv\u00e9rsia nas redes sociais; o Benfica ainda n\u00e3o se pronunciou oficialmente.<\/li>\n<\/ul>\n","protected":false},"author":2,"featured_media":211481,"comment_status":"closed","ping_status":"closed","sticky":false,"template":"","format":"standard","meta":{"footnotes":""},"categories":[21,24],"tags":[4143,1946,152,32,998,5130],"class_list":["post-211470","post","type-post","status-publish","format-standard","has-post-thumbnail","hentry","category-desporto","category-futebol","tag-1-liga","tag-benfica","tag-desporto","tag-futebol","tag-santa-clara","tag-sao-miguel-e-santa-maria"],"yoast_head":"<!-- This site is optimized with the Yoast SEO plugin v27.2 - https:\/\/yoast.com\/product\/yoast-seo-wordpress\/ -->\n<title>Adeptos do Benfica impedidos de entrar no Est\u00e1dio S\u00e3o Miguel com adere\u00e7os - Portal Tela Portugal<\/title>\n<meta name=\"robots\" content=\"index, follow, max-snippet:-1, max-image-preview:large, max-video-preview:-1\" \/>\n<meta property=\"og:locale\" content=\"pt_PT\" \/>\n<meta property=\"og:type\" content=\"article\" \/>\n<meta property=\"og:title\" content=\"Adeptos do Benfica impedidos de entrar no Est\u00e1dio S\u00e3o Miguel com adere\u00e7os - Portal Tela Portugal\" \/>\n<meta property=\"og:description\" content=\"Adeptos do Benfica foram proibidos de exibir adere\u00e7os alusivos ao clube na bancada central do Est\u00e1dio de S\u00e3o Miguel, no jogo frente ao Santa Clara. A medida foi comunicada pela organiza\u00e7\u00e3o do Santa Clara e aplica-se \u00e0 21\u00aa jornada da competi\u00e7\u00e3o. Os bilhetes foram adquiridos pelos adeptos junto do Benfica, mas a proibi\u00e7\u00e3o j\u00e1 era pr\u00e1tica sobre a presen\u00e7a do clube na lota\u00e7\u00e3o. O jogo terminou empatado a zero, com atmosfera de rivalidade entre as torcidas, mas sem incidentes relevantes reportados. A decis\u00e3o gerou controv\u00e9rsia nas redes sociais; o Benfica ainda n\u00e3o se pronunciou oficialmente.\" \/>\n<meta property=\"og:url\" content=\"https:\/\/portaltela.pt\/noticias\/2026\/02\/13\/adeptos-do-benfica-impedidos-de-entrar-no-estadio-sao-miguel-com-aderecos\/\" \/>\n<meta property=\"og:site_name\" content=\"Portal Tela Portugal\" \/>\n<meta property=\"article:published_time\" content=\"2026-02-13T18:42:00+00:00\" \/>\n<meta name=\"author\" content=\"Telinha\" \/>\n<meta name=\"twitter:card\" content=\"summary_large_image\" \/>\n<meta name=\"twitter:label1\" content=\"Escrito por\" \/>\n\t<meta name=\"twitter:data1\" content=\"Telinha\" \/>\n\t<meta name=\"twitter:label2\" content=\"Tempo estimado de leitura\" \/>\n\t<meta name=\"twitter:data2\" content=\"1 minuto\" \/>\n<script type=\"application\/ld+json\" class=\"yoast-schema-graph\">{\"@context\":\"https:\/\/schema.org\",\"@graph\":[{\"@type\":\"Article\",\"@id\":\"https:\/\/portaltela.pt\/noticias\/2026\/02\/13\/adeptos-do-benfica-impedidos-de-entrar-no-estadio-sao-miguel-com-aderecos\/#article\",\"isPartOf\":{\"@id\":\"https:\/\/portaltela.pt\/noticias\/2026\/02\/13\/adeptos-do-benfica-impedidos-de-entrar-no-estadio-sao-miguel-com-aderecos\/\"},\"author\":{\"name\":\"Telinha\",\"@id\":\"https:\/\/portaltela.pt\/#\/schema\/person\/c4278d4a6028830caff9ee44b42d32ed\"},\"headline\":\"Adeptos do Benfica impedidos de entrar no Est\u00e1dio S\u00e3o Miguel com adere\u00e7os\",\"datePublished\":\"2026-02-13T18:42:00+00:00\",\"mainEntityOfPage\":{\"@id\":\"https:\/\/portaltela.pt\/noticias\/2026\/02\/13\/adeptos-do-benfica-impedidos-de-entrar-no-estadio-sao-miguel-com-aderecos\/\"},\"wordCount\":216,\"image\":{\"@id\":\"https:\/\/portaltela.pt\/noticias\/2026\/02\/13\/adeptos-do-benfica-impedidos-de-entrar-no-estadio-sao-miguel-com-aderecos\/#primaryimage\"},\"thumbnailUrl\":\"https:\/\/portaltela.pt\/s.01k8rhncp4jt1\/2026\/02\/img_920x518uu2026-02-13-18-40-31-2421390.jpg\",\"keywords\":[\"1. Liga\",\"Benfica\",\"desporto\",\"futebol\",\"Santa Clara\",\"S\u00e3o Miguel e Santa Maria\"],\"articleSection\":[\"Desporto\",\"Futebol\"],\"inLanguage\":\"pt-PT\"},{\"@type\":\"WebPage\",\"@id\":\"https:\/\/portaltela.pt\/noticias\/2026\/02\/13\/adeptos-do-benfica-impedidos-de-entrar-no-estadio-sao-miguel-com-aderecos\/\",\"url\":\"https:\/\/portaltela.pt\/noticias\/2026\/02\/13\/adeptos-do-benfica-impedidos-de-entrar-no-estadio-sao-miguel-com-aderecos\/\",\"name\":\"Adeptos do Benfica impedidos de entrar no Est\u00e1dio S\u00e3o Miguel com adere\u00e7os - Portal Tela Portugal\",\"isPartOf\":{\"@id\":\"https:\/\/portaltela.pt\/#website\"},\"primaryImageOfPage\":{\"@id\":\"https:\/\/portaltela.pt\/noticias\/2026\/02\/13\/adeptos-do-benfica-impedidos-de-entrar-no-estadio-sao-miguel-com-aderecos\/#primaryimage\"},\"image\":{\"@id\":\"https:\/\/portaltela.pt\/noticias\/2026\/02\/13\/adeptos-do-benfica-impedidos-de-entrar-no-estadio-sao-miguel-com-aderecos\/#primaryimage\"},\"thumbnailUrl\":\"https:\/\/portaltela.pt\/s.01k8rhncp4jt1\/2026\/02\/img_920x518uu2026-02-13-18-40-31-2421390.jpg\",\"datePublished\":\"2026-02-13T18:42:00+00:00\",\"author\":{\"@id\":\"https:\/\/portaltela.pt\/#\/schema\/person\/c4278d4a6028830caff9ee44b42d32ed\"},\"breadcrumb\":{\"@id\":\"https:\/\/portaltela.pt\/noticias\/2026\/02\/13\/adeptos-do-benfica-impedidos-de-entrar-no-estadio-sao-miguel-com-aderecos\/#breadcrumb\"},\"inLanguage\":\"pt-PT\",\"potentialAction\":[{\"@type\":\"ReadAction\",\"target\":[\"https:\/\/portaltela.pt\/noticias\/2026\/02\/13\/adeptos-do-benfica-impedidos-de-entrar-no-estadio-sao-miguel-com-aderecos\/\"]}]},{\"@type\":\"ImageObject\",\"inLanguage\":\"pt-PT\",\"@id\":\"https:\/\/portaltela.pt\/noticias\/2026\/02\/13\/adeptos-do-benfica-impedidos-de-entrar-no-estadio-sao-miguel-com-aderecos\/#primaryimage\",\"url\":\"https:\/\/portaltela.pt\/s.01k8rhncp4jt1\/2026\/02\/img_920x518uu2026-02-13-18-40-31-2421390.jpg\",\"contentUrl\":\"https:\/\/portaltela.pt\/s.01k8rhncp4jt1\/2026\/02\/img_920x518uu2026-02-13-18-40-31-2421390.jpg\",\"width\":796,\"height\":448,\"caption\":\"Adeptos \u00e0 entrada do Est\u00e1dio de S\u00e3o Miguel\"},{\"@type\":\"BreadcrumbList\",\"@id\":\"https:\/\/portaltela.pt\/noticias\/2026\/02\/13\/adeptos-do-benfica-impedidos-de-entrar-no-estadio-sao-miguel-com-aderecos\/#breadcrumb\",\"itemListElement\":[{\"@type\":\"ListItem\",\"position\":1,\"name\":\"In\u00edcio\",\"item\":\"https:\/\/portaltela.pt\/\"},{\"@type\":\"ListItem\",\"position\":2,\"name\":\"Adeptos do Benfica impedidos de entrar no Est\u00e1dio S\u00e3o Miguel com adere\u00e7os\"}]},{\"@type\":\"WebSite\",\"@id\":\"https:\/\/portaltela.pt\/#website\",\"url\":\"https:\/\/portaltela.pt\/\",\"name\":\"Portal Tela Portugal\",\"description\":\"\",\"potentialAction\":[{\"@type\":\"SearchAction\",\"target\":{\"@type\":\"EntryPoint\",\"urlTemplate\":\"https:\/\/portaltela.pt\/?s={search_term_string}\"},\"query-input\":{\"@type\":\"PropertyValueSpecification\",\"valueRequired\":true,\"valueName\":\"search_term_string\"}}],\"inLanguage\":\"pt-PT\"},{\"@type\":\"Person\",\"@id\":\"https:\/\/portaltela.pt\/#\/schema\/person\/c4278d4a6028830caff9ee44b42d32ed\",\"name\":\"Telinha\",\"image\":{\"@type\":\"ImageObject\",\"inLanguage\":\"pt-PT\",\"@id\":\"https:\/\/portaltela.pt\/s.01k8rhncp4jt1\/2025\/11\/talking-bot-125x125.png\",\"url\":\"https:\/\/portaltela.pt\/s.01k8rhncp4jt1\/2025\/11\/talking-bot-125x125.png\",\"contentUrl\":\"https:\/\/portaltela.pt\/s.01k8rhncp4jt1\/2025\/11\/talking-bot-125x125.png\",\"caption\":\"Telinha\"},\"sameAs\":[\"https:\/\/portaltela.pt\/\"],\"url\":\"https:\/\/portaltela.pt\/por\/367410592786\/\"}]}<\/script>\n<!-- \/ Yoast SEO plugin. -->","yoast_head_json":{"title":"Adeptos do Benfica impedidos de entrar no Est\u00e1dio S\u00e3o Miguel com adere\u00e7os - Portal Tela Portugal","robots":{"index":"index","follow":"follow","max-snippet":"max-snippet:-1","max-image-preview":"max-image-preview:large","max-video-preview":"max-video-preview:-1"},"og_locale":"pt_PT","og_type":"article","og_title":"Adeptos do Benfica impedidos de entrar no Est\u00e1dio S\u00e3o Miguel com adere\u00e7os - Portal Tela Portugal","og_description":"Adeptos do Benfica foram proibidos de exibir adere\u00e7os alusivos ao clube na bancada central do Est\u00e1dio de S\u00e3o Miguel, no jogo frente ao Santa Clara. A medida foi comunicada pela organiza\u00e7\u00e3o do Santa Clara e aplica-se \u00e0 21\u00aa jornada da competi\u00e7\u00e3o. Os bilhetes foram adquiridos pelos adeptos junto do Benfica, mas a proibi\u00e7\u00e3o j\u00e1 era pr\u00e1tica sobre a presen\u00e7a do clube na lota\u00e7\u00e3o. O jogo terminou empatado a zero, com atmosfera de rivalidade entre as torcidas, mas sem incidentes relevantes reportados. A decis\u00e3o gerou controv\u00e9rsia nas redes sociais; o Benfica ainda n\u00e3o se pronunciou oficialmente.","og_url":"https:\/\/portaltela.pt\/noticias\/2026\/02\/13\/adeptos-do-benfica-impedidos-de-entrar-no-estadio-sao-miguel-com-aderecos\/","og_site_name":"Portal Tela Portugal","article_published_time":"2026-02-13T18:42:00+00:00","author":"Telinha","twitter_card":"summary_large_image","twitter_misc":{"Escrito por":"Telinha","Tempo estimado de leitura":"1 minuto"},"schema":{"@context":"https:\/\/schema.org","@graph":[{"@type":"Article","@id":"https:\/\/portaltela.pt\/noticias\/2026\/02\/13\/adeptos-do-benfica-impedidos-de-entrar-no-estadio-sao-miguel-com-aderecos\/#article","isPartOf":{"@id":"https:\/\/portaltela.pt\/noticias\/2026\/02\/13\/adeptos-do-benfica-impedidos-de-entrar-no-estadio-sao-miguel-com-aderecos\/"},"author":{"name":"Telinha","@id":"https:\/\/portaltela.pt\/#\/schema\/person\/c4278d4a6028830caff9ee44b42d32ed"},"headline":"Adeptos do Benfica impedidos de entrar no Est\u00e1dio S\u00e3o Miguel com adere\u00e7os","datePublished":"2026-02-13T18:42:00+00:00","mainEntityOfPage":{"@id":"https:\/\/portaltela.pt\/noticias\/2026\/02\/13\/adeptos-do-benfica-impedidos-de-entrar-no-estadio-sao-miguel-com-aderecos\/"},"wordCount":216,"image":{"@id":"https:\/\/portaltela.pt\/noticias\/2026\/02\/13\/adeptos-do-benfica-impedidos-de-entrar-no-estadio-sao-miguel-com-aderecos\/#primaryimage"},"thumbnailUrl":"https:\/\/portaltela.pt\/s.01k8rhncp4jt1\/2026\/02\/img_920x518uu2026-02-13-18-40-31-2421390.jpg","keywords":["1. Liga","Benfica","desporto","futebol","Santa Clara","S\u00e3o Miguel e Santa Maria"],"articleSection":["Desporto","Futebol"],"inLanguage":"pt-PT"},{"@type":"WebPage","@id":"https:\/\/portaltela.pt\/noticias\/2026\/02\/13\/adeptos-do-benfica-impedidos-de-entrar-no-estadio-sao-miguel-com-aderecos\/","url":"https:\/\/portaltela.pt\/noticias\/2026\/02\/13\/adeptos-do-benfica-impedidos-de-entrar-no-estadio-sao-miguel-com-aderecos\/","name":"Adeptos do Benfica impedidos de entrar no Est\u00e1dio S\u00e3o Miguel com adere\u00e7os - Portal Tela Portugal","isPartOf":{"@id":"https:\/\/portaltela.pt\/#website"},"primaryImageOfPage":{"@id":"https:\/\/portaltela.pt\/noticias\/2026\/02\/13\/adeptos-do-benfica-impedidos-de-entrar-no-estadio-sao-miguel-com-aderecos\/#primaryimage"},"image":{"@id":"https:\/\/portaltela.pt\/noticias\/2026\/02\/13\/adeptos-do-benfica-impedidos-de-entrar-no-estadio-sao-miguel-com-aderecos\/#primaryimage"},"thumbnailUrl":"https:\/\/portaltela.pt\/s.01k8rhncp4jt1\/2026\/02\/img_920x518uu2026-02-13-18-40-31-2421390.jpg","datePublished":"2026-02-13T18:42:00+00:00","author":{"@id":"https:\/\/portaltela.pt\/#\/schema\/person\/c4278d4a6028830caff9ee44b42d32ed"},"breadcrumb":{"@id":"https:\/\/portaltela.pt\/noticias\/2026\/02\/13\/adeptos-do-benfica-impedidos-de-entrar-no-estadio-sao-miguel-com-aderecos\/#breadcrumb"},"inLanguage":"pt-PT","potentialAction":[{"@type":"ReadAction","target":["https:\/\/portaltela.pt\/noticias\/2026\/02\/13\/adeptos-do-benfica-impedidos-de-entrar-no-estadio-sao-miguel-com-aderecos\/"]}]},{"@type":"ImageObject","inLanguage":"pt-PT","@id":"https:\/\/portaltela.pt\/noticias\/2026\/02\/13\/adeptos-do-benfica-impedidos-de-entrar-no-estadio-sao-miguel-com-aderecos\/#primaryimage","url":"https:\/\/portaltela.pt\/s.01k8rhncp4jt1\/2026\/02\/img_920x518uu2026-02-13-18-40-31-2421390.jpg","contentUrl":"https:\/\/portaltela.pt\/s.01k8rhncp4jt1\/2026\/02\/img_920x518uu2026-02-13-18-40-31-2421390.jpg","width":796,"height":448,"caption":"Adeptos \u00e0 entrada do Est\u00e1dio de S\u00e3o Miguel"},{"@type":"BreadcrumbList","@id":"https:\/\/portaltela.pt\/noticias\/2026\/02\/13\/adeptos-do-benfica-impedidos-de-entrar-no-estadio-sao-miguel-com-aderecos\/#breadcrumb","itemListElement":[{"@type":"ListItem","position":1,"name":"In\u00edcio","item":"https:\/\/portaltela.pt\/"},{"@type":"ListItem","position":2,"name":"Adeptos do Benfica impedidos de entrar no Est\u00e1dio S\u00e3o Miguel com adere\u00e7os"}]},{"@type":"WebSite","@id":"https:\/\/portaltela.pt\/#website","url":"https:\/\/portaltela.pt\/","name":"Portal Tela Portugal","description":"","potentialAction":[{"@type":"SearchAction","target":{"@type":"EntryPoint","urlTemplate":"https:\/\/portaltela.pt\/?s={search_term_string}"},"query-input":{"@type":"PropertyValueSpecification","valueRequired":true,"valueName":"search_term_string"}}],"inLanguage":"pt-PT"},{"@type":"Person","@id":"https:\/\/portaltela.pt\/#\/schema\/person\/c4278d4a6028830caff9ee44b42d32ed","name":"Telinha","image":{"@type":"ImageObject","inLanguage":"pt-PT","@id":"https:\/\/portaltela.pt\/s.01k8rhncp4jt1\/2025\/11\/talking-bot-125x125.png","url":"https:\/\/portaltela.pt\/s.01k8rhncp4jt1\/2025\/11\/talking-bot-125x125.png","contentUrl":"https:\/\/portaltela.pt\/s.01k8rhncp4jt1\/2025\/11\/talking-bot-125x125.png","caption":"Telinha"},"sameAs":["https:\/\/portaltela.pt\/"],"url":"https:\/\/portaltela.pt\/por\/367410592786\/"}]}},"_links":{"self":[{"href":"https:\/\/portaltela.pt\/api\/wp\/v2\/posts\/211470","targetHints":{"allow":["GET"]}}],"collection":[{"href":"https:\/\/portaltela.pt\/api\/wp\/v2\/posts"}],"about":[{"href":"https:\/\/portaltela.pt\/api\/wp\/v2\/types\/post"}],"author":[{"embeddable":true,"href":"https:\/\/portaltela.pt\/api\/wp\/v2\/users\/2"}],"replies":[{"embeddable":true,"href":"https:\/\/portaltela.pt\/api\/wp\/v2\/comments?post=211470"}],"version-history":[{"count":0,"href":"https:\/\/portaltela.pt\/api\/wp\/v2\/posts\/211470\/revisions"}],"wp:featuredmedia":[{"embeddable":true,"href":"https:\/\/portaltela.pt\/api\/wp\/v2\/media\/211481"}],"wp:attachment":[{"href":"https:\/\/portaltela.pt\/api\/wp\/v2\/media?parent=211470"}],"wp:term":[{"taxonomy":"category","embeddable":true,"href":"https:\/\/portaltela.pt\/api\/wp\/v2\/categories?post=211470"},{"taxonomy":"post_tag","embeddable":true,"href":"https:\/\/portaltela.pt\/api\/wp\/v2\/tags?post=211470"}],"curies":[{"name":"wp","href":"https:\/\/api.w.org\/{rel}","templated":true}]}}