{"id":211469,"date":"2026-02-13T15:35:09","date_gmt":"2026-02-13T18:35:09","guid":{"rendered":"https:\/\/portaltela.pt\/noticias\/2026\/02\/13\/alunos-protestam-contra-pessimas-condicoes-da-e-b-s-domingos-capela-em-espinho\/"},"modified":"2026-02-13T15:35:09","modified_gmt":"2026-02-13T18:35:09","slug":"alunos-protestam-contra-pessimas-condicoes-da-e-b-s-domingos-capela-em-espinho","status":"publish","type":"post","link":"https:\/\/portaltela.pt\/noticias\/2026\/02\/13\/alunos-protestam-contra-pessimas-condicoes-da-e-b-s-domingos-capela-em-espinho\/","title":{"rendered":"Alunos protestam contra p\u00e9ssimas condi\u00e7\u00f5es da E.B.S. Domingos Capela, em Espinho"},"content":{"rendered":"<p>Oito de mar\u00e7o de 2025 n\u00e3o \u00e9 mencionado no texto original, mas os factos indicam que na manh\u00e3 de sexta-feira houve uma manifesta\u00e7\u00e3o de 65 alunos do curso profissional de desporto da Escola B\u00e1sica e Secund\u00e1ria Domingos Capela, em Espinho, diante da C\u00e2mara Municipal. O motivo \u00e9 a deteriora\u00e7\u00e3o das condi\u00e7\u00f5es da escola p\u00fablica, agravadas pelas tempestades nos \u00faltimos dias.<\/p>\n<p>Os alunos participam na a\u00e7\u00e3o para reclamar condi\u00e7\u00f5es inadequadas das instala\u00e7\u00f5es, incluindo pisos molhados, po\u00e7as de \u00e1gua na biblioteca e falta de interven\u00e7\u00f5es permanentes. O pavilh\u00e3o gimnodesportivo, essencial para as 1900 horas de forma\u00e7\u00e3o pr\u00e1tica, est\u00e1 encerrado h\u00e1 tr\u00eas semanas por falta de condi\u00e7\u00f5es, impossibilitando o cumprimento do programa letivo.<\/p>\n<p>A escola enfrenta problemas cr\u00f3nicos que se arrastam h\u00e1 mais de uma d\u00e9cada, com salas, corredores e escadas a apresentarem humidade e infiltra\u00e7\u00f5es. A entrada \u00e9 descrita como inacess\u00edvel devido \u00e0s po\u00e7as, e v\u00e1rios equipamentos t\u00e9cnicos, como projetores e tomadas, apresentam falhas, levantando d\u00favidas sobre a continuidade das aulas.<\/p>\n<h3>Requalifica\u00e7\u00e3o em curso e prazos<\/h3>\n<p>A C\u00e2mara Municipal de Espinho informou, por escrito, ter definido um investimento de 4,4 milh\u00f5es de euros para a requalifica\u00e7\u00e3o da escola. O concurso p\u00fablico encontra-se em audi\u00eancia pr\u00e9via de interessados, com etapas de adjudica\u00e7\u00e3o, envio ao Tribunal de Contas e, ap\u00f3s assinatura, um prazo de execu\u00e7\u00e3o de 18 meses.<\/p>\n<p>Segundo a autarquia, o processo atual substitui decis\u00f5es do executivo anterior, que ter\u00e1 demorado devido a uma classifica\u00e7\u00e3o inadequada da escola no Acordo Setorial. A C\u00e2mara sustenta que o anterior executivo n\u00e3o previu condi\u00e7\u00f5es de funcionamento durante a obra nem requisitos de seguran\u00e7a, fiscaliza\u00e7\u00e3o e gest\u00e3o de res\u00edduos.<\/p>\n<p>A interven\u00e7\u00e3o prevista abrange fachadas, caixilharias e coberturas, renova\u00e7\u00e3o de espa\u00e7os internos, redes de \u00e1gua, drenagens, ITED, g\u00e1s e AVAC, incluindo o pavilh\u00e3o e espa\u00e7os exteriores. Procedimentos concursais complementares preveem estruturas modulares para assegurar a continuidade das atividades letivas.<\/p>\n<p>A autarquia garante o compromisso de devolver qualidade ao espa\u00e7o escolar e de manter o parque escolar do concelho, que apresenta sinais de falta de manuten\u00e7\u00e3o.<\/p>\n","protected":false},"excerpt":{"rendered":"<ul>\n<li>65 alunos do curso profissional de desporto da Escola B\u00e1sica e Secund\u00e1ria Domingos Capela manifestaram-se em frente \u00e0 C\u00e2mara Municipal de Espinho, devido \u00e0s m\u00e1s condi\u00e7\u00f5es da escola agravadas pelas tempestades recentes.<\/li>\n<li>O pavilh\u00e3o gimnodesportivo, encerrado h\u00e1 tr\u00eas semanas, impede as 1.900 horas de forma\u00e7\u00e3o pr\u00e1tica obrigat\u00f3ria e pode obrigar a reposi\u00e7\u00e3o das aulas no ver\u00e3o; h\u00e1 relatos de pisos molhados e \u00e1gua na biblioteca.<\/li>\n<li>Mant\u00eam-se problemas cr\u00f3nicos h\u00e1 mais de uma d\u00e9cada, com salas e corredores a parecerem rios, entrada da escola em cima de paletes por causa das po\u00e7as de \u00e1gua e falhas em projetores, cabos e tomadas.<\/li>\n<li>A C\u00e2mara Municipal de Espinho anunciou um investimento de 4,4 milh\u00f5es de euros na requalifica\u00e7\u00e3o, com o concurso em fase de audi\u00eancia pr\u00e9via, prazo de execu\u00e7\u00e3o de 18 meses, e atribuiu a demora ao anterior executivo.<\/li>\n<li>Est\u00e3o a avanar procedimentos para possibilitar estruturas modulares que assegurem a continuidade das aulas durante a obra, com foco na fiscaliza\u00e7\u00e3o, seguran\u00e7a e funcionamento das componentes t\u00e9cnicas.<\/li>\n<\/ul>\n","protected":false},"author":2,"featured_media":211475,"comment_status":"closed","ping_status":"closed","sticky":false,"template":"","format":"standard","meta":{"footnotes":""},"categories":[1],"tags":[718,163,101,1839,1615,2433],"class_list":["post-211469","post","type-post","status-publish","format-standard","has-post-thumbnail","hentry","category-noticias","tag-construcao","tag-educacao","tag-escolas","tag-espinho","tag-infraestrutura","tag-requalificacao-urbana"],"yoast_head":"<!-- This site is optimized with the Yoast SEO plugin v27.2 - https:\/\/yoast.com\/product\/yoast-seo-wordpress\/ -->\n<title>Alunos protestam contra p\u00e9ssimas condi\u00e7\u00f5es da E.B.S. Domingos Capela, em Espinho - Portal Tela Portugal<\/title>\n<meta name=\"robots\" content=\"index, follow, max-snippet:-1, max-image-preview:large, max-video-preview:-1\" \/>\n<meta property=\"og:locale\" content=\"pt_PT\" \/>\n<meta property=\"og:type\" content=\"article\" \/>\n<meta property=\"og:title\" content=\"Alunos protestam contra p\u00e9ssimas condi\u00e7\u00f5es da E.B.S. Domingos Capela, em Espinho - Portal Tela Portugal\" \/>\n<meta property=\"og:description\" content=\"65 alunos do curso profissional de desporto da Escola B\u00e1sica e Secund\u00e1ria Domingos Capela manifestaram-se em frente \u00e0 C\u00e2mara Municipal de Espinho, devido \u00e0s m\u00e1s condi\u00e7\u00f5es da escola agravadas pelas tempestades recentes. O pavilh\u00e3o gimnodesportivo, encerrado h\u00e1 tr\u00eas semanas, impede as 1.900 horas de forma\u00e7\u00e3o pr\u00e1tica obrigat\u00f3ria e pode obrigar a reposi\u00e7\u00e3o das aulas no ver\u00e3o; h\u00e1 relatos de pisos molhados e \u00e1gua na biblioteca. Mant\u00eam-se problemas cr\u00f3nicos h\u00e1 mais de uma d\u00e9cada, com salas e corredores a parecerem rios, entrada da escola em cima de paletes por causa das po\u00e7as de \u00e1gua e falhas em projetores, cabos e tomadas. A C\u00e2mara Municipal de Espinho anunciou um investimento de 4,4 milh\u00f5es de euros na requalifica\u00e7\u00e3o, com o concurso em fase de audi\u00eancia pr\u00e9via, prazo de execu\u00e7\u00e3o de 18 meses, e atribuiu a demora ao anterior executivo. Est\u00e3o a avanar procedimentos para possibilitar estruturas modulares que assegurem a continuidade das aulas durante a obra, com foco na fiscaliza\u00e7\u00e3o, seguran\u00e7a e funcionamento das componentes t\u00e9cnicas.\" \/>\n<meta property=\"og:url\" content=\"https:\/\/portaltela.pt\/noticias\/2026\/02\/13\/alunos-protestam-contra-pessimas-condicoes-da-e-b-s-domingos-capela-em-espinho\/\" \/>\n<meta property=\"og:site_name\" content=\"Portal Tela Portugal\" \/>\n<meta property=\"article:published_time\" content=\"2026-02-13T18:35:09+00:00\" \/>\n<meta name=\"author\" content=\"Telinha\" \/>\n<meta name=\"twitter:card\" content=\"summary_large_image\" \/>\n<meta name=\"twitter:label1\" content=\"Escrito por\" \/>\n\t<meta name=\"twitter:data1\" content=\"Telinha\" \/>\n\t<meta name=\"twitter:label2\" content=\"Tempo estimado de leitura\" \/>\n\t<meta name=\"twitter:data2\" content=\"2 minutos\" \/>\n<script type=\"application\/ld+json\" class=\"yoast-schema-graph\">{\"@context\":\"https:\/\/schema.org\",\"@graph\":[{\"@type\":\"Article\",\"@id\":\"https:\/\/portaltela.pt\/noticias\/2026\/02\/13\/alunos-protestam-contra-pessimas-condicoes-da-e-b-s-domingos-capela-em-espinho\/#article\",\"isPartOf\":{\"@id\":\"https:\/\/portaltela.pt\/noticias\/2026\/02\/13\/alunos-protestam-contra-pessimas-condicoes-da-e-b-s-domingos-capela-em-espinho\/\"},\"author\":{\"name\":\"Telinha\",\"@id\":\"https:\/\/portaltela.pt\/#\/schema\/person\/c4278d4a6028830caff9ee44b42d32ed\"},\"headline\":\"Alunos protestam contra p\u00e9ssimas condi\u00e7\u00f5es da E.B.S. Domingos Capela, em Espinho\",\"datePublished\":\"2026-02-13T18:35:09+00:00\",\"mainEntityOfPage\":{\"@id\":\"https:\/\/portaltela.pt\/noticias\/2026\/02\/13\/alunos-protestam-contra-pessimas-condicoes-da-e-b-s-domingos-capela-em-espinho\/\"},\"wordCount\":388,\"image\":{\"@id\":\"https:\/\/portaltela.pt\/noticias\/2026\/02\/13\/alunos-protestam-contra-pessimas-condicoes-da-e-b-s-domingos-capela-em-espinho\/#primaryimage\"},\"thumbnailUrl\":\"https:\/\/portaltela.pt\/s.01k8rhncp4jt1\/2026\/02\/img_1280x721uu2026-02-13-18-00-34-2266716.jpg\",\"keywords\":[\"Constru\u00e7\u00e3o\",\"educa\u00e7\u00e3o\",\"escolas\",\"Espinho\",\"infraestrutura\",\"requalifica\u00e7\u00e3o urbana\"],\"articleSection\":[\"Not\u00edcias\"],\"inLanguage\":\"pt-PT\"},{\"@type\":\"WebPage\",\"@id\":\"https:\/\/portaltela.pt\/noticias\/2026\/02\/13\/alunos-protestam-contra-pessimas-condicoes-da-e-b-s-domingos-capela-em-espinho\/\",\"url\":\"https:\/\/portaltela.pt\/noticias\/2026\/02\/13\/alunos-protestam-contra-pessimas-condicoes-da-e-b-s-domingos-capela-em-espinho\/\",\"name\":\"Alunos protestam contra p\u00e9ssimas condi\u00e7\u00f5es da E.B.S. Domingos Capela, em Espinho - Portal Tela Portugal\",\"isPartOf\":{\"@id\":\"https:\/\/portaltela.pt\/#website\"},\"primaryImageOfPage\":{\"@id\":\"https:\/\/portaltela.pt\/noticias\/2026\/02\/13\/alunos-protestam-contra-pessimas-condicoes-da-e-b-s-domingos-capela-em-espinho\/#primaryimage\"},\"image\":{\"@id\":\"https:\/\/portaltela.pt\/noticias\/2026\/02\/13\/alunos-protestam-contra-pessimas-condicoes-da-e-b-s-domingos-capela-em-espinho\/#primaryimage\"},\"thumbnailUrl\":\"https:\/\/portaltela.pt\/s.01k8rhncp4jt1\/2026\/02\/img_1280x721uu2026-02-13-18-00-34-2266716.jpg\",\"datePublished\":\"2026-02-13T18:35:09+00:00\",\"author\":{\"@id\":\"https:\/\/portaltela.pt\/#\/schema\/person\/c4278d4a6028830caff9ee44b42d32ed\"},\"breadcrumb\":{\"@id\":\"https:\/\/portaltela.pt\/noticias\/2026\/02\/13\/alunos-protestam-contra-pessimas-condicoes-da-e-b-s-domingos-capela-em-espinho\/#breadcrumb\"},\"inLanguage\":\"pt-PT\",\"potentialAction\":[{\"@type\":\"ReadAction\",\"target\":[\"https:\/\/portaltela.pt\/noticias\/2026\/02\/13\/alunos-protestam-contra-pessimas-condicoes-da-e-b-s-domingos-capela-em-espinho\/\"]}]},{\"@type\":\"ImageObject\",\"inLanguage\":\"pt-PT\",\"@id\":\"https:\/\/portaltela.pt\/noticias\/2026\/02\/13\/alunos-protestam-contra-pessimas-condicoes-da-e-b-s-domingos-capela-em-espinho\/#primaryimage\",\"url\":\"https:\/\/portaltela.pt\/s.01k8rhncp4jt1\/2026\/02\/img_1280x721uu2026-02-13-18-00-34-2266716.jpg\",\"contentUrl\":\"https:\/\/portaltela.pt\/s.01k8rhncp4jt1\/2026\/02\/img_1280x721uu2026-02-13-18-00-34-2266716.jpg\",\"width\":796,\"height\":448,\"caption\":\"Manifesta\u00e7\u00e3o de 65 alunos.jpg\"},{\"@type\":\"BreadcrumbList\",\"@id\":\"https:\/\/portaltela.pt\/noticias\/2026\/02\/13\/alunos-protestam-contra-pessimas-condicoes-da-e-b-s-domingos-capela-em-espinho\/#breadcrumb\",\"itemListElement\":[{\"@type\":\"ListItem\",\"position\":1,\"name\":\"In\u00edcio\",\"item\":\"https:\/\/portaltela.pt\/\"},{\"@type\":\"ListItem\",\"position\":2,\"name\":\"Alunos protestam contra p\u00e9ssimas condi\u00e7\u00f5es da E.B.S. Domingos Capela, em Espinho\"}]},{\"@type\":\"WebSite\",\"@id\":\"https:\/\/portaltela.pt\/#website\",\"url\":\"https:\/\/portaltela.pt\/\",\"name\":\"Portal Tela Portugal\",\"description\":\"\",\"potentialAction\":[{\"@type\":\"SearchAction\",\"target\":{\"@type\":\"EntryPoint\",\"urlTemplate\":\"https:\/\/portaltela.pt\/?s={search_term_string}\"},\"query-input\":{\"@type\":\"PropertyValueSpecification\",\"valueRequired\":true,\"valueName\":\"search_term_string\"}}],\"inLanguage\":\"pt-PT\"},{\"@type\":\"Person\",\"@id\":\"https:\/\/portaltela.pt\/#\/schema\/person\/c4278d4a6028830caff9ee44b42d32ed\",\"name\":\"Telinha\",\"image\":{\"@type\":\"ImageObject\",\"inLanguage\":\"pt-PT\",\"@id\":\"https:\/\/portaltela.pt\/s.01k8rhncp4jt1\/2025\/11\/talking-bot-125x125.png\",\"url\":\"https:\/\/portaltela.pt\/s.01k8rhncp4jt1\/2025\/11\/talking-bot-125x125.png\",\"contentUrl\":\"https:\/\/portaltela.pt\/s.01k8rhncp4jt1\/2025\/11\/talking-bot-125x125.png\",\"caption\":\"Telinha\"},\"sameAs\":[\"https:\/\/portaltela.pt\/\"],\"url\":\"https:\/\/portaltela.pt\/por\/367410592786\/\"}]}<\/script>\n<!-- \/ Yoast SEO plugin. -->","yoast_head_json":{"title":"Alunos protestam contra p\u00e9ssimas condi\u00e7\u00f5es da E.B.S. Domingos Capela, em Espinho - Portal Tela Portugal","robots":{"index":"index","follow":"follow","max-snippet":"max-snippet:-1","max-image-preview":"max-image-preview:large","max-video-preview":"max-video-preview:-1"},"og_locale":"pt_PT","og_type":"article","og_title":"Alunos protestam contra p\u00e9ssimas condi\u00e7\u00f5es da E.B.S. Domingos Capela, em Espinho - Portal Tela Portugal","og_description":"65 alunos do curso profissional de desporto da Escola B\u00e1sica e Secund\u00e1ria Domingos Capela manifestaram-se em frente \u00e0 C\u00e2mara Municipal de Espinho, devido \u00e0s m\u00e1s condi\u00e7\u00f5es da escola agravadas pelas tempestades recentes. O pavilh\u00e3o gimnodesportivo, encerrado h\u00e1 tr\u00eas semanas, impede as 1.900 horas de forma\u00e7\u00e3o pr\u00e1tica obrigat\u00f3ria e pode obrigar a reposi\u00e7\u00e3o das aulas no ver\u00e3o; h\u00e1 relatos de pisos molhados e \u00e1gua na biblioteca. Mant\u00eam-se problemas cr\u00f3nicos h\u00e1 mais de uma d\u00e9cada, com salas e corredores a parecerem rios, entrada da escola em cima de paletes por causa das po\u00e7as de \u00e1gua e falhas em projetores, cabos e tomadas. A C\u00e2mara Municipal de Espinho anunciou um investimento de 4,4 milh\u00f5es de euros na requalifica\u00e7\u00e3o, com o concurso em fase de audi\u00eancia pr\u00e9via, prazo de execu\u00e7\u00e3o de 18 meses, e atribuiu a demora ao anterior executivo. Est\u00e3o a avanar procedimentos para possibilitar estruturas modulares que assegurem a continuidade das aulas durante a obra, com foco na fiscaliza\u00e7\u00e3o, seguran\u00e7a e funcionamento das componentes t\u00e9cnicas.","og_url":"https:\/\/portaltela.pt\/noticias\/2026\/02\/13\/alunos-protestam-contra-pessimas-condicoes-da-e-b-s-domingos-capela-em-espinho\/","og_site_name":"Portal Tela Portugal","article_published_time":"2026-02-13T18:35:09+00:00","author":"Telinha","twitter_card":"summary_large_image","twitter_misc":{"Escrito por":"Telinha","Tempo estimado de leitura":"2 minutos"},"schema":{"@context":"https:\/\/schema.org","@graph":[{"@type":"Article","@id":"https:\/\/portaltela.pt\/noticias\/2026\/02\/13\/alunos-protestam-contra-pessimas-condicoes-da-e-b-s-domingos-capela-em-espinho\/#article","isPartOf":{"@id":"https:\/\/portaltela.pt\/noticias\/2026\/02\/13\/alunos-protestam-contra-pessimas-condicoes-da-e-b-s-domingos-capela-em-espinho\/"},"author":{"name":"Telinha","@id":"https:\/\/portaltela.pt\/#\/schema\/person\/c4278d4a6028830caff9ee44b42d32ed"},"headline":"Alunos protestam contra p\u00e9ssimas condi\u00e7\u00f5es da E.B.S. Domingos Capela, em Espinho","datePublished":"2026-02-13T18:35:09+00:00","mainEntityOfPage":{"@id":"https:\/\/portaltela.pt\/noticias\/2026\/02\/13\/alunos-protestam-contra-pessimas-condicoes-da-e-b-s-domingos-capela-em-espinho\/"},"wordCount":388,"image":{"@id":"https:\/\/portaltela.pt\/noticias\/2026\/02\/13\/alunos-protestam-contra-pessimas-condicoes-da-e-b-s-domingos-capela-em-espinho\/#primaryimage"},"thumbnailUrl":"https:\/\/portaltela.pt\/s.01k8rhncp4jt1\/2026\/02\/img_1280x721uu2026-02-13-18-00-34-2266716.jpg","keywords":["Constru\u00e7\u00e3o","educa\u00e7\u00e3o","escolas","Espinho","infraestrutura","requalifica\u00e7\u00e3o urbana"],"articleSection":["Not\u00edcias"],"inLanguage":"pt-PT"},{"@type":"WebPage","@id":"https:\/\/portaltela.pt\/noticias\/2026\/02\/13\/alunos-protestam-contra-pessimas-condicoes-da-e-b-s-domingos-capela-em-espinho\/","url":"https:\/\/portaltela.pt\/noticias\/2026\/02\/13\/alunos-protestam-contra-pessimas-condicoes-da-e-b-s-domingos-capela-em-espinho\/","name":"Alunos protestam contra p\u00e9ssimas condi\u00e7\u00f5es da E.B.S. Domingos Capela, em Espinho - Portal Tela Portugal","isPartOf":{"@id":"https:\/\/portaltela.pt\/#website"},"primaryImageOfPage":{"@id":"https:\/\/portaltela.pt\/noticias\/2026\/02\/13\/alunos-protestam-contra-pessimas-condicoes-da-e-b-s-domingos-capela-em-espinho\/#primaryimage"},"image":{"@id":"https:\/\/portaltela.pt\/noticias\/2026\/02\/13\/alunos-protestam-contra-pessimas-condicoes-da-e-b-s-domingos-capela-em-espinho\/#primaryimage"},"thumbnailUrl":"https:\/\/portaltela.pt\/s.01k8rhncp4jt1\/2026\/02\/img_1280x721uu2026-02-13-18-00-34-2266716.jpg","datePublished":"2026-02-13T18:35:09+00:00","author":{"@id":"https:\/\/portaltela.pt\/#\/schema\/person\/c4278d4a6028830caff9ee44b42d32ed"},"breadcrumb":{"@id":"https:\/\/portaltela.pt\/noticias\/2026\/02\/13\/alunos-protestam-contra-pessimas-condicoes-da-e-b-s-domingos-capela-em-espinho\/#breadcrumb"},"inLanguage":"pt-PT","potentialAction":[{"@type":"ReadAction","target":["https:\/\/portaltela.pt\/noticias\/2026\/02\/13\/alunos-protestam-contra-pessimas-condicoes-da-e-b-s-domingos-capela-em-espinho\/"]}]},{"@type":"ImageObject","inLanguage":"pt-PT","@id":"https:\/\/portaltela.pt\/noticias\/2026\/02\/13\/alunos-protestam-contra-pessimas-condicoes-da-e-b-s-domingos-capela-em-espinho\/#primaryimage","url":"https:\/\/portaltela.pt\/s.01k8rhncp4jt1\/2026\/02\/img_1280x721uu2026-02-13-18-00-34-2266716.jpg","contentUrl":"https:\/\/portaltela.pt\/s.01k8rhncp4jt1\/2026\/02\/img_1280x721uu2026-02-13-18-00-34-2266716.jpg","width":796,"height":448,"caption":"Manifesta\u00e7\u00e3o de 65 alunos.jpg"},{"@type":"BreadcrumbList","@id":"https:\/\/portaltela.pt\/noticias\/2026\/02\/13\/alunos-protestam-contra-pessimas-condicoes-da-e-b-s-domingos-capela-em-espinho\/#breadcrumb","itemListElement":[{"@type":"ListItem","position":1,"name":"In\u00edcio","item":"https:\/\/portaltela.pt\/"},{"@type":"ListItem","position":2,"name":"Alunos protestam contra p\u00e9ssimas condi\u00e7\u00f5es da E.B.S. Domingos Capela, em Espinho"}]},{"@type":"WebSite","@id":"https:\/\/portaltela.pt\/#website","url":"https:\/\/portaltela.pt\/","name":"Portal Tela Portugal","description":"","potentialAction":[{"@type":"SearchAction","target":{"@type":"EntryPoint","urlTemplate":"https:\/\/portaltela.pt\/?s={search_term_string}"},"query-input":{"@type":"PropertyValueSpecification","valueRequired":true,"valueName":"search_term_string"}}],"inLanguage":"pt-PT"},{"@type":"Person","@id":"https:\/\/portaltela.pt\/#\/schema\/person\/c4278d4a6028830caff9ee44b42d32ed","name":"Telinha","image":{"@type":"ImageObject","inLanguage":"pt-PT","@id":"https:\/\/portaltela.pt\/s.01k8rhncp4jt1\/2025\/11\/talking-bot-125x125.png","url":"https:\/\/portaltela.pt\/s.01k8rhncp4jt1\/2025\/11\/talking-bot-125x125.png","contentUrl":"https:\/\/portaltela.pt\/s.01k8rhncp4jt1\/2025\/11\/talking-bot-125x125.png","caption":"Telinha"},"sameAs":["https:\/\/portaltela.pt\/"],"url":"https:\/\/portaltela.pt\/por\/367410592786\/"}]}},"_links":{"self":[{"href":"https:\/\/portaltela.pt\/api\/wp\/v2\/posts\/211469","targetHints":{"allow":["GET"]}}],"collection":[{"href":"https:\/\/portaltela.pt\/api\/wp\/v2\/posts"}],"about":[{"href":"https:\/\/portaltela.pt\/api\/wp\/v2\/types\/post"}],"author":[{"embeddable":true,"href":"https:\/\/portaltela.pt\/api\/wp\/v2\/users\/2"}],"replies":[{"embeddable":true,"href":"https:\/\/portaltela.pt\/api\/wp\/v2\/comments?post=211469"}],"version-history":[{"count":0,"href":"https:\/\/portaltela.pt\/api\/wp\/v2\/posts\/211469\/revisions"}],"wp:featuredmedia":[{"embeddable":true,"href":"https:\/\/portaltela.pt\/api\/wp\/v2\/media\/211475"}],"wp:attachment":[{"href":"https:\/\/portaltela.pt\/api\/wp\/v2\/media?parent=211469"}],"wp:term":[{"taxonomy":"category","embeddable":true,"href":"https:\/\/portaltela.pt\/api\/wp\/v2\/categories?post=211469"},{"taxonomy":"post_tag","embeddable":true,"href":"https:\/\/portaltela.pt\/api\/wp\/v2\/tags?post=211469"}],"curies":[{"name":"wp","href":"https:\/\/api.w.org\/{rel}","templated":true}]}}