{"id":211407,"date":"2026-02-13T14:44:00","date_gmt":"2026-02-13T17:44:00","guid":{"rendered":"https:\/\/portaltela.pt\/noticias\/2026\/02\/13\/passeio-maritimo-de-alges-encerra-por-seguranca-obras-iniciam-brevemente\/"},"modified":"2026-02-13T14:44:00","modified_gmt":"2026-02-13T17:44:00","slug":"passeio-maritimo-de-alges-encerra-por-seguranca-obras-iniciam-brevemente","status":"publish","type":"post","link":"https:\/\/portaltela.pt\/noticias\/2026\/02\/13\/passeio-maritimo-de-alges-encerra-por-seguranca-obras-iniciam-brevemente\/","title":{"rendered":"Passeio Mar\u00edtimo de Alg\u00e9s encerra por seguran\u00e7a; obras iniciam brevemente"},"content":{"rendered":"<p>O Passeio Mar\u00edtimo de Alg\u00e9s ficou encerrado por motivos de seguran\u00e7a, ap\u00f3s novas intemp\u00e9ries terem degradado o pavimento e criado crateras. A C\u00e2mara Municipal de Oeiras confirmou que as obras de reposi\u00e7\u00e3o arrancam na pr\u00f3xima semana e devem durar dois meses.<\/p>\n<p>O espa\u00e7o junto \u00e0 frente ribeirinha permanece interdito \u00e0 circula\u00e7\u00e3o pedonal. A autarquia informou que o tro\u00e7o que ruiu junto \u00e0 linha f\u00e9rrea ser\u00e1 objeto de interven\u00e7\u00e3o, para restabelecer a circula\u00e7\u00e3o na Linha de Cascais.<\/p>\n<h3>Inicio e enquadramento das obras<\/h3>\n<p>A obra de reposi\u00e7\u00e3o, adjudicada por cerca de 400 000 euros mais IVA, dever\u00e1 arrancar j\u00e1 na semana de 18 de Fevereiro. A primeira fase envolve a conten\u00e7\u00e3o do muro junto \u00e0 linha f\u00e9rrea para permitir a normalidade ferrovi\u00e1ria.<\/p>\n<p>A autarquia explicou que o investimento \u00e9 financiado pelo munic\u00edpio. O objetivo \u00e9 evitar recorr\u00eancias dos estragos causados por tempestades e ondula\u00e7\u00f5es, com uma interven\u00e7\u00e3o de maior envergadura no passeio mar\u00edtimo.<\/p>\n<h3>Outros impactos e pedidos de a\u00e7\u00e3o<\/h3>\n<p>A resposta da C\u00e2mara surge numa sequ\u00eancia de dificuldades ferrovi\u00e1rias, com a via \u00fanica entre Alg\u00e9s e Caxias desde 5 de Fevereiro. A Evoluir Oeiras pediu interven\u00e7\u00e3o governamental para uma solu\u00e7\u00e3o de fundo, abrangendo din\u00e2mica costeira e fen\u00f3menos clim\u00e1ticos extremos.<\/p>\n<p>Al\u00e9m das obras j\u00e1 previstas, est\u00e1 prevista uma interven\u00e7\u00e3o mais aprofundada em toda a extens\u00e3o do passeio, incluindo a amplia\u00e7\u00e3o do Terrapleno de Alg\u00e9s para reduzir a recorr\u00eancia de danos. A gest\u00e3o do espa\u00e7o continua a exigir coordena\u00e7\u00e3o entre entidades p\u00fablicas.<\/p>\n","protected":false},"excerpt":{"rendered":"<ul>\n<li>O Passeio Mar\u00edtimo de Alg\u00e9s est\u00e1 encerrado por motivos de seguran\u00e7a, ap\u00f3s novas condicionantes causadas pelas intemp\u00e9ries.<\/li>\n<li>As obras de reposi\u00e7\u00e3o dever\u00e3o arrancar na pr\u00f3xima semana, no dia 18 de fevereiro, e t\u00eam dura\u00e7\u00e3o estimada de dois meses.<\/li>\n<li>O custo da interven\u00e7\u00e3o no tro\u00e7o que ruiu junto \u00e0 linha f\u00e9rrea est\u00e1 adjudicado em 400.000 euros, acrescidos de IVA, segundo a C\u00e2mara Municipal de Oeiras.<\/li>\n<li>A primeira fase inclui a conten\u00e7\u00e3o do muro junto \u00e0 linha f\u00e9rrea para restabelecer, o quanto antes, a circula\u00e7\u00e3o de comboios da Linha de Cascais.<\/li>\n<li>A autarquia adianta que a interven\u00e7\u00e3o ser\u00e1 financiada pelo munic\u00edpio e que haver\u00e1 uma interven\u00e7\u00e3o de fundo no passeio mar\u00edtimo, com vista a evitar problemas semelhantes no futuro.<\/li>\n<\/ul>\n","protected":false},"author":2,"featured_media":211418,"comment_status":"closed","ping_status":"closed","sticky":false,"template":"","format":"standard","meta":{"footnotes":""},"categories":[1],"tags":[1523,5215,1615,5795,1198,192],"class_list":["post-211407","post","type-post","status-publish","format-standard","has-post-thumbnail","hentry","category-noticias","tag-alges","tag-catastrofes-naturais","tag-infraestrutura","tag-linha","tag-oeiras","tag-transporte"],"yoast_head":"<!-- This site is optimized with the Yoast SEO plugin v27.2 - https:\/\/yoast.com\/product\/yoast-seo-wordpress\/ -->\n<title>Passeio Mar\u00edtimo de Alg\u00e9s encerra por seguran\u00e7a; obras iniciam brevemente - Portal Tela Portugal<\/title>\n<meta name=\"robots\" content=\"index, follow, max-snippet:-1, max-image-preview:large, max-video-preview:-1\" \/>\n<meta property=\"og:locale\" content=\"pt_PT\" \/>\n<meta property=\"og:type\" content=\"article\" \/>\n<meta property=\"og:title\" content=\"Passeio Mar\u00edtimo de Alg\u00e9s encerra por seguran\u00e7a; obras iniciam brevemente - Portal Tela Portugal\" \/>\n<meta property=\"og:description\" content=\"O Passeio Mar\u00edtimo de Alg\u00e9s est\u00e1 encerrado por motivos de seguran\u00e7a, ap\u00f3s novas condicionantes causadas pelas intemp\u00e9ries. As obras de reposi\u00e7\u00e3o dever\u00e3o arrancar na pr\u00f3xima semana, no dia 18 de fevereiro, e t\u00eam dura\u00e7\u00e3o estimada de dois meses. O custo da interven\u00e7\u00e3o no tro\u00e7o que ruiu junto \u00e0 linha f\u00e9rrea est\u00e1 adjudicado em 400.000 euros, acrescidos de IVA, segundo a C\u00e2mara Municipal de Oeiras. A primeira fase inclui a conten\u00e7\u00e3o do muro junto \u00e0 linha f\u00e9rrea para restabelecer, o quanto antes, a circula\u00e7\u00e3o de comboios da Linha de Cascais. A autarquia adianta que a interven\u00e7\u00e3o ser\u00e1 financiada pelo munic\u00edpio e que haver\u00e1 uma interven\u00e7\u00e3o de fundo no passeio mar\u00edtimo, com vista a evitar problemas semelhantes no futuro.\" \/>\n<meta property=\"og:url\" content=\"https:\/\/portaltela.pt\/noticias\/2026\/02\/13\/passeio-maritimo-de-alges-encerra-por-seguranca-obras-iniciam-brevemente\/\" \/>\n<meta property=\"og:site_name\" content=\"Portal Tela Portugal\" \/>\n<meta property=\"article:published_time\" content=\"2026-02-13T17:44:00+00:00\" \/>\n<meta name=\"author\" content=\"Telinha\" \/>\n<meta name=\"twitter:card\" content=\"summary_large_image\" \/>\n<meta name=\"twitter:label1\" content=\"Escrito por\" \/>\n\t<meta name=\"twitter:data1\" content=\"Telinha\" \/>\n\t<meta name=\"twitter:label2\" content=\"Tempo estimado de leitura\" \/>\n\t<meta name=\"twitter:data2\" content=\"1 minuto\" \/>\n<script type=\"application\/ld+json\" class=\"yoast-schema-graph\">{\"@context\":\"https:\/\/schema.org\",\"@graph\":[{\"@type\":\"Article\",\"@id\":\"https:\/\/portaltela.pt\/noticias\/2026\/02\/13\/passeio-maritimo-de-alges-encerra-por-seguranca-obras-iniciam-brevemente\/#article\",\"isPartOf\":{\"@id\":\"https:\/\/portaltela.pt\/noticias\/2026\/02\/13\/passeio-maritimo-de-alges-encerra-por-seguranca-obras-iniciam-brevemente\/\"},\"author\":{\"name\":\"Telinha\",\"@id\":\"https:\/\/portaltela.pt\/#\/schema\/person\/c4278d4a6028830caff9ee44b42d32ed\"},\"headline\":\"Passeio Mar\u00edtimo de Alg\u00e9s encerra por seguran\u00e7a; obras iniciam brevemente\",\"datePublished\":\"2026-02-13T17:44:00+00:00\",\"mainEntityOfPage\":{\"@id\":\"https:\/\/portaltela.pt\/noticias\/2026\/02\/13\/passeio-maritimo-de-alges-encerra-por-seguranca-obras-iniciam-brevemente\/\"},\"wordCount\":284,\"image\":{\"@id\":\"https:\/\/portaltela.pt\/noticias\/2026\/02\/13\/passeio-maritimo-de-alges-encerra-por-seguranca-obras-iniciam-brevemente\/#primaryimage\"},\"thumbnailUrl\":\"https:\/\/portaltela.pt\/s.01k8rhncp4jt1\/2026\/02\/2067082.jpg\",\"keywords\":[\"Alg\u00e9s\",\"cat\u00e1strofes naturais\",\"infraestrutura\",\"Linha\",\"Oeiras\",\"transporte\"],\"articleSection\":[\"Not\u00edcias\"],\"inLanguage\":\"pt-PT\"},{\"@type\":\"WebPage\",\"@id\":\"https:\/\/portaltela.pt\/noticias\/2026\/02\/13\/passeio-maritimo-de-alges-encerra-por-seguranca-obras-iniciam-brevemente\/\",\"url\":\"https:\/\/portaltela.pt\/noticias\/2026\/02\/13\/passeio-maritimo-de-alges-encerra-por-seguranca-obras-iniciam-brevemente\/\",\"name\":\"Passeio Mar\u00edtimo de Alg\u00e9s encerra por seguran\u00e7a; obras iniciam brevemente - Portal Tela Portugal\",\"isPartOf\":{\"@id\":\"https:\/\/portaltela.pt\/#website\"},\"primaryImageOfPage\":{\"@id\":\"https:\/\/portaltela.pt\/noticias\/2026\/02\/13\/passeio-maritimo-de-alges-encerra-por-seguranca-obras-iniciam-brevemente\/#primaryimage\"},\"image\":{\"@id\":\"https:\/\/portaltela.pt\/noticias\/2026\/02\/13\/passeio-maritimo-de-alges-encerra-por-seguranca-obras-iniciam-brevemente\/#primaryimage\"},\"thumbnailUrl\":\"https:\/\/portaltela.pt\/s.01k8rhncp4jt1\/2026\/02\/2067082.jpg\",\"datePublished\":\"2026-02-13T17:44:00+00:00\",\"author\":{\"@id\":\"https:\/\/portaltela.pt\/#\/schema\/person\/c4278d4a6028830caff9ee44b42d32ed\"},\"breadcrumb\":{\"@id\":\"https:\/\/portaltela.pt\/noticias\/2026\/02\/13\/passeio-maritimo-de-alges-encerra-por-seguranca-obras-iniciam-brevemente\/#breadcrumb\"},\"inLanguage\":\"pt-PT\",\"potentialAction\":[{\"@type\":\"ReadAction\",\"target\":[\"https:\/\/portaltela.pt\/noticias\/2026\/02\/13\/passeio-maritimo-de-alges-encerra-por-seguranca-obras-iniciam-brevemente\/\"]}]},{\"@type\":\"ImageObject\",\"inLanguage\":\"pt-PT\",\"@id\":\"https:\/\/portaltela.pt\/noticias\/2026\/02\/13\/passeio-maritimo-de-alges-encerra-por-seguranca-obras-iniciam-brevemente\/#primaryimage\",\"url\":\"https:\/\/portaltela.pt\/s.01k8rhncp4jt1\/2026\/02\/2067082.jpg\",\"contentUrl\":\"https:\/\/portaltela.pt\/s.01k8rhncp4jt1\/2026\/02\/2067082.jpg\",\"width\":796,\"height\":448,\"caption\":\"O Passeio Mar\u00edtimo de Alg\u00e9s voltou a ser afectado pelo mau tempo\"},{\"@type\":\"BreadcrumbList\",\"@id\":\"https:\/\/portaltela.pt\/noticias\/2026\/02\/13\/passeio-maritimo-de-alges-encerra-por-seguranca-obras-iniciam-brevemente\/#breadcrumb\",\"itemListElement\":[{\"@type\":\"ListItem\",\"position\":1,\"name\":\"In\u00edcio\",\"item\":\"https:\/\/portaltela.pt\/\"},{\"@type\":\"ListItem\",\"position\":2,\"name\":\"Passeio Mar\u00edtimo de Alg\u00e9s encerra por seguran\u00e7a; obras iniciam brevemente\"}]},{\"@type\":\"WebSite\",\"@id\":\"https:\/\/portaltela.pt\/#website\",\"url\":\"https:\/\/portaltela.pt\/\",\"name\":\"Portal Tela Portugal\",\"description\":\"\",\"potentialAction\":[{\"@type\":\"SearchAction\",\"target\":{\"@type\":\"EntryPoint\",\"urlTemplate\":\"https:\/\/portaltela.pt\/?s={search_term_string}\"},\"query-input\":{\"@type\":\"PropertyValueSpecification\",\"valueRequired\":true,\"valueName\":\"search_term_string\"}}],\"inLanguage\":\"pt-PT\"},{\"@type\":\"Person\",\"@id\":\"https:\/\/portaltela.pt\/#\/schema\/person\/c4278d4a6028830caff9ee44b42d32ed\",\"name\":\"Telinha\",\"image\":{\"@type\":\"ImageObject\",\"inLanguage\":\"pt-PT\",\"@id\":\"https:\/\/portaltela.pt\/s.01k8rhncp4jt1\/2025\/11\/talking-bot-125x125.png\",\"url\":\"https:\/\/portaltela.pt\/s.01k8rhncp4jt1\/2025\/11\/talking-bot-125x125.png\",\"contentUrl\":\"https:\/\/portaltela.pt\/s.01k8rhncp4jt1\/2025\/11\/talking-bot-125x125.png\",\"caption\":\"Telinha\"},\"sameAs\":[\"https:\/\/portaltela.pt\/\"],\"url\":\"https:\/\/portaltela.pt\/por\/367410592786\/\"}]}<\/script>\n<!-- \/ Yoast SEO plugin. -->","yoast_head_json":{"title":"Passeio Mar\u00edtimo de Alg\u00e9s encerra por seguran\u00e7a; obras iniciam brevemente - Portal Tela Portugal","robots":{"index":"index","follow":"follow","max-snippet":"max-snippet:-1","max-image-preview":"max-image-preview:large","max-video-preview":"max-video-preview:-1"},"og_locale":"pt_PT","og_type":"article","og_title":"Passeio Mar\u00edtimo de Alg\u00e9s encerra por seguran\u00e7a; obras iniciam brevemente - Portal Tela Portugal","og_description":"O Passeio Mar\u00edtimo de Alg\u00e9s est\u00e1 encerrado por motivos de seguran\u00e7a, ap\u00f3s novas condicionantes causadas pelas intemp\u00e9ries. As obras de reposi\u00e7\u00e3o dever\u00e3o arrancar na pr\u00f3xima semana, no dia 18 de fevereiro, e t\u00eam dura\u00e7\u00e3o estimada de dois meses. O custo da interven\u00e7\u00e3o no tro\u00e7o que ruiu junto \u00e0 linha f\u00e9rrea est\u00e1 adjudicado em 400.000 euros, acrescidos de IVA, segundo a C\u00e2mara Municipal de Oeiras. A primeira fase inclui a conten\u00e7\u00e3o do muro junto \u00e0 linha f\u00e9rrea para restabelecer, o quanto antes, a circula\u00e7\u00e3o de comboios da Linha de Cascais. A autarquia adianta que a interven\u00e7\u00e3o ser\u00e1 financiada pelo munic\u00edpio e que haver\u00e1 uma interven\u00e7\u00e3o de fundo no passeio mar\u00edtimo, com vista a evitar problemas semelhantes no futuro.","og_url":"https:\/\/portaltela.pt\/noticias\/2026\/02\/13\/passeio-maritimo-de-alges-encerra-por-seguranca-obras-iniciam-brevemente\/","og_site_name":"Portal Tela Portugal","article_published_time":"2026-02-13T17:44:00+00:00","author":"Telinha","twitter_card":"summary_large_image","twitter_misc":{"Escrito por":"Telinha","Tempo estimado de leitura":"1 minuto"},"schema":{"@context":"https:\/\/schema.org","@graph":[{"@type":"Article","@id":"https:\/\/portaltela.pt\/noticias\/2026\/02\/13\/passeio-maritimo-de-alges-encerra-por-seguranca-obras-iniciam-brevemente\/#article","isPartOf":{"@id":"https:\/\/portaltela.pt\/noticias\/2026\/02\/13\/passeio-maritimo-de-alges-encerra-por-seguranca-obras-iniciam-brevemente\/"},"author":{"name":"Telinha","@id":"https:\/\/portaltela.pt\/#\/schema\/person\/c4278d4a6028830caff9ee44b42d32ed"},"headline":"Passeio Mar\u00edtimo de Alg\u00e9s encerra por seguran\u00e7a; obras iniciam brevemente","datePublished":"2026-02-13T17:44:00+00:00","mainEntityOfPage":{"@id":"https:\/\/portaltela.pt\/noticias\/2026\/02\/13\/passeio-maritimo-de-alges-encerra-por-seguranca-obras-iniciam-brevemente\/"},"wordCount":284,"image":{"@id":"https:\/\/portaltela.pt\/noticias\/2026\/02\/13\/passeio-maritimo-de-alges-encerra-por-seguranca-obras-iniciam-brevemente\/#primaryimage"},"thumbnailUrl":"https:\/\/portaltela.pt\/s.01k8rhncp4jt1\/2026\/02\/2067082.jpg","keywords":["Alg\u00e9s","cat\u00e1strofes naturais","infraestrutura","Linha","Oeiras","transporte"],"articleSection":["Not\u00edcias"],"inLanguage":"pt-PT"},{"@type":"WebPage","@id":"https:\/\/portaltela.pt\/noticias\/2026\/02\/13\/passeio-maritimo-de-alges-encerra-por-seguranca-obras-iniciam-brevemente\/","url":"https:\/\/portaltela.pt\/noticias\/2026\/02\/13\/passeio-maritimo-de-alges-encerra-por-seguranca-obras-iniciam-brevemente\/","name":"Passeio Mar\u00edtimo de Alg\u00e9s encerra por seguran\u00e7a; obras iniciam brevemente - Portal Tela Portugal","isPartOf":{"@id":"https:\/\/portaltela.pt\/#website"},"primaryImageOfPage":{"@id":"https:\/\/portaltela.pt\/noticias\/2026\/02\/13\/passeio-maritimo-de-alges-encerra-por-seguranca-obras-iniciam-brevemente\/#primaryimage"},"image":{"@id":"https:\/\/portaltela.pt\/noticias\/2026\/02\/13\/passeio-maritimo-de-alges-encerra-por-seguranca-obras-iniciam-brevemente\/#primaryimage"},"thumbnailUrl":"https:\/\/portaltela.pt\/s.01k8rhncp4jt1\/2026\/02\/2067082.jpg","datePublished":"2026-02-13T17:44:00+00:00","author":{"@id":"https:\/\/portaltela.pt\/#\/schema\/person\/c4278d4a6028830caff9ee44b42d32ed"},"breadcrumb":{"@id":"https:\/\/portaltela.pt\/noticias\/2026\/02\/13\/passeio-maritimo-de-alges-encerra-por-seguranca-obras-iniciam-brevemente\/#breadcrumb"},"inLanguage":"pt-PT","potentialAction":[{"@type":"ReadAction","target":["https:\/\/portaltela.pt\/noticias\/2026\/02\/13\/passeio-maritimo-de-alges-encerra-por-seguranca-obras-iniciam-brevemente\/"]}]},{"@type":"ImageObject","inLanguage":"pt-PT","@id":"https:\/\/portaltela.pt\/noticias\/2026\/02\/13\/passeio-maritimo-de-alges-encerra-por-seguranca-obras-iniciam-brevemente\/#primaryimage","url":"https:\/\/portaltela.pt\/s.01k8rhncp4jt1\/2026\/02\/2067082.jpg","contentUrl":"https:\/\/portaltela.pt\/s.01k8rhncp4jt1\/2026\/02\/2067082.jpg","width":796,"height":448,"caption":"O Passeio Mar\u00edtimo de Alg\u00e9s voltou a ser afectado pelo mau tempo"},{"@type":"BreadcrumbList","@id":"https:\/\/portaltela.pt\/noticias\/2026\/02\/13\/passeio-maritimo-de-alges-encerra-por-seguranca-obras-iniciam-brevemente\/#breadcrumb","itemListElement":[{"@type":"ListItem","position":1,"name":"In\u00edcio","item":"https:\/\/portaltela.pt\/"},{"@type":"ListItem","position":2,"name":"Passeio Mar\u00edtimo de Alg\u00e9s encerra por seguran\u00e7a; obras iniciam brevemente"}]},{"@type":"WebSite","@id":"https:\/\/portaltela.pt\/#website","url":"https:\/\/portaltela.pt\/","name":"Portal Tela Portugal","description":"","potentialAction":[{"@type":"SearchAction","target":{"@type":"EntryPoint","urlTemplate":"https:\/\/portaltela.pt\/?s={search_term_string}"},"query-input":{"@type":"PropertyValueSpecification","valueRequired":true,"valueName":"search_term_string"}}],"inLanguage":"pt-PT"},{"@type":"Person","@id":"https:\/\/portaltela.pt\/#\/schema\/person\/c4278d4a6028830caff9ee44b42d32ed","name":"Telinha","image":{"@type":"ImageObject","inLanguage":"pt-PT","@id":"https:\/\/portaltela.pt\/s.01k8rhncp4jt1\/2025\/11\/talking-bot-125x125.png","url":"https:\/\/portaltela.pt\/s.01k8rhncp4jt1\/2025\/11\/talking-bot-125x125.png","contentUrl":"https:\/\/portaltela.pt\/s.01k8rhncp4jt1\/2025\/11\/talking-bot-125x125.png","caption":"Telinha"},"sameAs":["https:\/\/portaltela.pt\/"],"url":"https:\/\/portaltela.pt\/por\/367410592786\/"}]}},"_links":{"self":[{"href":"https:\/\/portaltela.pt\/api\/wp\/v2\/posts\/211407","targetHints":{"allow":["GET"]}}],"collection":[{"href":"https:\/\/portaltela.pt\/api\/wp\/v2\/posts"}],"about":[{"href":"https:\/\/portaltela.pt\/api\/wp\/v2\/types\/post"}],"author":[{"embeddable":true,"href":"https:\/\/portaltela.pt\/api\/wp\/v2\/users\/2"}],"replies":[{"embeddable":true,"href":"https:\/\/portaltela.pt\/api\/wp\/v2\/comments?post=211407"}],"version-history":[{"count":0,"href":"https:\/\/portaltela.pt\/api\/wp\/v2\/posts\/211407\/revisions"}],"wp:featuredmedia":[{"embeddable":true,"href":"https:\/\/portaltela.pt\/api\/wp\/v2\/media\/211418"}],"wp:attachment":[{"href":"https:\/\/portaltela.pt\/api\/wp\/v2\/media?parent=211407"}],"wp:term":[{"taxonomy":"category","embeddable":true,"href":"https:\/\/portaltela.pt\/api\/wp\/v2\/categories?post=211407"},{"taxonomy":"post_tag","embeddable":true,"href":"https:\/\/portaltela.pt\/api\/wp\/v2\/tags?post=211407"}],"curies":[{"name":"wp","href":"https:\/\/api.w.org\/{rel}","templated":true}]}}