{"id":211386,"date":"2026-02-13T14:53:58","date_gmt":"2026-02-13T17:53:58","guid":{"rendered":"https:\/\/portaltela.pt\/noticias\/2026\/02\/13\/detidos-por-trafico-de-droga-e-armas-em-aveiro-dois-com-prisao-preventiva\/"},"modified":"2026-02-13T14:53:58","modified_gmt":"2026-02-13T17:53:58","slug":"detidos-por-trafico-de-droga-e-armas-em-aveiro-dois-com-prisao-preventiva","status":"publish","type":"post","link":"https:\/\/portaltela.pt\/noticias\/2026\/02\/13\/detidos-por-trafico-de-droga-e-armas-em-aveiro-dois-com-prisao-preventiva\/","title":{"rendered":"Detidos por tr\u00e1fico de droga e armas em Aveiro: dois com pris\u00e3o preventiva"},"content":{"rendered":"<p>Dois dos quatro detidos por tr\u00e1fico de estupefacientes e tr\u00e1fico e media\u00e7\u00e3o de armas v\u00e3o permanecer em pris\u00e3o preventiva, ap\u00f3s a investiga\u00e7\u00e3o que os ligou a v\u00e1rias atividades il\u00edcitas em Aveiro. A deten\u00e7\u00e3o ocorreu na quarta-feira e abrange os concelhos de Estarreja, Ovar e Espinho.<\/p>\n<p>Os suspeitos t\u00eam idades entre os 50 e os 72 anos. Segundo a PSP, os homens ficar\u00e3o sob coa\u00e7\u00e3o de pris\u00e3o preventiva devido \u00e0 quantidade e solidez da prova apresentada, ap\u00f3s serem presentes \u00e0 Autoridade Judici\u00e1ria competente. Os restantes dois detidos ficar\u00e3o apresentados \u00e0s autoridades policiais.<\/p>\n<h3>Detidos e medidas de coa\u00e7\u00e3o<\/h3>\n<p>A opera\u00e7\u00e3o envolveu 12 buscas, entre domicili\u00e1rias e n\u00e3o domicili\u00e1rias, com o objetivo de recolher provas relacionadas com tr\u00e1fico de droga e de armas. A a\u00e7\u00e3o resultou na apreens\u00e3o de 23 armas de fogo, duas facas de abertura autom\u00e1tica e seis reprodu\u00e7\u00f5es de arma, por suspeita de origem il\u00edcita ou de terem sido utilizadas em atos il\u00edcitos.<\/p>\n<p>Ao todo foram apreendidos 665 muni\u00e7\u00f5es de calibres diversos, v\u00e1rias pe\u00e7as de armas e 3.225,30 em dinheiro. A opera\u00e7\u00e3o contou com o apoio de v\u00e1rias val\u00eancias da PSP e da GNR, e decorreu no \u00e2mbito de uma investiga\u00e7\u00e3o que j\u00e1 durava perto de um ano.<\/p>\n<h3>Contexto da investiga\u00e7\u00e3o<\/h3>\n<p>A opera\u00e7\u00e3o resulta de um processo que j\u00e1 inclu\u00eda um inqu\u00e9rito relacionado com viol\u00eancia dom\u00e9stica e tr\u00e1fico de estupefacientes. As autoridades visam esclarecer a liga\u00e7\u00e3o entre as atividades de droga e de armas com incidentes de viol\u00eancia na regi\u00e3o.<\/p>\n","protected":false},"excerpt":{"rendered":"<ul>\n<li>Dois dos quatro detidos por tr\u00e1fico de droga e de armas v\u00e3o permanecer em pris\u00e3o preventiva, ap\u00f3s serem apresentados \u00e0 Autoridade Judici\u00e1ria competente.<\/li>\n<li>Os suspeitos t\u00eam idades entre cinquenta e setenta e dois anos e foram detidos na quarta-feira nos concelhos de Estarreja, Ovar e Espinho.<\/li>\n<li>A opera\u00e7\u00e3o envolveu doze buscas, domiciliares e n\u00e3o domiciliares, e resultou na apreens\u00e3o de vinte e tr\u00eas armas de fogo, bem como seis reprodu\u00e7\u00f5es de arma e duas facas de abertura autom\u00e1tica.<\/li>\n<li>Foram apanhadas tamb\u00e9m 665 muni\u00e7\u00f5es de diversos calibres e v\u00e1rias pe\u00e7as de armas, al\u00e9m de 3.225,30 em dinheiro.<\/li>\n<li>A investiga\u00e7\u00e3o, que j\u00e1 dura cerca de um ano, contou com o apoio de v\u00e1rias val\u00eancias da Pol\u00edcia de Seguran\u00e7a P\u00fablica e da Guarda Nacional Republicana e deu origem a outros processos relacionados com viol\u00eancia dom\u00e9stica e tr\u00e1fico de estupefacientes.<\/li>\n<\/ul>\n","protected":false},"author":2,"featured_media":211389,"comment_status":"closed","ping_status":"closed","sticky":false,"template":"","format":"standard","meta":{"footnotes":""},"categories":[1],"tags":[1059,1839,3576,3210,2423,96],"class_list":["post-211386","post","type-post","status-publish","format-standard","has-post-thumbnail","hentry","category-noticias","tag-aveiro","tag-espinho","tag-estarreja","tag-ovar","tag-trafico-de-armas","tag-trafico-de-droga"],"yoast_head":"<!-- This site is optimized with the Yoast SEO plugin v27.2 - https:\/\/yoast.com\/product\/yoast-seo-wordpress\/ -->\n<title>Detidos por tr\u00e1fico de droga e armas em Aveiro: dois com pris\u00e3o preventiva - Portal Tela Portugal<\/title>\n<meta name=\"robots\" content=\"index, follow, max-snippet:-1, max-image-preview:large, max-video-preview:-1\" \/>\n<meta property=\"og:locale\" content=\"pt_PT\" \/>\n<meta property=\"og:type\" content=\"article\" \/>\n<meta property=\"og:title\" content=\"Detidos por tr\u00e1fico de droga e armas em Aveiro: dois com pris\u00e3o preventiva - Portal Tela Portugal\" \/>\n<meta property=\"og:description\" content=\"Dois dos quatro detidos por tr\u00e1fico de droga e de armas v\u00e3o permanecer em pris\u00e3o preventiva, ap\u00f3s serem apresentados \u00e0 Autoridade Judici\u00e1ria competente. Os suspeitos t\u00eam idades entre cinquenta e setenta e dois anos e foram detidos na quarta-feira nos concelhos de Estarreja, Ovar e Espinho. A opera\u00e7\u00e3o envolveu doze buscas, domiciliares e n\u00e3o domiciliares, e resultou na apreens\u00e3o de vinte e tr\u00eas armas de fogo, bem como seis reprodu\u00e7\u00f5es de arma e duas facas de abertura autom\u00e1tica. Foram apanhadas tamb\u00e9m 665 muni\u00e7\u00f5es de diversos calibres e v\u00e1rias pe\u00e7as de armas, al\u00e9m de 3.225,30 em dinheiro. A investiga\u00e7\u00e3o, que j\u00e1 dura cerca de um ano, contou com o apoio de v\u00e1rias val\u00eancias da Pol\u00edcia de Seguran\u00e7a P\u00fablica e da Guarda Nacional Republicana e deu origem a outros processos relacionados com viol\u00eancia dom\u00e9stica e tr\u00e1fico de estupefacientes.\" \/>\n<meta property=\"og:url\" content=\"https:\/\/portaltela.pt\/noticias\/2026\/02\/13\/detidos-por-trafico-de-droga-e-armas-em-aveiro-dois-com-prisao-preventiva\/\" \/>\n<meta property=\"og:site_name\" content=\"Portal Tela Portugal\" \/>\n<meta property=\"article:published_time\" content=\"2026-02-13T17:53:58+00:00\" \/>\n<meta name=\"author\" content=\"Telinha\" \/>\n<meta name=\"twitter:card\" content=\"summary_large_image\" \/>\n<meta name=\"twitter:label1\" content=\"Escrito por\" \/>\n\t<meta name=\"twitter:data1\" content=\"Telinha\" \/>\n\t<meta name=\"twitter:label2\" content=\"Tempo estimado de leitura\" \/>\n\t<meta name=\"twitter:data2\" content=\"1 minuto\" \/>\n<script type=\"application\/ld+json\" class=\"yoast-schema-graph\">{\"@context\":\"https:\/\/schema.org\",\"@graph\":[{\"@type\":\"Article\",\"@id\":\"https:\/\/portaltela.pt\/noticias\/2026\/02\/13\/detidos-por-trafico-de-droga-e-armas-em-aveiro-dois-com-prisao-preventiva\/#article\",\"isPartOf\":{\"@id\":\"https:\/\/portaltela.pt\/noticias\/2026\/02\/13\/detidos-por-trafico-de-droga-e-armas-em-aveiro-dois-com-prisao-preventiva\/\"},\"author\":{\"name\":\"Telinha\",\"@id\":\"https:\/\/portaltela.pt\/#\/schema\/person\/c4278d4a6028830caff9ee44b42d32ed\"},\"headline\":\"Detidos por tr\u00e1fico de droga e armas em Aveiro: dois com pris\u00e3o preventiva\",\"datePublished\":\"2026-02-13T17:53:58+00:00\",\"mainEntityOfPage\":{\"@id\":\"https:\/\/portaltela.pt\/noticias\/2026\/02\/13\/detidos-por-trafico-de-droga-e-armas-em-aveiro-dois-com-prisao-preventiva\/\"},\"wordCount\":293,\"image\":{\"@id\":\"https:\/\/portaltela.pt\/noticias\/2026\/02\/13\/detidos-por-trafico-de-droga-e-armas-em-aveiro-dois-com-prisao-preventiva\/#primaryimage\"},\"thumbnailUrl\":\"https:\/\/portaltela.pt\/s.01k8rhncp4jt1\/2026\/02\/img_1500x1000uu2024-06-10-14-20-00-1677056-6.jpg\",\"keywords\":[\"Aveiro\",\"Espinho\",\"Estarreja\",\"Ovar\",\"tr\u00e1fico de armas\",\"tr\u00e1fico de droga\"],\"articleSection\":[\"Not\u00edcias\"],\"inLanguage\":\"pt-PT\"},{\"@type\":\"WebPage\",\"@id\":\"https:\/\/portaltela.pt\/noticias\/2026\/02\/13\/detidos-por-trafico-de-droga-e-armas-em-aveiro-dois-com-prisao-preventiva\/\",\"url\":\"https:\/\/portaltela.pt\/noticias\/2026\/02\/13\/detidos-por-trafico-de-droga-e-armas-em-aveiro-dois-com-prisao-preventiva\/\",\"name\":\"Detidos por tr\u00e1fico de droga e armas em Aveiro: dois com pris\u00e3o preventiva - Portal Tela Portugal\",\"isPartOf\":{\"@id\":\"https:\/\/portaltela.pt\/#website\"},\"primaryImageOfPage\":{\"@id\":\"https:\/\/portaltela.pt\/noticias\/2026\/02\/13\/detidos-por-trafico-de-droga-e-armas-em-aveiro-dois-com-prisao-preventiva\/#primaryimage\"},\"image\":{\"@id\":\"https:\/\/portaltela.pt\/noticias\/2026\/02\/13\/detidos-por-trafico-de-droga-e-armas-em-aveiro-dois-com-prisao-preventiva\/#primaryimage\"},\"thumbnailUrl\":\"https:\/\/portaltela.pt\/s.01k8rhncp4jt1\/2026\/02\/img_1500x1000uu2024-06-10-14-20-00-1677056-6.jpg\",\"datePublished\":\"2026-02-13T17:53:58+00:00\",\"author\":{\"@id\":\"https:\/\/portaltela.pt\/#\/schema\/person\/c4278d4a6028830caff9ee44b42d32ed\"},\"breadcrumb\":{\"@id\":\"https:\/\/portaltela.pt\/noticias\/2026\/02\/13\/detidos-por-trafico-de-droga-e-armas-em-aveiro-dois-com-prisao-preventiva\/#breadcrumb\"},\"inLanguage\":\"pt-PT\",\"potentialAction\":[{\"@type\":\"ReadAction\",\"target\":[\"https:\/\/portaltela.pt\/noticias\/2026\/02\/13\/detidos-por-trafico-de-droga-e-armas-em-aveiro-dois-com-prisao-preventiva\/\"]}]},{\"@type\":\"ImageObject\",\"inLanguage\":\"pt-PT\",\"@id\":\"https:\/\/portaltela.pt\/noticias\/2026\/02\/13\/detidos-por-trafico-de-droga-e-armas-em-aveiro-dois-com-prisao-preventiva\/#primaryimage\",\"url\":\"https:\/\/portaltela.pt\/s.01k8rhncp4jt1\/2026\/02\/img_1500x1000uu2024-06-10-14-20-00-1677056-6.jpg\",\"contentUrl\":\"https:\/\/portaltela.pt\/s.01k8rhncp4jt1\/2026\/02\/img_1500x1000uu2024-06-10-14-20-00-1677056-6.jpg\",\"width\":796,\"height\":448,\"caption\":\"PSP\"},{\"@type\":\"BreadcrumbList\",\"@id\":\"https:\/\/portaltela.pt\/noticias\/2026\/02\/13\/detidos-por-trafico-de-droga-e-armas-em-aveiro-dois-com-prisao-preventiva\/#breadcrumb\",\"itemListElement\":[{\"@type\":\"ListItem\",\"position\":1,\"name\":\"In\u00edcio\",\"item\":\"https:\/\/portaltela.pt\/\"},{\"@type\":\"ListItem\",\"position\":2,\"name\":\"Detidos por tr\u00e1fico de droga e armas em Aveiro: dois com pris\u00e3o preventiva\"}]},{\"@type\":\"WebSite\",\"@id\":\"https:\/\/portaltela.pt\/#website\",\"url\":\"https:\/\/portaltela.pt\/\",\"name\":\"Portal Tela Portugal\",\"description\":\"\",\"potentialAction\":[{\"@type\":\"SearchAction\",\"target\":{\"@type\":\"EntryPoint\",\"urlTemplate\":\"https:\/\/portaltela.pt\/?s={search_term_string}\"},\"query-input\":{\"@type\":\"PropertyValueSpecification\",\"valueRequired\":true,\"valueName\":\"search_term_string\"}}],\"inLanguage\":\"pt-PT\"},{\"@type\":\"Person\",\"@id\":\"https:\/\/portaltela.pt\/#\/schema\/person\/c4278d4a6028830caff9ee44b42d32ed\",\"name\":\"Telinha\",\"image\":{\"@type\":\"ImageObject\",\"inLanguage\":\"pt-PT\",\"@id\":\"https:\/\/portaltela.pt\/s.01k8rhncp4jt1\/2025\/11\/talking-bot-125x125.png\",\"url\":\"https:\/\/portaltela.pt\/s.01k8rhncp4jt1\/2025\/11\/talking-bot-125x125.png\",\"contentUrl\":\"https:\/\/portaltela.pt\/s.01k8rhncp4jt1\/2025\/11\/talking-bot-125x125.png\",\"caption\":\"Telinha\"},\"sameAs\":[\"https:\/\/portaltela.pt\/\"],\"url\":\"https:\/\/portaltela.pt\/por\/367410592786\/\"}]}<\/script>\n<!-- \/ Yoast SEO plugin. -->","yoast_head_json":{"title":"Detidos por tr\u00e1fico de droga e armas em Aveiro: dois com pris\u00e3o preventiva - Portal Tela Portugal","robots":{"index":"index","follow":"follow","max-snippet":"max-snippet:-1","max-image-preview":"max-image-preview:large","max-video-preview":"max-video-preview:-1"},"og_locale":"pt_PT","og_type":"article","og_title":"Detidos por tr\u00e1fico de droga e armas em Aveiro: dois com pris\u00e3o preventiva - Portal Tela Portugal","og_description":"Dois dos quatro detidos por tr\u00e1fico de droga e de armas v\u00e3o permanecer em pris\u00e3o preventiva, ap\u00f3s serem apresentados \u00e0 Autoridade Judici\u00e1ria competente. Os suspeitos t\u00eam idades entre cinquenta e setenta e dois anos e foram detidos na quarta-feira nos concelhos de Estarreja, Ovar e Espinho. A opera\u00e7\u00e3o envolveu doze buscas, domiciliares e n\u00e3o domiciliares, e resultou na apreens\u00e3o de vinte e tr\u00eas armas de fogo, bem como seis reprodu\u00e7\u00f5es de arma e duas facas de abertura autom\u00e1tica. Foram apanhadas tamb\u00e9m 665 muni\u00e7\u00f5es de diversos calibres e v\u00e1rias pe\u00e7as de armas, al\u00e9m de 3.225,30 em dinheiro. A investiga\u00e7\u00e3o, que j\u00e1 dura cerca de um ano, contou com o apoio de v\u00e1rias val\u00eancias da Pol\u00edcia de Seguran\u00e7a P\u00fablica e da Guarda Nacional Republicana e deu origem a outros processos relacionados com viol\u00eancia dom\u00e9stica e tr\u00e1fico de estupefacientes.","og_url":"https:\/\/portaltela.pt\/noticias\/2026\/02\/13\/detidos-por-trafico-de-droga-e-armas-em-aveiro-dois-com-prisao-preventiva\/","og_site_name":"Portal Tela Portugal","article_published_time":"2026-02-13T17:53:58+00:00","author":"Telinha","twitter_card":"summary_large_image","twitter_misc":{"Escrito por":"Telinha","Tempo estimado de leitura":"1 minuto"},"schema":{"@context":"https:\/\/schema.org","@graph":[{"@type":"Article","@id":"https:\/\/portaltela.pt\/noticias\/2026\/02\/13\/detidos-por-trafico-de-droga-e-armas-em-aveiro-dois-com-prisao-preventiva\/#article","isPartOf":{"@id":"https:\/\/portaltela.pt\/noticias\/2026\/02\/13\/detidos-por-trafico-de-droga-e-armas-em-aveiro-dois-com-prisao-preventiva\/"},"author":{"name":"Telinha","@id":"https:\/\/portaltela.pt\/#\/schema\/person\/c4278d4a6028830caff9ee44b42d32ed"},"headline":"Detidos por tr\u00e1fico de droga e armas em Aveiro: dois com pris\u00e3o preventiva","datePublished":"2026-02-13T17:53:58+00:00","mainEntityOfPage":{"@id":"https:\/\/portaltela.pt\/noticias\/2026\/02\/13\/detidos-por-trafico-de-droga-e-armas-em-aveiro-dois-com-prisao-preventiva\/"},"wordCount":293,"image":{"@id":"https:\/\/portaltela.pt\/noticias\/2026\/02\/13\/detidos-por-trafico-de-droga-e-armas-em-aveiro-dois-com-prisao-preventiva\/#primaryimage"},"thumbnailUrl":"https:\/\/portaltela.pt\/s.01k8rhncp4jt1\/2026\/02\/img_1500x1000uu2024-06-10-14-20-00-1677056-6.jpg","keywords":["Aveiro","Espinho","Estarreja","Ovar","tr\u00e1fico de armas","tr\u00e1fico de droga"],"articleSection":["Not\u00edcias"],"inLanguage":"pt-PT"},{"@type":"WebPage","@id":"https:\/\/portaltela.pt\/noticias\/2026\/02\/13\/detidos-por-trafico-de-droga-e-armas-em-aveiro-dois-com-prisao-preventiva\/","url":"https:\/\/portaltela.pt\/noticias\/2026\/02\/13\/detidos-por-trafico-de-droga-e-armas-em-aveiro-dois-com-prisao-preventiva\/","name":"Detidos por tr\u00e1fico de droga e armas em Aveiro: dois com pris\u00e3o preventiva - Portal Tela Portugal","isPartOf":{"@id":"https:\/\/portaltela.pt\/#website"},"primaryImageOfPage":{"@id":"https:\/\/portaltela.pt\/noticias\/2026\/02\/13\/detidos-por-trafico-de-droga-e-armas-em-aveiro-dois-com-prisao-preventiva\/#primaryimage"},"image":{"@id":"https:\/\/portaltela.pt\/noticias\/2026\/02\/13\/detidos-por-trafico-de-droga-e-armas-em-aveiro-dois-com-prisao-preventiva\/#primaryimage"},"thumbnailUrl":"https:\/\/portaltela.pt\/s.01k8rhncp4jt1\/2026\/02\/img_1500x1000uu2024-06-10-14-20-00-1677056-6.jpg","datePublished":"2026-02-13T17:53:58+00:00","author":{"@id":"https:\/\/portaltela.pt\/#\/schema\/person\/c4278d4a6028830caff9ee44b42d32ed"},"breadcrumb":{"@id":"https:\/\/portaltela.pt\/noticias\/2026\/02\/13\/detidos-por-trafico-de-droga-e-armas-em-aveiro-dois-com-prisao-preventiva\/#breadcrumb"},"inLanguage":"pt-PT","potentialAction":[{"@type":"ReadAction","target":["https:\/\/portaltela.pt\/noticias\/2026\/02\/13\/detidos-por-trafico-de-droga-e-armas-em-aveiro-dois-com-prisao-preventiva\/"]}]},{"@type":"ImageObject","inLanguage":"pt-PT","@id":"https:\/\/portaltela.pt\/noticias\/2026\/02\/13\/detidos-por-trafico-de-droga-e-armas-em-aveiro-dois-com-prisao-preventiva\/#primaryimage","url":"https:\/\/portaltela.pt\/s.01k8rhncp4jt1\/2026\/02\/img_1500x1000uu2024-06-10-14-20-00-1677056-6.jpg","contentUrl":"https:\/\/portaltela.pt\/s.01k8rhncp4jt1\/2026\/02\/img_1500x1000uu2024-06-10-14-20-00-1677056-6.jpg","width":796,"height":448,"caption":"PSP"},{"@type":"BreadcrumbList","@id":"https:\/\/portaltela.pt\/noticias\/2026\/02\/13\/detidos-por-trafico-de-droga-e-armas-em-aveiro-dois-com-prisao-preventiva\/#breadcrumb","itemListElement":[{"@type":"ListItem","position":1,"name":"In\u00edcio","item":"https:\/\/portaltela.pt\/"},{"@type":"ListItem","position":2,"name":"Detidos por tr\u00e1fico de droga e armas em Aveiro: dois com pris\u00e3o preventiva"}]},{"@type":"WebSite","@id":"https:\/\/portaltela.pt\/#website","url":"https:\/\/portaltela.pt\/","name":"Portal Tela Portugal","description":"","potentialAction":[{"@type":"SearchAction","target":{"@type":"EntryPoint","urlTemplate":"https:\/\/portaltela.pt\/?s={search_term_string}"},"query-input":{"@type":"PropertyValueSpecification","valueRequired":true,"valueName":"search_term_string"}}],"inLanguage":"pt-PT"},{"@type":"Person","@id":"https:\/\/portaltela.pt\/#\/schema\/person\/c4278d4a6028830caff9ee44b42d32ed","name":"Telinha","image":{"@type":"ImageObject","inLanguage":"pt-PT","@id":"https:\/\/portaltela.pt\/s.01k8rhncp4jt1\/2025\/11\/talking-bot-125x125.png","url":"https:\/\/portaltela.pt\/s.01k8rhncp4jt1\/2025\/11\/talking-bot-125x125.png","contentUrl":"https:\/\/portaltela.pt\/s.01k8rhncp4jt1\/2025\/11\/talking-bot-125x125.png","caption":"Telinha"},"sameAs":["https:\/\/portaltela.pt\/"],"url":"https:\/\/portaltela.pt\/por\/367410592786\/"}]}},"_links":{"self":[{"href":"https:\/\/portaltela.pt\/api\/wp\/v2\/posts\/211386","targetHints":{"allow":["GET"]}}],"collection":[{"href":"https:\/\/portaltela.pt\/api\/wp\/v2\/posts"}],"about":[{"href":"https:\/\/portaltela.pt\/api\/wp\/v2\/types\/post"}],"author":[{"embeddable":true,"href":"https:\/\/portaltela.pt\/api\/wp\/v2\/users\/2"}],"replies":[{"embeddable":true,"href":"https:\/\/portaltela.pt\/api\/wp\/v2\/comments?post=211386"}],"version-history":[{"count":0,"href":"https:\/\/portaltela.pt\/api\/wp\/v2\/posts\/211386\/revisions"}],"wp:featuredmedia":[{"embeddable":true,"href":"https:\/\/portaltela.pt\/api\/wp\/v2\/media\/211389"}],"wp:attachment":[{"href":"https:\/\/portaltela.pt\/api\/wp\/v2\/media?parent=211386"}],"wp:term":[{"taxonomy":"category","embeddable":true,"href":"https:\/\/portaltela.pt\/api\/wp\/v2\/categories?post=211386"},{"taxonomy":"post_tag","embeddable":true,"href":"https:\/\/portaltela.pt\/api\/wp\/v2\/tags?post=211386"}],"curies":[{"name":"wp","href":"https:\/\/api.w.org\/{rel}","templated":true}]}}