{"id":211385,"date":"2026-02-13T14:53:00","date_gmt":"2026-02-13T17:53:00","guid":{"rendered":"https:\/\/portaltela.pt\/noticias\/2026\/02\/13\/inem-comunica-aos-trabalhadores-a-mudanca-de-lisboa-para-oeiras\/"},"modified":"2026-02-13T14:53:00","modified_gmt":"2026-02-13T17:53:00","slug":"inem-comunica-aos-trabalhadores-a-mudanca-de-lisboa-para-oeiras","status":"publish","type":"post","link":"https:\/\/portaltela.pt\/noticias\/2026\/02\/13\/inem-comunica-aos-trabalhadores-a-mudanca-de-lisboa-para-oeiras\/","title":{"rendered":"INEM comunica aos trabalhadores a mudan\u00e7a de Lisboa para Oeiras"},"content":{"rendered":"<p>O INEM informou aos trabalhadores a inten\u00e7\u00e3o de transferir todos os servi\u00e7os da sede de Lisboa para Oeiras. A mudan\u00e7a visa aproximar a atividade do centro da PSP que gere o n\u00famero de emerg\u00eancia 112.<\/p>\n<p>A decis\u00e3o surge com base na alega\u00e7\u00e3o de que as instala\u00e7\u00f5es atuais, em Lisboa, j\u00e1 n\u00e3o oferecem espa\u00e7o, qualidade e condi\u00e7\u00f5es necess\u00e1rias para um desempenho eficaz. A mudan\u00e7a incluiria os Centros de Orienta\u00e7\u00e3o de Doentes Urgentes (CODU) que atuam juntamente com o 112.<\/p>\n<p>A mudan\u00e7a depende de parecer da ESTAMO, a sociedade p\u00fablica que gere o patrim\u00f3nio imobili\u00e1rio do Estado. O presidente do INEM indicou ainda que a reestrutura\u00e7\u00e3o prev\u00ea refor\u00e7ar o pessoal e centralizar fun\u00e7\u00f5es de dire\u00e7\u00e3o e apoio a decis\u00e3o.<\/p>\n<p>Outra linha do processo aponta para a possibilidade de instalar a sede no COSUL, em Oeiras, onde j\u00e1 funciona uma das centrais do 112 operada pela PSP. O objetivo \u00e9 concentrar servi\u00e7os que hoje est\u00e3o dispersos por Lisboa.<\/p>\n<p>A Comiss\u00e3o T\u00e9cnica Independente, por sua vez, recomenda que o CODU tenha maior autonomia e comunique com o 112. O INEM tamb\u00e9m considera propostas para consolidar contactos entre CODU e o servi\u00e7o 112.<\/p>\n<p>A CT informou que n\u00e3o emitir\u00e1 parecer sem documenta\u00e7\u00e3o completa. A assembleia geral de trabalhadores est\u00e1 marcada para 5 de mar\u00e7o, como parte da avalia\u00e7\u00e3o do impacto da mudan\u00e7a.<\/p>\n<h3>Rea\u00e7\u00f5es e pr\u00f3ximos passos<\/h3>\n<p>A CT pediu informa\u00e7\u00f5es detalhadas, incluindo delibera\u00e7\u00e3o do Conselho Diretivo, calend\u00e1rio, plano de migra\u00e7\u00e3o e custos. A entidade quer conhecer o impacto nos trabalhadores e a viabilidade jur\u00eddica da opera\u00e7\u00e3o.<\/p>\n","protected":false},"excerpt":{"rendered":"<ul>\n<li>O presidente do Instituto Nacional de Emerg\u00eancia M\u00e9dica (INEM) anunciou a inten\u00e7\u00e3o de transferir todos os servi\u00e7os da sede de Lisboa para Oeiras, para ficar mais pr\u00f3ximo do centro da Pol\u00edcia de Seguran\u00e7a P\u00fablica que gere o n\u00famero de emerg\u00eancia 112.<\/li>\n<li>A mudan\u00e7a depende de um parecer da ESTAMO, a entidade p\u00fablica que gere o patrim\u00f3nio imobili\u00e1rio do Estado, e envolve uma reestrutura\u00e7\u00e3o com refor\u00e7o de pessoal.<\/li>\n<li>O governo aponta a possibilidade de instalar a sede numa torre do Centro Operacional do Sul (COSUL), em Oeiras, para concentrar num \u00fanico espa\u00e7o os servi\u00e7os atualmente dispersos em Lisboa.<\/li>\n<li>As propostas apontam para maior autonomia dos Centros de Orienta\u00e7\u00e3o de Doentes Urgentes (CODU) e melhores liga\u00e7\u00f5es com o servi\u00e7o 112, conforme o Conselho Nacional de Planeamento Civil e Emerg\u00eancia.<\/li>\n<li>A Comiss\u00e3o de Trabalhadores condiciona o parecer \u00e0 documenta\u00e7\u00e3o completa, marcando uma Assembleia Geral de Trabalhadores para 5 de mar\u00e7o e n\u00e3o valida\u00e7\u00f5es sem informa\u00e7\u00e3o suficiente.<\/li>\n<\/ul>\n","protected":false},"author":2,"featured_media":211388,"comment_status":"closed","ping_status":"closed","sticky":false,"template":"","format":"standard","meta":{"footnotes":""},"categories":[1],"tags":[2319,5890,5891,1922,981,1198],"class_list":["post-211385","post","type-post","status-publish","format-standard","has-post-thumbnail","hentry","category-noticias","tag-codu","tag-cosul","tag-estamo","tag-inem","tag-lisboa","tag-oeiras"],"yoast_head":"<!-- This site is optimized with the Yoast SEO plugin v27.2 - https:\/\/yoast.com\/product\/yoast-seo-wordpress\/ -->\n<title>INEM comunica aos trabalhadores a mudan\u00e7a de Lisboa para Oeiras - Portal Tela Portugal<\/title>\n<meta name=\"robots\" content=\"index, follow, max-snippet:-1, max-image-preview:large, max-video-preview:-1\" \/>\n<meta property=\"og:locale\" content=\"pt_PT\" \/>\n<meta property=\"og:type\" content=\"article\" \/>\n<meta property=\"og:title\" content=\"INEM comunica aos trabalhadores a mudan\u00e7a de Lisboa para Oeiras - Portal Tela Portugal\" \/>\n<meta property=\"og:description\" content=\"O presidente do Instituto Nacional de Emerg\u00eancia M\u00e9dica (INEM) anunciou a inten\u00e7\u00e3o de transferir todos os servi\u00e7os da sede de Lisboa para Oeiras, para ficar mais pr\u00f3ximo do centro da Pol\u00edcia de Seguran\u00e7a P\u00fablica que gere o n\u00famero de emerg\u00eancia 112. A mudan\u00e7a depende de um parecer da ESTAMO, a entidade p\u00fablica que gere o patrim\u00f3nio imobili\u00e1rio do Estado, e envolve uma reestrutura\u00e7\u00e3o com refor\u00e7o de pessoal. O governo aponta a possibilidade de instalar a sede numa torre do Centro Operacional do Sul (COSUL), em Oeiras, para concentrar num \u00fanico espa\u00e7o os servi\u00e7os atualmente dispersos em Lisboa. As propostas apontam para maior autonomia dos Centros de Orienta\u00e7\u00e3o de Doentes Urgentes (CODU) e melhores liga\u00e7\u00f5es com o servi\u00e7o 112, conforme o Conselho Nacional de Planeamento Civil e Emerg\u00eancia. A Comiss\u00e3o de Trabalhadores condiciona o parecer \u00e0 documenta\u00e7\u00e3o completa, marcando uma Assembleia Geral de Trabalhadores para 5 de mar\u00e7o e n\u00e3o valida\u00e7\u00f5es sem informa\u00e7\u00e3o suficiente.\" \/>\n<meta property=\"og:url\" content=\"https:\/\/portaltela.pt\/noticias\/2026\/02\/13\/inem-comunica-aos-trabalhadores-a-mudanca-de-lisboa-para-oeiras\/\" \/>\n<meta property=\"og:site_name\" content=\"Portal Tela Portugal\" \/>\n<meta property=\"article:published_time\" content=\"2026-02-13T17:53:00+00:00\" \/>\n<meta name=\"author\" content=\"Telinha\" \/>\n<meta name=\"twitter:card\" content=\"summary_large_image\" \/>\n<meta name=\"twitter:label1\" content=\"Escrito por\" \/>\n\t<meta name=\"twitter:data1\" content=\"Telinha\" \/>\n\t<meta name=\"twitter:label2\" content=\"Tempo estimado de leitura\" \/>\n\t<meta name=\"twitter:data2\" content=\"1 minuto\" \/>\n<script type=\"application\/ld+json\" class=\"yoast-schema-graph\">{\"@context\":\"https:\/\/schema.org\",\"@graph\":[{\"@type\":\"Article\",\"@id\":\"https:\/\/portaltela.pt\/noticias\/2026\/02\/13\/inem-comunica-aos-trabalhadores-a-mudanca-de-lisboa-para-oeiras\/#article\",\"isPartOf\":{\"@id\":\"https:\/\/portaltela.pt\/noticias\/2026\/02\/13\/inem-comunica-aos-trabalhadores-a-mudanca-de-lisboa-para-oeiras\/\"},\"author\":{\"name\":\"Telinha\",\"@id\":\"https:\/\/portaltela.pt\/#\/schema\/person\/c4278d4a6028830caff9ee44b42d32ed\"},\"headline\":\"INEM comunica aos trabalhadores a mudan\u00e7a de Lisboa para Oeiras\",\"datePublished\":\"2026-02-13T17:53:00+00:00\",\"mainEntityOfPage\":{\"@id\":\"https:\/\/portaltela.pt\/noticias\/2026\/02\/13\/inem-comunica-aos-trabalhadores-a-mudanca-de-lisboa-para-oeiras\/\"},\"wordCount\":297,\"image\":{\"@id\":\"https:\/\/portaltela.pt\/noticias\/2026\/02\/13\/inem-comunica-aos-trabalhadores-a-mudanca-de-lisboa-para-oeiras\/#primaryimage\"},\"thumbnailUrl\":\"https:\/\/portaltela.pt\/s.01k8rhncp4jt1\/2026\/02\/img_1500x1000uu2026-01-08-13-55-56-2258825-3.jpg\",\"keywords\":[\"CODU\",\"COSUL\",\"ESTAMO\",\"INEM\",\"Lisboa\",\"Oeiras\"],\"articleSection\":[\"Not\u00edcias\"],\"inLanguage\":\"pt-PT\"},{\"@type\":\"WebPage\",\"@id\":\"https:\/\/portaltela.pt\/noticias\/2026\/02\/13\/inem-comunica-aos-trabalhadores-a-mudanca-de-lisboa-para-oeiras\/\",\"url\":\"https:\/\/portaltela.pt\/noticias\/2026\/02\/13\/inem-comunica-aos-trabalhadores-a-mudanca-de-lisboa-para-oeiras\/\",\"name\":\"INEM comunica aos trabalhadores a mudan\u00e7a de Lisboa para Oeiras - Portal Tela Portugal\",\"isPartOf\":{\"@id\":\"https:\/\/portaltela.pt\/#website\"},\"primaryImageOfPage\":{\"@id\":\"https:\/\/portaltela.pt\/noticias\/2026\/02\/13\/inem-comunica-aos-trabalhadores-a-mudanca-de-lisboa-para-oeiras\/#primaryimage\"},\"image\":{\"@id\":\"https:\/\/portaltela.pt\/noticias\/2026\/02\/13\/inem-comunica-aos-trabalhadores-a-mudanca-de-lisboa-para-oeiras\/#primaryimage\"},\"thumbnailUrl\":\"https:\/\/portaltela.pt\/s.01k8rhncp4jt1\/2026\/02\/img_1500x1000uu2026-01-08-13-55-56-2258825-3.jpg\",\"datePublished\":\"2026-02-13T17:53:00+00:00\",\"author\":{\"@id\":\"https:\/\/portaltela.pt\/#\/schema\/person\/c4278d4a6028830caff9ee44b42d32ed\"},\"breadcrumb\":{\"@id\":\"https:\/\/portaltela.pt\/noticias\/2026\/02\/13\/inem-comunica-aos-trabalhadores-a-mudanca-de-lisboa-para-oeiras\/#breadcrumb\"},\"inLanguage\":\"pt-PT\",\"potentialAction\":[{\"@type\":\"ReadAction\",\"target\":[\"https:\/\/portaltela.pt\/noticias\/2026\/02\/13\/inem-comunica-aos-trabalhadores-a-mudanca-de-lisboa-para-oeiras\/\"]}]},{\"@type\":\"ImageObject\",\"inLanguage\":\"pt-PT\",\"@id\":\"https:\/\/portaltela.pt\/noticias\/2026\/02\/13\/inem-comunica-aos-trabalhadores-a-mudanca-de-lisboa-para-oeiras\/#primaryimage\",\"url\":\"https:\/\/portaltela.pt\/s.01k8rhncp4jt1\/2026\/02\/img_1500x1000uu2026-01-08-13-55-56-2258825-3.jpg\",\"contentUrl\":\"https:\/\/portaltela.pt\/s.01k8rhncp4jt1\/2026\/02\/img_1500x1000uu2026-01-08-13-55-56-2258825-3.jpg\",\"width\":796,\"height\":448,\"caption\":\"INEM\"},{\"@type\":\"BreadcrumbList\",\"@id\":\"https:\/\/portaltela.pt\/noticias\/2026\/02\/13\/inem-comunica-aos-trabalhadores-a-mudanca-de-lisboa-para-oeiras\/#breadcrumb\",\"itemListElement\":[{\"@type\":\"ListItem\",\"position\":1,\"name\":\"In\u00edcio\",\"item\":\"https:\/\/portaltela.pt\/\"},{\"@type\":\"ListItem\",\"position\":2,\"name\":\"INEM comunica aos trabalhadores a mudan\u00e7a de Lisboa para Oeiras\"}]},{\"@type\":\"WebSite\",\"@id\":\"https:\/\/portaltela.pt\/#website\",\"url\":\"https:\/\/portaltela.pt\/\",\"name\":\"Portal Tela Portugal\",\"description\":\"\",\"potentialAction\":[{\"@type\":\"SearchAction\",\"target\":{\"@type\":\"EntryPoint\",\"urlTemplate\":\"https:\/\/portaltela.pt\/?s={search_term_string}\"},\"query-input\":{\"@type\":\"PropertyValueSpecification\",\"valueRequired\":true,\"valueName\":\"search_term_string\"}}],\"inLanguage\":\"pt-PT\"},{\"@type\":\"Person\",\"@id\":\"https:\/\/portaltela.pt\/#\/schema\/person\/c4278d4a6028830caff9ee44b42d32ed\",\"name\":\"Telinha\",\"image\":{\"@type\":\"ImageObject\",\"inLanguage\":\"pt-PT\",\"@id\":\"https:\/\/portaltela.pt\/s.01k8rhncp4jt1\/2025\/11\/talking-bot-125x125.png\",\"url\":\"https:\/\/portaltela.pt\/s.01k8rhncp4jt1\/2025\/11\/talking-bot-125x125.png\",\"contentUrl\":\"https:\/\/portaltela.pt\/s.01k8rhncp4jt1\/2025\/11\/talking-bot-125x125.png\",\"caption\":\"Telinha\"},\"sameAs\":[\"https:\/\/portaltela.pt\/\"],\"url\":\"https:\/\/portaltela.pt\/por\/367410592786\/\"}]}<\/script>\n<!-- \/ Yoast SEO plugin. -->","yoast_head_json":{"title":"INEM comunica aos trabalhadores a mudan\u00e7a de Lisboa para Oeiras - Portal Tela Portugal","robots":{"index":"index","follow":"follow","max-snippet":"max-snippet:-1","max-image-preview":"max-image-preview:large","max-video-preview":"max-video-preview:-1"},"og_locale":"pt_PT","og_type":"article","og_title":"INEM comunica aos trabalhadores a mudan\u00e7a de Lisboa para Oeiras - Portal Tela Portugal","og_description":"O presidente do Instituto Nacional de Emerg\u00eancia M\u00e9dica (INEM) anunciou a inten\u00e7\u00e3o de transferir todos os servi\u00e7os da sede de Lisboa para Oeiras, para ficar mais pr\u00f3ximo do centro da Pol\u00edcia de Seguran\u00e7a P\u00fablica que gere o n\u00famero de emerg\u00eancia 112. A mudan\u00e7a depende de um parecer da ESTAMO, a entidade p\u00fablica que gere o patrim\u00f3nio imobili\u00e1rio do Estado, e envolve uma reestrutura\u00e7\u00e3o com refor\u00e7o de pessoal. O governo aponta a possibilidade de instalar a sede numa torre do Centro Operacional do Sul (COSUL), em Oeiras, para concentrar num \u00fanico espa\u00e7o os servi\u00e7os atualmente dispersos em Lisboa. As propostas apontam para maior autonomia dos Centros de Orienta\u00e7\u00e3o de Doentes Urgentes (CODU) e melhores liga\u00e7\u00f5es com o servi\u00e7o 112, conforme o Conselho Nacional de Planeamento Civil e Emerg\u00eancia. A Comiss\u00e3o de Trabalhadores condiciona o parecer \u00e0 documenta\u00e7\u00e3o completa, marcando uma Assembleia Geral de Trabalhadores para 5 de mar\u00e7o e n\u00e3o valida\u00e7\u00f5es sem informa\u00e7\u00e3o suficiente.","og_url":"https:\/\/portaltela.pt\/noticias\/2026\/02\/13\/inem-comunica-aos-trabalhadores-a-mudanca-de-lisboa-para-oeiras\/","og_site_name":"Portal Tela Portugal","article_published_time":"2026-02-13T17:53:00+00:00","author":"Telinha","twitter_card":"summary_large_image","twitter_misc":{"Escrito por":"Telinha","Tempo estimado de leitura":"1 minuto"},"schema":{"@context":"https:\/\/schema.org","@graph":[{"@type":"Article","@id":"https:\/\/portaltela.pt\/noticias\/2026\/02\/13\/inem-comunica-aos-trabalhadores-a-mudanca-de-lisboa-para-oeiras\/#article","isPartOf":{"@id":"https:\/\/portaltela.pt\/noticias\/2026\/02\/13\/inem-comunica-aos-trabalhadores-a-mudanca-de-lisboa-para-oeiras\/"},"author":{"name":"Telinha","@id":"https:\/\/portaltela.pt\/#\/schema\/person\/c4278d4a6028830caff9ee44b42d32ed"},"headline":"INEM comunica aos trabalhadores a mudan\u00e7a de Lisboa para Oeiras","datePublished":"2026-02-13T17:53:00+00:00","mainEntityOfPage":{"@id":"https:\/\/portaltela.pt\/noticias\/2026\/02\/13\/inem-comunica-aos-trabalhadores-a-mudanca-de-lisboa-para-oeiras\/"},"wordCount":297,"image":{"@id":"https:\/\/portaltela.pt\/noticias\/2026\/02\/13\/inem-comunica-aos-trabalhadores-a-mudanca-de-lisboa-para-oeiras\/#primaryimage"},"thumbnailUrl":"https:\/\/portaltela.pt\/s.01k8rhncp4jt1\/2026\/02\/img_1500x1000uu2026-01-08-13-55-56-2258825-3.jpg","keywords":["CODU","COSUL","ESTAMO","INEM","Lisboa","Oeiras"],"articleSection":["Not\u00edcias"],"inLanguage":"pt-PT"},{"@type":"WebPage","@id":"https:\/\/portaltela.pt\/noticias\/2026\/02\/13\/inem-comunica-aos-trabalhadores-a-mudanca-de-lisboa-para-oeiras\/","url":"https:\/\/portaltela.pt\/noticias\/2026\/02\/13\/inem-comunica-aos-trabalhadores-a-mudanca-de-lisboa-para-oeiras\/","name":"INEM comunica aos trabalhadores a mudan\u00e7a de Lisboa para Oeiras - Portal Tela Portugal","isPartOf":{"@id":"https:\/\/portaltela.pt\/#website"},"primaryImageOfPage":{"@id":"https:\/\/portaltela.pt\/noticias\/2026\/02\/13\/inem-comunica-aos-trabalhadores-a-mudanca-de-lisboa-para-oeiras\/#primaryimage"},"image":{"@id":"https:\/\/portaltela.pt\/noticias\/2026\/02\/13\/inem-comunica-aos-trabalhadores-a-mudanca-de-lisboa-para-oeiras\/#primaryimage"},"thumbnailUrl":"https:\/\/portaltela.pt\/s.01k8rhncp4jt1\/2026\/02\/img_1500x1000uu2026-01-08-13-55-56-2258825-3.jpg","datePublished":"2026-02-13T17:53:00+00:00","author":{"@id":"https:\/\/portaltela.pt\/#\/schema\/person\/c4278d4a6028830caff9ee44b42d32ed"},"breadcrumb":{"@id":"https:\/\/portaltela.pt\/noticias\/2026\/02\/13\/inem-comunica-aos-trabalhadores-a-mudanca-de-lisboa-para-oeiras\/#breadcrumb"},"inLanguage":"pt-PT","potentialAction":[{"@type":"ReadAction","target":["https:\/\/portaltela.pt\/noticias\/2026\/02\/13\/inem-comunica-aos-trabalhadores-a-mudanca-de-lisboa-para-oeiras\/"]}]},{"@type":"ImageObject","inLanguage":"pt-PT","@id":"https:\/\/portaltela.pt\/noticias\/2026\/02\/13\/inem-comunica-aos-trabalhadores-a-mudanca-de-lisboa-para-oeiras\/#primaryimage","url":"https:\/\/portaltela.pt\/s.01k8rhncp4jt1\/2026\/02\/img_1500x1000uu2026-01-08-13-55-56-2258825-3.jpg","contentUrl":"https:\/\/portaltela.pt\/s.01k8rhncp4jt1\/2026\/02\/img_1500x1000uu2026-01-08-13-55-56-2258825-3.jpg","width":796,"height":448,"caption":"INEM"},{"@type":"BreadcrumbList","@id":"https:\/\/portaltela.pt\/noticias\/2026\/02\/13\/inem-comunica-aos-trabalhadores-a-mudanca-de-lisboa-para-oeiras\/#breadcrumb","itemListElement":[{"@type":"ListItem","position":1,"name":"In\u00edcio","item":"https:\/\/portaltela.pt\/"},{"@type":"ListItem","position":2,"name":"INEM comunica aos trabalhadores a mudan\u00e7a de Lisboa para Oeiras"}]},{"@type":"WebSite","@id":"https:\/\/portaltela.pt\/#website","url":"https:\/\/portaltela.pt\/","name":"Portal Tela Portugal","description":"","potentialAction":[{"@type":"SearchAction","target":{"@type":"EntryPoint","urlTemplate":"https:\/\/portaltela.pt\/?s={search_term_string}"},"query-input":{"@type":"PropertyValueSpecification","valueRequired":true,"valueName":"search_term_string"}}],"inLanguage":"pt-PT"},{"@type":"Person","@id":"https:\/\/portaltela.pt\/#\/schema\/person\/c4278d4a6028830caff9ee44b42d32ed","name":"Telinha","image":{"@type":"ImageObject","inLanguage":"pt-PT","@id":"https:\/\/portaltela.pt\/s.01k8rhncp4jt1\/2025\/11\/talking-bot-125x125.png","url":"https:\/\/portaltela.pt\/s.01k8rhncp4jt1\/2025\/11\/talking-bot-125x125.png","contentUrl":"https:\/\/portaltela.pt\/s.01k8rhncp4jt1\/2025\/11\/talking-bot-125x125.png","caption":"Telinha"},"sameAs":["https:\/\/portaltela.pt\/"],"url":"https:\/\/portaltela.pt\/por\/367410592786\/"}]}},"_links":{"self":[{"href":"https:\/\/portaltela.pt\/api\/wp\/v2\/posts\/211385","targetHints":{"allow":["GET"]}}],"collection":[{"href":"https:\/\/portaltela.pt\/api\/wp\/v2\/posts"}],"about":[{"href":"https:\/\/portaltela.pt\/api\/wp\/v2\/types\/post"}],"author":[{"embeddable":true,"href":"https:\/\/portaltela.pt\/api\/wp\/v2\/users\/2"}],"replies":[{"embeddable":true,"href":"https:\/\/portaltela.pt\/api\/wp\/v2\/comments?post=211385"}],"version-history":[{"count":0,"href":"https:\/\/portaltela.pt\/api\/wp\/v2\/posts\/211385\/revisions"}],"wp:featuredmedia":[{"embeddable":true,"href":"https:\/\/portaltela.pt\/api\/wp\/v2\/media\/211388"}],"wp:attachment":[{"href":"https:\/\/portaltela.pt\/api\/wp\/v2\/media?parent=211385"}],"wp:term":[{"taxonomy":"category","embeddable":true,"href":"https:\/\/portaltela.pt\/api\/wp\/v2\/categories?post=211385"},{"taxonomy":"post_tag","embeddable":true,"href":"https:\/\/portaltela.pt\/api\/wp\/v2\/tags?post=211385"}],"curies":[{"name":"wp","href":"https:\/\/api.w.org\/{rel}","templated":true}]}}