{"id":211366,"date":"2026-02-13T14:41:29","date_gmt":"2026-02-13T17:41:29","guid":{"rendered":"https:\/\/portaltela.pt\/noticias\/2026\/02\/13\/seis-homens-condenados-no-algarve-a-penas-de-9-a-16-anos-por-trafico\/"},"modified":"2026-02-13T14:41:29","modified_gmt":"2026-02-13T17:41:29","slug":"seis-homens-condenados-no-algarve-a-penas-de-9-a-16-anos-por-trafico","status":"publish","type":"post","link":"https:\/\/portaltela.pt\/noticias\/2026\/02\/13\/seis-homens-condenados-no-algarve-a-penas-de-9-a-16-anos-por-trafico\/","title":{"rendered":"Seis homens condenados no Algarve a penas de 9 a 16 anos por tr\u00e1fico"},"content":{"rendered":"<p>O Tribunal de Portim\u00e3o condenou seis homens detidos em 2023 no concelho de Albufeira a penas entre nove e 16 anos de pris\u00e3o por tr\u00e1fico de droga agravado. A leitura do ac\u00f3rd\u00e3o ocorreu nesta sexta-feira.<\/p>\n<p>Entre os condenados, Ayari Chokri, tunisino de 65 anos, recebeu a pena mais elevada, 16 anos, pelos crimes de tr\u00e1fico de droga, falsifica\u00e7\u00e3o de documentos e falsidade de declara\u00e7\u00f5es. Ausentes estiveram os demais arguidos.<\/p>\n<p>Edgar Teixeira, de 48 anos, e Gabriel Carvalho, de 39, foram condenados a 12 anos de pris\u00e3o. Fabr\u00edcio Bahia, de 29, e S\u00e9rgio J\u00fanior, de 26, ficaram com 9 anos cada. Igor Jakovina recebeu 9 anos e quatro meses.<\/p>\n<p>Os arguidos foram detidos em mar\u00e7o de 2023, em Vale Para\u00edso, Albufeira, durante uma opera\u00e7\u00e3o policial na qual foi apreendida coca\u00edna no valor de 1 200 quilogramas escondida num cami\u00e3o.<\/p>\n<p>O colectivo de ju\u00edzes considerou que os suspeitos introduziam grandes quantidades de coca\u00edna no mercado europeu e que integravam uma rede com base log\u00edstica no Algarve, usando Portugal como porta de entrada para a distribui\u00e7\u00e3o na Europa.<\/p>\n<p>N\u00e3o ficou provado que os arguidos tivessem liga\u00e7\u00f5es a cart\u00e9is de droga nem que integrassem uma rede internacional; assim, foram absolvidos desse crime de associa\u00e7\u00e3o a redes internacionais. Contudo, tr\u00eas deles atuaram em bando, segundo o ac\u00f3rd\u00e3o.<\/p>\n<p>As penas foram consideradas bastantes pesadas face \u00e0 natureza dos crimes e \u00e0 enorme quantidade de estupefaciente apreendida, indicam os autos. Tamb\u00e9m ficou decidido que os bens apreendidos, entre os quais um cami\u00e3o e cerca de 1,3 milh\u00f5es de euros, reverter\u00e3o a favor do Estado.<\/p>\n<p>Os advogados n\u00e3o fizeram declara\u00e7\u00f5es aos jornalistas. A defensora de Ayari Chokri informou que vai apresentar recurso da decis\u00e3o.<\/p>\n","protected":false},"excerpt":{"rendered":"<ul>\n<li>Oito homens foram condenados pelo Tribunal de Portim\u00e3o a penas entre nove e 16 anos de pris\u00e3o por tr\u00e1fico de droga agravado, ap\u00f3s a deten\u00e7\u00e3o em 2023 em Albufeira, com mais de 1.200 quilogramas de coca\u00edna apreendidos num cami\u00e3o.<\/li>\n<li>Apenas Ayari Chokri, tunisino de 65 anos, esteve presente na leitura do ac\u00f3rd\u00e3o e foi condenado a 16 anos, al\u00e9m de crimes de falsifica\u00e7\u00e3o de documentos e falsidade de declara\u00e7\u00f5es; os demais arguidos n\u00e3o compareceram.<\/li>\n<li>Os condenados s\u00e3o: Edgar Teixeira e Gabriel Carvalho a 12 anos de pris\u00e3o; Fabr\u00edcio Bahia e S\u00e9rgio J\u00fanior a nove anos; Igor Jakovina a nove anos e quatro meses; todos por tr\u00e1fico agravado de estupefacientes e associa\u00e7\u00e3o criminosa, com liga\u00e7\u00e3o a uma rede log\u00edstica no Algarve.<\/li>\n<li>O tribunal considerou que tr\u00eas arguidos atuaram em bando, justificando as penas \u201cbastantes pesadas\u201d face \u00e0 enorme quantidade de droga apreendida; n\u00e3o ficou provada a liga\u00e7\u00e3o a cart\u00e9is ou a rede internacional.<\/li>\n<li>Os bens apreendidos, incluindo um cami\u00e3o e cerca de 1,3 milh\u00f5es de euros, reverter\u00e3o a favor do Estado; os advogados n\u00e3o deram declara\u00e7\u00f5es, exceto a defensora de Ayari Chokri, que anunciou recurso.<\/li>\n<\/ul>\n","protected":false},"author":2,"featured_media":211371,"comment_status":"closed","ping_status":"closed","sticky":false,"template":"","format":"standard","meta":{"footnotes":""},"categories":[1],"tags":[574,1202,928,3699,5480,96],"class_list":["post-211366","post","type-post","status-publish","format-standard","has-post-thumbnail","hentry","category-noticias","tag-acordao","tag-albufeira","tag-algarve","tag-cocaina","tag-condenacoes","tag-trafico-de-droga"],"yoast_head":"<!-- This site is optimized with the Yoast SEO plugin v27.2 - https:\/\/yoast.com\/product\/yoast-seo-wordpress\/ -->\n<title>Seis homens condenados no Algarve a penas de 9 a 16 anos por tr\u00e1fico - Portal Tela Portugal<\/title>\n<meta name=\"robots\" content=\"index, follow, max-snippet:-1, max-image-preview:large, max-video-preview:-1\" \/>\n<meta property=\"og:locale\" content=\"pt_PT\" \/>\n<meta property=\"og:type\" content=\"article\" \/>\n<meta property=\"og:title\" content=\"Seis homens condenados no Algarve a penas de 9 a 16 anos por tr\u00e1fico - Portal Tela Portugal\" \/>\n<meta property=\"og:description\" content=\"Oito homens foram condenados pelo Tribunal de Portim\u00e3o a penas entre nove e 16 anos de pris\u00e3o por tr\u00e1fico de droga agravado, ap\u00f3s a deten\u00e7\u00e3o em 2023 em Albufeira, com mais de 1.200 quilogramas de coca\u00edna apreendidos num cami\u00e3o. Apenas Ayari Chokri, tunisino de 65 anos, esteve presente na leitura do ac\u00f3rd\u00e3o e foi condenado a 16 anos, al\u00e9m de crimes de falsifica\u00e7\u00e3o de documentos e falsidade de declara\u00e7\u00f5es; os demais arguidos n\u00e3o compareceram. Os condenados s\u00e3o: Edgar Teixeira e Gabriel Carvalho a 12 anos de pris\u00e3o; Fabr\u00edcio Bahia e S\u00e9rgio J\u00fanior a nove anos; Igor Jakovina a nove anos e quatro meses; todos por tr\u00e1fico agravado de estupefacientes e associa\u00e7\u00e3o criminosa, com liga\u00e7\u00e3o a uma rede log\u00edstica no Algarve. O tribunal considerou que tr\u00eas arguidos atuaram em bando, justificando as penas \u201cbastantes pesadas\u201d face \u00e0 enorme quantidade de droga apreendida; n\u00e3o ficou provada a liga\u00e7\u00e3o a cart\u00e9is ou a rede internacional. Os bens apreendidos, incluindo um cami\u00e3o e cerca de 1,3 milh\u00f5es de euros, reverter\u00e3o a favor do Estado; os advogados n\u00e3o deram declara\u00e7\u00f5es, exceto a defensora de Ayari Chokri, que anunciou recurso.\" \/>\n<meta property=\"og:url\" content=\"https:\/\/portaltela.pt\/noticias\/2026\/02\/13\/seis-homens-condenados-no-algarve-a-penas-de-9-a-16-anos-por-trafico\/\" \/>\n<meta property=\"og:site_name\" content=\"Portal Tela Portugal\" \/>\n<meta property=\"article:published_time\" content=\"2026-02-13T17:41:29+00:00\" \/>\n<meta name=\"author\" content=\"Telinha\" \/>\n<meta name=\"twitter:card\" content=\"summary_large_image\" \/>\n<meta name=\"twitter:label1\" content=\"Escrito por\" \/>\n\t<meta name=\"twitter:data1\" content=\"Telinha\" \/>\n\t<meta name=\"twitter:label2\" content=\"Tempo estimado de leitura\" \/>\n\t<meta name=\"twitter:data2\" content=\"1 minuto\" \/>\n<script type=\"application\/ld+json\" class=\"yoast-schema-graph\">{\"@context\":\"https:\/\/schema.org\",\"@graph\":[{\"@type\":\"Article\",\"@id\":\"https:\/\/portaltela.pt\/noticias\/2026\/02\/13\/seis-homens-condenados-no-algarve-a-penas-de-9-a-16-anos-por-trafico\/#article\",\"isPartOf\":{\"@id\":\"https:\/\/portaltela.pt\/noticias\/2026\/02\/13\/seis-homens-condenados-no-algarve-a-penas-de-9-a-16-anos-por-trafico\/\"},\"author\":{\"name\":\"Telinha\",\"@id\":\"https:\/\/portaltela.pt\/#\/schema\/person\/c4278d4a6028830caff9ee44b42d32ed\"},\"headline\":\"Seis homens condenados no Algarve a penas de 9 a 16 anos por tr\u00e1fico\",\"datePublished\":\"2026-02-13T17:41:29+00:00\",\"mainEntityOfPage\":{\"@id\":\"https:\/\/portaltela.pt\/noticias\/2026\/02\/13\/seis-homens-condenados-no-algarve-a-penas-de-9-a-16-anos-por-trafico\/\"},\"wordCount\":307,\"image\":{\"@id\":\"https:\/\/portaltela.pt\/noticias\/2026\/02\/13\/seis-homens-condenados-no-algarve-a-penas-de-9-a-16-anos-por-trafico\/#primaryimage\"},\"thumbnailUrl\":\"https:\/\/portaltela.pt\/s.01k8rhncp4jt1\/2026\/02\/img_1500x1000uu2021-04-13-20-25-31-1029306.jpg\",\"keywords\":[\"ac\u00f3rd\u00e3o\",\"Albufeira\",\"Algarve\",\"coca\u00edna\",\"condena\u00e7\u00f5es\",\"tr\u00e1fico de droga\"],\"articleSection\":[\"Not\u00edcias\"],\"inLanguage\":\"pt-PT\"},{\"@type\":\"WebPage\",\"@id\":\"https:\/\/portaltela.pt\/noticias\/2026\/02\/13\/seis-homens-condenados-no-algarve-a-penas-de-9-a-16-anos-por-trafico\/\",\"url\":\"https:\/\/portaltela.pt\/noticias\/2026\/02\/13\/seis-homens-condenados-no-algarve-a-penas-de-9-a-16-anos-por-trafico\/\",\"name\":\"Seis homens condenados no Algarve a penas de 9 a 16 anos por tr\u00e1fico - Portal Tela Portugal\",\"isPartOf\":{\"@id\":\"https:\/\/portaltela.pt\/#website\"},\"primaryImageOfPage\":{\"@id\":\"https:\/\/portaltela.pt\/noticias\/2026\/02\/13\/seis-homens-condenados-no-algarve-a-penas-de-9-a-16-anos-por-trafico\/#primaryimage\"},\"image\":{\"@id\":\"https:\/\/portaltela.pt\/noticias\/2026\/02\/13\/seis-homens-condenados-no-algarve-a-penas-de-9-a-16-anos-por-trafico\/#primaryimage\"},\"thumbnailUrl\":\"https:\/\/portaltela.pt\/s.01k8rhncp4jt1\/2026\/02\/img_1500x1000uu2021-04-13-20-25-31-1029306.jpg\",\"datePublished\":\"2026-02-13T17:41:29+00:00\",\"author\":{\"@id\":\"https:\/\/portaltela.pt\/#\/schema\/person\/c4278d4a6028830caff9ee44b42d32ed\"},\"breadcrumb\":{\"@id\":\"https:\/\/portaltela.pt\/noticias\/2026\/02\/13\/seis-homens-condenados-no-algarve-a-penas-de-9-a-16-anos-por-trafico\/#breadcrumb\"},\"inLanguage\":\"pt-PT\",\"potentialAction\":[{\"@type\":\"ReadAction\",\"target\":[\"https:\/\/portaltela.pt\/noticias\/2026\/02\/13\/seis-homens-condenados-no-algarve-a-penas-de-9-a-16-anos-por-trafico\/\"]}]},{\"@type\":\"ImageObject\",\"inLanguage\":\"pt-PT\",\"@id\":\"https:\/\/portaltela.pt\/noticias\/2026\/02\/13\/seis-homens-condenados-no-algarve-a-penas-de-9-a-16-anos-por-trafico\/#primaryimage\",\"url\":\"https:\/\/portaltela.pt\/s.01k8rhncp4jt1\/2026\/02\/img_1500x1000uu2021-04-13-20-25-31-1029306.jpg\",\"contentUrl\":\"https:\/\/portaltela.pt\/s.01k8rhncp4jt1\/2026\/02\/img_1500x1000uu2021-04-13-20-25-31-1029306.jpg\",\"width\":796,\"height\":448,\"caption\":\"Tribunal de Portim\u00e3o\"},{\"@type\":\"BreadcrumbList\",\"@id\":\"https:\/\/portaltela.pt\/noticias\/2026\/02\/13\/seis-homens-condenados-no-algarve-a-penas-de-9-a-16-anos-por-trafico\/#breadcrumb\",\"itemListElement\":[{\"@type\":\"ListItem\",\"position\":1,\"name\":\"In\u00edcio\",\"item\":\"https:\/\/portaltela.pt\/\"},{\"@type\":\"ListItem\",\"position\":2,\"name\":\"Seis homens condenados no Algarve a penas de 9 a 16 anos por tr\u00e1fico\"}]},{\"@type\":\"WebSite\",\"@id\":\"https:\/\/portaltela.pt\/#website\",\"url\":\"https:\/\/portaltela.pt\/\",\"name\":\"Portal Tela Portugal\",\"description\":\"\",\"potentialAction\":[{\"@type\":\"SearchAction\",\"target\":{\"@type\":\"EntryPoint\",\"urlTemplate\":\"https:\/\/portaltela.pt\/?s={search_term_string}\"},\"query-input\":{\"@type\":\"PropertyValueSpecification\",\"valueRequired\":true,\"valueName\":\"search_term_string\"}}],\"inLanguage\":\"pt-PT\"},{\"@type\":\"Person\",\"@id\":\"https:\/\/portaltela.pt\/#\/schema\/person\/c4278d4a6028830caff9ee44b42d32ed\",\"name\":\"Telinha\",\"image\":{\"@type\":\"ImageObject\",\"inLanguage\":\"pt-PT\",\"@id\":\"https:\/\/portaltela.pt\/s.01k8rhncp4jt1\/2025\/11\/talking-bot-125x125.png\",\"url\":\"https:\/\/portaltela.pt\/s.01k8rhncp4jt1\/2025\/11\/talking-bot-125x125.png\",\"contentUrl\":\"https:\/\/portaltela.pt\/s.01k8rhncp4jt1\/2025\/11\/talking-bot-125x125.png\",\"caption\":\"Telinha\"},\"sameAs\":[\"https:\/\/portaltela.pt\/\"],\"url\":\"https:\/\/portaltela.pt\/por\/367410592786\/\"}]}<\/script>\n<!-- \/ Yoast SEO plugin. -->","yoast_head_json":{"title":"Seis homens condenados no Algarve a penas de 9 a 16 anos por tr\u00e1fico - Portal Tela Portugal","robots":{"index":"index","follow":"follow","max-snippet":"max-snippet:-1","max-image-preview":"max-image-preview:large","max-video-preview":"max-video-preview:-1"},"og_locale":"pt_PT","og_type":"article","og_title":"Seis homens condenados no Algarve a penas de 9 a 16 anos por tr\u00e1fico - Portal Tela Portugal","og_description":"Oito homens foram condenados pelo Tribunal de Portim\u00e3o a penas entre nove e 16 anos de pris\u00e3o por tr\u00e1fico de droga agravado, ap\u00f3s a deten\u00e7\u00e3o em 2023 em Albufeira, com mais de 1.200 quilogramas de coca\u00edna apreendidos num cami\u00e3o. Apenas Ayari Chokri, tunisino de 65 anos, esteve presente na leitura do ac\u00f3rd\u00e3o e foi condenado a 16 anos, al\u00e9m de crimes de falsifica\u00e7\u00e3o de documentos e falsidade de declara\u00e7\u00f5es; os demais arguidos n\u00e3o compareceram. Os condenados s\u00e3o: Edgar Teixeira e Gabriel Carvalho a 12 anos de pris\u00e3o; Fabr\u00edcio Bahia e S\u00e9rgio J\u00fanior a nove anos; Igor Jakovina a nove anos e quatro meses; todos por tr\u00e1fico agravado de estupefacientes e associa\u00e7\u00e3o criminosa, com liga\u00e7\u00e3o a uma rede log\u00edstica no Algarve. O tribunal considerou que tr\u00eas arguidos atuaram em bando, justificando as penas \u201cbastantes pesadas\u201d face \u00e0 enorme quantidade de droga apreendida; n\u00e3o ficou provada a liga\u00e7\u00e3o a cart\u00e9is ou a rede internacional. Os bens apreendidos, incluindo um cami\u00e3o e cerca de 1,3 milh\u00f5es de euros, reverter\u00e3o a favor do Estado; os advogados n\u00e3o deram declara\u00e7\u00f5es, exceto a defensora de Ayari Chokri, que anunciou recurso.","og_url":"https:\/\/portaltela.pt\/noticias\/2026\/02\/13\/seis-homens-condenados-no-algarve-a-penas-de-9-a-16-anos-por-trafico\/","og_site_name":"Portal Tela Portugal","article_published_time":"2026-02-13T17:41:29+00:00","author":"Telinha","twitter_card":"summary_large_image","twitter_misc":{"Escrito por":"Telinha","Tempo estimado de leitura":"1 minuto"},"schema":{"@context":"https:\/\/schema.org","@graph":[{"@type":"Article","@id":"https:\/\/portaltela.pt\/noticias\/2026\/02\/13\/seis-homens-condenados-no-algarve-a-penas-de-9-a-16-anos-por-trafico\/#article","isPartOf":{"@id":"https:\/\/portaltela.pt\/noticias\/2026\/02\/13\/seis-homens-condenados-no-algarve-a-penas-de-9-a-16-anos-por-trafico\/"},"author":{"name":"Telinha","@id":"https:\/\/portaltela.pt\/#\/schema\/person\/c4278d4a6028830caff9ee44b42d32ed"},"headline":"Seis homens condenados no Algarve a penas de 9 a 16 anos por tr\u00e1fico","datePublished":"2026-02-13T17:41:29+00:00","mainEntityOfPage":{"@id":"https:\/\/portaltela.pt\/noticias\/2026\/02\/13\/seis-homens-condenados-no-algarve-a-penas-de-9-a-16-anos-por-trafico\/"},"wordCount":307,"image":{"@id":"https:\/\/portaltela.pt\/noticias\/2026\/02\/13\/seis-homens-condenados-no-algarve-a-penas-de-9-a-16-anos-por-trafico\/#primaryimage"},"thumbnailUrl":"https:\/\/portaltela.pt\/s.01k8rhncp4jt1\/2026\/02\/img_1500x1000uu2021-04-13-20-25-31-1029306.jpg","keywords":["ac\u00f3rd\u00e3o","Albufeira","Algarve","coca\u00edna","condena\u00e7\u00f5es","tr\u00e1fico de droga"],"articleSection":["Not\u00edcias"],"inLanguage":"pt-PT"},{"@type":"WebPage","@id":"https:\/\/portaltela.pt\/noticias\/2026\/02\/13\/seis-homens-condenados-no-algarve-a-penas-de-9-a-16-anos-por-trafico\/","url":"https:\/\/portaltela.pt\/noticias\/2026\/02\/13\/seis-homens-condenados-no-algarve-a-penas-de-9-a-16-anos-por-trafico\/","name":"Seis homens condenados no Algarve a penas de 9 a 16 anos por tr\u00e1fico - Portal Tela Portugal","isPartOf":{"@id":"https:\/\/portaltela.pt\/#website"},"primaryImageOfPage":{"@id":"https:\/\/portaltela.pt\/noticias\/2026\/02\/13\/seis-homens-condenados-no-algarve-a-penas-de-9-a-16-anos-por-trafico\/#primaryimage"},"image":{"@id":"https:\/\/portaltela.pt\/noticias\/2026\/02\/13\/seis-homens-condenados-no-algarve-a-penas-de-9-a-16-anos-por-trafico\/#primaryimage"},"thumbnailUrl":"https:\/\/portaltela.pt\/s.01k8rhncp4jt1\/2026\/02\/img_1500x1000uu2021-04-13-20-25-31-1029306.jpg","datePublished":"2026-02-13T17:41:29+00:00","author":{"@id":"https:\/\/portaltela.pt\/#\/schema\/person\/c4278d4a6028830caff9ee44b42d32ed"},"breadcrumb":{"@id":"https:\/\/portaltela.pt\/noticias\/2026\/02\/13\/seis-homens-condenados-no-algarve-a-penas-de-9-a-16-anos-por-trafico\/#breadcrumb"},"inLanguage":"pt-PT","potentialAction":[{"@type":"ReadAction","target":["https:\/\/portaltela.pt\/noticias\/2026\/02\/13\/seis-homens-condenados-no-algarve-a-penas-de-9-a-16-anos-por-trafico\/"]}]},{"@type":"ImageObject","inLanguage":"pt-PT","@id":"https:\/\/portaltela.pt\/noticias\/2026\/02\/13\/seis-homens-condenados-no-algarve-a-penas-de-9-a-16-anos-por-trafico\/#primaryimage","url":"https:\/\/portaltela.pt\/s.01k8rhncp4jt1\/2026\/02\/img_1500x1000uu2021-04-13-20-25-31-1029306.jpg","contentUrl":"https:\/\/portaltela.pt\/s.01k8rhncp4jt1\/2026\/02\/img_1500x1000uu2021-04-13-20-25-31-1029306.jpg","width":796,"height":448,"caption":"Tribunal de Portim\u00e3o"},{"@type":"BreadcrumbList","@id":"https:\/\/portaltela.pt\/noticias\/2026\/02\/13\/seis-homens-condenados-no-algarve-a-penas-de-9-a-16-anos-por-trafico\/#breadcrumb","itemListElement":[{"@type":"ListItem","position":1,"name":"In\u00edcio","item":"https:\/\/portaltela.pt\/"},{"@type":"ListItem","position":2,"name":"Seis homens condenados no Algarve a penas de 9 a 16 anos por tr\u00e1fico"}]},{"@type":"WebSite","@id":"https:\/\/portaltela.pt\/#website","url":"https:\/\/portaltela.pt\/","name":"Portal Tela Portugal","description":"","potentialAction":[{"@type":"SearchAction","target":{"@type":"EntryPoint","urlTemplate":"https:\/\/portaltela.pt\/?s={search_term_string}"},"query-input":{"@type":"PropertyValueSpecification","valueRequired":true,"valueName":"search_term_string"}}],"inLanguage":"pt-PT"},{"@type":"Person","@id":"https:\/\/portaltela.pt\/#\/schema\/person\/c4278d4a6028830caff9ee44b42d32ed","name":"Telinha","image":{"@type":"ImageObject","inLanguage":"pt-PT","@id":"https:\/\/portaltela.pt\/s.01k8rhncp4jt1\/2025\/11\/talking-bot-125x125.png","url":"https:\/\/portaltela.pt\/s.01k8rhncp4jt1\/2025\/11\/talking-bot-125x125.png","contentUrl":"https:\/\/portaltela.pt\/s.01k8rhncp4jt1\/2025\/11\/talking-bot-125x125.png","caption":"Telinha"},"sameAs":["https:\/\/portaltela.pt\/"],"url":"https:\/\/portaltela.pt\/por\/367410592786\/"}]}},"_links":{"self":[{"href":"https:\/\/portaltela.pt\/api\/wp\/v2\/posts\/211366","targetHints":{"allow":["GET"]}}],"collection":[{"href":"https:\/\/portaltela.pt\/api\/wp\/v2\/posts"}],"about":[{"href":"https:\/\/portaltela.pt\/api\/wp\/v2\/types\/post"}],"author":[{"embeddable":true,"href":"https:\/\/portaltela.pt\/api\/wp\/v2\/users\/2"}],"replies":[{"embeddable":true,"href":"https:\/\/portaltela.pt\/api\/wp\/v2\/comments?post=211366"}],"version-history":[{"count":0,"href":"https:\/\/portaltela.pt\/api\/wp\/v2\/posts\/211366\/revisions"}],"wp:featuredmedia":[{"embeddable":true,"href":"https:\/\/portaltela.pt\/api\/wp\/v2\/media\/211371"}],"wp:attachment":[{"href":"https:\/\/portaltela.pt\/api\/wp\/v2\/media?parent=211366"}],"wp:term":[{"taxonomy":"category","embeddable":true,"href":"https:\/\/portaltela.pt\/api\/wp\/v2\/categories?post=211366"},{"taxonomy":"post_tag","embeddable":true,"href":"https:\/\/portaltela.pt\/api\/wp\/v2\/tags?post=211366"}],"curies":[{"name":"wp","href":"https:\/\/api.w.org\/{rel}","templated":true}]}}