{"id":211172,"date":"2026-02-13T12:53:36","date_gmt":"2026-02-13T15:53:36","guid":{"rendered":"https:\/\/portaltela.pt\/noticias\/2026\/02\/13\/nove-familias-isoladas-apos-derrocada-em-ponte-de-lima\/"},"modified":"2026-02-13T12:53:36","modified_gmt":"2026-02-13T15:53:36","slug":"nove-familias-isoladas-apos-derrocada-em-ponte-de-lima","status":"publish","type":"post","link":"https:\/\/portaltela.pt\/noticias\/2026\/02\/13\/nove-familias-isoladas-apos-derrocada-em-ponte-de-lima\/","title":{"rendered":"Nove fam\u00edlias isoladas ap\u00f3s derrocada em Ponte de Lima"},"content":{"rendered":"<p>Nove fam\u00edlias ficaram isoladas em Ponte de Lima, no distrito de Viana do Castelo, ap\u00f3s uma derrocada ocorrer na ponte local. O incidente aconteceu nesta sexta-feira e provocou o encerramento do acesso \u00e0 zona afetada.<\/p>\n<p>As autoridades confirmam o isolamento das resid\u00eancias na \u00e1rea, impedindo a sa\u00edda de moradores enquanto se avaliam danos e riscos na estrutura. N\u00e3o houve regresso ao normal ainda.<\/p>\n<p>Equipes de emerg\u00eancia e t\u00e9cnicos est\u00e3o no terreno, a trabalhar na avalia\u00e7\u00e3o de danos e na implementa\u00e7\u00e3o de medidas de refor\u00e7o. N\u00e3o foi ainda estabelecida data de reabertura.<\/p>\n<h3>Interven\u00e7\u00e3o e asseguramento<\/h3>\n<p>De momento, as opera\u00e7\u00f5es concentram-se na estabiliza\u00e7\u00e3o da ponte e na preven\u00e7\u00e3o de novos deslizamentos. O Minist\u00e9rio P\u00fablico local n\u00e3o contemplou interven\u00e7\u00f5es adicionais p\u00fablicas.<\/p>\n<p>As fam\u00edlias afetadas recebem apoio das autoridades, com medidas para minimizar transtornos e manter a seguran\u00e7a p\u00fablica. O monitoramento da estrutura continua ativo.<\/p>\n","protected":false},"excerpt":{"rendered":"<ul>\n<li>Nove fam\u00edlias ficaram isoladas devido a uma derrocada na ponte de Ponte de Lima, no distrito de Viana do Castelo.<\/li>\n<li>O acesso \u00e0 \u00e1rea ficou interrompido, impedindo as pessoas de sa\u00edrem das suas resid\u00eancias nesta sexta-feira.<\/li>\n<li>Equipes de emerg\u00eancia e t\u00e9cnicos trabalham na avalia\u00e7\u00e3o dos danos e no refor\u00e7o da ponte; n\u00e3o h\u00e1 previs\u00e3o de reabertura.<\/li>\n<li>As autoridades locais apoiam as fam\u00edlias e asseguram medidas para minimizar transtornos e garantir a seguran\u00e7a.<\/li>\n<li>A situa\u00e7\u00e3o est\u00e1 a ser monitorizada pelas autoridades, que continuam a avaliar as condi\u00e7\u00f5es da ponte e a tomar decis\u00f5es conforme necess\u00e1rio.<\/li>\n<\/ul>\n","protected":false},"author":2,"featured_media":211173,"comment_status":"closed","ping_status":"closed","sticky":false,"template":"","format":"standard","meta":{"footnotes":""},"categories":[1],"tags":[4409,1935,148,5292,320,1530],"class_list":["post-211172","post","type-post","status-publish","format-standard","has-post-thumbnail","hentry","category-noticias","tag-derrocadas","tag-emergencias","tag-familias","tag-isolamento","tag-protecao-civil","tag-viana-do-castelo"],"yoast_head":"<!-- This site is optimized with the Yoast SEO plugin v27.2 - https:\/\/yoast.com\/product\/yoast-seo-wordpress\/ -->\n<title>Nove fam\u00edlias isoladas ap\u00f3s derrocada em Ponte de Lima - Portal Tela Portugal<\/title>\n<meta name=\"robots\" content=\"index, follow, max-snippet:-1, max-image-preview:large, max-video-preview:-1\" \/>\n<meta property=\"og:locale\" content=\"pt_PT\" \/>\n<meta property=\"og:type\" content=\"article\" \/>\n<meta property=\"og:title\" content=\"Nove fam\u00edlias isoladas ap\u00f3s derrocada em Ponte de Lima - Portal Tela Portugal\" \/>\n<meta property=\"og:description\" content=\"Nove fam\u00edlias ficaram isoladas devido a uma derrocada na ponte de Ponte de Lima, no distrito de Viana do Castelo. O acesso \u00e0 \u00e1rea ficou interrompido, impedindo as pessoas de sa\u00edrem das suas resid\u00eancias nesta sexta-feira. Equipes de emerg\u00eancia e t\u00e9cnicos trabalham na avalia\u00e7\u00e3o dos danos e no refor\u00e7o da ponte; n\u00e3o h\u00e1 previs\u00e3o de reabertura. As autoridades locais apoiam as fam\u00edlias e asseguram medidas para minimizar transtornos e garantir a seguran\u00e7a. A situa\u00e7\u00e3o est\u00e1 a ser monitorizada pelas autoridades, que continuam a avaliar as condi\u00e7\u00f5es da ponte e a tomar decis\u00f5es conforme necess\u00e1rio.\" \/>\n<meta property=\"og:url\" content=\"https:\/\/portaltela.pt\/noticias\/2026\/02\/13\/nove-familias-isoladas-apos-derrocada-em-ponte-de-lima\/\" \/>\n<meta property=\"og:site_name\" content=\"Portal Tela Portugal\" \/>\n<meta property=\"article:published_time\" content=\"2026-02-13T15:53:36+00:00\" \/>\n<meta name=\"author\" content=\"Telinha\" \/>\n<meta name=\"twitter:card\" content=\"summary_large_image\" \/>\n<meta name=\"twitter:label1\" content=\"Escrito por\" \/>\n\t<meta name=\"twitter:data1\" content=\"Telinha\" \/>\n\t<meta name=\"twitter:label2\" content=\"Tempo estimado de leitura\" \/>\n\t<meta name=\"twitter:data2\" content=\"1 minuto\" \/>\n<script type=\"application\/ld+json\" class=\"yoast-schema-graph\">{\"@context\":\"https:\/\/schema.org\",\"@graph\":[{\"@type\":\"Article\",\"@id\":\"https:\/\/portaltela.pt\/noticias\/2026\/02\/13\/nove-familias-isoladas-apos-derrocada-em-ponte-de-lima\/#article\",\"isPartOf\":{\"@id\":\"https:\/\/portaltela.pt\/noticias\/2026\/02\/13\/nove-familias-isoladas-apos-derrocada-em-ponte-de-lima\/\"},\"author\":{\"name\":\"Telinha\",\"@id\":\"https:\/\/portaltela.pt\/#\/schema\/person\/c4278d4a6028830caff9ee44b42d32ed\"},\"headline\":\"Nove fam\u00edlias isoladas ap\u00f3s derrocada em Ponte de Lima\",\"datePublished\":\"2026-02-13T15:53:36+00:00\",\"mainEntityOfPage\":{\"@id\":\"https:\/\/portaltela.pt\/noticias\/2026\/02\/13\/nove-familias-isoladas-apos-derrocada-em-ponte-de-lima\/\"},\"wordCount\":175,\"image\":{\"@id\":\"https:\/\/portaltela.pt\/noticias\/2026\/02\/13\/nove-familias-isoladas-apos-derrocada-em-ponte-de-lima\/#primaryimage\"},\"thumbnailUrl\":\"https:\/\/portaltela.pt\/s.01k8rhncp4jt1\/2026\/02\/img_1280x722uu2026-02-13-15-53-20-2266698.jpg\",\"keywords\":[\"derrocadas\",\"emerg\u00eancias\",\"fam\u00edlias\",\"isolamento\",\"prote\u00e7\u00e3o civil\",\"Viana do Castelo\"],\"articleSection\":[\"Not\u00edcias\"],\"inLanguage\":\"pt-PT\"},{\"@type\":\"WebPage\",\"@id\":\"https:\/\/portaltela.pt\/noticias\/2026\/02\/13\/nove-familias-isoladas-apos-derrocada-em-ponte-de-lima\/\",\"url\":\"https:\/\/portaltela.pt\/noticias\/2026\/02\/13\/nove-familias-isoladas-apos-derrocada-em-ponte-de-lima\/\",\"name\":\"Nove fam\u00edlias isoladas ap\u00f3s derrocada em Ponte de Lima - Portal Tela Portugal\",\"isPartOf\":{\"@id\":\"https:\/\/portaltela.pt\/#website\"},\"primaryImageOfPage\":{\"@id\":\"https:\/\/portaltela.pt\/noticias\/2026\/02\/13\/nove-familias-isoladas-apos-derrocada-em-ponte-de-lima\/#primaryimage\"},\"image\":{\"@id\":\"https:\/\/portaltela.pt\/noticias\/2026\/02\/13\/nove-familias-isoladas-apos-derrocada-em-ponte-de-lima\/#primaryimage\"},\"thumbnailUrl\":\"https:\/\/portaltela.pt\/s.01k8rhncp4jt1\/2026\/02\/img_1280x722uu2026-02-13-15-53-20-2266698.jpg\",\"datePublished\":\"2026-02-13T15:53:36+00:00\",\"author\":{\"@id\":\"https:\/\/portaltela.pt\/#\/schema\/person\/c4278d4a6028830caff9ee44b42d32ed\"},\"breadcrumb\":{\"@id\":\"https:\/\/portaltela.pt\/noticias\/2026\/02\/13\/nove-familias-isoladas-apos-derrocada-em-ponte-de-lima\/#breadcrumb\"},\"inLanguage\":\"pt-PT\",\"potentialAction\":[{\"@type\":\"ReadAction\",\"target\":[\"https:\/\/portaltela.pt\/noticias\/2026\/02\/13\/nove-familias-isoladas-apos-derrocada-em-ponte-de-lima\/\"]}]},{\"@type\":\"ImageObject\",\"inLanguage\":\"pt-PT\",\"@id\":\"https:\/\/portaltela.pt\/noticias\/2026\/02\/13\/nove-familias-isoladas-apos-derrocada-em-ponte-de-lima\/#primaryimage\",\"url\":\"https:\/\/portaltela.pt\/s.01k8rhncp4jt1\/2026\/02\/img_1280x722uu2026-02-13-15-53-20-2266698.jpg\",\"contentUrl\":\"https:\/\/portaltela.pt\/s.01k8rhncp4jt1\/2026\/02\/img_1280x722uu2026-02-13-15-53-20-2266698.jpg\",\"width\":796,\"height\":448,\"caption\":\"Nove fam\u00edlias est\u00e3o isoladas devido a uma derrocada que ocorreu em Ponte de Lima, distrito de Viana do Castelo, Portugal.\"},{\"@type\":\"BreadcrumbList\",\"@id\":\"https:\/\/portaltela.pt\/noticias\/2026\/02\/13\/nove-familias-isoladas-apos-derrocada-em-ponte-de-lima\/#breadcrumb\",\"itemListElement\":[{\"@type\":\"ListItem\",\"position\":1,\"name\":\"In\u00edcio\",\"item\":\"https:\/\/portaltela.pt\/\"},{\"@type\":\"ListItem\",\"position\":2,\"name\":\"Nove fam\u00edlias isoladas ap\u00f3s derrocada em Ponte de Lima\"}]},{\"@type\":\"WebSite\",\"@id\":\"https:\/\/portaltela.pt\/#website\",\"url\":\"https:\/\/portaltela.pt\/\",\"name\":\"Portal Tela Portugal\",\"description\":\"\",\"potentialAction\":[{\"@type\":\"SearchAction\",\"target\":{\"@type\":\"EntryPoint\",\"urlTemplate\":\"https:\/\/portaltela.pt\/?s={search_term_string}\"},\"query-input\":{\"@type\":\"PropertyValueSpecification\",\"valueRequired\":true,\"valueName\":\"search_term_string\"}}],\"inLanguage\":\"pt-PT\"},{\"@type\":\"Person\",\"@id\":\"https:\/\/portaltela.pt\/#\/schema\/person\/c4278d4a6028830caff9ee44b42d32ed\",\"name\":\"Telinha\",\"image\":{\"@type\":\"ImageObject\",\"inLanguage\":\"pt-PT\",\"@id\":\"https:\/\/portaltela.pt\/s.01k8rhncp4jt1\/2025\/11\/talking-bot-125x125.png\",\"url\":\"https:\/\/portaltela.pt\/s.01k8rhncp4jt1\/2025\/11\/talking-bot-125x125.png\",\"contentUrl\":\"https:\/\/portaltela.pt\/s.01k8rhncp4jt1\/2025\/11\/talking-bot-125x125.png\",\"caption\":\"Telinha\"},\"sameAs\":[\"https:\/\/portaltela.pt\/\"],\"url\":\"https:\/\/portaltela.pt\/por\/367410592786\/\"}]}<\/script>\n<!-- \/ Yoast SEO plugin. -->","yoast_head_json":{"title":"Nove fam\u00edlias isoladas ap\u00f3s derrocada em Ponte de Lima - Portal Tela Portugal","robots":{"index":"index","follow":"follow","max-snippet":"max-snippet:-1","max-image-preview":"max-image-preview:large","max-video-preview":"max-video-preview:-1"},"og_locale":"pt_PT","og_type":"article","og_title":"Nove fam\u00edlias isoladas ap\u00f3s derrocada em Ponte de Lima - Portal Tela Portugal","og_description":"Nove fam\u00edlias ficaram isoladas devido a uma derrocada na ponte de Ponte de Lima, no distrito de Viana do Castelo. O acesso \u00e0 \u00e1rea ficou interrompido, impedindo as pessoas de sa\u00edrem das suas resid\u00eancias nesta sexta-feira. Equipes de emerg\u00eancia e t\u00e9cnicos trabalham na avalia\u00e7\u00e3o dos danos e no refor\u00e7o da ponte; n\u00e3o h\u00e1 previs\u00e3o de reabertura. As autoridades locais apoiam as fam\u00edlias e asseguram medidas para minimizar transtornos e garantir a seguran\u00e7a. A situa\u00e7\u00e3o est\u00e1 a ser monitorizada pelas autoridades, que continuam a avaliar as condi\u00e7\u00f5es da ponte e a tomar decis\u00f5es conforme necess\u00e1rio.","og_url":"https:\/\/portaltela.pt\/noticias\/2026\/02\/13\/nove-familias-isoladas-apos-derrocada-em-ponte-de-lima\/","og_site_name":"Portal Tela Portugal","article_published_time":"2026-02-13T15:53:36+00:00","author":"Telinha","twitter_card":"summary_large_image","twitter_misc":{"Escrito por":"Telinha","Tempo estimado de leitura":"1 minuto"},"schema":{"@context":"https:\/\/schema.org","@graph":[{"@type":"Article","@id":"https:\/\/portaltela.pt\/noticias\/2026\/02\/13\/nove-familias-isoladas-apos-derrocada-em-ponte-de-lima\/#article","isPartOf":{"@id":"https:\/\/portaltela.pt\/noticias\/2026\/02\/13\/nove-familias-isoladas-apos-derrocada-em-ponte-de-lima\/"},"author":{"name":"Telinha","@id":"https:\/\/portaltela.pt\/#\/schema\/person\/c4278d4a6028830caff9ee44b42d32ed"},"headline":"Nove fam\u00edlias isoladas ap\u00f3s derrocada em Ponte de Lima","datePublished":"2026-02-13T15:53:36+00:00","mainEntityOfPage":{"@id":"https:\/\/portaltela.pt\/noticias\/2026\/02\/13\/nove-familias-isoladas-apos-derrocada-em-ponte-de-lima\/"},"wordCount":175,"image":{"@id":"https:\/\/portaltela.pt\/noticias\/2026\/02\/13\/nove-familias-isoladas-apos-derrocada-em-ponte-de-lima\/#primaryimage"},"thumbnailUrl":"https:\/\/portaltela.pt\/s.01k8rhncp4jt1\/2026\/02\/img_1280x722uu2026-02-13-15-53-20-2266698.jpg","keywords":["derrocadas","emerg\u00eancias","fam\u00edlias","isolamento","prote\u00e7\u00e3o civil","Viana do Castelo"],"articleSection":["Not\u00edcias"],"inLanguage":"pt-PT"},{"@type":"WebPage","@id":"https:\/\/portaltela.pt\/noticias\/2026\/02\/13\/nove-familias-isoladas-apos-derrocada-em-ponte-de-lima\/","url":"https:\/\/portaltela.pt\/noticias\/2026\/02\/13\/nove-familias-isoladas-apos-derrocada-em-ponte-de-lima\/","name":"Nove fam\u00edlias isoladas ap\u00f3s derrocada em Ponte de Lima - Portal Tela Portugal","isPartOf":{"@id":"https:\/\/portaltela.pt\/#website"},"primaryImageOfPage":{"@id":"https:\/\/portaltela.pt\/noticias\/2026\/02\/13\/nove-familias-isoladas-apos-derrocada-em-ponte-de-lima\/#primaryimage"},"image":{"@id":"https:\/\/portaltela.pt\/noticias\/2026\/02\/13\/nove-familias-isoladas-apos-derrocada-em-ponte-de-lima\/#primaryimage"},"thumbnailUrl":"https:\/\/portaltela.pt\/s.01k8rhncp4jt1\/2026\/02\/img_1280x722uu2026-02-13-15-53-20-2266698.jpg","datePublished":"2026-02-13T15:53:36+00:00","author":{"@id":"https:\/\/portaltela.pt\/#\/schema\/person\/c4278d4a6028830caff9ee44b42d32ed"},"breadcrumb":{"@id":"https:\/\/portaltela.pt\/noticias\/2026\/02\/13\/nove-familias-isoladas-apos-derrocada-em-ponte-de-lima\/#breadcrumb"},"inLanguage":"pt-PT","potentialAction":[{"@type":"ReadAction","target":["https:\/\/portaltela.pt\/noticias\/2026\/02\/13\/nove-familias-isoladas-apos-derrocada-em-ponte-de-lima\/"]}]},{"@type":"ImageObject","inLanguage":"pt-PT","@id":"https:\/\/portaltela.pt\/noticias\/2026\/02\/13\/nove-familias-isoladas-apos-derrocada-em-ponte-de-lima\/#primaryimage","url":"https:\/\/portaltela.pt\/s.01k8rhncp4jt1\/2026\/02\/img_1280x722uu2026-02-13-15-53-20-2266698.jpg","contentUrl":"https:\/\/portaltela.pt\/s.01k8rhncp4jt1\/2026\/02\/img_1280x722uu2026-02-13-15-53-20-2266698.jpg","width":796,"height":448,"caption":"Nove fam\u00edlias est\u00e3o isoladas devido a uma derrocada que ocorreu em Ponte de Lima, distrito de Viana do Castelo, Portugal."},{"@type":"BreadcrumbList","@id":"https:\/\/portaltela.pt\/noticias\/2026\/02\/13\/nove-familias-isoladas-apos-derrocada-em-ponte-de-lima\/#breadcrumb","itemListElement":[{"@type":"ListItem","position":1,"name":"In\u00edcio","item":"https:\/\/portaltela.pt\/"},{"@type":"ListItem","position":2,"name":"Nove fam\u00edlias isoladas ap\u00f3s derrocada em Ponte de Lima"}]},{"@type":"WebSite","@id":"https:\/\/portaltela.pt\/#website","url":"https:\/\/portaltela.pt\/","name":"Portal Tela Portugal","description":"","potentialAction":[{"@type":"SearchAction","target":{"@type":"EntryPoint","urlTemplate":"https:\/\/portaltela.pt\/?s={search_term_string}"},"query-input":{"@type":"PropertyValueSpecification","valueRequired":true,"valueName":"search_term_string"}}],"inLanguage":"pt-PT"},{"@type":"Person","@id":"https:\/\/portaltela.pt\/#\/schema\/person\/c4278d4a6028830caff9ee44b42d32ed","name":"Telinha","image":{"@type":"ImageObject","inLanguage":"pt-PT","@id":"https:\/\/portaltela.pt\/s.01k8rhncp4jt1\/2025\/11\/talking-bot-125x125.png","url":"https:\/\/portaltela.pt\/s.01k8rhncp4jt1\/2025\/11\/talking-bot-125x125.png","contentUrl":"https:\/\/portaltela.pt\/s.01k8rhncp4jt1\/2025\/11\/talking-bot-125x125.png","caption":"Telinha"},"sameAs":["https:\/\/portaltela.pt\/"],"url":"https:\/\/portaltela.pt\/por\/367410592786\/"}]}},"_links":{"self":[{"href":"https:\/\/portaltela.pt\/api\/wp\/v2\/posts\/211172","targetHints":{"allow":["GET"]}}],"collection":[{"href":"https:\/\/portaltela.pt\/api\/wp\/v2\/posts"}],"about":[{"href":"https:\/\/portaltela.pt\/api\/wp\/v2\/types\/post"}],"author":[{"embeddable":true,"href":"https:\/\/portaltela.pt\/api\/wp\/v2\/users\/2"}],"replies":[{"embeddable":true,"href":"https:\/\/portaltela.pt\/api\/wp\/v2\/comments?post=211172"}],"version-history":[{"count":0,"href":"https:\/\/portaltela.pt\/api\/wp\/v2\/posts\/211172\/revisions"}],"wp:featuredmedia":[{"embeddable":true,"href":"https:\/\/portaltela.pt\/api\/wp\/v2\/media\/211173"}],"wp:attachment":[{"href":"https:\/\/portaltela.pt\/api\/wp\/v2\/media?parent=211172"}],"wp:term":[{"taxonomy":"category","embeddable":true,"href":"https:\/\/portaltela.pt\/api\/wp\/v2\/categories?post=211172"},{"taxonomy":"post_tag","embeddable":true,"href":"https:\/\/portaltela.pt\/api\/wp\/v2\/tags?post=211172"}],"curies":[{"name":"wp","href":"https:\/\/api.w.org\/{rel}","templated":true}]}}