{"id":211136,"date":"2026-02-13T12:43:36","date_gmt":"2026-02-13T15:43:36","guid":{"rendered":"https:\/\/portaltela.pt\/noticias\/2026\/02\/13\/mulher-condenada-a-21-anos-por-homicidio-em-lourinha-2024\/"},"modified":"2026-02-13T12:43:36","modified_gmt":"2026-02-13T15:43:36","slug":"mulher-condenada-a-21-anos-por-homicidio-em-lourinha-2024","status":"publish","type":"post","link":"https:\/\/portaltela.pt\/noticias\/2026\/02\/13\/mulher-condenada-a-21-anos-por-homicidio-em-lourinha-2024\/","title":{"rendered":"Mulher condenada a 21 anos por homic\u00eddio em Lourinh\u00e3 (2024)"},"content":{"rendered":"<p>O Tribunal de Loures condenou esta sexta-feira uma mulher de 34 anos a 21 anos de pris\u00e3o pelo homic\u00eddio qualificado de outra mulher, ocorrido em outubro de 2024 na Lourinh\u00e3. A argsida, trabalhadora agr\u00edcola, ter\u00e1 atuado alegadamente por ci\u00fames e por d\u00edvida de 1.500 euros contra a v\u00edtima, tamb\u00e9m de 34 anos.<\/p>\n<p>O crime aconteceu junto \u00e0s instala\u00e7\u00f5es da Seguran\u00e7a Social da Lourinh\u00e3, num local descrito pela acusa\u00e7\u00e3o como isolado e pouco frequentado \u00e0quela hora. A arguida dirigiu-se ao local munida de arma branca e aguardou a chegada da ex-patra.<\/p>\n<p>Ao fim de uma breve conversa, a arguida desferiu m\u00faltiplos golpes que atingiram cr\u00e2nio e pesco\u00e7o da v\u00edtima, causando-lhe morte. O ac\u00f3rd\u00e3o foi lido no Tribunal Judicial da Comarca de Lisboa Norte, em Loures, com ju\u00edza presidente a validar a condena\u00e7\u00e3o com base na prova existente.<\/p>\n<h3>Condena\u00e7\u00e3o e contexto<\/h3>\n<p>Foi ainda decidido manter a arguida em pris\u00e3o preventiva at\u00e9 transitar em julgado. N\u00e3o houve, por desconhecimento de herdeiros, indemniza\u00e7\u00e3o \u00e0 v\u00edtima. A defesa anunciou recurso, com a advogada a classificar a decis\u00e3o como injusta.<\/p>\n<p>As informa\u00e7\u00f5es s\u00e3o fornecidas pela autoridade judici\u00e1ria ap\u00f3s a leitura do ac\u00f3rd\u00e3o. O Minist\u00e9rio P\u00fablico descreveu o homic\u00eddio como um ato frio e calculado, em contexto de d\u00edvida n\u00e3o liquidada. A arguida n\u00e3o possu\u00eda antecedentes criminais.<\/p>\n","protected":false},"excerpt":{"rendered":"<ul>\n<li>O Tribunal de Loures condenou uma mulher a 21 anos de pris\u00e3o pelo crime de homic\u00eddio qualificado de outra, ocorrido em outubro de 2024 na Lourinh\u00e3.<\/li>\n<li>A arguida, de 34 anos, estrangeira, trabalhadora agr\u00edcola, tinha trabalhado para a v\u00edtima (tamb\u00e9m de 34 anos) e pelo namorado desta, a quem deviam 1.500 euros.<\/li>\n<li>Ao dia 7 de outubro, as duas parte combinaram encontrar-se para a v\u00edtima liquidar a d\u00edvida; a arguida ter\u00e1 utilizado uma faca para golpear mortalmente a ex-patroa na \u00e1rea das instala\u00e7\u00f5es da Seguran\u00e7a Social da Lourinh\u00e3, num local isolado.<\/li>\n<li>O juiz descreveu a acusa\u00e7\u00e3o como comprovada na maioria dos termos, destacando a frieza e indiferen\u00e7a da arguida, que permanece em pris\u00e3o preventiva at\u00e9 tr\u00e2nsito em julgado.<\/li>\n<li>N\u00e3o foi decretado pagamento de indemniza\u00e7\u00e3o, por n\u00e3o se conhecerem herdeiros da v\u00edtima; a defesa j\u00e1 anunciou recurso da decis\u00e3o.<\/li>\n<\/ul>\n","protected":false},"author":2,"featured_media":211139,"comment_status":"closed","ping_status":"closed","sticky":false,"template":"","format":"standard","meta":{"footnotes":""},"categories":[1],"tags":[5480,1189,5028,2701,4343,52],"class_list":["post-211136","post","type-post","status-publish","format-standard","has-post-thumbnail","hentry","category-noticias","tag-condenacoes","tag-homicidio-qualificado","tag-lourinha","tag-mulheres","tag-prisoes","tag-tribunal"],"yoast_head":"<!-- This site is optimized with the Yoast SEO plugin v27.2 - https:\/\/yoast.com\/product\/yoast-seo-wordpress\/ -->\n<title>Mulher condenada a 21 anos por homic\u00eddio em Lourinh\u00e3 (2024) - Portal Tela Portugal<\/title>\n<meta name=\"robots\" content=\"index, follow, max-snippet:-1, max-image-preview:large, max-video-preview:-1\" \/>\n<meta property=\"og:locale\" content=\"pt_PT\" \/>\n<meta property=\"og:type\" content=\"article\" \/>\n<meta property=\"og:title\" content=\"Mulher condenada a 21 anos por homic\u00eddio em Lourinh\u00e3 (2024) - Portal Tela Portugal\" \/>\n<meta property=\"og:description\" content=\"O Tribunal de Loures condenou uma mulher a 21 anos de pris\u00e3o pelo crime de homic\u00eddio qualificado de outra, ocorrido em outubro de 2024 na Lourinh\u00e3. A arguida, de 34 anos, estrangeira, trabalhadora agr\u00edcola, tinha trabalhado para a v\u00edtima (tamb\u00e9m de 34 anos) e pelo namorado desta, a quem deviam 1.500 euros. Ao dia 7 de outubro, as duas parte combinaram encontrar-se para a v\u00edtima liquidar a d\u00edvida; a arguida ter\u00e1 utilizado uma faca para golpear mortalmente a ex-patroa na \u00e1rea das instala\u00e7\u00f5es da Seguran\u00e7a Social da Lourinh\u00e3, num local isolado. O juiz descreveu a acusa\u00e7\u00e3o como comprovada na maioria dos termos, destacando a frieza e indiferen\u00e7a da arguida, que permanece em pris\u00e3o preventiva at\u00e9 tr\u00e2nsito em julgado. N\u00e3o foi decretado pagamento de indemniza\u00e7\u00e3o, por n\u00e3o se conhecerem herdeiros da v\u00edtima; a defesa j\u00e1 anunciou recurso da decis\u00e3o.\" \/>\n<meta property=\"og:url\" content=\"https:\/\/portaltela.pt\/noticias\/2026\/02\/13\/mulher-condenada-a-21-anos-por-homicidio-em-lourinha-2024\/\" \/>\n<meta property=\"og:site_name\" content=\"Portal Tela Portugal\" \/>\n<meta property=\"article:published_time\" content=\"2026-02-13T15:43:36+00:00\" \/>\n<meta name=\"author\" content=\"Telinha\" \/>\n<meta name=\"twitter:card\" content=\"summary_large_image\" \/>\n<meta name=\"twitter:label1\" content=\"Escrito por\" \/>\n\t<meta name=\"twitter:data1\" content=\"Telinha\" \/>\n\t<meta name=\"twitter:label2\" content=\"Tempo estimado de leitura\" \/>\n\t<meta name=\"twitter:data2\" content=\"1 minuto\" \/>\n<script type=\"application\/ld+json\" class=\"yoast-schema-graph\">{\"@context\":\"https:\/\/schema.org\",\"@graph\":[{\"@type\":\"Article\",\"@id\":\"https:\/\/portaltela.pt\/noticias\/2026\/02\/13\/mulher-condenada-a-21-anos-por-homicidio-em-lourinha-2024\/#article\",\"isPartOf\":{\"@id\":\"https:\/\/portaltela.pt\/noticias\/2026\/02\/13\/mulher-condenada-a-21-anos-por-homicidio-em-lourinha-2024\/\"},\"author\":{\"name\":\"Telinha\",\"@id\":\"https:\/\/portaltela.pt\/#\/schema\/person\/c4278d4a6028830caff9ee44b42d32ed\"},\"headline\":\"Mulher condenada a 21 anos por homic\u00eddio em Lourinh\u00e3 (2024)\",\"datePublished\":\"2026-02-13T15:43:36+00:00\",\"mainEntityOfPage\":{\"@id\":\"https:\/\/portaltela.pt\/noticias\/2026\/02\/13\/mulher-condenada-a-21-anos-por-homicidio-em-lourinha-2024\/\"},\"wordCount\":250,\"image\":{\"@id\":\"https:\/\/portaltela.pt\/noticias\/2026\/02\/13\/mulher-condenada-a-21-anos-por-homicidio-em-lourinha-2024\/#primaryimage\"},\"thumbnailUrl\":\"https:\/\/portaltela.pt\/s.01k8rhncp4jt1\/2026\/02\/img_1500x1000uu2020-06-19-22-24-40-950513.jpg\",\"keywords\":[\"condena\u00e7\u00f5es\",\"homic\u00eddio qualificado\",\"Lourinh\u00e3\",\"Mulheres\",\"pris\u00f5es\",\"tribunal\"],\"articleSection\":[\"Not\u00edcias\"],\"inLanguage\":\"pt-PT\"},{\"@type\":\"WebPage\",\"@id\":\"https:\/\/portaltela.pt\/noticias\/2026\/02\/13\/mulher-condenada-a-21-anos-por-homicidio-em-lourinha-2024\/\",\"url\":\"https:\/\/portaltela.pt\/noticias\/2026\/02\/13\/mulher-condenada-a-21-anos-por-homicidio-em-lourinha-2024\/\",\"name\":\"Mulher condenada a 21 anos por homic\u00eddio em Lourinh\u00e3 (2024) - Portal Tela Portugal\",\"isPartOf\":{\"@id\":\"https:\/\/portaltela.pt\/#website\"},\"primaryImageOfPage\":{\"@id\":\"https:\/\/portaltela.pt\/noticias\/2026\/02\/13\/mulher-condenada-a-21-anos-por-homicidio-em-lourinha-2024\/#primaryimage\"},\"image\":{\"@id\":\"https:\/\/portaltela.pt\/noticias\/2026\/02\/13\/mulher-condenada-a-21-anos-por-homicidio-em-lourinha-2024\/#primaryimage\"},\"thumbnailUrl\":\"https:\/\/portaltela.pt\/s.01k8rhncp4jt1\/2026\/02\/img_1500x1000uu2020-06-19-22-24-40-950513.jpg\",\"datePublished\":\"2026-02-13T15:43:36+00:00\",\"author\":{\"@id\":\"https:\/\/portaltela.pt\/#\/schema\/person\/c4278d4a6028830caff9ee44b42d32ed\"},\"breadcrumb\":{\"@id\":\"https:\/\/portaltela.pt\/noticias\/2026\/02\/13\/mulher-condenada-a-21-anos-por-homicidio-em-lourinha-2024\/#breadcrumb\"},\"inLanguage\":\"pt-PT\",\"potentialAction\":[{\"@type\":\"ReadAction\",\"target\":[\"https:\/\/portaltela.pt\/noticias\/2026\/02\/13\/mulher-condenada-a-21-anos-por-homicidio-em-lourinha-2024\/\"]}]},{\"@type\":\"ImageObject\",\"inLanguage\":\"pt-PT\",\"@id\":\"https:\/\/portaltela.pt\/noticias\/2026\/02\/13\/mulher-condenada-a-21-anos-por-homicidio-em-lourinha-2024\/#primaryimage\",\"url\":\"https:\/\/portaltela.pt\/s.01k8rhncp4jt1\/2026\/02\/img_1500x1000uu2020-06-19-22-24-40-950513.jpg\",\"contentUrl\":\"https:\/\/portaltela.pt\/s.01k8rhncp4jt1\/2026\/02\/img_1500x1000uu2020-06-19-22-24-40-950513.jpg\",\"width\":796,\"height\":448,\"caption\":\"Tribunal de Loures\"},{\"@type\":\"BreadcrumbList\",\"@id\":\"https:\/\/portaltela.pt\/noticias\/2026\/02\/13\/mulher-condenada-a-21-anos-por-homicidio-em-lourinha-2024\/#breadcrumb\",\"itemListElement\":[{\"@type\":\"ListItem\",\"position\":1,\"name\":\"In\u00edcio\",\"item\":\"https:\/\/portaltela.pt\/\"},{\"@type\":\"ListItem\",\"position\":2,\"name\":\"Mulher condenada a 21 anos por homic\u00eddio em Lourinh\u00e3 (2024)\"}]},{\"@type\":\"WebSite\",\"@id\":\"https:\/\/portaltela.pt\/#website\",\"url\":\"https:\/\/portaltela.pt\/\",\"name\":\"Portal Tela Portugal\",\"description\":\"\",\"potentialAction\":[{\"@type\":\"SearchAction\",\"target\":{\"@type\":\"EntryPoint\",\"urlTemplate\":\"https:\/\/portaltela.pt\/?s={search_term_string}\"},\"query-input\":{\"@type\":\"PropertyValueSpecification\",\"valueRequired\":true,\"valueName\":\"search_term_string\"}}],\"inLanguage\":\"pt-PT\"},{\"@type\":\"Person\",\"@id\":\"https:\/\/portaltela.pt\/#\/schema\/person\/c4278d4a6028830caff9ee44b42d32ed\",\"name\":\"Telinha\",\"image\":{\"@type\":\"ImageObject\",\"inLanguage\":\"pt-PT\",\"@id\":\"https:\/\/portaltela.pt\/s.01k8rhncp4jt1\/2025\/11\/talking-bot-125x125.png\",\"url\":\"https:\/\/portaltela.pt\/s.01k8rhncp4jt1\/2025\/11\/talking-bot-125x125.png\",\"contentUrl\":\"https:\/\/portaltela.pt\/s.01k8rhncp4jt1\/2025\/11\/talking-bot-125x125.png\",\"caption\":\"Telinha\"},\"sameAs\":[\"https:\/\/portaltela.pt\/\"],\"url\":\"https:\/\/portaltela.pt\/por\/367410592786\/\"}]}<\/script>\n<!-- \/ Yoast SEO plugin. -->","yoast_head_json":{"title":"Mulher condenada a 21 anos por homic\u00eddio em Lourinh\u00e3 (2024) - Portal Tela Portugal","robots":{"index":"index","follow":"follow","max-snippet":"max-snippet:-1","max-image-preview":"max-image-preview:large","max-video-preview":"max-video-preview:-1"},"og_locale":"pt_PT","og_type":"article","og_title":"Mulher condenada a 21 anos por homic\u00eddio em Lourinh\u00e3 (2024) - Portal Tela Portugal","og_description":"O Tribunal de Loures condenou uma mulher a 21 anos de pris\u00e3o pelo crime de homic\u00eddio qualificado de outra, ocorrido em outubro de 2024 na Lourinh\u00e3. A arguida, de 34 anos, estrangeira, trabalhadora agr\u00edcola, tinha trabalhado para a v\u00edtima (tamb\u00e9m de 34 anos) e pelo namorado desta, a quem deviam 1.500 euros. Ao dia 7 de outubro, as duas parte combinaram encontrar-se para a v\u00edtima liquidar a d\u00edvida; a arguida ter\u00e1 utilizado uma faca para golpear mortalmente a ex-patroa na \u00e1rea das instala\u00e7\u00f5es da Seguran\u00e7a Social da Lourinh\u00e3, num local isolado. O juiz descreveu a acusa\u00e7\u00e3o como comprovada na maioria dos termos, destacando a frieza e indiferen\u00e7a da arguida, que permanece em pris\u00e3o preventiva at\u00e9 tr\u00e2nsito em julgado. N\u00e3o foi decretado pagamento de indemniza\u00e7\u00e3o, por n\u00e3o se conhecerem herdeiros da v\u00edtima; a defesa j\u00e1 anunciou recurso da decis\u00e3o.","og_url":"https:\/\/portaltela.pt\/noticias\/2026\/02\/13\/mulher-condenada-a-21-anos-por-homicidio-em-lourinha-2024\/","og_site_name":"Portal Tela Portugal","article_published_time":"2026-02-13T15:43:36+00:00","author":"Telinha","twitter_card":"summary_large_image","twitter_misc":{"Escrito por":"Telinha","Tempo estimado de leitura":"1 minuto"},"schema":{"@context":"https:\/\/schema.org","@graph":[{"@type":"Article","@id":"https:\/\/portaltela.pt\/noticias\/2026\/02\/13\/mulher-condenada-a-21-anos-por-homicidio-em-lourinha-2024\/#article","isPartOf":{"@id":"https:\/\/portaltela.pt\/noticias\/2026\/02\/13\/mulher-condenada-a-21-anos-por-homicidio-em-lourinha-2024\/"},"author":{"name":"Telinha","@id":"https:\/\/portaltela.pt\/#\/schema\/person\/c4278d4a6028830caff9ee44b42d32ed"},"headline":"Mulher condenada a 21 anos por homic\u00eddio em Lourinh\u00e3 (2024)","datePublished":"2026-02-13T15:43:36+00:00","mainEntityOfPage":{"@id":"https:\/\/portaltela.pt\/noticias\/2026\/02\/13\/mulher-condenada-a-21-anos-por-homicidio-em-lourinha-2024\/"},"wordCount":250,"image":{"@id":"https:\/\/portaltela.pt\/noticias\/2026\/02\/13\/mulher-condenada-a-21-anos-por-homicidio-em-lourinha-2024\/#primaryimage"},"thumbnailUrl":"https:\/\/portaltela.pt\/s.01k8rhncp4jt1\/2026\/02\/img_1500x1000uu2020-06-19-22-24-40-950513.jpg","keywords":["condena\u00e7\u00f5es","homic\u00eddio qualificado","Lourinh\u00e3","Mulheres","pris\u00f5es","tribunal"],"articleSection":["Not\u00edcias"],"inLanguage":"pt-PT"},{"@type":"WebPage","@id":"https:\/\/portaltela.pt\/noticias\/2026\/02\/13\/mulher-condenada-a-21-anos-por-homicidio-em-lourinha-2024\/","url":"https:\/\/portaltela.pt\/noticias\/2026\/02\/13\/mulher-condenada-a-21-anos-por-homicidio-em-lourinha-2024\/","name":"Mulher condenada a 21 anos por homic\u00eddio em Lourinh\u00e3 (2024) - Portal Tela Portugal","isPartOf":{"@id":"https:\/\/portaltela.pt\/#website"},"primaryImageOfPage":{"@id":"https:\/\/portaltela.pt\/noticias\/2026\/02\/13\/mulher-condenada-a-21-anos-por-homicidio-em-lourinha-2024\/#primaryimage"},"image":{"@id":"https:\/\/portaltela.pt\/noticias\/2026\/02\/13\/mulher-condenada-a-21-anos-por-homicidio-em-lourinha-2024\/#primaryimage"},"thumbnailUrl":"https:\/\/portaltela.pt\/s.01k8rhncp4jt1\/2026\/02\/img_1500x1000uu2020-06-19-22-24-40-950513.jpg","datePublished":"2026-02-13T15:43:36+00:00","author":{"@id":"https:\/\/portaltela.pt\/#\/schema\/person\/c4278d4a6028830caff9ee44b42d32ed"},"breadcrumb":{"@id":"https:\/\/portaltela.pt\/noticias\/2026\/02\/13\/mulher-condenada-a-21-anos-por-homicidio-em-lourinha-2024\/#breadcrumb"},"inLanguage":"pt-PT","potentialAction":[{"@type":"ReadAction","target":["https:\/\/portaltela.pt\/noticias\/2026\/02\/13\/mulher-condenada-a-21-anos-por-homicidio-em-lourinha-2024\/"]}]},{"@type":"ImageObject","inLanguage":"pt-PT","@id":"https:\/\/portaltela.pt\/noticias\/2026\/02\/13\/mulher-condenada-a-21-anos-por-homicidio-em-lourinha-2024\/#primaryimage","url":"https:\/\/portaltela.pt\/s.01k8rhncp4jt1\/2026\/02\/img_1500x1000uu2020-06-19-22-24-40-950513.jpg","contentUrl":"https:\/\/portaltela.pt\/s.01k8rhncp4jt1\/2026\/02\/img_1500x1000uu2020-06-19-22-24-40-950513.jpg","width":796,"height":448,"caption":"Tribunal de Loures"},{"@type":"BreadcrumbList","@id":"https:\/\/portaltela.pt\/noticias\/2026\/02\/13\/mulher-condenada-a-21-anos-por-homicidio-em-lourinha-2024\/#breadcrumb","itemListElement":[{"@type":"ListItem","position":1,"name":"In\u00edcio","item":"https:\/\/portaltela.pt\/"},{"@type":"ListItem","position":2,"name":"Mulher condenada a 21 anos por homic\u00eddio em Lourinh\u00e3 (2024)"}]},{"@type":"WebSite","@id":"https:\/\/portaltela.pt\/#website","url":"https:\/\/portaltela.pt\/","name":"Portal Tela Portugal","description":"","potentialAction":[{"@type":"SearchAction","target":{"@type":"EntryPoint","urlTemplate":"https:\/\/portaltela.pt\/?s={search_term_string}"},"query-input":{"@type":"PropertyValueSpecification","valueRequired":true,"valueName":"search_term_string"}}],"inLanguage":"pt-PT"},{"@type":"Person","@id":"https:\/\/portaltela.pt\/#\/schema\/person\/c4278d4a6028830caff9ee44b42d32ed","name":"Telinha","image":{"@type":"ImageObject","inLanguage":"pt-PT","@id":"https:\/\/portaltela.pt\/s.01k8rhncp4jt1\/2025\/11\/talking-bot-125x125.png","url":"https:\/\/portaltela.pt\/s.01k8rhncp4jt1\/2025\/11\/talking-bot-125x125.png","contentUrl":"https:\/\/portaltela.pt\/s.01k8rhncp4jt1\/2025\/11\/talking-bot-125x125.png","caption":"Telinha"},"sameAs":["https:\/\/portaltela.pt\/"],"url":"https:\/\/portaltela.pt\/por\/367410592786\/"}]}},"_links":{"self":[{"href":"https:\/\/portaltela.pt\/api\/wp\/v2\/posts\/211136","targetHints":{"allow":["GET"]}}],"collection":[{"href":"https:\/\/portaltela.pt\/api\/wp\/v2\/posts"}],"about":[{"href":"https:\/\/portaltela.pt\/api\/wp\/v2\/types\/post"}],"author":[{"embeddable":true,"href":"https:\/\/portaltela.pt\/api\/wp\/v2\/users\/2"}],"replies":[{"embeddable":true,"href":"https:\/\/portaltela.pt\/api\/wp\/v2\/comments?post=211136"}],"version-history":[{"count":0,"href":"https:\/\/portaltela.pt\/api\/wp\/v2\/posts\/211136\/revisions"}],"wp:featuredmedia":[{"embeddable":true,"href":"https:\/\/portaltela.pt\/api\/wp\/v2\/media\/211139"}],"wp:attachment":[{"href":"https:\/\/portaltela.pt\/api\/wp\/v2\/media?parent=211136"}],"wp:term":[{"taxonomy":"category","embeddable":true,"href":"https:\/\/portaltela.pt\/api\/wp\/v2\/categories?post=211136"},{"taxonomy":"post_tag","embeddable":true,"href":"https:\/\/portaltela.pt\/api\/wp\/v2\/tags?post=211136"}],"curies":[{"name":"wp","href":"https:\/\/api.w.org\/{rel}","templated":true}]}}