{"id":211117,"date":"2026-02-13T12:16:43","date_gmt":"2026-02-13T15:16:43","guid":{"rendered":"https:\/\/portaltela.pt\/noticias\/2026\/02\/13\/jornalista-da-cmtv-mostra-casas-e-espacos-exteriores-inundados-em-coimbra\/"},"modified":"2026-02-13T12:16:43","modified_gmt":"2026-02-13T15:16:43","slug":"jornalista-da-cmtv-mostra-casas-e-espacos-exteriores-inundados-em-coimbra","status":"publish","type":"post","link":"https:\/\/portaltela.pt\/noticias\/2026\/02\/13\/jornalista-da-cmtv-mostra-casas-e-espacos-exteriores-inundados-em-coimbra\/","title":{"rendered":"Jornalista da CMTV mostra casas e espa\u00e7os exteriores inundados em Coimbra"},"content":{"rendered":"<p>Diogo Carreira, jornalista da CMTV e do Correio da Manh\u00e3, mostrou hoje o n\u00edvel de \u00e1gua em Coimbra, ao vivo, utilizando um guarda-chuva para indicar a inunda\u00e7\u00f5es. A dete\u00e7\u00e3o ocorreu numa altura em que v\u00e1rias ruas ficaram inundadas e im\u00f3veis ficaram parcialmente subterrados.<\/p>\n<p>As imagens captadas por Carreira concentraram-se em casas e espa\u00e7os exteriores, que estavam completamente submersos em algumas zonas da cidade. O rep\u00f3rter afirmou aos telespectadores a gravidade da situa\u00e7\u00e3o sem emitir coment\u00e1rios adicionais.<\/p>\n<p>O incidente ocorre numa altura em que n\u00e3o foram divulgados dados oficiais sobre fam\u00edlias afetadas ou vales de interven\u00e7\u00e3o. As causas aparentes apontam para precipita\u00e7\u00e3o intensa e falhas no drenagem, segundo relatos locais. N\u00e3o houve informa\u00e7\u00f5es sobre feridos at\u00e9 ao momento.<\/p>\n<h3>Imagens de drone e repara\u00e7\u00f5es<\/h3>\n<p>Imagens de drone mostram trabalhos de repara\u00e7\u00e3o no tro\u00e7o da A1 que desabou, com equipas a trabalhar para restabelecer o tr\u00e1fego o mais depressa poss\u00edvel. As autoridades n\u00e3o especificaram prazos para a conclus\u00e3o das obras.<\/p>\n<h3>Rea\u00e7\u00f5es e atualiza\u00e7\u00f5es<\/h3>\n<p>Outras not\u00edcias divulgadas pela imprensa nestes dias incluem declara\u00e7\u00f5es sobre a resposta governamental a calamidades e desenvolvimentos de inqu\u00e9ritos pol\u00edticos. N\u00e3o foram apresentadas conclus\u00f5es oficiais neste momento.<\/p>\n","protected":false},"excerpt":{"rendered":"<ul>\n<li>O jornalista Diogo Carreira, da CMTV e do Correio da Manh\u00e3, mostrou, em Coimbra, casas e espa\u00e7os exteriores completamente inundados, usando um guarda-chuva para evidenciar o n\u00edvel da \u00e1gua.<\/li>\n<li>Imagens de drone destacam trabalhos de repara\u00e7\u00e3o no tro\u00e7o da A1 que desabou.<\/li>\n<\/ul>\n","protected":false},"author":2,"featured_media":211120,"comment_status":"closed","ping_status":"closed","sticky":false,"template":"","format":"standard","meta":{"footnotes":""},"categories":[1],"tags":[1331,5050,1070,1083,2051,5045],"class_list":["post-211117","post","type-post","status-publish","format-standard","has-post-thumbnail","hentry","category-noticias","tag-alagamento","tag-calamidades-publicas","tag-coimbra","tag-estradas","tag-inundacao","tag-precipitacao"],"yoast_head":"<!-- This site is optimized with the Yoast SEO plugin v27.2 - https:\/\/yoast.com\/product\/yoast-seo-wordpress\/ -->\n<title>Jornalista da CMTV mostra casas e espa\u00e7os exteriores inundados em Coimbra - Portal Tela Portugal<\/title>\n<meta name=\"robots\" content=\"index, follow, max-snippet:-1, max-image-preview:large, max-video-preview:-1\" \/>\n<meta property=\"og:locale\" content=\"pt_PT\" \/>\n<meta property=\"og:type\" content=\"article\" \/>\n<meta property=\"og:title\" content=\"Jornalista da CMTV mostra casas e espa\u00e7os exteriores inundados em Coimbra - Portal Tela Portugal\" \/>\n<meta property=\"og:description\" content=\"O jornalista Diogo Carreira, da CMTV e do Correio da Manh\u00e3, mostrou, em Coimbra, casas e espa\u00e7os exteriores completamente inundados, usando um guarda-chuva para evidenciar o n\u00edvel da \u00e1gua. Imagens de drone destacam trabalhos de repara\u00e7\u00e3o no tro\u00e7o da A1 que desabou.\" \/>\n<meta property=\"og:url\" content=\"https:\/\/portaltela.pt\/noticias\/2026\/02\/13\/jornalista-da-cmtv-mostra-casas-e-espacos-exteriores-inundados-em-coimbra\/\" \/>\n<meta property=\"og:site_name\" content=\"Portal Tela Portugal\" \/>\n<meta property=\"article:published_time\" content=\"2026-02-13T15:16:43+00:00\" \/>\n<meta name=\"author\" content=\"Telinha\" \/>\n<meta name=\"twitter:card\" content=\"summary_large_image\" \/>\n<meta name=\"twitter:label1\" content=\"Escrito por\" \/>\n\t<meta name=\"twitter:data1\" content=\"Telinha\" \/>\n\t<meta name=\"twitter:label2\" content=\"Tempo estimado de leitura\" \/>\n\t<meta name=\"twitter:data2\" content=\"1 minuto\" \/>\n<script type=\"application\/ld+json\" class=\"yoast-schema-graph\">{\"@context\":\"https:\/\/schema.org\",\"@graph\":[{\"@type\":\"Article\",\"@id\":\"https:\/\/portaltela.pt\/noticias\/2026\/02\/13\/jornalista-da-cmtv-mostra-casas-e-espacos-exteriores-inundados-em-coimbra\/#article\",\"isPartOf\":{\"@id\":\"https:\/\/portaltela.pt\/noticias\/2026\/02\/13\/jornalista-da-cmtv-mostra-casas-e-espacos-exteriores-inundados-em-coimbra\/\"},\"author\":{\"name\":\"Telinha\",\"@id\":\"https:\/\/portaltela.pt\/#\/schema\/person\/c4278d4a6028830caff9ee44b42d32ed\"},\"headline\":\"Jornalista da CMTV mostra casas e espa\u00e7os exteriores inundados em Coimbra\",\"datePublished\":\"2026-02-13T15:16:43+00:00\",\"mainEntityOfPage\":{\"@id\":\"https:\/\/portaltela.pt\/noticias\/2026\/02\/13\/jornalista-da-cmtv-mostra-casas-e-espacos-exteriores-inundados-em-coimbra\/\"},\"wordCount\":229,\"image\":{\"@id\":\"https:\/\/portaltela.pt\/noticias\/2026\/02\/13\/jornalista-da-cmtv-mostra-casas-e-espacos-exteriores-inundados-em-coimbra\/#primaryimage\"},\"thumbnailUrl\":\"https:\/\/portaltela.pt\/s.01k8rhncp4jt1\/2026\/02\/img_1280x722uu2026-02-13-15-11-12-2266691.jpg\",\"keywords\":[\"alagamento\",\"calamidades p\u00fablicas\",\"Coimbra\",\"estradas\",\"inunda\u00e7\u00e3o\",\"precipita\u00e7\u00e3o\"],\"articleSection\":[\"Not\u00edcias\"],\"inLanguage\":\"pt-PT\"},{\"@type\":\"WebPage\",\"@id\":\"https:\/\/portaltela.pt\/noticias\/2026\/02\/13\/jornalista-da-cmtv-mostra-casas-e-espacos-exteriores-inundados-em-coimbra\/\",\"url\":\"https:\/\/portaltela.pt\/noticias\/2026\/02\/13\/jornalista-da-cmtv-mostra-casas-e-espacos-exteriores-inundados-em-coimbra\/\",\"name\":\"Jornalista da CMTV mostra casas e espa\u00e7os exteriores inundados em Coimbra - Portal Tela Portugal\",\"isPartOf\":{\"@id\":\"https:\/\/portaltela.pt\/#website\"},\"primaryImageOfPage\":{\"@id\":\"https:\/\/portaltela.pt\/noticias\/2026\/02\/13\/jornalista-da-cmtv-mostra-casas-e-espacos-exteriores-inundados-em-coimbra\/#primaryimage\"},\"image\":{\"@id\":\"https:\/\/portaltela.pt\/noticias\/2026\/02\/13\/jornalista-da-cmtv-mostra-casas-e-espacos-exteriores-inundados-em-coimbra\/#primaryimage\"},\"thumbnailUrl\":\"https:\/\/portaltela.pt\/s.01k8rhncp4jt1\/2026\/02\/img_1280x722uu2026-02-13-15-11-12-2266691.jpg\",\"datePublished\":\"2026-02-13T15:16:43+00:00\",\"author\":{\"@id\":\"https:\/\/portaltela.pt\/#\/schema\/person\/c4278d4a6028830caff9ee44b42d32ed\"},\"breadcrumb\":{\"@id\":\"https:\/\/portaltela.pt\/noticias\/2026\/02\/13\/jornalista-da-cmtv-mostra-casas-e-espacos-exteriores-inundados-em-coimbra\/#breadcrumb\"},\"inLanguage\":\"pt-PT\",\"potentialAction\":[{\"@type\":\"ReadAction\",\"target\":[\"https:\/\/portaltela.pt\/noticias\/2026\/02\/13\/jornalista-da-cmtv-mostra-casas-e-espacos-exteriores-inundados-em-coimbra\/\"]}]},{\"@type\":\"ImageObject\",\"inLanguage\":\"pt-PT\",\"@id\":\"https:\/\/portaltela.pt\/noticias\/2026\/02\/13\/jornalista-da-cmtv-mostra-casas-e-espacos-exteriores-inundados-em-coimbra\/#primaryimage\",\"url\":\"https:\/\/portaltela.pt\/s.01k8rhncp4jt1\/2026\/02\/img_1280x722uu2026-02-13-15-11-12-2266691.jpg\",\"contentUrl\":\"https:\/\/portaltela.pt\/s.01k8rhncp4jt1\/2026\/02\/img_1280x722uu2026-02-13-15-11-12-2266691.jpg\",\"width\":796,\"height\":448,\"caption\":\"Jornalista da CMTV mostra casas e espa\u00e7os exteriores completamente inundados em Coimbra\"},{\"@type\":\"BreadcrumbList\",\"@id\":\"https:\/\/portaltela.pt\/noticias\/2026\/02\/13\/jornalista-da-cmtv-mostra-casas-e-espacos-exteriores-inundados-em-coimbra\/#breadcrumb\",\"itemListElement\":[{\"@type\":\"ListItem\",\"position\":1,\"name\":\"In\u00edcio\",\"item\":\"https:\/\/portaltela.pt\/\"},{\"@type\":\"ListItem\",\"position\":2,\"name\":\"Jornalista da CMTV mostra casas e espa\u00e7os exteriores inundados em Coimbra\"}]},{\"@type\":\"WebSite\",\"@id\":\"https:\/\/portaltela.pt\/#website\",\"url\":\"https:\/\/portaltela.pt\/\",\"name\":\"Portal Tela Portugal\",\"description\":\"\",\"potentialAction\":[{\"@type\":\"SearchAction\",\"target\":{\"@type\":\"EntryPoint\",\"urlTemplate\":\"https:\/\/portaltela.pt\/?s={search_term_string}\"},\"query-input\":{\"@type\":\"PropertyValueSpecification\",\"valueRequired\":true,\"valueName\":\"search_term_string\"}}],\"inLanguage\":\"pt-PT\"},{\"@type\":\"Person\",\"@id\":\"https:\/\/portaltela.pt\/#\/schema\/person\/c4278d4a6028830caff9ee44b42d32ed\",\"name\":\"Telinha\",\"image\":{\"@type\":\"ImageObject\",\"inLanguage\":\"pt-PT\",\"@id\":\"https:\/\/portaltela.pt\/s.01k8rhncp4jt1\/2025\/11\/talking-bot-125x125.png\",\"url\":\"https:\/\/portaltela.pt\/s.01k8rhncp4jt1\/2025\/11\/talking-bot-125x125.png\",\"contentUrl\":\"https:\/\/portaltela.pt\/s.01k8rhncp4jt1\/2025\/11\/talking-bot-125x125.png\",\"caption\":\"Telinha\"},\"sameAs\":[\"https:\/\/portaltela.pt\/\"],\"url\":\"https:\/\/portaltela.pt\/por\/367410592786\/\"}]}<\/script>\n<!-- \/ Yoast SEO plugin. -->","yoast_head_json":{"title":"Jornalista da CMTV mostra casas e espa\u00e7os exteriores inundados em Coimbra - Portal Tela Portugal","robots":{"index":"index","follow":"follow","max-snippet":"max-snippet:-1","max-image-preview":"max-image-preview:large","max-video-preview":"max-video-preview:-1"},"og_locale":"pt_PT","og_type":"article","og_title":"Jornalista da CMTV mostra casas e espa\u00e7os exteriores inundados em Coimbra - Portal Tela Portugal","og_description":"O jornalista Diogo Carreira, da CMTV e do Correio da Manh\u00e3, mostrou, em Coimbra, casas e espa\u00e7os exteriores completamente inundados, usando um guarda-chuva para evidenciar o n\u00edvel da \u00e1gua. Imagens de drone destacam trabalhos de repara\u00e7\u00e3o no tro\u00e7o da A1 que desabou.","og_url":"https:\/\/portaltela.pt\/noticias\/2026\/02\/13\/jornalista-da-cmtv-mostra-casas-e-espacos-exteriores-inundados-em-coimbra\/","og_site_name":"Portal Tela Portugal","article_published_time":"2026-02-13T15:16:43+00:00","author":"Telinha","twitter_card":"summary_large_image","twitter_misc":{"Escrito por":"Telinha","Tempo estimado de leitura":"1 minuto"},"schema":{"@context":"https:\/\/schema.org","@graph":[{"@type":"Article","@id":"https:\/\/portaltela.pt\/noticias\/2026\/02\/13\/jornalista-da-cmtv-mostra-casas-e-espacos-exteriores-inundados-em-coimbra\/#article","isPartOf":{"@id":"https:\/\/portaltela.pt\/noticias\/2026\/02\/13\/jornalista-da-cmtv-mostra-casas-e-espacos-exteriores-inundados-em-coimbra\/"},"author":{"name":"Telinha","@id":"https:\/\/portaltela.pt\/#\/schema\/person\/c4278d4a6028830caff9ee44b42d32ed"},"headline":"Jornalista da CMTV mostra casas e espa\u00e7os exteriores inundados em Coimbra","datePublished":"2026-02-13T15:16:43+00:00","mainEntityOfPage":{"@id":"https:\/\/portaltela.pt\/noticias\/2026\/02\/13\/jornalista-da-cmtv-mostra-casas-e-espacos-exteriores-inundados-em-coimbra\/"},"wordCount":229,"image":{"@id":"https:\/\/portaltela.pt\/noticias\/2026\/02\/13\/jornalista-da-cmtv-mostra-casas-e-espacos-exteriores-inundados-em-coimbra\/#primaryimage"},"thumbnailUrl":"https:\/\/portaltela.pt\/s.01k8rhncp4jt1\/2026\/02\/img_1280x722uu2026-02-13-15-11-12-2266691.jpg","keywords":["alagamento","calamidades p\u00fablicas","Coimbra","estradas","inunda\u00e7\u00e3o","precipita\u00e7\u00e3o"],"articleSection":["Not\u00edcias"],"inLanguage":"pt-PT"},{"@type":"WebPage","@id":"https:\/\/portaltela.pt\/noticias\/2026\/02\/13\/jornalista-da-cmtv-mostra-casas-e-espacos-exteriores-inundados-em-coimbra\/","url":"https:\/\/portaltela.pt\/noticias\/2026\/02\/13\/jornalista-da-cmtv-mostra-casas-e-espacos-exteriores-inundados-em-coimbra\/","name":"Jornalista da CMTV mostra casas e espa\u00e7os exteriores inundados em Coimbra - Portal Tela Portugal","isPartOf":{"@id":"https:\/\/portaltela.pt\/#website"},"primaryImageOfPage":{"@id":"https:\/\/portaltela.pt\/noticias\/2026\/02\/13\/jornalista-da-cmtv-mostra-casas-e-espacos-exteriores-inundados-em-coimbra\/#primaryimage"},"image":{"@id":"https:\/\/portaltela.pt\/noticias\/2026\/02\/13\/jornalista-da-cmtv-mostra-casas-e-espacos-exteriores-inundados-em-coimbra\/#primaryimage"},"thumbnailUrl":"https:\/\/portaltela.pt\/s.01k8rhncp4jt1\/2026\/02\/img_1280x722uu2026-02-13-15-11-12-2266691.jpg","datePublished":"2026-02-13T15:16:43+00:00","author":{"@id":"https:\/\/portaltela.pt\/#\/schema\/person\/c4278d4a6028830caff9ee44b42d32ed"},"breadcrumb":{"@id":"https:\/\/portaltela.pt\/noticias\/2026\/02\/13\/jornalista-da-cmtv-mostra-casas-e-espacos-exteriores-inundados-em-coimbra\/#breadcrumb"},"inLanguage":"pt-PT","potentialAction":[{"@type":"ReadAction","target":["https:\/\/portaltela.pt\/noticias\/2026\/02\/13\/jornalista-da-cmtv-mostra-casas-e-espacos-exteriores-inundados-em-coimbra\/"]}]},{"@type":"ImageObject","inLanguage":"pt-PT","@id":"https:\/\/portaltela.pt\/noticias\/2026\/02\/13\/jornalista-da-cmtv-mostra-casas-e-espacos-exteriores-inundados-em-coimbra\/#primaryimage","url":"https:\/\/portaltela.pt\/s.01k8rhncp4jt1\/2026\/02\/img_1280x722uu2026-02-13-15-11-12-2266691.jpg","contentUrl":"https:\/\/portaltela.pt\/s.01k8rhncp4jt1\/2026\/02\/img_1280x722uu2026-02-13-15-11-12-2266691.jpg","width":796,"height":448,"caption":"Jornalista da CMTV mostra casas e espa\u00e7os exteriores completamente inundados em Coimbra"},{"@type":"BreadcrumbList","@id":"https:\/\/portaltela.pt\/noticias\/2026\/02\/13\/jornalista-da-cmtv-mostra-casas-e-espacos-exteriores-inundados-em-coimbra\/#breadcrumb","itemListElement":[{"@type":"ListItem","position":1,"name":"In\u00edcio","item":"https:\/\/portaltela.pt\/"},{"@type":"ListItem","position":2,"name":"Jornalista da CMTV mostra casas e espa\u00e7os exteriores inundados em Coimbra"}]},{"@type":"WebSite","@id":"https:\/\/portaltela.pt\/#website","url":"https:\/\/portaltela.pt\/","name":"Portal Tela Portugal","description":"","potentialAction":[{"@type":"SearchAction","target":{"@type":"EntryPoint","urlTemplate":"https:\/\/portaltela.pt\/?s={search_term_string}"},"query-input":{"@type":"PropertyValueSpecification","valueRequired":true,"valueName":"search_term_string"}}],"inLanguage":"pt-PT"},{"@type":"Person","@id":"https:\/\/portaltela.pt\/#\/schema\/person\/c4278d4a6028830caff9ee44b42d32ed","name":"Telinha","image":{"@type":"ImageObject","inLanguage":"pt-PT","@id":"https:\/\/portaltela.pt\/s.01k8rhncp4jt1\/2025\/11\/talking-bot-125x125.png","url":"https:\/\/portaltela.pt\/s.01k8rhncp4jt1\/2025\/11\/talking-bot-125x125.png","contentUrl":"https:\/\/portaltela.pt\/s.01k8rhncp4jt1\/2025\/11\/talking-bot-125x125.png","caption":"Telinha"},"sameAs":["https:\/\/portaltela.pt\/"],"url":"https:\/\/portaltela.pt\/por\/367410592786\/"}]}},"_links":{"self":[{"href":"https:\/\/portaltela.pt\/api\/wp\/v2\/posts\/211117","targetHints":{"allow":["GET"]}}],"collection":[{"href":"https:\/\/portaltela.pt\/api\/wp\/v2\/posts"}],"about":[{"href":"https:\/\/portaltela.pt\/api\/wp\/v2\/types\/post"}],"author":[{"embeddable":true,"href":"https:\/\/portaltela.pt\/api\/wp\/v2\/users\/2"}],"replies":[{"embeddable":true,"href":"https:\/\/portaltela.pt\/api\/wp\/v2\/comments?post=211117"}],"version-history":[{"count":0,"href":"https:\/\/portaltela.pt\/api\/wp\/v2\/posts\/211117\/revisions"}],"wp:featuredmedia":[{"embeddable":true,"href":"https:\/\/portaltela.pt\/api\/wp\/v2\/media\/211120"}],"wp:attachment":[{"href":"https:\/\/portaltela.pt\/api\/wp\/v2\/media?parent=211117"}],"wp:term":[{"taxonomy":"category","embeddable":true,"href":"https:\/\/portaltela.pt\/api\/wp\/v2\/categories?post=211117"},{"taxonomy":"post_tag","embeddable":true,"href":"https:\/\/portaltela.pt\/api\/wp\/v2\/tags?post=211117"}],"curies":[{"name":"wp","href":"https:\/\/api.w.org\/{rel}","templated":true}]}}