{"id":211116,"date":"2026-02-13T12:26:00","date_gmt":"2026-02-13T15:26:00","guid":{"rendered":"https:\/\/portaltela.pt\/noticias\/2026\/02\/13\/ricardo-machado-afirma-que-montemor-o-velho-tem-tres-meses-para-recuperar-o-car\/"},"modified":"2026-02-13T12:26:00","modified_gmt":"2026-02-13T15:26:00","slug":"ricardo-machado-afirma-que-montemor-o-velho-tem-tres-meses-para-recuperar-o-car","status":"publish","type":"post","link":"https:\/\/portaltela.pt\/desporto\/2026\/02\/13\/ricardo-machado-afirma-que-montemor-o-velho-tem-tres-meses-para-recuperar-o-car\/","title":{"rendered":"Ricardo Machado afirma que Montemor-o-Velho tem tr\u00eas meses para recuperar o CAR"},"content":{"rendered":"<p>O Campeonato da Europa de Canoagem, marcado para junho em Portugal, depende do Centro de Alto Rendimento de Montemor-o-Velho, atualmente inoperacional. A situa\u00e7\u00e3o foi confirmada por imagens disponibilizadas pelo portal, que mostram o estado das instala\u00e7\u00f5es.<\/p>\n<p>O presidente da Federa\u00e7\u00e3o Portuguesa de Canoagem (FPC), Ricardo Machado, considera dif\u00edcil e caro restaurar a normalidade no curto prazo. Refere que faltam cerca de tr\u00eas meses para o evento, o que torna incerta a viabilidade de manter o Europeu na infraestrutura prevista.<\/p>\n<p>Devido \u00e0 indisponibilidade do CAR, as equipas nacionais j\u00e1 foram deslocadas para outros centros, incluindo Avis e Terras do Bouro, na barragem da Cani\u00e7ada, para dar continuidade aos trabalhos de prepara\u00e7\u00e3o.<\/p>\n<h3>Impacto e pr\u00f3ximos passos<\/h3>\n<p>A FPC prepara uma avalia\u00e7\u00e3o detalhada das op\u00e7\u00f5es restantes e manter\u00e1 a comunica\u00e7\u00e3o oficial sobre a eventual confirma\u00e7\u00e3o do local do Europeu para al\u00e9m de Montemor-o-Velho.<\/p>\n<p>A mobiliza\u00e7\u00e3o de clubes e atletas continua, com foco na manuten\u00e7\u00e3o de cronogramas de treinos e na minimiza\u00e7\u00e3o de impactos log\u00edsticos durante a transi\u00e7\u00e3o entre instala\u00e7\u00f5es.<\/p>\n","protected":false},"excerpt":{"rendered":"<ul>\n<li>Ricardo Machado, presidente da Federa\u00e7\u00e3o Portuguesa de Canoagem, afirma que ser\u00e1 dif\u00edcil e caro repor a normalidade no Centro de Alto Rendimento de Montemor-o-Velho, inoperacional.<\/li>\n<li>O Campeonato da Europa de Canoagem est\u00e1 marcado para junho, mas h\u00e1 incerteza sobre a realiza\u00e7\u00e3o na infraestrutura afetada.<\/li>\n<li>Existem tr\u00eas meses apenas para recuperar a situa\u00e7\u00e3o, segundo o dirigente, o que n\u00e3o \u00e9 tempo suficiente para avaliar bem o cen\u00e1rio.<\/li>\n<li>As equipas j\u00e1 foram obrigadas a deslocar-se para outros locais, nomeadamente Avis e Terras do Bouro, na barragem da Cani\u00e7ada.<\/li>\n<li>A deteriora\u00e7\u00e3o no CAR de Montemor-o-Velho impede, por enquanto, a confirma\u00e7\u00e3o de onde decorrer\u00e1 o Europeu.<\/li>\n<\/ul>\n","protected":false},"author":2,"featured_media":211121,"comment_status":"closed","ping_status":"closed","sticky":false,"template":"","format":"standard","meta":{"footnotes":""},"categories":[21],"tags":[2897,1132,152,2487,1014],"class_list":["post-211116","post","type-post","status-publish","format-standard","has-post-thumbnail","hentry","category-desporto","tag-avis","tag-canoagem","tag-desporto","tag-europa","tag-portugal"],"yoast_head":"<!-- This site is optimized with the Yoast SEO plugin v27.2 - https:\/\/yoast.com\/product\/yoast-seo-wordpress\/ -->\n<title>Ricardo Machado afirma que Montemor-o-Velho tem tr\u00eas meses para recuperar o CAR - Portal Tela Portugal<\/title>\n<meta name=\"robots\" content=\"index, follow, max-snippet:-1, max-image-preview:large, max-video-preview:-1\" \/>\n<meta property=\"og:locale\" content=\"pt_PT\" \/>\n<meta property=\"og:type\" content=\"article\" \/>\n<meta property=\"og:title\" content=\"Ricardo Machado afirma que Montemor-o-Velho tem tr\u00eas meses para recuperar o CAR - Portal Tela Portugal\" \/>\n<meta property=\"og:description\" content=\"Ricardo Machado, presidente da Federa\u00e7\u00e3o Portuguesa de Canoagem, afirma que ser\u00e1 dif\u00edcil e caro repor a normalidade no Centro de Alto Rendimento de Montemor-o-Velho, inoperacional. O Campeonato da Europa de Canoagem est\u00e1 marcado para junho, mas h\u00e1 incerteza sobre a realiza\u00e7\u00e3o na infraestrutura afetada. Existem tr\u00eas meses apenas para recuperar a situa\u00e7\u00e3o, segundo o dirigente, o que n\u00e3o \u00e9 tempo suficiente para avaliar bem o cen\u00e1rio. As equipas j\u00e1 foram obrigadas a deslocar-se para outros locais, nomeadamente Avis e Terras do Bouro, na barragem da Cani\u00e7ada. A deteriora\u00e7\u00e3o no CAR de Montemor-o-Velho impede, por enquanto, a confirma\u00e7\u00e3o de onde decorrer\u00e1 o Europeu.\" \/>\n<meta property=\"og:url\" content=\"https:\/\/portaltela.pt\/noticias\/2026\/02\/13\/ricardo-machado-afirma-que-montemor-o-velho-tem-tres-meses-para-recuperar-o-car\/\" \/>\n<meta property=\"og:site_name\" content=\"Portal Tela Portugal\" \/>\n<meta property=\"article:published_time\" content=\"2026-02-13T15:26:00+00:00\" \/>\n<meta name=\"author\" content=\"Telinha\" \/>\n<meta name=\"twitter:card\" content=\"summary_large_image\" \/>\n<meta name=\"twitter:label1\" content=\"Escrito por\" \/>\n\t<meta name=\"twitter:data1\" content=\"Telinha\" \/>\n\t<meta name=\"twitter:label2\" content=\"Tempo estimado de leitura\" \/>\n\t<meta name=\"twitter:data2\" content=\"1 minuto\" \/>\n<script type=\"application\/ld+json\" class=\"yoast-schema-graph\">{\"@context\":\"https:\/\/schema.org\",\"@graph\":[{\"@type\":\"Article\",\"@id\":\"https:\/\/portaltela.pt\/noticias\/2026\/02\/13\/ricardo-machado-afirma-que-montemor-o-velho-tem-tres-meses-para-recuperar-o-car\/#article\",\"isPartOf\":{\"@id\":\"https:\/\/portaltela.pt\/noticias\/2026\/02\/13\/ricardo-machado-afirma-que-montemor-o-velho-tem-tres-meses-para-recuperar-o-car\/\"},\"author\":{\"name\":\"Telinha\",\"@id\":\"https:\/\/portaltela.pt\/#\/schema\/person\/c4278d4a6028830caff9ee44b42d32ed\"},\"headline\":\"Ricardo Machado afirma que Montemor-o-Velho tem tr\u00eas meses para recuperar o CAR\",\"datePublished\":\"2026-02-13T15:26:00+00:00\",\"mainEntityOfPage\":{\"@id\":\"https:\/\/portaltela.pt\/noticias\/2026\/02\/13\/ricardo-machado-afirma-que-montemor-o-velho-tem-tres-meses-para-recuperar-o-car\/\"},\"wordCount\":197,\"image\":{\"@id\":\"https:\/\/portaltela.pt\/noticias\/2026\/02\/13\/ricardo-machado-afirma-que-montemor-o-velho-tem-tres-meses-para-recuperar-o-car\/#primaryimage\"},\"thumbnailUrl\":\"https:\/\/portaltela.pt\/s.01k8rhncp4jt1\/2026\/02\/img_1200x721uu2026-02-13-14-33-00-2421332-1.jpg\",\"keywords\":[\"Avis\",\"canoagem\",\"desporto\",\"Europa\",\"Portugal\"],\"articleSection\":[\"Desporto\"],\"inLanguage\":\"pt-PT\"},{\"@type\":\"WebPage\",\"@id\":\"https:\/\/portaltela.pt\/noticias\/2026\/02\/13\/ricardo-machado-afirma-que-montemor-o-velho-tem-tres-meses-para-recuperar-o-car\/\",\"url\":\"https:\/\/portaltela.pt\/noticias\/2026\/02\/13\/ricardo-machado-afirma-que-montemor-o-velho-tem-tres-meses-para-recuperar-o-car\/\",\"name\":\"Ricardo Machado afirma que Montemor-o-Velho tem tr\u00eas meses para recuperar o CAR - Portal Tela Portugal\",\"isPartOf\":{\"@id\":\"https:\/\/portaltela.pt\/#website\"},\"primaryImageOfPage\":{\"@id\":\"https:\/\/portaltela.pt\/noticias\/2026\/02\/13\/ricardo-machado-afirma-que-montemor-o-velho-tem-tres-meses-para-recuperar-o-car\/#primaryimage\"},\"image\":{\"@id\":\"https:\/\/portaltela.pt\/noticias\/2026\/02\/13\/ricardo-machado-afirma-que-montemor-o-velho-tem-tres-meses-para-recuperar-o-car\/#primaryimage\"},\"thumbnailUrl\":\"https:\/\/portaltela.pt\/s.01k8rhncp4jt1\/2026\/02\/img_1200x721uu2026-02-13-14-33-00-2421332-1.jpg\",\"datePublished\":\"2026-02-13T15:26:00+00:00\",\"author\":{\"@id\":\"https:\/\/portaltela.pt\/#\/schema\/person\/c4278d4a6028830caff9ee44b42d32ed\"},\"breadcrumb\":{\"@id\":\"https:\/\/portaltela.pt\/noticias\/2026\/02\/13\/ricardo-machado-afirma-que-montemor-o-velho-tem-tres-meses-para-recuperar-o-car\/#breadcrumb\"},\"inLanguage\":\"pt-PT\",\"potentialAction\":[{\"@type\":\"ReadAction\",\"target\":[\"https:\/\/portaltela.pt\/noticias\/2026\/02\/13\/ricardo-machado-afirma-que-montemor-o-velho-tem-tres-meses-para-recuperar-o-car\/\"]}]},{\"@type\":\"ImageObject\",\"inLanguage\":\"pt-PT\",\"@id\":\"https:\/\/portaltela.pt\/noticias\/2026\/02\/13\/ricardo-machado-afirma-que-montemor-o-velho-tem-tres-meses-para-recuperar-o-car\/#primaryimage\",\"url\":\"https:\/\/portaltela.pt\/s.01k8rhncp4jt1\/2026\/02\/img_1200x721uu2026-02-13-14-33-00-2421332-1.jpg\",\"contentUrl\":\"https:\/\/portaltela.pt\/s.01k8rhncp4jt1\/2026\/02\/img_1200x721uu2026-02-13-14-33-00-2421332-1.jpg\",\"width\":796,\"height\":448,\"caption\":\"Ricardo Machado sobre o CAR de Montemor-o-Velho: \u00abTemos tr\u00eas meses para recuperar...\u00bb\"},{\"@type\":\"BreadcrumbList\",\"@id\":\"https:\/\/portaltela.pt\/noticias\/2026\/02\/13\/ricardo-machado-afirma-que-montemor-o-velho-tem-tres-meses-para-recuperar-o-car\/#breadcrumb\",\"itemListElement\":[{\"@type\":\"ListItem\",\"position\":1,\"name\":\"In\u00edcio\",\"item\":\"https:\/\/portaltela.pt\/\"},{\"@type\":\"ListItem\",\"position\":2,\"name\":\"Ricardo Machado afirma que Montemor-o-Velho tem tr\u00eas meses para recuperar o CAR\"}]},{\"@type\":\"WebSite\",\"@id\":\"https:\/\/portaltela.pt\/#website\",\"url\":\"https:\/\/portaltela.pt\/\",\"name\":\"Portal Tela Portugal\",\"description\":\"\",\"potentialAction\":[{\"@type\":\"SearchAction\",\"target\":{\"@type\":\"EntryPoint\",\"urlTemplate\":\"https:\/\/portaltela.pt\/?s={search_term_string}\"},\"query-input\":{\"@type\":\"PropertyValueSpecification\",\"valueRequired\":true,\"valueName\":\"search_term_string\"}}],\"inLanguage\":\"pt-PT\"},{\"@type\":\"Person\",\"@id\":\"https:\/\/portaltela.pt\/#\/schema\/person\/c4278d4a6028830caff9ee44b42d32ed\",\"name\":\"Telinha\",\"image\":{\"@type\":\"ImageObject\",\"inLanguage\":\"pt-PT\",\"@id\":\"https:\/\/portaltela.pt\/s.01k8rhncp4jt1\/2025\/11\/talking-bot-125x125.png\",\"url\":\"https:\/\/portaltela.pt\/s.01k8rhncp4jt1\/2025\/11\/talking-bot-125x125.png\",\"contentUrl\":\"https:\/\/portaltela.pt\/s.01k8rhncp4jt1\/2025\/11\/talking-bot-125x125.png\",\"caption\":\"Telinha\"},\"sameAs\":[\"https:\/\/portaltela.pt\/\"],\"url\":\"https:\/\/portaltela.pt\/por\/367410592786\/\"}]}<\/script>\n<!-- \/ Yoast SEO plugin. -->","yoast_head_json":{"title":"Ricardo Machado afirma que Montemor-o-Velho tem tr\u00eas meses para recuperar o CAR - Portal Tela Portugal","robots":{"index":"index","follow":"follow","max-snippet":"max-snippet:-1","max-image-preview":"max-image-preview:large","max-video-preview":"max-video-preview:-1"},"og_locale":"pt_PT","og_type":"article","og_title":"Ricardo Machado afirma que Montemor-o-Velho tem tr\u00eas meses para recuperar o CAR - Portal Tela Portugal","og_description":"Ricardo Machado, presidente da Federa\u00e7\u00e3o Portuguesa de Canoagem, afirma que ser\u00e1 dif\u00edcil e caro repor a normalidade no Centro de Alto Rendimento de Montemor-o-Velho, inoperacional. O Campeonato da Europa de Canoagem est\u00e1 marcado para junho, mas h\u00e1 incerteza sobre a realiza\u00e7\u00e3o na infraestrutura afetada. Existem tr\u00eas meses apenas para recuperar a situa\u00e7\u00e3o, segundo o dirigente, o que n\u00e3o \u00e9 tempo suficiente para avaliar bem o cen\u00e1rio. As equipas j\u00e1 foram obrigadas a deslocar-se para outros locais, nomeadamente Avis e Terras do Bouro, na barragem da Cani\u00e7ada. A deteriora\u00e7\u00e3o no CAR de Montemor-o-Velho impede, por enquanto, a confirma\u00e7\u00e3o de onde decorrer\u00e1 o Europeu.","og_url":"https:\/\/portaltela.pt\/noticias\/2026\/02\/13\/ricardo-machado-afirma-que-montemor-o-velho-tem-tres-meses-para-recuperar-o-car\/","og_site_name":"Portal Tela Portugal","article_published_time":"2026-02-13T15:26:00+00:00","author":"Telinha","twitter_card":"summary_large_image","twitter_misc":{"Escrito por":"Telinha","Tempo estimado de leitura":"1 minuto"},"schema":{"@context":"https:\/\/schema.org","@graph":[{"@type":"Article","@id":"https:\/\/portaltela.pt\/noticias\/2026\/02\/13\/ricardo-machado-afirma-que-montemor-o-velho-tem-tres-meses-para-recuperar-o-car\/#article","isPartOf":{"@id":"https:\/\/portaltela.pt\/noticias\/2026\/02\/13\/ricardo-machado-afirma-que-montemor-o-velho-tem-tres-meses-para-recuperar-o-car\/"},"author":{"name":"Telinha","@id":"https:\/\/portaltela.pt\/#\/schema\/person\/c4278d4a6028830caff9ee44b42d32ed"},"headline":"Ricardo Machado afirma que Montemor-o-Velho tem tr\u00eas meses para recuperar o CAR","datePublished":"2026-02-13T15:26:00+00:00","mainEntityOfPage":{"@id":"https:\/\/portaltela.pt\/noticias\/2026\/02\/13\/ricardo-machado-afirma-que-montemor-o-velho-tem-tres-meses-para-recuperar-o-car\/"},"wordCount":197,"image":{"@id":"https:\/\/portaltela.pt\/noticias\/2026\/02\/13\/ricardo-machado-afirma-que-montemor-o-velho-tem-tres-meses-para-recuperar-o-car\/#primaryimage"},"thumbnailUrl":"https:\/\/portaltela.pt\/s.01k8rhncp4jt1\/2026\/02\/img_1200x721uu2026-02-13-14-33-00-2421332-1.jpg","keywords":["Avis","canoagem","desporto","Europa","Portugal"],"articleSection":["Desporto"],"inLanguage":"pt-PT"},{"@type":"WebPage","@id":"https:\/\/portaltela.pt\/noticias\/2026\/02\/13\/ricardo-machado-afirma-que-montemor-o-velho-tem-tres-meses-para-recuperar-o-car\/","url":"https:\/\/portaltela.pt\/noticias\/2026\/02\/13\/ricardo-machado-afirma-que-montemor-o-velho-tem-tres-meses-para-recuperar-o-car\/","name":"Ricardo Machado afirma que Montemor-o-Velho tem tr\u00eas meses para recuperar o CAR - Portal Tela Portugal","isPartOf":{"@id":"https:\/\/portaltela.pt\/#website"},"primaryImageOfPage":{"@id":"https:\/\/portaltela.pt\/noticias\/2026\/02\/13\/ricardo-machado-afirma-que-montemor-o-velho-tem-tres-meses-para-recuperar-o-car\/#primaryimage"},"image":{"@id":"https:\/\/portaltela.pt\/noticias\/2026\/02\/13\/ricardo-machado-afirma-que-montemor-o-velho-tem-tres-meses-para-recuperar-o-car\/#primaryimage"},"thumbnailUrl":"https:\/\/portaltela.pt\/s.01k8rhncp4jt1\/2026\/02\/img_1200x721uu2026-02-13-14-33-00-2421332-1.jpg","datePublished":"2026-02-13T15:26:00+00:00","author":{"@id":"https:\/\/portaltela.pt\/#\/schema\/person\/c4278d4a6028830caff9ee44b42d32ed"},"breadcrumb":{"@id":"https:\/\/portaltela.pt\/noticias\/2026\/02\/13\/ricardo-machado-afirma-que-montemor-o-velho-tem-tres-meses-para-recuperar-o-car\/#breadcrumb"},"inLanguage":"pt-PT","potentialAction":[{"@type":"ReadAction","target":["https:\/\/portaltela.pt\/noticias\/2026\/02\/13\/ricardo-machado-afirma-que-montemor-o-velho-tem-tres-meses-para-recuperar-o-car\/"]}]},{"@type":"ImageObject","inLanguage":"pt-PT","@id":"https:\/\/portaltela.pt\/noticias\/2026\/02\/13\/ricardo-machado-afirma-que-montemor-o-velho-tem-tres-meses-para-recuperar-o-car\/#primaryimage","url":"https:\/\/portaltela.pt\/s.01k8rhncp4jt1\/2026\/02\/img_1200x721uu2026-02-13-14-33-00-2421332-1.jpg","contentUrl":"https:\/\/portaltela.pt\/s.01k8rhncp4jt1\/2026\/02\/img_1200x721uu2026-02-13-14-33-00-2421332-1.jpg","width":796,"height":448,"caption":"Ricardo Machado sobre o CAR de Montemor-o-Velho: \u00abTemos tr\u00eas meses para recuperar...\u00bb"},{"@type":"BreadcrumbList","@id":"https:\/\/portaltela.pt\/noticias\/2026\/02\/13\/ricardo-machado-afirma-que-montemor-o-velho-tem-tres-meses-para-recuperar-o-car\/#breadcrumb","itemListElement":[{"@type":"ListItem","position":1,"name":"In\u00edcio","item":"https:\/\/portaltela.pt\/"},{"@type":"ListItem","position":2,"name":"Ricardo Machado afirma que Montemor-o-Velho tem tr\u00eas meses para recuperar o CAR"}]},{"@type":"WebSite","@id":"https:\/\/portaltela.pt\/#website","url":"https:\/\/portaltela.pt\/","name":"Portal Tela Portugal","description":"","potentialAction":[{"@type":"SearchAction","target":{"@type":"EntryPoint","urlTemplate":"https:\/\/portaltela.pt\/?s={search_term_string}"},"query-input":{"@type":"PropertyValueSpecification","valueRequired":true,"valueName":"search_term_string"}}],"inLanguage":"pt-PT"},{"@type":"Person","@id":"https:\/\/portaltela.pt\/#\/schema\/person\/c4278d4a6028830caff9ee44b42d32ed","name":"Telinha","image":{"@type":"ImageObject","inLanguage":"pt-PT","@id":"https:\/\/portaltela.pt\/s.01k8rhncp4jt1\/2025\/11\/talking-bot-125x125.png","url":"https:\/\/portaltela.pt\/s.01k8rhncp4jt1\/2025\/11\/talking-bot-125x125.png","contentUrl":"https:\/\/portaltela.pt\/s.01k8rhncp4jt1\/2025\/11\/talking-bot-125x125.png","caption":"Telinha"},"sameAs":["https:\/\/portaltela.pt\/"],"url":"https:\/\/portaltela.pt\/por\/367410592786\/"}]}},"_links":{"self":[{"href":"https:\/\/portaltela.pt\/api\/wp\/v2\/posts\/211116","targetHints":{"allow":["GET"]}}],"collection":[{"href":"https:\/\/portaltela.pt\/api\/wp\/v2\/posts"}],"about":[{"href":"https:\/\/portaltela.pt\/api\/wp\/v2\/types\/post"}],"author":[{"embeddable":true,"href":"https:\/\/portaltela.pt\/api\/wp\/v2\/users\/2"}],"replies":[{"embeddable":true,"href":"https:\/\/portaltela.pt\/api\/wp\/v2\/comments?post=211116"}],"version-history":[{"count":0,"href":"https:\/\/portaltela.pt\/api\/wp\/v2\/posts\/211116\/revisions"}],"wp:featuredmedia":[{"embeddable":true,"href":"https:\/\/portaltela.pt\/api\/wp\/v2\/media\/211121"}],"wp:attachment":[{"href":"https:\/\/portaltela.pt\/api\/wp\/v2\/media?parent=211116"}],"wp:term":[{"taxonomy":"category","embeddable":true,"href":"https:\/\/portaltela.pt\/api\/wp\/v2\/categories?post=211116"},{"taxonomy":"post_tag","embeddable":true,"href":"https:\/\/portaltela.pt\/api\/wp\/v2\/tags?post=211116"}],"curies":[{"name":"wp","href":"https:\/\/api.w.org\/{rel}","templated":true}]}}