{"id":211112,"date":"2026-02-13T12:29:00","date_gmt":"2026-02-13T15:29:00","guid":{"rendered":"https:\/\/portaltela.pt\/noticias\/2026\/02\/13\/gondifelos-vai-ter-unidade-de-saude-familiar\/"},"modified":"2026-02-13T12:29:00","modified_gmt":"2026-02-13T15:29:00","slug":"gondifelos-vai-ter-unidade-de-saude-familiar","status":"publish","type":"post","link":"https:\/\/portaltela.pt\/noticias\/2026\/02\/13\/gondifelos-vai-ter-unidade-de-saude-familiar\/","title":{"rendered":"Gondifelos vai ter Unidade de Sa\u00fade Familiar"},"content":{"rendered":"<p>A freguesia de Gondifelos, em Vila Nova de Famalic\u00e3o, vai ter uma Unidade de Sa\u00fade Familiar (USF) entre este ano e o pr\u00f3ximo. A atual unidade de sa\u00fade conta com apenas um cl\u00ednico, sendo prevista a instala\u00e7\u00e3o de uma nova estrutura para acolher mais m\u00e9dicos e enfermeiros.<\/p>\n<p>O arrendamento de um espa\u00e7o cont\u00edguo ao centro de sa\u00fade existente foi aprovado pelo executivo municipal. Com este espa\u00e7o, pretende-se criar as condi\u00e7\u00f5es para a cria\u00e7\u00e3o da USF e ampliar a capacidade de atendimento.<\/p>\n<p>O presidente da C\u00e2mara, M\u00e1rio Passos, indicou que a futura USF pode vir a ter entre tr\u00eas e quatro m\u00e9dicos. O autarca esclareceu que o espa\u00e7o dever\u00e1 ficar significativamente maior, com o arrendamento por cinco anos a permitir a amplia\u00e7\u00e3o necess\u00e1ria. A contrata\u00e7\u00e3o dos m\u00e9dicos depende da Unidade Local de Sa\u00fade do M\u00e9dio Ave para ajustar necessidades e vagas.<\/p>\n<p>Este passo funciona como uma solu\u00e7\u00e3o tempor\u00e1ria at\u00e9 \u00e0 constru\u00e7\u00e3o de um novo edif\u00edcio, objetivo da C\u00e2mara Municipal. A evolu\u00e7\u00e3o para a USF depende ainda de alinhar o t\u00e9rmino da obra com a entrada de m\u00e9dicos na equipa. O projeto visa terminar a transi\u00e7\u00e3o entre este ano e o pr\u00f3ximo, mantendo o foco na melhoria do atendimento \u00e0 popula\u00e7\u00e3o.<\/p>\n","protected":false},"excerpt":{"rendered":"<ul>\n<li>Gondifelos, em Vila Nova de Famalic\u00e3o, vai ter uma Unidade de Sa\u00fade Familiar entre este ano e o pr\u00f3ximo, com mais m\u00e9dicos e enfermeiros.<\/li>\n<li>A USF est\u00e1 a ser preparada a partir da amplia\u00e7\u00e3o de um espa\u00e7o cont\u00edguo ao atual centro de sa\u00fade, j\u00e1 aprovado em reuni\u00e3o do executivo municipal.<\/li>\n<li>A unidade tem, neste momento, apenas um cl\u00ednico. A amplia\u00e7\u00e3o permitir\u00e1 ter tr\u00eas a quatro m\u00e9dicos.<\/li>\n<li>O arrendamento do novo espa\u00e7o ser\u00e1 por cinco anos e prev\u00ea duplicar o espa\u00e7o dispon\u00edvel.<\/li>\n<li>A cria\u00e7\u00e3o da USF depende de a Unidade Local de Sa\u00fade do M\u00e9dio Ave indicar as necessidades de m\u00e9dicos, para que haja contrata\u00e7\u00e3o, alinhando prazos de obra e de contrata\u00e7\u00e3o. A meta \u00e9 avan\u00e7ar para a USF ainda este ano ou no pr\u00f3ximo, com um novo edif\u00edcio no futuro.<\/li>\n<\/ul>\n","protected":false},"author":2,"featured_media":211114,"comment_status":"closed","ping_status":"closed","sticky":false,"template":"","format":"standard","meta":{"footnotes":""},"categories":[1],"tags":[168,3014,5160,1396,5334,172],"class_list":["post-211112","post","type-post","status-publish","format-standard","has-post-thumbnail","hentry","category-noticias","tag-administracao-publica","tag-arrendamento","tag-centros-de-saude","tag-famalicao","tag-gestao-publica","tag-saude"],"yoast_head":"<!-- This site is optimized with the Yoast SEO plugin v27.2 - https:\/\/yoast.com\/product\/yoast-seo-wordpress\/ -->\n<title>Gondifelos vai ter Unidade de Sa\u00fade Familiar - Portal Tela Portugal<\/title>\n<meta name=\"robots\" content=\"index, follow, max-snippet:-1, max-image-preview:large, max-video-preview:-1\" \/>\n<meta property=\"og:locale\" content=\"pt_PT\" \/>\n<meta property=\"og:type\" content=\"article\" \/>\n<meta property=\"og:title\" content=\"Gondifelos vai ter Unidade de Sa\u00fade Familiar - Portal Tela Portugal\" \/>\n<meta property=\"og:description\" content=\"Gondifelos, em Vila Nova de Famalic\u00e3o, vai ter uma Unidade de Sa\u00fade Familiar entre este ano e o pr\u00f3ximo, com mais m\u00e9dicos e enfermeiros. A USF est\u00e1 a ser preparada a partir da amplia\u00e7\u00e3o de um espa\u00e7o cont\u00edguo ao atual centro de sa\u00fade, j\u00e1 aprovado em reuni\u00e3o do executivo municipal. A unidade tem, neste momento, apenas um cl\u00ednico. A amplia\u00e7\u00e3o permitir\u00e1 ter tr\u00eas a quatro m\u00e9dicos. O arrendamento do novo espa\u00e7o ser\u00e1 por cinco anos e prev\u00ea duplicar o espa\u00e7o dispon\u00edvel. A cria\u00e7\u00e3o da USF depende de a Unidade Local de Sa\u00fade do M\u00e9dio Ave indicar as necessidades de m\u00e9dicos, para que haja contrata\u00e7\u00e3o, alinhando prazos de obra e de contrata\u00e7\u00e3o. A meta \u00e9 avan\u00e7ar para a USF ainda este ano ou no pr\u00f3ximo, com um novo edif\u00edcio no futuro.\" \/>\n<meta property=\"og:url\" content=\"https:\/\/portaltela.pt\/noticias\/2026\/02\/13\/gondifelos-vai-ter-unidade-de-saude-familiar\/\" \/>\n<meta property=\"og:site_name\" content=\"Portal Tela Portugal\" \/>\n<meta property=\"article:published_time\" content=\"2026-02-13T15:29:00+00:00\" \/>\n<meta name=\"author\" content=\"Telinha\" \/>\n<meta name=\"twitter:card\" content=\"summary_large_image\" \/>\n<meta name=\"twitter:label1\" content=\"Escrito por\" \/>\n\t<meta name=\"twitter:data1\" content=\"Telinha\" \/>\n\t<meta name=\"twitter:label2\" content=\"Tempo estimado de leitura\" \/>\n\t<meta name=\"twitter:data2\" content=\"1 minuto\" \/>\n<script type=\"application\/ld+json\" class=\"yoast-schema-graph\">{\"@context\":\"https:\/\/schema.org\",\"@graph\":[{\"@type\":\"Article\",\"@id\":\"https:\/\/portaltela.pt\/noticias\/2026\/02\/13\/gondifelos-vai-ter-unidade-de-saude-familiar\/#article\",\"isPartOf\":{\"@id\":\"https:\/\/portaltela.pt\/noticias\/2026\/02\/13\/gondifelos-vai-ter-unidade-de-saude-familiar\/\"},\"author\":{\"name\":\"Telinha\",\"@id\":\"https:\/\/portaltela.pt\/#\/schema\/person\/c4278d4a6028830caff9ee44b42d32ed\"},\"headline\":\"Gondifelos vai ter Unidade de Sa\u00fade Familiar\",\"datePublished\":\"2026-02-13T15:29:00+00:00\",\"mainEntityOfPage\":{\"@id\":\"https:\/\/portaltela.pt\/noticias\/2026\/02\/13\/gondifelos-vai-ter-unidade-de-saude-familiar\/\"},\"wordCount\":240,\"image\":{\"@id\":\"https:\/\/portaltela.pt\/noticias\/2026\/02\/13\/gondifelos-vai-ter-unidade-de-saude-familiar\/#primaryimage\"},\"thumbnailUrl\":\"https:\/\/portaltela.pt\/s.01k8rhncp4jt1\/2026\/02\/image-1047.jpg\",\"keywords\":[\"administra\u00e7\u00e3o p\u00fablica\",\"arrendamento\",\"centros de sa\u00fade\",\"Famalic\u00e3o\",\"gest\u00e3o p\u00fablica\",\"sa\u00fade\"],\"articleSection\":[\"Not\u00edcias\"],\"inLanguage\":\"pt-PT\"},{\"@type\":\"WebPage\",\"@id\":\"https:\/\/portaltela.pt\/noticias\/2026\/02\/13\/gondifelos-vai-ter-unidade-de-saude-familiar\/\",\"url\":\"https:\/\/portaltela.pt\/noticias\/2026\/02\/13\/gondifelos-vai-ter-unidade-de-saude-familiar\/\",\"name\":\"Gondifelos vai ter Unidade de Sa\u00fade Familiar - Portal Tela Portugal\",\"isPartOf\":{\"@id\":\"https:\/\/portaltela.pt\/#website\"},\"primaryImageOfPage\":{\"@id\":\"https:\/\/portaltela.pt\/noticias\/2026\/02\/13\/gondifelos-vai-ter-unidade-de-saude-familiar\/#primaryimage\"},\"image\":{\"@id\":\"https:\/\/portaltela.pt\/noticias\/2026\/02\/13\/gondifelos-vai-ter-unidade-de-saude-familiar\/#primaryimage\"},\"thumbnailUrl\":\"https:\/\/portaltela.pt\/s.01k8rhncp4jt1\/2026\/02\/image-1047.jpg\",\"datePublished\":\"2026-02-13T15:29:00+00:00\",\"author\":{\"@id\":\"https:\/\/portaltela.pt\/#\/schema\/person\/c4278d4a6028830caff9ee44b42d32ed\"},\"breadcrumb\":{\"@id\":\"https:\/\/portaltela.pt\/noticias\/2026\/02\/13\/gondifelos-vai-ter-unidade-de-saude-familiar\/#breadcrumb\"},\"inLanguage\":\"pt-PT\",\"potentialAction\":[{\"@type\":\"ReadAction\",\"target\":[\"https:\/\/portaltela.pt\/noticias\/2026\/02\/13\/gondifelos-vai-ter-unidade-de-saude-familiar\/\"]}]},{\"@type\":\"ImageObject\",\"inLanguage\":\"pt-PT\",\"@id\":\"https:\/\/portaltela.pt\/noticias\/2026\/02\/13\/gondifelos-vai-ter-unidade-de-saude-familiar\/#primaryimage\",\"url\":\"https:\/\/portaltela.pt\/s.01k8rhncp4jt1\/2026\/02\/image-1047.jpg\",\"contentUrl\":\"https:\/\/portaltela.pt\/s.01k8rhncp4jt1\/2026\/02\/image-1047.jpg\",\"width\":796,\"height\":448,\"caption\":\"O espa\u00e7o da USF vai ser \\\"mais do que duplicado\\\"\"},{\"@type\":\"BreadcrumbList\",\"@id\":\"https:\/\/portaltela.pt\/noticias\/2026\/02\/13\/gondifelos-vai-ter-unidade-de-saude-familiar\/#breadcrumb\",\"itemListElement\":[{\"@type\":\"ListItem\",\"position\":1,\"name\":\"In\u00edcio\",\"item\":\"https:\/\/portaltela.pt\/\"},{\"@type\":\"ListItem\",\"position\":2,\"name\":\"Gondifelos vai ter Unidade de Sa\u00fade Familiar\"}]},{\"@type\":\"WebSite\",\"@id\":\"https:\/\/portaltela.pt\/#website\",\"url\":\"https:\/\/portaltela.pt\/\",\"name\":\"Portal Tela Portugal\",\"description\":\"\",\"potentialAction\":[{\"@type\":\"SearchAction\",\"target\":{\"@type\":\"EntryPoint\",\"urlTemplate\":\"https:\/\/portaltela.pt\/?s={search_term_string}\"},\"query-input\":{\"@type\":\"PropertyValueSpecification\",\"valueRequired\":true,\"valueName\":\"search_term_string\"}}],\"inLanguage\":\"pt-PT\"},{\"@type\":\"Person\",\"@id\":\"https:\/\/portaltela.pt\/#\/schema\/person\/c4278d4a6028830caff9ee44b42d32ed\",\"name\":\"Telinha\",\"image\":{\"@type\":\"ImageObject\",\"inLanguage\":\"pt-PT\",\"@id\":\"https:\/\/portaltela.pt\/s.01k8rhncp4jt1\/2025\/11\/talking-bot-125x125.png\",\"url\":\"https:\/\/portaltela.pt\/s.01k8rhncp4jt1\/2025\/11\/talking-bot-125x125.png\",\"contentUrl\":\"https:\/\/portaltela.pt\/s.01k8rhncp4jt1\/2025\/11\/talking-bot-125x125.png\",\"caption\":\"Telinha\"},\"sameAs\":[\"https:\/\/portaltela.pt\/\"],\"url\":\"https:\/\/portaltela.pt\/por\/367410592786\/\"}]}<\/script>\n<!-- \/ Yoast SEO plugin. -->","yoast_head_json":{"title":"Gondifelos vai ter Unidade de Sa\u00fade Familiar - Portal Tela Portugal","robots":{"index":"index","follow":"follow","max-snippet":"max-snippet:-1","max-image-preview":"max-image-preview:large","max-video-preview":"max-video-preview:-1"},"og_locale":"pt_PT","og_type":"article","og_title":"Gondifelos vai ter Unidade de Sa\u00fade Familiar - Portal Tela Portugal","og_description":"Gondifelos, em Vila Nova de Famalic\u00e3o, vai ter uma Unidade de Sa\u00fade Familiar entre este ano e o pr\u00f3ximo, com mais m\u00e9dicos e enfermeiros. A USF est\u00e1 a ser preparada a partir da amplia\u00e7\u00e3o de um espa\u00e7o cont\u00edguo ao atual centro de sa\u00fade, j\u00e1 aprovado em reuni\u00e3o do executivo municipal. A unidade tem, neste momento, apenas um cl\u00ednico. A amplia\u00e7\u00e3o permitir\u00e1 ter tr\u00eas a quatro m\u00e9dicos. O arrendamento do novo espa\u00e7o ser\u00e1 por cinco anos e prev\u00ea duplicar o espa\u00e7o dispon\u00edvel. A cria\u00e7\u00e3o da USF depende de a Unidade Local de Sa\u00fade do M\u00e9dio Ave indicar as necessidades de m\u00e9dicos, para que haja contrata\u00e7\u00e3o, alinhando prazos de obra e de contrata\u00e7\u00e3o. A meta \u00e9 avan\u00e7ar para a USF ainda este ano ou no pr\u00f3ximo, com um novo edif\u00edcio no futuro.","og_url":"https:\/\/portaltela.pt\/noticias\/2026\/02\/13\/gondifelos-vai-ter-unidade-de-saude-familiar\/","og_site_name":"Portal Tela Portugal","article_published_time":"2026-02-13T15:29:00+00:00","author":"Telinha","twitter_card":"summary_large_image","twitter_misc":{"Escrito por":"Telinha","Tempo estimado de leitura":"1 minuto"},"schema":{"@context":"https:\/\/schema.org","@graph":[{"@type":"Article","@id":"https:\/\/portaltela.pt\/noticias\/2026\/02\/13\/gondifelos-vai-ter-unidade-de-saude-familiar\/#article","isPartOf":{"@id":"https:\/\/portaltela.pt\/noticias\/2026\/02\/13\/gondifelos-vai-ter-unidade-de-saude-familiar\/"},"author":{"name":"Telinha","@id":"https:\/\/portaltela.pt\/#\/schema\/person\/c4278d4a6028830caff9ee44b42d32ed"},"headline":"Gondifelos vai ter Unidade de Sa\u00fade Familiar","datePublished":"2026-02-13T15:29:00+00:00","mainEntityOfPage":{"@id":"https:\/\/portaltela.pt\/noticias\/2026\/02\/13\/gondifelos-vai-ter-unidade-de-saude-familiar\/"},"wordCount":240,"image":{"@id":"https:\/\/portaltela.pt\/noticias\/2026\/02\/13\/gondifelos-vai-ter-unidade-de-saude-familiar\/#primaryimage"},"thumbnailUrl":"https:\/\/portaltela.pt\/s.01k8rhncp4jt1\/2026\/02\/image-1047.jpg","keywords":["administra\u00e7\u00e3o p\u00fablica","arrendamento","centros de sa\u00fade","Famalic\u00e3o","gest\u00e3o p\u00fablica","sa\u00fade"],"articleSection":["Not\u00edcias"],"inLanguage":"pt-PT"},{"@type":"WebPage","@id":"https:\/\/portaltela.pt\/noticias\/2026\/02\/13\/gondifelos-vai-ter-unidade-de-saude-familiar\/","url":"https:\/\/portaltela.pt\/noticias\/2026\/02\/13\/gondifelos-vai-ter-unidade-de-saude-familiar\/","name":"Gondifelos vai ter Unidade de Sa\u00fade Familiar - Portal Tela Portugal","isPartOf":{"@id":"https:\/\/portaltela.pt\/#website"},"primaryImageOfPage":{"@id":"https:\/\/portaltela.pt\/noticias\/2026\/02\/13\/gondifelos-vai-ter-unidade-de-saude-familiar\/#primaryimage"},"image":{"@id":"https:\/\/portaltela.pt\/noticias\/2026\/02\/13\/gondifelos-vai-ter-unidade-de-saude-familiar\/#primaryimage"},"thumbnailUrl":"https:\/\/portaltela.pt\/s.01k8rhncp4jt1\/2026\/02\/image-1047.jpg","datePublished":"2026-02-13T15:29:00+00:00","author":{"@id":"https:\/\/portaltela.pt\/#\/schema\/person\/c4278d4a6028830caff9ee44b42d32ed"},"breadcrumb":{"@id":"https:\/\/portaltela.pt\/noticias\/2026\/02\/13\/gondifelos-vai-ter-unidade-de-saude-familiar\/#breadcrumb"},"inLanguage":"pt-PT","potentialAction":[{"@type":"ReadAction","target":["https:\/\/portaltela.pt\/noticias\/2026\/02\/13\/gondifelos-vai-ter-unidade-de-saude-familiar\/"]}]},{"@type":"ImageObject","inLanguage":"pt-PT","@id":"https:\/\/portaltela.pt\/noticias\/2026\/02\/13\/gondifelos-vai-ter-unidade-de-saude-familiar\/#primaryimage","url":"https:\/\/portaltela.pt\/s.01k8rhncp4jt1\/2026\/02\/image-1047.jpg","contentUrl":"https:\/\/portaltela.pt\/s.01k8rhncp4jt1\/2026\/02\/image-1047.jpg","width":796,"height":448,"caption":"O espa\u00e7o da USF vai ser \"mais do que duplicado\""},{"@type":"BreadcrumbList","@id":"https:\/\/portaltela.pt\/noticias\/2026\/02\/13\/gondifelos-vai-ter-unidade-de-saude-familiar\/#breadcrumb","itemListElement":[{"@type":"ListItem","position":1,"name":"In\u00edcio","item":"https:\/\/portaltela.pt\/"},{"@type":"ListItem","position":2,"name":"Gondifelos vai ter Unidade de Sa\u00fade Familiar"}]},{"@type":"WebSite","@id":"https:\/\/portaltela.pt\/#website","url":"https:\/\/portaltela.pt\/","name":"Portal Tela Portugal","description":"","potentialAction":[{"@type":"SearchAction","target":{"@type":"EntryPoint","urlTemplate":"https:\/\/portaltela.pt\/?s={search_term_string}"},"query-input":{"@type":"PropertyValueSpecification","valueRequired":true,"valueName":"search_term_string"}}],"inLanguage":"pt-PT"},{"@type":"Person","@id":"https:\/\/portaltela.pt\/#\/schema\/person\/c4278d4a6028830caff9ee44b42d32ed","name":"Telinha","image":{"@type":"ImageObject","inLanguage":"pt-PT","@id":"https:\/\/portaltela.pt\/s.01k8rhncp4jt1\/2025\/11\/talking-bot-125x125.png","url":"https:\/\/portaltela.pt\/s.01k8rhncp4jt1\/2025\/11\/talking-bot-125x125.png","contentUrl":"https:\/\/portaltela.pt\/s.01k8rhncp4jt1\/2025\/11\/talking-bot-125x125.png","caption":"Telinha"},"sameAs":["https:\/\/portaltela.pt\/"],"url":"https:\/\/portaltela.pt\/por\/367410592786\/"}]}},"_links":{"self":[{"href":"https:\/\/portaltela.pt\/api\/wp\/v2\/posts\/211112","targetHints":{"allow":["GET"]}}],"collection":[{"href":"https:\/\/portaltela.pt\/api\/wp\/v2\/posts"}],"about":[{"href":"https:\/\/portaltela.pt\/api\/wp\/v2\/types\/post"}],"author":[{"embeddable":true,"href":"https:\/\/portaltela.pt\/api\/wp\/v2\/users\/2"}],"replies":[{"embeddable":true,"href":"https:\/\/portaltela.pt\/api\/wp\/v2\/comments?post=211112"}],"version-history":[{"count":0,"href":"https:\/\/portaltela.pt\/api\/wp\/v2\/posts\/211112\/revisions"}],"wp:featuredmedia":[{"embeddable":true,"href":"https:\/\/portaltela.pt\/api\/wp\/v2\/media\/211114"}],"wp:attachment":[{"href":"https:\/\/portaltela.pt\/api\/wp\/v2\/media?parent=211112"}],"wp:term":[{"taxonomy":"category","embeddable":true,"href":"https:\/\/portaltela.pt\/api\/wp\/v2\/categories?post=211112"},{"taxonomy":"post_tag","embeddable":true,"href":"https:\/\/portaltela.pt\/api\/wp\/v2\/tags?post=211112"}],"curies":[{"name":"wp","href":"https:\/\/api.w.org\/{rel}","templated":true}]}}