{"id":211089,"date":"2026-02-13T12:04:00","date_gmt":"2026-02-13T15:04:00","guid":{"rendered":"https:\/\/portaltela.pt\/noticias\/2026\/02\/13\/red-eye-conspiracao-amplia-se-para-nova-escala-segundo-relatorio\/"},"modified":"2026-02-13T12:04:00","modified_gmt":"2026-02-13T15:04:00","slug":"red-eye-conspiracao-amplia-se-para-nova-escala-segundo-relatorio","status":"publish","type":"post","link":"https:\/\/portaltela.pt\/noticias\/2026\/02\/13\/red-eye-conspiracao-amplia-se-para-nova-escala-segundo-relatorio\/","title":{"rendered":"Red Eye: conspira\u00e7\u00e3o amplia-se para nova escala, segundo relat\u00f3rio"},"content":{"rendered":"<p>A segunda temporada de Red Eye estreia no AXN Portugal a 23 de Fevereiro, apresentando uma nova investiga\u00e7\u00e3o centrada na detetive Hana Li. A trama mant\u00e9m a liga\u00e7\u00e3o aos acontecimentos da primeira temporada, mas com um eixo narrativo mais claro e mais tenso. A produ\u00e7\u00e3o aposta num suspense psicol\u00f3gico mais definido, sem resolu\u00e7\u00f5es r\u00e1pidas.<\/p>\n<p>Na nova fase, a conspira\u00e7\u00e3o n\u00e3o fica definitivamente explicada e a narrativa ganha foco na protagonista interpretada por Jing Lusi. O registo \u00e9 mais contido, com maior exposi\u00e7\u00e3o dos dilemas morais e das consequ\u00eancias das escolhas dos personagens. Richard Armitage retorna de forma pontual.<\/p>\n<p>A not\u00edcia tamb\u00e9m introduce Martin Compston no elenco, no papel de Clay Brody. A personagem acrescenta novas din\u00e2micas \u00e0 investiga\u00e7\u00e3o, alterando o ritmo da hist\u00f3ria e aumentando a tens\u00e3o entre os envolvidos. A presen\u00e7a dele transforma a progress\u00e3o dos eventos sem ocupar o centro da a\u00e7\u00e3o.<\/p>\n<h3>Nova dire\u00e7\u00e3o narrativa<\/h3>\n<p>A segunda temporada desenvolve a investiga\u00e7\u00e3o com maior coes\u00e3o, mantendo a identidade de thriller psicol\u00f3gico. O enredo consolida a conspira\u00e7\u00e3o e expande o alcance da intriga, sempre com foco nas consequ\u00eancias das decis\u00f5es dos personagens.<\/p>\n<p>A produ\u00e7\u00e3o mant\u00e9m a estrutura acess\u00edvel, com epis\u00f3dios que privilegiam a progress\u00e3o gradual do suspense. A abordagem enfatiza escolhas, riscos e ambiguidades, sem recorrer a resolu\u00e7\u00f5es imediatas.<\/p>\n<p>Red Eye estreia no AXN Portugal a 23 de Fevereiro, marcando uma evolu\u00e7\u00e3o no tom e no ritmo da s\u00e9rie. O conte\u00fado faz parte da Semana AXN, dedicada a apresentar a\u00e7\u00f5es, emo\u00e7\u00e3o e suspense exclusivos dos canais AXN.<\/p>\n<p>Observa-se uma aposta na narrativa mais centrada, onde o suspense cresce a partir de intera\u00e7\u00f5es entre personagens. A temporada promete aprofundar o tema da conspira\u00e7\u00e3o, sem abandonar a clareza na apresenta\u00e7\u00e3o dos acontecimentos.<\/p>\n","protected":false},"excerpt":{"rendered":"<ul>\n<li>A segunda temporada de Red Eye estreia no AXN Portugal a 23 de fevereiro, com uma nova investiga\u00e7\u00e3o e um foco narrativo redefinido.<\/li>\n<li>A conspira\u00e7\u00e3o da primeira temporada volta a ganhar peso, agora centrada na detective Hana Li, interpretada por Jing Lusi.<\/li>\n<li>Martin Compston entra como Clay Brody, com impacto direto no desenrolar da investiga\u00e7\u00e3o; Richard Armitage regressa de forma pontual, sem ocupar o centro da hist\u00f3ria.<\/li>\n<li>O tom passa a ser mais thriller psicol\u00f3gico, com a progress\u00e3o da investiga\u00e7\u00e3o a estruturar os epis\u00f3dios e a enfatizar escolhas das personagens e as suas consequ\u00eancias.<\/li>\n<li>A temporada promete maior coes\u00e3o narrativa, suspense gradual e uma conspira\u00e7\u00e3o desenvolvida com concentra\u00e7\u00e3o no que est\u00e1 em jogo, mantendo a identidade da s\u00e9rie.<\/li>\n<\/ul>\n","protected":false},"author":2,"featured_media":211091,"comment_status":"closed","ping_status":"closed","sticky":false,"template":"","format":"standard","meta":{"footnotes":""},"categories":[12,1],"tags":[5655,147,215,2390],"class_list":["post-211089","post","type-post","status-publish","format-standard","has-post-thumbnail","hentry","category-entretenimento","category-noticias","tag-conspiracao","tag-crime","tag-investigacao","tag-series"],"yoast_head":"<!-- This site is optimized with the Yoast SEO plugin v27.2 - https:\/\/yoast.com\/product\/yoast-seo-wordpress\/ -->\n<title>Red Eye: conspira\u00e7\u00e3o amplia-se para nova escala, segundo relat\u00f3rio - Portal Tela Portugal<\/title>\n<meta name=\"robots\" content=\"index, follow, max-snippet:-1, max-image-preview:large, max-video-preview:-1\" \/>\n<meta property=\"og:locale\" content=\"pt_PT\" \/>\n<meta property=\"og:type\" content=\"article\" \/>\n<meta property=\"og:title\" content=\"Red Eye: conspira\u00e7\u00e3o amplia-se para nova escala, segundo relat\u00f3rio - Portal Tela Portugal\" \/>\n<meta property=\"og:description\" content=\"A segunda temporada de Red Eye estreia no AXN Portugal a 23 de fevereiro, com uma nova investiga\u00e7\u00e3o e um foco narrativo redefinido. A conspira\u00e7\u00e3o da primeira temporada volta a ganhar peso, agora centrada na detective Hana Li, interpretada por Jing Lusi. Martin Compston entra como Clay Brody, com impacto direto no desenrolar da investiga\u00e7\u00e3o; Richard Armitage regressa de forma pontual, sem ocupar o centro da hist\u00f3ria. O tom passa a ser mais thriller psicol\u00f3gico, com a progress\u00e3o da investiga\u00e7\u00e3o a estruturar os epis\u00f3dios e a enfatizar escolhas das personagens e as suas consequ\u00eancias. A temporada promete maior coes\u00e3o narrativa, suspense gradual e uma conspira\u00e7\u00e3o desenvolvida com concentra\u00e7\u00e3o no que est\u00e1 em jogo, mantendo a identidade da s\u00e9rie.\" \/>\n<meta property=\"og:url\" content=\"https:\/\/portaltela.pt\/noticias\/2026\/02\/13\/red-eye-conspiracao-amplia-se-para-nova-escala-segundo-relatorio\/\" \/>\n<meta property=\"og:site_name\" content=\"Portal Tela Portugal\" \/>\n<meta property=\"article:published_time\" content=\"2026-02-13T15:04:00+00:00\" \/>\n<meta name=\"author\" content=\"Telinha\" \/>\n<meta name=\"twitter:card\" content=\"summary_large_image\" \/>\n<meta name=\"twitter:label1\" content=\"Escrito por\" \/>\n\t<meta name=\"twitter:data1\" content=\"Telinha\" \/>\n\t<meta name=\"twitter:label2\" content=\"Tempo estimado de leitura\" \/>\n\t<meta name=\"twitter:data2\" content=\"2 minutos\" \/>\n<script type=\"application\/ld+json\" class=\"yoast-schema-graph\">{\"@context\":\"https:\/\/schema.org\",\"@graph\":[{\"@type\":\"Article\",\"@id\":\"https:\/\/portaltela.pt\/noticias\/2026\/02\/13\/red-eye-conspiracao-amplia-se-para-nova-escala-segundo-relatorio\/#article\",\"isPartOf\":{\"@id\":\"https:\/\/portaltela.pt\/noticias\/2026\/02\/13\/red-eye-conspiracao-amplia-se-para-nova-escala-segundo-relatorio\/\"},\"author\":{\"name\":\"Telinha\",\"@id\":\"https:\/\/portaltela.pt\/#\/schema\/person\/c4278d4a6028830caff9ee44b42d32ed\"},\"headline\":\"Red Eye: conspira\u00e7\u00e3o amplia-se para nova escala, segundo relat\u00f3rio\",\"datePublished\":\"2026-02-13T15:04:00+00:00\",\"mainEntityOfPage\":{\"@id\":\"https:\/\/portaltela.pt\/noticias\/2026\/02\/13\/red-eye-conspiracao-amplia-se-para-nova-escala-segundo-relatorio\/\"},\"wordCount\":328,\"image\":{\"@id\":\"https:\/\/portaltela.pt\/noticias\/2026\/02\/13\/red-eye-conspiracao-amplia-se-para-nova-escala-segundo-relatorio\/#primaryimage\"},\"thumbnailUrl\":\"https:\/\/portaltela.pt\/s.01k8rhncp4jt1\/2026\/02\/2066990.jpg\",\"keywords\":[\"conspira\u00e7\u00e3o\",\"crime\",\"investiga\u00e7\u00e3o\",\"S\u00c9RIES\"],\"articleSection\":[\"Entretenimento\",\"Not\u00edcias\"],\"inLanguage\":\"pt-PT\"},{\"@type\":\"WebPage\",\"@id\":\"https:\/\/portaltela.pt\/noticias\/2026\/02\/13\/red-eye-conspiracao-amplia-se-para-nova-escala-segundo-relatorio\/\",\"url\":\"https:\/\/portaltela.pt\/noticias\/2026\/02\/13\/red-eye-conspiracao-amplia-se-para-nova-escala-segundo-relatorio\/\",\"name\":\"Red Eye: conspira\u00e7\u00e3o amplia-se para nova escala, segundo relat\u00f3rio - Portal Tela Portugal\",\"isPartOf\":{\"@id\":\"https:\/\/portaltela.pt\/#website\"},\"primaryImageOfPage\":{\"@id\":\"https:\/\/portaltela.pt\/noticias\/2026\/02\/13\/red-eye-conspiracao-amplia-se-para-nova-escala-segundo-relatorio\/#primaryimage\"},\"image\":{\"@id\":\"https:\/\/portaltela.pt\/noticias\/2026\/02\/13\/red-eye-conspiracao-amplia-se-para-nova-escala-segundo-relatorio\/#primaryimage\"},\"thumbnailUrl\":\"https:\/\/portaltela.pt\/s.01k8rhncp4jt1\/2026\/02\/2066990.jpg\",\"datePublished\":\"2026-02-13T15:04:00+00:00\",\"author\":{\"@id\":\"https:\/\/portaltela.pt\/#\/schema\/person\/c4278d4a6028830caff9ee44b42d32ed\"},\"breadcrumb\":{\"@id\":\"https:\/\/portaltela.pt\/noticias\/2026\/02\/13\/red-eye-conspiracao-amplia-se-para-nova-escala-segundo-relatorio\/#breadcrumb\"},\"inLanguage\":\"pt-PT\",\"potentialAction\":[{\"@type\":\"ReadAction\",\"target\":[\"https:\/\/portaltela.pt\/noticias\/2026\/02\/13\/red-eye-conspiracao-amplia-se-para-nova-escala-segundo-relatorio\/\"]}]},{\"@type\":\"ImageObject\",\"inLanguage\":\"pt-PT\",\"@id\":\"https:\/\/portaltela.pt\/noticias\/2026\/02\/13\/red-eye-conspiracao-amplia-se-para-nova-escala-segundo-relatorio\/#primaryimage\",\"url\":\"https:\/\/portaltela.pt\/s.01k8rhncp4jt1\/2026\/02\/2066990.jpg\",\"contentUrl\":\"https:\/\/portaltela.pt\/s.01k8rhncp4jt1\/2026\/02\/2066990.jpg\",\"width\":796,\"height\":448,\"caption\":\"Red Eye - Season 2 - Episode 204\"},{\"@type\":\"BreadcrumbList\",\"@id\":\"https:\/\/portaltela.pt\/noticias\/2026\/02\/13\/red-eye-conspiracao-amplia-se-para-nova-escala-segundo-relatorio\/#breadcrumb\",\"itemListElement\":[{\"@type\":\"ListItem\",\"position\":1,\"name\":\"In\u00edcio\",\"item\":\"https:\/\/portaltela.pt\/\"},{\"@type\":\"ListItem\",\"position\":2,\"name\":\"Red Eye: conspira\u00e7\u00e3o amplia-se para nova escala, segundo relat\u00f3rio\"}]},{\"@type\":\"WebSite\",\"@id\":\"https:\/\/portaltela.pt\/#website\",\"url\":\"https:\/\/portaltela.pt\/\",\"name\":\"Portal Tela Portugal\",\"description\":\"\",\"potentialAction\":[{\"@type\":\"SearchAction\",\"target\":{\"@type\":\"EntryPoint\",\"urlTemplate\":\"https:\/\/portaltela.pt\/?s={search_term_string}\"},\"query-input\":{\"@type\":\"PropertyValueSpecification\",\"valueRequired\":true,\"valueName\":\"search_term_string\"}}],\"inLanguage\":\"pt-PT\"},{\"@type\":\"Person\",\"@id\":\"https:\/\/portaltela.pt\/#\/schema\/person\/c4278d4a6028830caff9ee44b42d32ed\",\"name\":\"Telinha\",\"image\":{\"@type\":\"ImageObject\",\"inLanguage\":\"pt-PT\",\"@id\":\"https:\/\/portaltela.pt\/s.01k8rhncp4jt1\/2025\/11\/talking-bot-125x125.png\",\"url\":\"https:\/\/portaltela.pt\/s.01k8rhncp4jt1\/2025\/11\/talking-bot-125x125.png\",\"contentUrl\":\"https:\/\/portaltela.pt\/s.01k8rhncp4jt1\/2025\/11\/talking-bot-125x125.png\",\"caption\":\"Telinha\"},\"sameAs\":[\"https:\/\/portaltela.pt\/\"],\"url\":\"https:\/\/portaltela.pt\/por\/367410592786\/\"}]}<\/script>\n<!-- \/ Yoast SEO plugin. -->","yoast_head_json":{"title":"Red Eye: conspira\u00e7\u00e3o amplia-se para nova escala, segundo relat\u00f3rio - Portal Tela Portugal","robots":{"index":"index","follow":"follow","max-snippet":"max-snippet:-1","max-image-preview":"max-image-preview:large","max-video-preview":"max-video-preview:-1"},"og_locale":"pt_PT","og_type":"article","og_title":"Red Eye: conspira\u00e7\u00e3o amplia-se para nova escala, segundo relat\u00f3rio - Portal Tela Portugal","og_description":"A segunda temporada de Red Eye estreia no AXN Portugal a 23 de fevereiro, com uma nova investiga\u00e7\u00e3o e um foco narrativo redefinido. A conspira\u00e7\u00e3o da primeira temporada volta a ganhar peso, agora centrada na detective Hana Li, interpretada por Jing Lusi. Martin Compston entra como Clay Brody, com impacto direto no desenrolar da investiga\u00e7\u00e3o; Richard Armitage regressa de forma pontual, sem ocupar o centro da hist\u00f3ria. O tom passa a ser mais thriller psicol\u00f3gico, com a progress\u00e3o da investiga\u00e7\u00e3o a estruturar os epis\u00f3dios e a enfatizar escolhas das personagens e as suas consequ\u00eancias. A temporada promete maior coes\u00e3o narrativa, suspense gradual e uma conspira\u00e7\u00e3o desenvolvida com concentra\u00e7\u00e3o no que est\u00e1 em jogo, mantendo a identidade da s\u00e9rie.","og_url":"https:\/\/portaltela.pt\/noticias\/2026\/02\/13\/red-eye-conspiracao-amplia-se-para-nova-escala-segundo-relatorio\/","og_site_name":"Portal Tela Portugal","article_published_time":"2026-02-13T15:04:00+00:00","author":"Telinha","twitter_card":"summary_large_image","twitter_misc":{"Escrito por":"Telinha","Tempo estimado de leitura":"2 minutos"},"schema":{"@context":"https:\/\/schema.org","@graph":[{"@type":"Article","@id":"https:\/\/portaltela.pt\/noticias\/2026\/02\/13\/red-eye-conspiracao-amplia-se-para-nova-escala-segundo-relatorio\/#article","isPartOf":{"@id":"https:\/\/portaltela.pt\/noticias\/2026\/02\/13\/red-eye-conspiracao-amplia-se-para-nova-escala-segundo-relatorio\/"},"author":{"name":"Telinha","@id":"https:\/\/portaltela.pt\/#\/schema\/person\/c4278d4a6028830caff9ee44b42d32ed"},"headline":"Red Eye: conspira\u00e7\u00e3o amplia-se para nova escala, segundo relat\u00f3rio","datePublished":"2026-02-13T15:04:00+00:00","mainEntityOfPage":{"@id":"https:\/\/portaltela.pt\/noticias\/2026\/02\/13\/red-eye-conspiracao-amplia-se-para-nova-escala-segundo-relatorio\/"},"wordCount":328,"image":{"@id":"https:\/\/portaltela.pt\/noticias\/2026\/02\/13\/red-eye-conspiracao-amplia-se-para-nova-escala-segundo-relatorio\/#primaryimage"},"thumbnailUrl":"https:\/\/portaltela.pt\/s.01k8rhncp4jt1\/2026\/02\/2066990.jpg","keywords":["conspira\u00e7\u00e3o","crime","investiga\u00e7\u00e3o","S\u00c9RIES"],"articleSection":["Entretenimento","Not\u00edcias"],"inLanguage":"pt-PT"},{"@type":"WebPage","@id":"https:\/\/portaltela.pt\/noticias\/2026\/02\/13\/red-eye-conspiracao-amplia-se-para-nova-escala-segundo-relatorio\/","url":"https:\/\/portaltela.pt\/noticias\/2026\/02\/13\/red-eye-conspiracao-amplia-se-para-nova-escala-segundo-relatorio\/","name":"Red Eye: conspira\u00e7\u00e3o amplia-se para nova escala, segundo relat\u00f3rio - Portal Tela Portugal","isPartOf":{"@id":"https:\/\/portaltela.pt\/#website"},"primaryImageOfPage":{"@id":"https:\/\/portaltela.pt\/noticias\/2026\/02\/13\/red-eye-conspiracao-amplia-se-para-nova-escala-segundo-relatorio\/#primaryimage"},"image":{"@id":"https:\/\/portaltela.pt\/noticias\/2026\/02\/13\/red-eye-conspiracao-amplia-se-para-nova-escala-segundo-relatorio\/#primaryimage"},"thumbnailUrl":"https:\/\/portaltela.pt\/s.01k8rhncp4jt1\/2026\/02\/2066990.jpg","datePublished":"2026-02-13T15:04:00+00:00","author":{"@id":"https:\/\/portaltela.pt\/#\/schema\/person\/c4278d4a6028830caff9ee44b42d32ed"},"breadcrumb":{"@id":"https:\/\/portaltela.pt\/noticias\/2026\/02\/13\/red-eye-conspiracao-amplia-se-para-nova-escala-segundo-relatorio\/#breadcrumb"},"inLanguage":"pt-PT","potentialAction":[{"@type":"ReadAction","target":["https:\/\/portaltela.pt\/noticias\/2026\/02\/13\/red-eye-conspiracao-amplia-se-para-nova-escala-segundo-relatorio\/"]}]},{"@type":"ImageObject","inLanguage":"pt-PT","@id":"https:\/\/portaltela.pt\/noticias\/2026\/02\/13\/red-eye-conspiracao-amplia-se-para-nova-escala-segundo-relatorio\/#primaryimage","url":"https:\/\/portaltela.pt\/s.01k8rhncp4jt1\/2026\/02\/2066990.jpg","contentUrl":"https:\/\/portaltela.pt\/s.01k8rhncp4jt1\/2026\/02\/2066990.jpg","width":796,"height":448,"caption":"Red Eye - Season 2 - Episode 204"},{"@type":"BreadcrumbList","@id":"https:\/\/portaltela.pt\/noticias\/2026\/02\/13\/red-eye-conspiracao-amplia-se-para-nova-escala-segundo-relatorio\/#breadcrumb","itemListElement":[{"@type":"ListItem","position":1,"name":"In\u00edcio","item":"https:\/\/portaltela.pt\/"},{"@type":"ListItem","position":2,"name":"Red Eye: conspira\u00e7\u00e3o amplia-se para nova escala, segundo relat\u00f3rio"}]},{"@type":"WebSite","@id":"https:\/\/portaltela.pt\/#website","url":"https:\/\/portaltela.pt\/","name":"Portal Tela Portugal","description":"","potentialAction":[{"@type":"SearchAction","target":{"@type":"EntryPoint","urlTemplate":"https:\/\/portaltela.pt\/?s={search_term_string}"},"query-input":{"@type":"PropertyValueSpecification","valueRequired":true,"valueName":"search_term_string"}}],"inLanguage":"pt-PT"},{"@type":"Person","@id":"https:\/\/portaltela.pt\/#\/schema\/person\/c4278d4a6028830caff9ee44b42d32ed","name":"Telinha","image":{"@type":"ImageObject","inLanguage":"pt-PT","@id":"https:\/\/portaltela.pt\/s.01k8rhncp4jt1\/2025\/11\/talking-bot-125x125.png","url":"https:\/\/portaltela.pt\/s.01k8rhncp4jt1\/2025\/11\/talking-bot-125x125.png","contentUrl":"https:\/\/portaltela.pt\/s.01k8rhncp4jt1\/2025\/11\/talking-bot-125x125.png","caption":"Telinha"},"sameAs":["https:\/\/portaltela.pt\/"],"url":"https:\/\/portaltela.pt\/por\/367410592786\/"}]}},"_links":{"self":[{"href":"https:\/\/portaltela.pt\/api\/wp\/v2\/posts\/211089","targetHints":{"allow":["GET"]}}],"collection":[{"href":"https:\/\/portaltela.pt\/api\/wp\/v2\/posts"}],"about":[{"href":"https:\/\/portaltela.pt\/api\/wp\/v2\/types\/post"}],"author":[{"embeddable":true,"href":"https:\/\/portaltela.pt\/api\/wp\/v2\/users\/2"}],"replies":[{"embeddable":true,"href":"https:\/\/portaltela.pt\/api\/wp\/v2\/comments?post=211089"}],"version-history":[{"count":0,"href":"https:\/\/portaltela.pt\/api\/wp\/v2\/posts\/211089\/revisions"}],"wp:featuredmedia":[{"embeddable":true,"href":"https:\/\/portaltela.pt\/api\/wp\/v2\/media\/211091"}],"wp:attachment":[{"href":"https:\/\/portaltela.pt\/api\/wp\/v2\/media?parent=211089"}],"wp:term":[{"taxonomy":"category","embeddable":true,"href":"https:\/\/portaltela.pt\/api\/wp\/v2\/categories?post=211089"},{"taxonomy":"post_tag","embeddable":true,"href":"https:\/\/portaltela.pt\/api\/wp\/v2\/tags?post=211089"}],"curies":[{"name":"wp","href":"https:\/\/api.w.org\/{rel}","templated":true}]}}