{"id":211071,"date":"2026-02-13T11:46:24","date_gmt":"2026-02-13T14:46:24","guid":{"rendered":"https:\/\/portaltela.pt\/noticias\/2026\/02\/13\/comissao-europeia-busca-medidas-vinculativas-contra-google-em-seis-meses\/"},"modified":"2026-02-13T11:46:24","modified_gmt":"2026-02-13T14:46:24","slug":"comissao-europeia-busca-medidas-vinculativas-contra-google-em-seis-meses","status":"publish","type":"post","link":"https:\/\/portaltela.pt\/noticias\/internacional\/2026\/02\/13\/comissao-europeia-busca-medidas-vinculativas-contra-google-em-seis-meses\/","title":{"rendered":"Comiss\u00e3o Europeia busca medidas vinculativas contra Google em seis meses"},"content":{"rendered":"<p>A Comiss\u00e3o Europeia anunciou a inten\u00e7\u00e3o de apresentar, no prazo de seis meses, medidas vinculativas que a Google ter\u00e1 de cumprir no \u00e2mbito do Regulamento dos Mercados Digitais (DMA) da UE. O objetivo \u00e9 definir as obriga\u00e7\u00f5es de interoperabilidade e partilha de dados de pesquisa da empresa.<\/p>\n<p>Segundo Bruxelas, os processos de especifica\u00e7\u00e3o abertos em 27 de janeiro visam ajudar a Google a cumprir estas obriga\u00e7\u00f5es, com a garantia de que as medidas finais ser\u00e3o implementadas dentro do prazo estabelecido. O resultado ser\u00e1 um conjunto de medidas vinculativas a aplicar.<\/p>\n<p>At\u00e9 abril, a Comiss\u00e3o prev\u00ea lan\u00e7ar uma consulta p\u00fablica sobre o projeto de medidas para assegurar o cumprimento eficaz do DMA pela Google. A iniciativa insere-se no esfor\u00e7o de manter o mercado de IA justo e aberto \u00e0 inova\u00e7\u00e3o.<\/p>\n<h3>Objetivo do DMA e impacto na IA<\/h3>\n<p>A Comiss\u00e3o quer garantir que a Google concede aos programadores terceiros acesso \u00e0s mesmas funcionalidades do Android utilizadas nos seus servi\u00e7os de IA, incluindo o Gemini. Entre as fun\u00e7\u00f5es destacadas est\u00e3o o controlo por voz e a integra\u00e7\u00e3o de IA com outras apps no dispositivo.<\/p>\n<h3>Processos abertos e \u00e2mbito regulat\u00f3rio<\/h3>\n<p>Paralelamente, Bruxelas abriu processos de especifica\u00e7\u00e3o para permitir a interoperabilidade de software e hardware de terceiros com as fun\u00e7\u00f5es do Android. Em paralelo, abriu processos sobre os dados de pesquisa detidos pelo motor de busca para disponibiliza\u00e7\u00e3o a motores terceiros.<\/p>\n<h3>Contexto regulat\u00f3rio<\/h3>\n<p>O DMA est\u00e1 em vigor desde novembro de 2022 e regula grandes plataformas digitais na UE. A designa\u00e7\u00e3o aplica-se a empresas com alto volume de neg\u00f3cio, presen\u00e7a em v\u00e1rios Estados-membros e forte base de utilizadores, como Google, Amazon, Apple, Meta e Microsoft.<\/p>\n","protected":false},"excerpt":{"rendered":"<ul>\n<li>A Comiss\u00e3o Europeia pretende apresentar, no prazo de seis meses, medidas vinculativas que a Google ter\u00e1 de adoptar, no \u00e2mbito do Regulamento dos Mercados Digitais (DMA).<\/li>\n<li>Os processos de especifica\u00e7\u00e3o abertos em 27 de janeiro visam impor obriga\u00e7\u00f5es de interoperabilidade e partilha de dados de pesquisa, com o objetivo de chegar a um conjunto de medidas obrigat\u00f3rias.<\/li>\n<li>At\u00e9 abril haver\u00e1 uma consulta p\u00fablica sobre o projeto de medidas para assegurar o cumprimento eficaz do DMA pela Google.<\/li>\n<li>A regi\u00e3o procura garantir que a Google conceda aos programadores terceiros acesso \u00e0s mesmas funcionalidades do Android usadas nos seus servi\u00e7os de IA, como o Gemini, incluindo controlo por voz e integra\u00e7\u00e3o com outras aplica\u00e7\u00f5es.<\/li>\n<li>O DMA, em vigor desde novembro de dois mil e vinte e dois, define regras para grandes plataformas digitais na UE, incluindo Google, Amazon, Apple, Meta e Microsoft.<\/li>\n<\/ul>\n","protected":false},"author":2,"featured_media":211076,"comment_status":"closed","ping_status":"closed","sticky":false,"template":"","format":"standard","meta":{"footnotes":""},"categories":[4,1],"tags":[195,51,1322,4516,153,2055],"class_list":["post-211071","post","type-post","status-publish","format-standard","has-post-thumbnail","hentry","category-internacional","category-noticias","tag-informacao","tag-inteligencia-artificial","tag-interoperabilidade","tag-regulamento-dos-mercados-digitais","tag-tecnologia","tag-uniao-europeia"],"yoast_head":"<!-- This site is optimized with the Yoast SEO plugin v27.2 - https:\/\/yoast.com\/product\/yoast-seo-wordpress\/ -->\n<title>Comiss\u00e3o Europeia busca medidas vinculativas contra Google em seis meses - Portal Tela Portugal<\/title>\n<meta name=\"robots\" content=\"index, follow, max-snippet:-1, max-image-preview:large, max-video-preview:-1\" \/>\n<meta property=\"og:locale\" content=\"pt_PT\" \/>\n<meta property=\"og:type\" content=\"article\" \/>\n<meta property=\"og:title\" content=\"Comiss\u00e3o Europeia busca medidas vinculativas contra Google em seis meses - Portal Tela Portugal\" \/>\n<meta property=\"og:description\" content=\"A Comiss\u00e3o Europeia pretende apresentar, no prazo de seis meses, medidas vinculativas que a Google ter\u00e1 de adoptar, no \u00e2mbito do Regulamento dos Mercados Digitais (DMA). Os processos de especifica\u00e7\u00e3o abertos em 27 de janeiro visam impor obriga\u00e7\u00f5es de interoperabilidade e partilha de dados de pesquisa, com o objetivo de chegar a um conjunto de medidas obrigat\u00f3rias. At\u00e9 abril haver\u00e1 uma consulta p\u00fablica sobre o projeto de medidas para assegurar o cumprimento eficaz do DMA pela Google. A regi\u00e3o procura garantir que a Google conceda aos programadores terceiros acesso \u00e0s mesmas funcionalidades do Android usadas nos seus servi\u00e7os de IA, como o Gemini, incluindo controlo por voz e integra\u00e7\u00e3o com outras aplica\u00e7\u00f5es. O DMA, em vigor desde novembro de dois mil e vinte e dois, define regras para grandes plataformas digitais na UE, incluindo Google, Amazon, Apple, Meta e Microsoft.\" \/>\n<meta property=\"og:url\" content=\"https:\/\/portaltela.pt\/noticias\/2026\/02\/13\/comissao-europeia-busca-medidas-vinculativas-contra-google-em-seis-meses\/\" \/>\n<meta property=\"og:site_name\" content=\"Portal Tela Portugal\" \/>\n<meta property=\"article:published_time\" content=\"2026-02-13T14:46:24+00:00\" \/>\n<meta name=\"author\" content=\"Telinha\" \/>\n<meta name=\"twitter:card\" content=\"summary_large_image\" \/>\n<meta name=\"twitter:label1\" content=\"Escrito por\" \/>\n\t<meta name=\"twitter:data1\" content=\"Telinha\" \/>\n\t<meta name=\"twitter:label2\" content=\"Tempo estimado de leitura\" \/>\n\t<meta name=\"twitter:data2\" content=\"1 minuto\" \/>\n<script type=\"application\/ld+json\" class=\"yoast-schema-graph\">{\"@context\":\"https:\/\/schema.org\",\"@graph\":[{\"@type\":\"Article\",\"@id\":\"https:\/\/portaltela.pt\/noticias\/2026\/02\/13\/comissao-europeia-busca-medidas-vinculativas-contra-google-em-seis-meses\/#article\",\"isPartOf\":{\"@id\":\"https:\/\/portaltela.pt\/noticias\/2026\/02\/13\/comissao-europeia-busca-medidas-vinculativas-contra-google-em-seis-meses\/\"},\"author\":{\"name\":\"Telinha\",\"@id\":\"https:\/\/portaltela.pt\/#\/schema\/person\/c4278d4a6028830caff9ee44b42d32ed\"},\"headline\":\"Comiss\u00e3o Europeia busca medidas vinculativas contra Google em seis meses\",\"datePublished\":\"2026-02-13T14:46:24+00:00\",\"mainEntityOfPage\":{\"@id\":\"https:\/\/portaltela.pt\/noticias\/2026\/02\/13\/comissao-europeia-busca-medidas-vinculativas-contra-google-em-seis-meses\/\"},\"wordCount\":302,\"image\":{\"@id\":\"https:\/\/portaltela.pt\/noticias\/2026\/02\/13\/comissao-europeia-busca-medidas-vinculativas-contra-google-em-seis-meses\/#primaryimage\"},\"thumbnailUrl\":\"https:\/\/portaltela.pt\/s.01k8rhncp4jt1\/2026\/02\/img_1500x1000uu2023-10-20-21-34-14-1472625.jpg\",\"keywords\":[\"informa\u00e7\u00e3o\",\"intelig\u00eancia artificial\",\"interoperabilidade\",\"Regulamento dos Mercados Digitais\",\"tecnologia\",\"Uni\u00e3o Europeia\"],\"articleSection\":[\"Internacional\",\"Not\u00edcias\"],\"inLanguage\":\"pt-PT\"},{\"@type\":\"WebPage\",\"@id\":\"https:\/\/portaltela.pt\/noticias\/2026\/02\/13\/comissao-europeia-busca-medidas-vinculativas-contra-google-em-seis-meses\/\",\"url\":\"https:\/\/portaltela.pt\/noticias\/2026\/02\/13\/comissao-europeia-busca-medidas-vinculativas-contra-google-em-seis-meses\/\",\"name\":\"Comiss\u00e3o Europeia busca medidas vinculativas contra Google em seis meses - Portal Tela Portugal\",\"isPartOf\":{\"@id\":\"https:\/\/portaltela.pt\/#website\"},\"primaryImageOfPage\":{\"@id\":\"https:\/\/portaltela.pt\/noticias\/2026\/02\/13\/comissao-europeia-busca-medidas-vinculativas-contra-google-em-seis-meses\/#primaryimage\"},\"image\":{\"@id\":\"https:\/\/portaltela.pt\/noticias\/2026\/02\/13\/comissao-europeia-busca-medidas-vinculativas-contra-google-em-seis-meses\/#primaryimage\"},\"thumbnailUrl\":\"https:\/\/portaltela.pt\/s.01k8rhncp4jt1\/2026\/02\/img_1500x1000uu2023-10-20-21-34-14-1472625.jpg\",\"datePublished\":\"2026-02-13T14:46:24+00:00\",\"author\":{\"@id\":\"https:\/\/portaltela.pt\/#\/schema\/person\/c4278d4a6028830caff9ee44b42d32ed\"},\"breadcrumb\":{\"@id\":\"https:\/\/portaltela.pt\/noticias\/2026\/02\/13\/comissao-europeia-busca-medidas-vinculativas-contra-google-em-seis-meses\/#breadcrumb\"},\"inLanguage\":\"pt-PT\",\"potentialAction\":[{\"@type\":\"ReadAction\",\"target\":[\"https:\/\/portaltela.pt\/noticias\/2026\/02\/13\/comissao-europeia-busca-medidas-vinculativas-contra-google-em-seis-meses\/\"]}]},{\"@type\":\"ImageObject\",\"inLanguage\":\"pt-PT\",\"@id\":\"https:\/\/portaltela.pt\/noticias\/2026\/02\/13\/comissao-europeia-busca-medidas-vinculativas-contra-google-em-seis-meses\/#primaryimage\",\"url\":\"https:\/\/portaltela.pt\/s.01k8rhncp4jt1\/2026\/02\/img_1500x1000uu2023-10-20-21-34-14-1472625.jpg\",\"contentUrl\":\"https:\/\/portaltela.pt\/s.01k8rhncp4jt1\/2026\/02\/img_1500x1000uu2023-10-20-21-34-14-1472625.jpg\",\"width\":796,\"height\":448,\"caption\":\"Google\"},{\"@type\":\"BreadcrumbList\",\"@id\":\"https:\/\/portaltela.pt\/noticias\/2026\/02\/13\/comissao-europeia-busca-medidas-vinculativas-contra-google-em-seis-meses\/#breadcrumb\",\"itemListElement\":[{\"@type\":\"ListItem\",\"position\":1,\"name\":\"In\u00edcio\",\"item\":\"https:\/\/portaltela.pt\/\"},{\"@type\":\"ListItem\",\"position\":2,\"name\":\"Comiss\u00e3o Europeia busca medidas vinculativas contra Google em seis meses\"}]},{\"@type\":\"WebSite\",\"@id\":\"https:\/\/portaltela.pt\/#website\",\"url\":\"https:\/\/portaltela.pt\/\",\"name\":\"Portal Tela Portugal\",\"description\":\"\",\"potentialAction\":[{\"@type\":\"SearchAction\",\"target\":{\"@type\":\"EntryPoint\",\"urlTemplate\":\"https:\/\/portaltela.pt\/?s={search_term_string}\"},\"query-input\":{\"@type\":\"PropertyValueSpecification\",\"valueRequired\":true,\"valueName\":\"search_term_string\"}}],\"inLanguage\":\"pt-PT\"},{\"@type\":\"Person\",\"@id\":\"https:\/\/portaltela.pt\/#\/schema\/person\/c4278d4a6028830caff9ee44b42d32ed\",\"name\":\"Telinha\",\"image\":{\"@type\":\"ImageObject\",\"inLanguage\":\"pt-PT\",\"@id\":\"https:\/\/portaltela.pt\/s.01k8rhncp4jt1\/2025\/11\/talking-bot-125x125.png\",\"url\":\"https:\/\/portaltela.pt\/s.01k8rhncp4jt1\/2025\/11\/talking-bot-125x125.png\",\"contentUrl\":\"https:\/\/portaltela.pt\/s.01k8rhncp4jt1\/2025\/11\/talking-bot-125x125.png\",\"caption\":\"Telinha\"},\"sameAs\":[\"https:\/\/portaltela.pt\/\"],\"url\":\"https:\/\/portaltela.pt\/por\/367410592786\/\"}]}<\/script>\n<!-- \/ Yoast SEO plugin. -->","yoast_head_json":{"title":"Comiss\u00e3o Europeia busca medidas vinculativas contra Google em seis meses - Portal Tela Portugal","robots":{"index":"index","follow":"follow","max-snippet":"max-snippet:-1","max-image-preview":"max-image-preview:large","max-video-preview":"max-video-preview:-1"},"og_locale":"pt_PT","og_type":"article","og_title":"Comiss\u00e3o Europeia busca medidas vinculativas contra Google em seis meses - Portal Tela Portugal","og_description":"A Comiss\u00e3o Europeia pretende apresentar, no prazo de seis meses, medidas vinculativas que a Google ter\u00e1 de adoptar, no \u00e2mbito do Regulamento dos Mercados Digitais (DMA). Os processos de especifica\u00e7\u00e3o abertos em 27 de janeiro visam impor obriga\u00e7\u00f5es de interoperabilidade e partilha de dados de pesquisa, com o objetivo de chegar a um conjunto de medidas obrigat\u00f3rias. At\u00e9 abril haver\u00e1 uma consulta p\u00fablica sobre o projeto de medidas para assegurar o cumprimento eficaz do DMA pela Google. A regi\u00e3o procura garantir que a Google conceda aos programadores terceiros acesso \u00e0s mesmas funcionalidades do Android usadas nos seus servi\u00e7os de IA, como o Gemini, incluindo controlo por voz e integra\u00e7\u00e3o com outras aplica\u00e7\u00f5es. O DMA, em vigor desde novembro de dois mil e vinte e dois, define regras para grandes plataformas digitais na UE, incluindo Google, Amazon, Apple, Meta e Microsoft.","og_url":"https:\/\/portaltela.pt\/noticias\/2026\/02\/13\/comissao-europeia-busca-medidas-vinculativas-contra-google-em-seis-meses\/","og_site_name":"Portal Tela Portugal","article_published_time":"2026-02-13T14:46:24+00:00","author":"Telinha","twitter_card":"summary_large_image","twitter_misc":{"Escrito por":"Telinha","Tempo estimado de leitura":"1 minuto"},"schema":{"@context":"https:\/\/schema.org","@graph":[{"@type":"Article","@id":"https:\/\/portaltela.pt\/noticias\/2026\/02\/13\/comissao-europeia-busca-medidas-vinculativas-contra-google-em-seis-meses\/#article","isPartOf":{"@id":"https:\/\/portaltela.pt\/noticias\/2026\/02\/13\/comissao-europeia-busca-medidas-vinculativas-contra-google-em-seis-meses\/"},"author":{"name":"Telinha","@id":"https:\/\/portaltela.pt\/#\/schema\/person\/c4278d4a6028830caff9ee44b42d32ed"},"headline":"Comiss\u00e3o Europeia busca medidas vinculativas contra Google em seis meses","datePublished":"2026-02-13T14:46:24+00:00","mainEntityOfPage":{"@id":"https:\/\/portaltela.pt\/noticias\/2026\/02\/13\/comissao-europeia-busca-medidas-vinculativas-contra-google-em-seis-meses\/"},"wordCount":302,"image":{"@id":"https:\/\/portaltela.pt\/noticias\/2026\/02\/13\/comissao-europeia-busca-medidas-vinculativas-contra-google-em-seis-meses\/#primaryimage"},"thumbnailUrl":"https:\/\/portaltela.pt\/s.01k8rhncp4jt1\/2026\/02\/img_1500x1000uu2023-10-20-21-34-14-1472625.jpg","keywords":["informa\u00e7\u00e3o","intelig\u00eancia artificial","interoperabilidade","Regulamento dos Mercados Digitais","tecnologia","Uni\u00e3o Europeia"],"articleSection":["Internacional","Not\u00edcias"],"inLanguage":"pt-PT"},{"@type":"WebPage","@id":"https:\/\/portaltela.pt\/noticias\/2026\/02\/13\/comissao-europeia-busca-medidas-vinculativas-contra-google-em-seis-meses\/","url":"https:\/\/portaltela.pt\/noticias\/2026\/02\/13\/comissao-europeia-busca-medidas-vinculativas-contra-google-em-seis-meses\/","name":"Comiss\u00e3o Europeia busca medidas vinculativas contra Google em seis meses - Portal Tela Portugal","isPartOf":{"@id":"https:\/\/portaltela.pt\/#website"},"primaryImageOfPage":{"@id":"https:\/\/portaltela.pt\/noticias\/2026\/02\/13\/comissao-europeia-busca-medidas-vinculativas-contra-google-em-seis-meses\/#primaryimage"},"image":{"@id":"https:\/\/portaltela.pt\/noticias\/2026\/02\/13\/comissao-europeia-busca-medidas-vinculativas-contra-google-em-seis-meses\/#primaryimage"},"thumbnailUrl":"https:\/\/portaltela.pt\/s.01k8rhncp4jt1\/2026\/02\/img_1500x1000uu2023-10-20-21-34-14-1472625.jpg","datePublished":"2026-02-13T14:46:24+00:00","author":{"@id":"https:\/\/portaltela.pt\/#\/schema\/person\/c4278d4a6028830caff9ee44b42d32ed"},"breadcrumb":{"@id":"https:\/\/portaltela.pt\/noticias\/2026\/02\/13\/comissao-europeia-busca-medidas-vinculativas-contra-google-em-seis-meses\/#breadcrumb"},"inLanguage":"pt-PT","potentialAction":[{"@type":"ReadAction","target":["https:\/\/portaltela.pt\/noticias\/2026\/02\/13\/comissao-europeia-busca-medidas-vinculativas-contra-google-em-seis-meses\/"]}]},{"@type":"ImageObject","inLanguage":"pt-PT","@id":"https:\/\/portaltela.pt\/noticias\/2026\/02\/13\/comissao-europeia-busca-medidas-vinculativas-contra-google-em-seis-meses\/#primaryimage","url":"https:\/\/portaltela.pt\/s.01k8rhncp4jt1\/2026\/02\/img_1500x1000uu2023-10-20-21-34-14-1472625.jpg","contentUrl":"https:\/\/portaltela.pt\/s.01k8rhncp4jt1\/2026\/02\/img_1500x1000uu2023-10-20-21-34-14-1472625.jpg","width":796,"height":448,"caption":"Google"},{"@type":"BreadcrumbList","@id":"https:\/\/portaltela.pt\/noticias\/2026\/02\/13\/comissao-europeia-busca-medidas-vinculativas-contra-google-em-seis-meses\/#breadcrumb","itemListElement":[{"@type":"ListItem","position":1,"name":"In\u00edcio","item":"https:\/\/portaltela.pt\/"},{"@type":"ListItem","position":2,"name":"Comiss\u00e3o Europeia busca medidas vinculativas contra Google em seis meses"}]},{"@type":"WebSite","@id":"https:\/\/portaltela.pt\/#website","url":"https:\/\/portaltela.pt\/","name":"Portal Tela Portugal","description":"","potentialAction":[{"@type":"SearchAction","target":{"@type":"EntryPoint","urlTemplate":"https:\/\/portaltela.pt\/?s={search_term_string}"},"query-input":{"@type":"PropertyValueSpecification","valueRequired":true,"valueName":"search_term_string"}}],"inLanguage":"pt-PT"},{"@type":"Person","@id":"https:\/\/portaltela.pt\/#\/schema\/person\/c4278d4a6028830caff9ee44b42d32ed","name":"Telinha","image":{"@type":"ImageObject","inLanguage":"pt-PT","@id":"https:\/\/portaltela.pt\/s.01k8rhncp4jt1\/2025\/11\/talking-bot-125x125.png","url":"https:\/\/portaltela.pt\/s.01k8rhncp4jt1\/2025\/11\/talking-bot-125x125.png","contentUrl":"https:\/\/portaltela.pt\/s.01k8rhncp4jt1\/2025\/11\/talking-bot-125x125.png","caption":"Telinha"},"sameAs":["https:\/\/portaltela.pt\/"],"url":"https:\/\/portaltela.pt\/por\/367410592786\/"}]}},"_links":{"self":[{"href":"https:\/\/portaltela.pt\/api\/wp\/v2\/posts\/211071","targetHints":{"allow":["GET"]}}],"collection":[{"href":"https:\/\/portaltela.pt\/api\/wp\/v2\/posts"}],"about":[{"href":"https:\/\/portaltela.pt\/api\/wp\/v2\/types\/post"}],"author":[{"embeddable":true,"href":"https:\/\/portaltela.pt\/api\/wp\/v2\/users\/2"}],"replies":[{"embeddable":true,"href":"https:\/\/portaltela.pt\/api\/wp\/v2\/comments?post=211071"}],"version-history":[{"count":0,"href":"https:\/\/portaltela.pt\/api\/wp\/v2\/posts\/211071\/revisions"}],"wp:featuredmedia":[{"embeddable":true,"href":"https:\/\/portaltela.pt\/api\/wp\/v2\/media\/211076"}],"wp:attachment":[{"href":"https:\/\/portaltela.pt\/api\/wp\/v2\/media?parent=211071"}],"wp:term":[{"taxonomy":"category","embeddable":true,"href":"https:\/\/portaltela.pt\/api\/wp\/v2\/categories?post=211071"},{"taxonomy":"post_tag","embeddable":true,"href":"https:\/\/portaltela.pt\/api\/wp\/v2\/tags?post=211071"}],"curies":[{"name":"wp","href":"https:\/\/api.w.org\/{rel}","templated":true}]}}