{"id":211053,"date":"2026-02-13T11:37:00","date_gmt":"2026-02-13T14:37:00","guid":{"rendered":"https:\/\/portaltela.pt\/noticias\/2026\/02\/13\/mais-de-metade-das-reformadas-recebe-pensao-minima\/"},"modified":"2026-02-13T11:37:00","modified_gmt":"2026-02-13T14:37:00","slug":"mais-de-metade-das-reformadas-recebe-pensao-minima","status":"publish","type":"post","link":"https:\/\/portaltela.pt\/noticias\/2026\/02\/13\/mais-de-metade-das-reformadas-recebe-pensao-minima\/","title":{"rendered":"Mais de metade das reformadas recebe pens\u00e3o m\u00ednima"},"content":{"rendered":"<p>Mais de metade das pensionistas em Portugal recebem uma pens\u00e3o m\u00ednima, segundo o relat\u00f3rio &#8220;Os pensionistas de velhice em Portugal&#8221; do Banco de Portugal, publicado esta sexta-feira. O dado evidencia desigualdades estruturais no sistema de reformas e no mercado de trabalho.<\/p>\n<p>Cerca de 60% das mulheres pensionistas estavam a receber pens\u00e3o m\u00ednima, face a apenas 19% dos homens na mesma condi\u00e7\u00e3o. Os n\u00fameros destacam a diferen\u00e7a de tratamento entre os g\u00e9neros ao longo da vida ativa.<\/p>\n<p>A pens\u00e3o m\u00e9dia feminina, em 2024, situava-se em 490 euros, cerca de 40% abaixo da masculina. Este diferencial at\u00e9 melhorou relativamente a 2018, quando a diferen\u00e7a era de 44%.<\/p>\n<h3>Desigualdades persistem<\/h3>\n<p>Os dados refor\u00e7am a rela\u00e7\u00e3o entre sal\u00e1rios ao longo da carreira e valores recebidos na reforma, apontando para impactos significativos do g\u00e9nero no acesso a pens\u00f5es mais robustas. A an\u00e1lise do Banco de Portugal sublinha a necessidade de pol\u00edticas p\u00fablicas que atuem nessa lacuna.<\/p>\n","protected":false},"excerpt":{"rendered":"<ul>\n<li>O relat\u00f3rio &#8220;Os pensionistas de velhice em Portugal&#8221; do Banco de Portugal, publicado esta sexta-feira, mostra que mais de metade das pensionistas em Portugal recebem pens\u00e3o m\u00ednima.<\/li>\n<li>Cerca de sessenta por cento das mulheres pensionistas recebem pens\u00e3o m\u00ednima, contra dezoito ou dezenove por cento dos homens.<\/li>\n<li>Em 2024, a pens\u00e3o m\u00e9dia das mulheres \u00e9 de quinhentos euros, cerca de quarenta por cento inferior \u00e0 dos homens.<\/li>\n<li>O diferencial diminuiu face a 2018, quando o gap era de quarenta e quatro por cento.<\/li>\n<li>O estudo aponta desigualdades estruturais no sistema de reformas e no mercado de trabalho.<\/li>\n<\/ul>\n","protected":false},"author":2,"featured_media":211057,"comment_status":"closed","ping_status":"closed","sticky":false,"template":"","format":"standard","meta":{"footnotes":""},"categories":[1],"tags":[2862,28,3027,2701,2205,243],"class_list":["post-211053","post","type-post","status-publish","format-standard","has-post-thumbnail","hentry","category-noticias","tag-desigualdades-salariais","tag-economia","tag-igualdade-de-genero-desafios-na-atualidade","tag-mulheres","tag-pensionistas","tag-seguranca-social"],"yoast_head":"<!-- This site is optimized with the Yoast SEO plugin v27.2 - https:\/\/yoast.com\/product\/yoast-seo-wordpress\/ -->\n<title>Mais de metade das reformadas recebe pens\u00e3o m\u00ednima - Portal Tela Portugal<\/title>\n<meta name=\"robots\" content=\"index, follow, max-snippet:-1, max-image-preview:large, max-video-preview:-1\" \/>\n<meta property=\"og:locale\" content=\"pt_PT\" \/>\n<meta property=\"og:type\" content=\"article\" \/>\n<meta property=\"og:title\" content=\"Mais de metade das reformadas recebe pens\u00e3o m\u00ednima - Portal Tela Portugal\" \/>\n<meta property=\"og:description\" content=\"O relat\u00f3rio &quot;Os pensionistas de velhice em Portugal&quot; do Banco de Portugal, publicado esta sexta-feira, mostra que mais de metade das pensionistas em Portugal recebem pens\u00e3o m\u00ednima. Cerca de sessenta por cento das mulheres pensionistas recebem pens\u00e3o m\u00ednima, contra dezoito ou dezenove por cento dos homens. Em 2024, a pens\u00e3o m\u00e9dia das mulheres \u00e9 de quinhentos euros, cerca de quarenta por cento inferior \u00e0 dos homens. O diferencial diminuiu face a 2018, quando o gap era de quarenta e quatro por cento. O estudo aponta desigualdades estruturais no sistema de reformas e no mercado de trabalho.\" \/>\n<meta property=\"og:url\" content=\"https:\/\/portaltela.pt\/noticias\/2026\/02\/13\/mais-de-metade-das-reformadas-recebe-pensao-minima\/\" \/>\n<meta property=\"og:site_name\" content=\"Portal Tela Portugal\" \/>\n<meta property=\"article:published_time\" content=\"2026-02-13T14:37:00+00:00\" \/>\n<meta name=\"author\" content=\"Telinha\" \/>\n<meta name=\"twitter:card\" content=\"summary_large_image\" \/>\n<meta name=\"twitter:label1\" content=\"Escrito por\" \/>\n\t<meta name=\"twitter:data1\" content=\"Telinha\" \/>\n\t<meta name=\"twitter:label2\" content=\"Tempo estimado de leitura\" \/>\n\t<meta name=\"twitter:data2\" content=\"1 minuto\" \/>\n<script type=\"application\/ld+json\" class=\"yoast-schema-graph\">{\"@context\":\"https:\/\/schema.org\",\"@graph\":[{\"@type\":\"Article\",\"@id\":\"https:\/\/portaltela.pt\/noticias\/2026\/02\/13\/mais-de-metade-das-reformadas-recebe-pensao-minima\/#article\",\"isPartOf\":{\"@id\":\"https:\/\/portaltela.pt\/noticias\/2026\/02\/13\/mais-de-metade-das-reformadas-recebe-pensao-minima\/\"},\"author\":{\"name\":\"Telinha\",\"@id\":\"https:\/\/portaltela.pt\/#\/schema\/person\/c4278d4a6028830caff9ee44b42d32ed\"},\"headline\":\"Mais de metade das reformadas recebe pens\u00e3o m\u00ednima\",\"datePublished\":\"2026-02-13T14:37:00+00:00\",\"mainEntityOfPage\":{\"@id\":\"https:\/\/portaltela.pt\/noticias\/2026\/02\/13\/mais-de-metade-das-reformadas-recebe-pensao-minima\/\"},\"wordCount\":174,\"image\":{\"@id\":\"https:\/\/portaltela.pt\/noticias\/2026\/02\/13\/mais-de-metade-das-reformadas-recebe-pensao-minima\/#primaryimage\"},\"thumbnailUrl\":\"https:\/\/portaltela.pt\/s.01k8rhncp4jt1\/2026\/02\/image-1043.jpg\",\"keywords\":[\"desigualdades salariais\",\"economia\",\"Igualdade de G\u00e9nero \u2013 Desafios na Atualidade\",\"Mulheres\",\"pensionistas\",\"seguran\u00e7a social\"],\"articleSection\":[\"Not\u00edcias\"],\"inLanguage\":\"pt-PT\"},{\"@type\":\"WebPage\",\"@id\":\"https:\/\/portaltela.pt\/noticias\/2026\/02\/13\/mais-de-metade-das-reformadas-recebe-pensao-minima\/\",\"url\":\"https:\/\/portaltela.pt\/noticias\/2026\/02\/13\/mais-de-metade-das-reformadas-recebe-pensao-minima\/\",\"name\":\"Mais de metade das reformadas recebe pens\u00e3o m\u00ednima - Portal Tela Portugal\",\"isPartOf\":{\"@id\":\"https:\/\/portaltela.pt\/#website\"},\"primaryImageOfPage\":{\"@id\":\"https:\/\/portaltela.pt\/noticias\/2026\/02\/13\/mais-de-metade-das-reformadas-recebe-pensao-minima\/#primaryimage\"},\"image\":{\"@id\":\"https:\/\/portaltela.pt\/noticias\/2026\/02\/13\/mais-de-metade-das-reformadas-recebe-pensao-minima\/#primaryimage\"},\"thumbnailUrl\":\"https:\/\/portaltela.pt\/s.01k8rhncp4jt1\/2026\/02\/image-1043.jpg\",\"datePublished\":\"2026-02-13T14:37:00+00:00\",\"author\":{\"@id\":\"https:\/\/portaltela.pt\/#\/schema\/person\/c4278d4a6028830caff9ee44b42d32ed\"},\"breadcrumb\":{\"@id\":\"https:\/\/portaltela.pt\/noticias\/2026\/02\/13\/mais-de-metade-das-reformadas-recebe-pensao-minima\/#breadcrumb\"},\"inLanguage\":\"pt-PT\",\"potentialAction\":[{\"@type\":\"ReadAction\",\"target\":[\"https:\/\/portaltela.pt\/noticias\/2026\/02\/13\/mais-de-metade-das-reformadas-recebe-pensao-minima\/\"]}]},{\"@type\":\"ImageObject\",\"inLanguage\":\"pt-PT\",\"@id\":\"https:\/\/portaltela.pt\/noticias\/2026\/02\/13\/mais-de-metade-das-reformadas-recebe-pensao-minima\/#primaryimage\",\"url\":\"https:\/\/portaltela.pt\/s.01k8rhncp4jt1\/2026\/02\/image-1043.jpg\",\"contentUrl\":\"https:\/\/portaltela.pt\/s.01k8rhncp4jt1\/2026\/02\/image-1043.jpg\",\"width\":796,\"height\":448,\"caption\":\"Mulheres reformadas t\u00eam pens\u00f5es mais baixas devido a desigualdades salariais de g\u00e9nero ao longo da vida ativa\"},{\"@type\":\"BreadcrumbList\",\"@id\":\"https:\/\/portaltela.pt\/noticias\/2026\/02\/13\/mais-de-metade-das-reformadas-recebe-pensao-minima\/#breadcrumb\",\"itemListElement\":[{\"@type\":\"ListItem\",\"position\":1,\"name\":\"In\u00edcio\",\"item\":\"https:\/\/portaltela.pt\/\"},{\"@type\":\"ListItem\",\"position\":2,\"name\":\"Mais de metade das reformadas recebe pens\u00e3o m\u00ednima\"}]},{\"@type\":\"WebSite\",\"@id\":\"https:\/\/portaltela.pt\/#website\",\"url\":\"https:\/\/portaltela.pt\/\",\"name\":\"Portal Tela Portugal\",\"description\":\"\",\"potentialAction\":[{\"@type\":\"SearchAction\",\"target\":{\"@type\":\"EntryPoint\",\"urlTemplate\":\"https:\/\/portaltela.pt\/?s={search_term_string}\"},\"query-input\":{\"@type\":\"PropertyValueSpecification\",\"valueRequired\":true,\"valueName\":\"search_term_string\"}}],\"inLanguage\":\"pt-PT\"},{\"@type\":\"Person\",\"@id\":\"https:\/\/portaltela.pt\/#\/schema\/person\/c4278d4a6028830caff9ee44b42d32ed\",\"name\":\"Telinha\",\"image\":{\"@type\":\"ImageObject\",\"inLanguage\":\"pt-PT\",\"@id\":\"https:\/\/portaltela.pt\/s.01k8rhncp4jt1\/2025\/11\/talking-bot-125x125.png\",\"url\":\"https:\/\/portaltela.pt\/s.01k8rhncp4jt1\/2025\/11\/talking-bot-125x125.png\",\"contentUrl\":\"https:\/\/portaltela.pt\/s.01k8rhncp4jt1\/2025\/11\/talking-bot-125x125.png\",\"caption\":\"Telinha\"},\"sameAs\":[\"https:\/\/portaltela.pt\/\"],\"url\":\"https:\/\/portaltela.pt\/por\/367410592786\/\"}]}<\/script>\n<!-- \/ Yoast SEO plugin. -->","yoast_head_json":{"title":"Mais de metade das reformadas recebe pens\u00e3o m\u00ednima - Portal Tela Portugal","robots":{"index":"index","follow":"follow","max-snippet":"max-snippet:-1","max-image-preview":"max-image-preview:large","max-video-preview":"max-video-preview:-1"},"og_locale":"pt_PT","og_type":"article","og_title":"Mais de metade das reformadas recebe pens\u00e3o m\u00ednima - Portal Tela Portugal","og_description":"O relat\u00f3rio \"Os pensionistas de velhice em Portugal\" do Banco de Portugal, publicado esta sexta-feira, mostra que mais de metade das pensionistas em Portugal recebem pens\u00e3o m\u00ednima. Cerca de sessenta por cento das mulheres pensionistas recebem pens\u00e3o m\u00ednima, contra dezoito ou dezenove por cento dos homens. Em 2024, a pens\u00e3o m\u00e9dia das mulheres \u00e9 de quinhentos euros, cerca de quarenta por cento inferior \u00e0 dos homens. O diferencial diminuiu face a 2018, quando o gap era de quarenta e quatro por cento. O estudo aponta desigualdades estruturais no sistema de reformas e no mercado de trabalho.","og_url":"https:\/\/portaltela.pt\/noticias\/2026\/02\/13\/mais-de-metade-das-reformadas-recebe-pensao-minima\/","og_site_name":"Portal Tela Portugal","article_published_time":"2026-02-13T14:37:00+00:00","author":"Telinha","twitter_card":"summary_large_image","twitter_misc":{"Escrito por":"Telinha","Tempo estimado de leitura":"1 minuto"},"schema":{"@context":"https:\/\/schema.org","@graph":[{"@type":"Article","@id":"https:\/\/portaltela.pt\/noticias\/2026\/02\/13\/mais-de-metade-das-reformadas-recebe-pensao-minima\/#article","isPartOf":{"@id":"https:\/\/portaltela.pt\/noticias\/2026\/02\/13\/mais-de-metade-das-reformadas-recebe-pensao-minima\/"},"author":{"name":"Telinha","@id":"https:\/\/portaltela.pt\/#\/schema\/person\/c4278d4a6028830caff9ee44b42d32ed"},"headline":"Mais de metade das reformadas recebe pens\u00e3o m\u00ednima","datePublished":"2026-02-13T14:37:00+00:00","mainEntityOfPage":{"@id":"https:\/\/portaltela.pt\/noticias\/2026\/02\/13\/mais-de-metade-das-reformadas-recebe-pensao-minima\/"},"wordCount":174,"image":{"@id":"https:\/\/portaltela.pt\/noticias\/2026\/02\/13\/mais-de-metade-das-reformadas-recebe-pensao-minima\/#primaryimage"},"thumbnailUrl":"https:\/\/portaltela.pt\/s.01k8rhncp4jt1\/2026\/02\/image-1043.jpg","keywords":["desigualdades salariais","economia","Igualdade de G\u00e9nero \u2013 Desafios na Atualidade","Mulheres","pensionistas","seguran\u00e7a social"],"articleSection":["Not\u00edcias"],"inLanguage":"pt-PT"},{"@type":"WebPage","@id":"https:\/\/portaltela.pt\/noticias\/2026\/02\/13\/mais-de-metade-das-reformadas-recebe-pensao-minima\/","url":"https:\/\/portaltela.pt\/noticias\/2026\/02\/13\/mais-de-metade-das-reformadas-recebe-pensao-minima\/","name":"Mais de metade das reformadas recebe pens\u00e3o m\u00ednima - Portal Tela Portugal","isPartOf":{"@id":"https:\/\/portaltela.pt\/#website"},"primaryImageOfPage":{"@id":"https:\/\/portaltela.pt\/noticias\/2026\/02\/13\/mais-de-metade-das-reformadas-recebe-pensao-minima\/#primaryimage"},"image":{"@id":"https:\/\/portaltela.pt\/noticias\/2026\/02\/13\/mais-de-metade-das-reformadas-recebe-pensao-minima\/#primaryimage"},"thumbnailUrl":"https:\/\/portaltela.pt\/s.01k8rhncp4jt1\/2026\/02\/image-1043.jpg","datePublished":"2026-02-13T14:37:00+00:00","author":{"@id":"https:\/\/portaltela.pt\/#\/schema\/person\/c4278d4a6028830caff9ee44b42d32ed"},"breadcrumb":{"@id":"https:\/\/portaltela.pt\/noticias\/2026\/02\/13\/mais-de-metade-das-reformadas-recebe-pensao-minima\/#breadcrumb"},"inLanguage":"pt-PT","potentialAction":[{"@type":"ReadAction","target":["https:\/\/portaltela.pt\/noticias\/2026\/02\/13\/mais-de-metade-das-reformadas-recebe-pensao-minima\/"]}]},{"@type":"ImageObject","inLanguage":"pt-PT","@id":"https:\/\/portaltela.pt\/noticias\/2026\/02\/13\/mais-de-metade-das-reformadas-recebe-pensao-minima\/#primaryimage","url":"https:\/\/portaltela.pt\/s.01k8rhncp4jt1\/2026\/02\/image-1043.jpg","contentUrl":"https:\/\/portaltela.pt\/s.01k8rhncp4jt1\/2026\/02\/image-1043.jpg","width":796,"height":448,"caption":"Mulheres reformadas t\u00eam pens\u00f5es mais baixas devido a desigualdades salariais de g\u00e9nero ao longo da vida ativa"},{"@type":"BreadcrumbList","@id":"https:\/\/portaltela.pt\/noticias\/2026\/02\/13\/mais-de-metade-das-reformadas-recebe-pensao-minima\/#breadcrumb","itemListElement":[{"@type":"ListItem","position":1,"name":"In\u00edcio","item":"https:\/\/portaltela.pt\/"},{"@type":"ListItem","position":2,"name":"Mais de metade das reformadas recebe pens\u00e3o m\u00ednima"}]},{"@type":"WebSite","@id":"https:\/\/portaltela.pt\/#website","url":"https:\/\/portaltela.pt\/","name":"Portal Tela Portugal","description":"","potentialAction":[{"@type":"SearchAction","target":{"@type":"EntryPoint","urlTemplate":"https:\/\/portaltela.pt\/?s={search_term_string}"},"query-input":{"@type":"PropertyValueSpecification","valueRequired":true,"valueName":"search_term_string"}}],"inLanguage":"pt-PT"},{"@type":"Person","@id":"https:\/\/portaltela.pt\/#\/schema\/person\/c4278d4a6028830caff9ee44b42d32ed","name":"Telinha","image":{"@type":"ImageObject","inLanguage":"pt-PT","@id":"https:\/\/portaltela.pt\/s.01k8rhncp4jt1\/2025\/11\/talking-bot-125x125.png","url":"https:\/\/portaltela.pt\/s.01k8rhncp4jt1\/2025\/11\/talking-bot-125x125.png","contentUrl":"https:\/\/portaltela.pt\/s.01k8rhncp4jt1\/2025\/11\/talking-bot-125x125.png","caption":"Telinha"},"sameAs":["https:\/\/portaltela.pt\/"],"url":"https:\/\/portaltela.pt\/por\/367410592786\/"}]}},"_links":{"self":[{"href":"https:\/\/portaltela.pt\/api\/wp\/v2\/posts\/211053","targetHints":{"allow":["GET"]}}],"collection":[{"href":"https:\/\/portaltela.pt\/api\/wp\/v2\/posts"}],"about":[{"href":"https:\/\/portaltela.pt\/api\/wp\/v2\/types\/post"}],"author":[{"embeddable":true,"href":"https:\/\/portaltela.pt\/api\/wp\/v2\/users\/2"}],"replies":[{"embeddable":true,"href":"https:\/\/portaltela.pt\/api\/wp\/v2\/comments?post=211053"}],"version-history":[{"count":0,"href":"https:\/\/portaltela.pt\/api\/wp\/v2\/posts\/211053\/revisions"}],"wp:featuredmedia":[{"embeddable":true,"href":"https:\/\/portaltela.pt\/api\/wp\/v2\/media\/211057"}],"wp:attachment":[{"href":"https:\/\/portaltela.pt\/api\/wp\/v2\/media?parent=211053"}],"wp:term":[{"taxonomy":"category","embeddable":true,"href":"https:\/\/portaltela.pt\/api\/wp\/v2\/categories?post=211053"},{"taxonomy":"post_tag","embeddable":true,"href":"https:\/\/portaltela.pt\/api\/wp\/v2\/tags?post=211053"}],"curies":[{"name":"wp","href":"https:\/\/api.w.org\/{rel}","templated":true}]}}