{"id":211009,"date":"2026-02-13T11:08:00","date_gmt":"2026-02-13T14:08:00","guid":{"rendered":"https:\/\/portaltela.pt\/noticias\/2026\/02\/13\/francisco-costa-eleito-melhor-andebolista-mundial-jovem-de-2025\/"},"modified":"2026-02-13T11:08:00","modified_gmt":"2026-02-13T14:08:00","slug":"francisco-costa-eleito-melhor-andebolista-mundial-jovem-de-2025","status":"publish","type":"post","link":"https:\/\/portaltela.pt\/desporto\/2026\/02\/13\/francisco-costa-eleito-melhor-andebolista-mundial-jovem-de-2025\/","title":{"rendered":"Francisco Costa eleito melhor andebolista mundial jovem de 2025"},"content":{"rendered":"<p>Francisco Costa, atleta do Sporting, foi eleito nesta sexta-feira o melhor andebolista mundial jovem de 2025. O lateral-direito internacional portugu\u00eas tornou-se no primeiro jogador de Portugal a conquistar uma distin\u00e7\u00e3o de alto n\u00edvel da IHF.<\/p>\n<p>A vota\u00e7\u00e3o decorreu entre 25 de janeiro e 10 de fevereiro de 2026, com Costa a obter 80% dos votos dos treinadores mundiais e da Comiss\u00e3o de Treinadores e M\u00e9todos da IHF. Os finalistas foram \u00d3li Mitt\u00fan, das Ilhas Faro\u00e9, e Nikola Roganovic, da Su\u00e9cia.<\/p>\n<p>No Europeu de 2026, Portugal terminou no quinto lugar, a melhor posi\u00e7\u00e3o de sempre, com Costa a destacar-se como melhor jovem, o melhor lateral direito e o terceiro melhor marcador. Gidsel foi eleito o melhor jogador mundial de 2025.<\/p>\n<h3>Contexto e impacto<\/h3>\n<p>Costa teve papel central no Mundial de 2025, onde Portugal alcan\u00e7ou a quarta posi\u00e7\u00e3o, tamb\u00e9m com o jogador em destaque como melhor jovem e segundo melhor marcador. O atleta mant\u00e9m-se como refer\u00eancia do Sporting, que \u00e9 bicampe\u00e3o nacional e lidera o campeonato de 2025\/26, ao lado do irm\u00e3o Martim Costa.<\/p>\n<p>Gidsel tornou-se o primeiro a ganhar o pr\u00e9mio mundial tr\u00eas vezes seguidas (2023, 2024, 2025), aproximando-se de recordes de Hansen e Karabati\u0107. O desempenho de Costa, no entanto, consolidou-o como pilar da sele\u00e7\u00e3o nacional e da equipa leonina.<\/p>\n","protected":false},"excerpt":{"rendered":"<ul>\n<li>Francisco Costa, jogador do Sporting, foi eleito o melhor andebolista mundial jovem de 2025, tornando-se o primeiro portugu\u00eas a receber esta distin\u00e7\u00e3o da Federa\u00e7\u00e3o Internacional de Andebol (IHF).<\/li>\n<li>O defesa lateral direito, de 20 anos, destacou-se \u00e0 frente de \u00d3li Mitt\u00fan (Ilhas Faro\u00e9) e Nikola Roganovic (Su\u00e9cia) na vota\u00e7\u00e3o realizada entre vinte e cinco de janeiro e dez de fevereiro de dois mil e vinte e seis.<\/li>\n<li>Costa foi figura central da sele\u00e7\u00e3o portuguesa no Europeu de dois mil e vinte e seis, que terminou no quinto lugar, destacando-se como melhor jovem, melhor lateral direito e terceiro melhor marcador.<\/li>\n<li>Portugal atingiu a melhor classifica\u00e7\u00e3o de sempre no Mundial de dois mil e vinte e cinco, ao terminar em quarto lugar, com Costa reconhecido como melhor jogador jovem e segundo melhor marcador.<\/li>\n<li>O atleta tem sido uma pe\u00e7a-chave do Sporting, que \u00e9 bicampe\u00e3o nacional e lidera o campeonato de dois mil e vinte e cinco\/vinte e seis, contando com o apoio do irm\u00e3o Martim Costa.<\/li>\n<\/ul>\n","protected":false},"author":2,"featured_media":211010,"comment_status":"closed","ping_status":"closed","sticky":false,"template":"","format":"standard","meta":{"footnotes":""},"categories":[21],"tags":[279,152,4849,1014,2057,1652],"class_list":["post-211009","post","type-post","status-publish","format-standard","has-post-thumbnail","hentry","category-desporto","tag-atleta-do-ano","tag-desporto","tag-handebol","tag-portugal","tag-selecao-nacional","tag-sporting"],"yoast_head":"<!-- This site is optimized with the Yoast SEO plugin v27.2 - https:\/\/yoast.com\/product\/yoast-seo-wordpress\/ -->\n<title>Francisco Costa eleito melhor andebolista mundial jovem de 2025 - Portal Tela Portugal<\/title>\n<meta name=\"robots\" content=\"index, follow, max-snippet:-1, max-image-preview:large, max-video-preview:-1\" \/>\n<meta property=\"og:locale\" content=\"pt_PT\" \/>\n<meta property=\"og:type\" content=\"article\" \/>\n<meta property=\"og:title\" content=\"Francisco Costa eleito melhor andebolista mundial jovem de 2025 - Portal Tela Portugal\" \/>\n<meta property=\"og:description\" content=\"Francisco Costa, jogador do Sporting, foi eleito o melhor andebolista mundial jovem de 2025, tornando-se o primeiro portugu\u00eas a receber esta distin\u00e7\u00e3o da Federa\u00e7\u00e3o Internacional de Andebol (IHF). O defesa lateral direito, de 20 anos, destacou-se \u00e0 frente de \u00d3li Mitt\u00fan (Ilhas Faro\u00e9) e Nikola Roganovic (Su\u00e9cia) na vota\u00e7\u00e3o realizada entre vinte e cinco de janeiro e dez de fevereiro de dois mil e vinte e seis. Costa foi figura central da sele\u00e7\u00e3o portuguesa no Europeu de dois mil e vinte e seis, que terminou no quinto lugar, destacando-se como melhor jovem, melhor lateral direito e terceiro melhor marcador. Portugal atingiu a melhor classifica\u00e7\u00e3o de sempre no Mundial de dois mil e vinte e cinco, ao terminar em quarto lugar, com Costa reconhecido como melhor jogador jovem e segundo melhor marcador. O atleta tem sido uma pe\u00e7a-chave do Sporting, que \u00e9 bicampe\u00e3o nacional e lidera o campeonato de dois mil e vinte e cinco\/vinte e seis, contando com o apoio do irm\u00e3o Martim Costa.\" \/>\n<meta property=\"og:url\" content=\"https:\/\/portaltela.pt\/noticias\/2026\/02\/13\/francisco-costa-eleito-melhor-andebolista-mundial-jovem-de-2025\/\" \/>\n<meta property=\"og:site_name\" content=\"Portal Tela Portugal\" \/>\n<meta property=\"article:published_time\" content=\"2026-02-13T14:08:00+00:00\" \/>\n<meta name=\"author\" content=\"Telinha\" \/>\n<meta name=\"twitter:card\" content=\"summary_large_image\" \/>\n<meta name=\"twitter:label1\" content=\"Escrito por\" \/>\n\t<meta name=\"twitter:data1\" content=\"Telinha\" \/>\n\t<meta name=\"twitter:label2\" content=\"Tempo estimado de leitura\" \/>\n\t<meta name=\"twitter:data2\" content=\"1 minuto\" \/>\n<script type=\"application\/ld+json\" class=\"yoast-schema-graph\">{\"@context\":\"https:\/\/schema.org\",\"@graph\":[{\"@type\":\"Article\",\"@id\":\"https:\/\/portaltela.pt\/noticias\/2026\/02\/13\/francisco-costa-eleito-melhor-andebolista-mundial-jovem-de-2025\/#article\",\"isPartOf\":{\"@id\":\"https:\/\/portaltela.pt\/noticias\/2026\/02\/13\/francisco-costa-eleito-melhor-andebolista-mundial-jovem-de-2025\/\"},\"author\":{\"name\":\"Telinha\",\"@id\":\"https:\/\/portaltela.pt\/#\/schema\/person\/c4278d4a6028830caff9ee44b42d32ed\"},\"headline\":\"Francisco Costa eleito melhor andebolista mundial jovem de 2025\",\"datePublished\":\"2026-02-13T14:08:00+00:00\",\"mainEntityOfPage\":{\"@id\":\"https:\/\/portaltela.pt\/noticias\/2026\/02\/13\/francisco-costa-eleito-melhor-andebolista-mundial-jovem-de-2025\/\"},\"wordCount\":224,\"image\":{\"@id\":\"https:\/\/portaltela.pt\/noticias\/2026\/02\/13\/francisco-costa-eleito-melhor-andebolista-mundial-jovem-de-2025\/#primaryimage\"},\"thumbnailUrl\":\"https:\/\/portaltela.pt\/s.01k8rhncp4jt1\/2026\/02\/image-1039.jpg\",\"keywords\":[\"Atleta do Ano\",\"desporto\",\"handebol\",\"Portugal\",\"Sele\u00e7\u00e3o Nacional\",\"Sporting\"],\"articleSection\":[\"Desporto\"],\"inLanguage\":\"pt-PT\"},{\"@type\":\"WebPage\",\"@id\":\"https:\/\/portaltela.pt\/noticias\/2026\/02\/13\/francisco-costa-eleito-melhor-andebolista-mundial-jovem-de-2025\/\",\"url\":\"https:\/\/portaltela.pt\/noticias\/2026\/02\/13\/francisco-costa-eleito-melhor-andebolista-mundial-jovem-de-2025\/\",\"name\":\"Francisco Costa eleito melhor andebolista mundial jovem de 2025 - Portal Tela Portugal\",\"isPartOf\":{\"@id\":\"https:\/\/portaltela.pt\/#website\"},\"primaryImageOfPage\":{\"@id\":\"https:\/\/portaltela.pt\/noticias\/2026\/02\/13\/francisco-costa-eleito-melhor-andebolista-mundial-jovem-de-2025\/#primaryimage\"},\"image\":{\"@id\":\"https:\/\/portaltela.pt\/noticias\/2026\/02\/13\/francisco-costa-eleito-melhor-andebolista-mundial-jovem-de-2025\/#primaryimage\"},\"thumbnailUrl\":\"https:\/\/portaltela.pt\/s.01k8rhncp4jt1\/2026\/02\/image-1039.jpg\",\"datePublished\":\"2026-02-13T14:08:00+00:00\",\"author\":{\"@id\":\"https:\/\/portaltela.pt\/#\/schema\/person\/c4278d4a6028830caff9ee44b42d32ed\"},\"breadcrumb\":{\"@id\":\"https:\/\/portaltela.pt\/noticias\/2026\/02\/13\/francisco-costa-eleito-melhor-andebolista-mundial-jovem-de-2025\/#breadcrumb\"},\"inLanguage\":\"pt-PT\",\"potentialAction\":[{\"@type\":\"ReadAction\",\"target\":[\"https:\/\/portaltela.pt\/noticias\/2026\/02\/13\/francisco-costa-eleito-melhor-andebolista-mundial-jovem-de-2025\/\"]}]},{\"@type\":\"ImageObject\",\"inLanguage\":\"pt-PT\",\"@id\":\"https:\/\/portaltela.pt\/noticias\/2026\/02\/13\/francisco-costa-eleito-melhor-andebolista-mundial-jovem-de-2025\/#primaryimage\",\"url\":\"https:\/\/portaltela.pt\/s.01k8rhncp4jt1\/2026\/02\/image-1039.jpg\",\"contentUrl\":\"https:\/\/portaltela.pt\/s.01k8rhncp4jt1\/2026\/02\/image-1039.jpg\",\"width\":796,\"height\":448,\"caption\":\"Kiko Costa \u00e9 jogador do Sporting\"},{\"@type\":\"BreadcrumbList\",\"@id\":\"https:\/\/portaltela.pt\/noticias\/2026\/02\/13\/francisco-costa-eleito-melhor-andebolista-mundial-jovem-de-2025\/#breadcrumb\",\"itemListElement\":[{\"@type\":\"ListItem\",\"position\":1,\"name\":\"In\u00edcio\",\"item\":\"https:\/\/portaltela.pt\/\"},{\"@type\":\"ListItem\",\"position\":2,\"name\":\"Francisco Costa eleito melhor andebolista mundial jovem de 2025\"}]},{\"@type\":\"WebSite\",\"@id\":\"https:\/\/portaltela.pt\/#website\",\"url\":\"https:\/\/portaltela.pt\/\",\"name\":\"Portal Tela Portugal\",\"description\":\"\",\"potentialAction\":[{\"@type\":\"SearchAction\",\"target\":{\"@type\":\"EntryPoint\",\"urlTemplate\":\"https:\/\/portaltela.pt\/?s={search_term_string}\"},\"query-input\":{\"@type\":\"PropertyValueSpecification\",\"valueRequired\":true,\"valueName\":\"search_term_string\"}}],\"inLanguage\":\"pt-PT\"},{\"@type\":\"Person\",\"@id\":\"https:\/\/portaltela.pt\/#\/schema\/person\/c4278d4a6028830caff9ee44b42d32ed\",\"name\":\"Telinha\",\"image\":{\"@type\":\"ImageObject\",\"inLanguage\":\"pt-PT\",\"@id\":\"https:\/\/portaltela.pt\/s.01k8rhncp4jt1\/2025\/11\/talking-bot-125x125.png\",\"url\":\"https:\/\/portaltela.pt\/s.01k8rhncp4jt1\/2025\/11\/talking-bot-125x125.png\",\"contentUrl\":\"https:\/\/portaltela.pt\/s.01k8rhncp4jt1\/2025\/11\/talking-bot-125x125.png\",\"caption\":\"Telinha\"},\"sameAs\":[\"https:\/\/portaltela.pt\/\"],\"url\":\"https:\/\/portaltela.pt\/por\/367410592786\/\"}]}<\/script>\n<!-- \/ Yoast SEO plugin. -->","yoast_head_json":{"title":"Francisco Costa eleito melhor andebolista mundial jovem de 2025 - Portal Tela Portugal","robots":{"index":"index","follow":"follow","max-snippet":"max-snippet:-1","max-image-preview":"max-image-preview:large","max-video-preview":"max-video-preview:-1"},"og_locale":"pt_PT","og_type":"article","og_title":"Francisco Costa eleito melhor andebolista mundial jovem de 2025 - Portal Tela Portugal","og_description":"Francisco Costa, jogador do Sporting, foi eleito o melhor andebolista mundial jovem de 2025, tornando-se o primeiro portugu\u00eas a receber esta distin\u00e7\u00e3o da Federa\u00e7\u00e3o Internacional de Andebol (IHF). O defesa lateral direito, de 20 anos, destacou-se \u00e0 frente de \u00d3li Mitt\u00fan (Ilhas Faro\u00e9) e Nikola Roganovic (Su\u00e9cia) na vota\u00e7\u00e3o realizada entre vinte e cinco de janeiro e dez de fevereiro de dois mil e vinte e seis. Costa foi figura central da sele\u00e7\u00e3o portuguesa no Europeu de dois mil e vinte e seis, que terminou no quinto lugar, destacando-se como melhor jovem, melhor lateral direito e terceiro melhor marcador. Portugal atingiu a melhor classifica\u00e7\u00e3o de sempre no Mundial de dois mil e vinte e cinco, ao terminar em quarto lugar, com Costa reconhecido como melhor jogador jovem e segundo melhor marcador. O atleta tem sido uma pe\u00e7a-chave do Sporting, que \u00e9 bicampe\u00e3o nacional e lidera o campeonato de dois mil e vinte e cinco\/vinte e seis, contando com o apoio do irm\u00e3o Martim Costa.","og_url":"https:\/\/portaltela.pt\/noticias\/2026\/02\/13\/francisco-costa-eleito-melhor-andebolista-mundial-jovem-de-2025\/","og_site_name":"Portal Tela Portugal","article_published_time":"2026-02-13T14:08:00+00:00","author":"Telinha","twitter_card":"summary_large_image","twitter_misc":{"Escrito por":"Telinha","Tempo estimado de leitura":"1 minuto"},"schema":{"@context":"https:\/\/schema.org","@graph":[{"@type":"Article","@id":"https:\/\/portaltela.pt\/noticias\/2026\/02\/13\/francisco-costa-eleito-melhor-andebolista-mundial-jovem-de-2025\/#article","isPartOf":{"@id":"https:\/\/portaltela.pt\/noticias\/2026\/02\/13\/francisco-costa-eleito-melhor-andebolista-mundial-jovem-de-2025\/"},"author":{"name":"Telinha","@id":"https:\/\/portaltela.pt\/#\/schema\/person\/c4278d4a6028830caff9ee44b42d32ed"},"headline":"Francisco Costa eleito melhor andebolista mundial jovem de 2025","datePublished":"2026-02-13T14:08:00+00:00","mainEntityOfPage":{"@id":"https:\/\/portaltela.pt\/noticias\/2026\/02\/13\/francisco-costa-eleito-melhor-andebolista-mundial-jovem-de-2025\/"},"wordCount":224,"image":{"@id":"https:\/\/portaltela.pt\/noticias\/2026\/02\/13\/francisco-costa-eleito-melhor-andebolista-mundial-jovem-de-2025\/#primaryimage"},"thumbnailUrl":"https:\/\/portaltela.pt\/s.01k8rhncp4jt1\/2026\/02\/image-1039.jpg","keywords":["Atleta do Ano","desporto","handebol","Portugal","Sele\u00e7\u00e3o Nacional","Sporting"],"articleSection":["Desporto"],"inLanguage":"pt-PT"},{"@type":"WebPage","@id":"https:\/\/portaltela.pt\/noticias\/2026\/02\/13\/francisco-costa-eleito-melhor-andebolista-mundial-jovem-de-2025\/","url":"https:\/\/portaltela.pt\/noticias\/2026\/02\/13\/francisco-costa-eleito-melhor-andebolista-mundial-jovem-de-2025\/","name":"Francisco Costa eleito melhor andebolista mundial jovem de 2025 - Portal Tela Portugal","isPartOf":{"@id":"https:\/\/portaltela.pt\/#website"},"primaryImageOfPage":{"@id":"https:\/\/portaltela.pt\/noticias\/2026\/02\/13\/francisco-costa-eleito-melhor-andebolista-mundial-jovem-de-2025\/#primaryimage"},"image":{"@id":"https:\/\/portaltela.pt\/noticias\/2026\/02\/13\/francisco-costa-eleito-melhor-andebolista-mundial-jovem-de-2025\/#primaryimage"},"thumbnailUrl":"https:\/\/portaltela.pt\/s.01k8rhncp4jt1\/2026\/02\/image-1039.jpg","datePublished":"2026-02-13T14:08:00+00:00","author":{"@id":"https:\/\/portaltela.pt\/#\/schema\/person\/c4278d4a6028830caff9ee44b42d32ed"},"breadcrumb":{"@id":"https:\/\/portaltela.pt\/noticias\/2026\/02\/13\/francisco-costa-eleito-melhor-andebolista-mundial-jovem-de-2025\/#breadcrumb"},"inLanguage":"pt-PT","potentialAction":[{"@type":"ReadAction","target":["https:\/\/portaltela.pt\/noticias\/2026\/02\/13\/francisco-costa-eleito-melhor-andebolista-mundial-jovem-de-2025\/"]}]},{"@type":"ImageObject","inLanguage":"pt-PT","@id":"https:\/\/portaltela.pt\/noticias\/2026\/02\/13\/francisco-costa-eleito-melhor-andebolista-mundial-jovem-de-2025\/#primaryimage","url":"https:\/\/portaltela.pt\/s.01k8rhncp4jt1\/2026\/02\/image-1039.jpg","contentUrl":"https:\/\/portaltela.pt\/s.01k8rhncp4jt1\/2026\/02\/image-1039.jpg","width":796,"height":448,"caption":"Kiko Costa \u00e9 jogador do Sporting"},{"@type":"BreadcrumbList","@id":"https:\/\/portaltela.pt\/noticias\/2026\/02\/13\/francisco-costa-eleito-melhor-andebolista-mundial-jovem-de-2025\/#breadcrumb","itemListElement":[{"@type":"ListItem","position":1,"name":"In\u00edcio","item":"https:\/\/portaltela.pt\/"},{"@type":"ListItem","position":2,"name":"Francisco Costa eleito melhor andebolista mundial jovem de 2025"}]},{"@type":"WebSite","@id":"https:\/\/portaltela.pt\/#website","url":"https:\/\/portaltela.pt\/","name":"Portal Tela Portugal","description":"","potentialAction":[{"@type":"SearchAction","target":{"@type":"EntryPoint","urlTemplate":"https:\/\/portaltela.pt\/?s={search_term_string}"},"query-input":{"@type":"PropertyValueSpecification","valueRequired":true,"valueName":"search_term_string"}}],"inLanguage":"pt-PT"},{"@type":"Person","@id":"https:\/\/portaltela.pt\/#\/schema\/person\/c4278d4a6028830caff9ee44b42d32ed","name":"Telinha","image":{"@type":"ImageObject","inLanguage":"pt-PT","@id":"https:\/\/portaltela.pt\/s.01k8rhncp4jt1\/2025\/11\/talking-bot-125x125.png","url":"https:\/\/portaltela.pt\/s.01k8rhncp4jt1\/2025\/11\/talking-bot-125x125.png","contentUrl":"https:\/\/portaltela.pt\/s.01k8rhncp4jt1\/2025\/11\/talking-bot-125x125.png","caption":"Telinha"},"sameAs":["https:\/\/portaltela.pt\/"],"url":"https:\/\/portaltela.pt\/por\/367410592786\/"}]}},"_links":{"self":[{"href":"https:\/\/portaltela.pt\/api\/wp\/v2\/posts\/211009","targetHints":{"allow":["GET"]}}],"collection":[{"href":"https:\/\/portaltela.pt\/api\/wp\/v2\/posts"}],"about":[{"href":"https:\/\/portaltela.pt\/api\/wp\/v2\/types\/post"}],"author":[{"embeddable":true,"href":"https:\/\/portaltela.pt\/api\/wp\/v2\/users\/2"}],"replies":[{"embeddable":true,"href":"https:\/\/portaltela.pt\/api\/wp\/v2\/comments?post=211009"}],"version-history":[{"count":0,"href":"https:\/\/portaltela.pt\/api\/wp\/v2\/posts\/211009\/revisions"}],"wp:featuredmedia":[{"embeddable":true,"href":"https:\/\/portaltela.pt\/api\/wp\/v2\/media\/211010"}],"wp:attachment":[{"href":"https:\/\/portaltela.pt\/api\/wp\/v2\/media?parent=211009"}],"wp:term":[{"taxonomy":"category","embeddable":true,"href":"https:\/\/portaltela.pt\/api\/wp\/v2\/categories?post=211009"},{"taxonomy":"post_tag","embeddable":true,"href":"https:\/\/portaltela.pt\/api\/wp\/v2\/tags?post=211009"}],"curies":[{"name":"wp","href":"https:\/\/api.w.org\/{rel}","templated":true}]}}