{"id":210998,"date":"2026-02-13T11:03:20","date_gmt":"2026-02-13T14:03:20","guid":{"rendered":"https:\/\/portaltela.pt\/noticias\/2026\/02\/13\/loja-do-cidadao-virtual-soma-400-000-atendimentos-nos-primeiros-tres-meses\/"},"modified":"2026-02-13T11:03:20","modified_gmt":"2026-02-13T14:03:20","slug":"loja-do-cidadao-virtual-soma-400-000-atendimentos-nos-primeiros-tres-meses","status":"publish","type":"post","link":"https:\/\/portaltela.pt\/noticias\/2026\/02\/13\/loja-do-cidadao-virtual-soma-400-000-atendimentos-nos-primeiros-tres-meses\/","title":{"rendered":"Loja do Cidad\u00e3o Virtual soma 400.000 atendimentos nos primeiros tr\u00eas meses"},"content":{"rendered":"<p>A Loja do Cidad\u00e3o Virtual manteve ritmo intenso desde a sua abertura, com cerca de 400.000 atendimentos nos primeiros tr\u00eas meses de atividade. Regista-se, ainda assim, uma redu\u00e7\u00e3o de 80.000 atendimentos presenciais face ao mesmo per\u00edodo do ano anterior.<\/p>\n<p>Nos dados dispon\u00edveis \u00e0 Lusa, 52% dos atendimentos referem-se a altera\u00e7\u00f5es e confirma\u00e7\u00f5es de morada do Cart\u00e3o de Cidad\u00e3o, enquanto 14% correspondem \u00e0 ativa\u00e7\u00e3o da Chave M\u00f3vel Digital. O pedido de comprovativo de seguro do alojamento local representa 6% do total.<\/p>\n<p>A Loja do Cidad\u00e3o Virtual iniciou a opera\u00e7\u00e3o em novembro com 150 servi\u00e7os p\u00fablicos para cidad\u00e3os e empresas. No \u00faltimo trimestre foram acrescentados 33 novos servi\u00e7os, expandindo o leque dispon\u00edvel num \u00fanico canal.<\/p>\n<p>Segundo comunicado oficial, a expans\u00e3o resulta da colabora\u00e7\u00e3o com 22 entidades p\u00fablicas integradas na plataforma, permitindo tratar, num s\u00f3 local, atos como altera\u00e7\u00f5es de morada, renova\u00e7\u00f5es de documentos e registos comerciais, entre outros.<\/p>\n<p>Nos pr\u00f3ximos meses, o Governo pretende melhorar a interface e a experi\u00eancia de utiliza\u00e7\u00e3o para tornar o gov.pt, e a Loja do Cidad\u00e3o Virtual, mais intuitivos. Est\u00e1 prevista a cria\u00e7\u00e3o de jornadas completas que acompanhem momentos-chave da vida das pessoas e das empresas.<\/p>\n<p>O executivo tamb\u00e9m aponta uma campanha de promo\u00e7\u00e3o da ferramenta, com o objetivo de aumentar a ado\u00e7\u00e3o do canal como principal rela\u00e7\u00e3o digital entre cidad\u00e3os, empresas e a Administra\u00e7\u00e3o P\u00fablica.<\/p>\n<p>Para contexto, nos primeiros dois meses de atividade j\u00e1 tinham sido realizados 200.000 atendimentos na Loja do Cidad\u00e3o Virtual, com atendimentos presenciais a somar aos 6,5 milh\u00f5es em 2025.<\/p>\n","protected":false},"excerpt":{"rendered":"<ul>\n<li>A Loja do Cidad\u00e3o Virtual realizou cerca de 400.000 atendimentos nos primeiros tr\u00eas meses de atividade, com 200.000 atendimentos nos dois primeiros meses.<\/li>\n<li>Desses 400.000 atendimentos, 52% referiram-se a altera\u00e7\u00e3o e confirma\u00e7\u00e3o de morada do Cart\u00e3o de Cidad\u00e3o e 14% \u00e0 ativa\u00e7\u00e3o da Chave M\u00f3vel Digital.<\/li>\n<li>O comprovativo de seguro do alojamento local representou 6% dos atendimentos no per\u00edodo.<\/li>\n<li>A Loja iniciou a opera\u00e7\u00e3o em novembro com 150 servi\u00e7os p\u00fablicos; foram adicionados 33 novos servi\u00e7os no \u00faltimo trimestre, contando com 22 entidades p\u00fablicas integradas.<\/li>\n<li>O Governo pretende melhorar a interface e a experi\u00eancia de utiliza\u00e7\u00e3o, desenhar jornadas integradas por momentos de vida e promover a ado\u00e7\u00e3o do canal gov.pt e da Loja do Cidad\u00e3o Virtual.<\/li>\n<\/ul>\n","protected":false},"author":2,"featured_media":211006,"comment_status":"closed","ping_status":"closed","sticky":false,"template":"","format":"standard","meta":{"footnotes":""},"categories":[1],"tags":[168,3823,3824,3826,5563,1221],"class_list":["post-210998","post","type-post","status-publish","format-standard","has-post-thumbnail","hentry","category-noticias","tag-administracao-publica","tag-cartao-de-cidadao","tag-chave-movel-digital","tag-gov-pt","tag-informacao-publica","tag-servicos-publicos"],"yoast_head":"<!-- This site is optimized with the Yoast SEO plugin v27.2 - https:\/\/yoast.com\/product\/yoast-seo-wordpress\/ -->\n<title>Loja do Cidad\u00e3o Virtual soma 400.000 atendimentos nos primeiros tr\u00eas meses - Portal Tela Portugal<\/title>\n<meta name=\"robots\" content=\"index, follow, max-snippet:-1, max-image-preview:large, max-video-preview:-1\" \/>\n<meta property=\"og:locale\" content=\"pt_PT\" \/>\n<meta property=\"og:type\" content=\"article\" \/>\n<meta property=\"og:title\" content=\"Loja do Cidad\u00e3o Virtual soma 400.000 atendimentos nos primeiros tr\u00eas meses - Portal Tela Portugal\" \/>\n<meta property=\"og:description\" content=\"A Loja do Cidad\u00e3o Virtual realizou cerca de 400.000 atendimentos nos primeiros tr\u00eas meses de atividade, com 200.000 atendimentos nos dois primeiros meses. Desses 400.000 atendimentos, 52% referiram-se a altera\u00e7\u00e3o e confirma\u00e7\u00e3o de morada do Cart\u00e3o de Cidad\u00e3o e 14% \u00e0 ativa\u00e7\u00e3o da Chave M\u00f3vel Digital. O comprovativo de seguro do alojamento local representou 6% dos atendimentos no per\u00edodo. A Loja iniciou a opera\u00e7\u00e3o em novembro com 150 servi\u00e7os p\u00fablicos; foram adicionados 33 novos servi\u00e7os no \u00faltimo trimestre, contando com 22 entidades p\u00fablicas integradas. O Governo pretende melhorar a interface e a experi\u00eancia de utiliza\u00e7\u00e3o, desenhar jornadas integradas por momentos de vida e promover a ado\u00e7\u00e3o do canal gov.pt e da Loja do Cidad\u00e3o Virtual.\" \/>\n<meta property=\"og:url\" content=\"https:\/\/portaltela.pt\/noticias\/2026\/02\/13\/loja-do-cidadao-virtual-soma-400-000-atendimentos-nos-primeiros-tres-meses\/\" \/>\n<meta property=\"og:site_name\" content=\"Portal Tela Portugal\" \/>\n<meta property=\"article:published_time\" content=\"2026-02-13T14:03:20+00:00\" \/>\n<meta name=\"author\" content=\"Telinha\" \/>\n<meta name=\"twitter:card\" content=\"summary_large_image\" \/>\n<meta name=\"twitter:label1\" content=\"Escrito por\" \/>\n\t<meta name=\"twitter:data1\" content=\"Telinha\" \/>\n\t<meta name=\"twitter:label2\" content=\"Tempo estimado de leitura\" \/>\n\t<meta name=\"twitter:data2\" content=\"1 minuto\" \/>\n<script type=\"application\/ld+json\" class=\"yoast-schema-graph\">{\"@context\":\"https:\/\/schema.org\",\"@graph\":[{\"@type\":\"Article\",\"@id\":\"https:\/\/portaltela.pt\/noticias\/2026\/02\/13\/loja-do-cidadao-virtual-soma-400-000-atendimentos-nos-primeiros-tres-meses\/#article\",\"isPartOf\":{\"@id\":\"https:\/\/portaltela.pt\/noticias\/2026\/02\/13\/loja-do-cidadao-virtual-soma-400-000-atendimentos-nos-primeiros-tres-meses\/\"},\"author\":{\"name\":\"Telinha\",\"@id\":\"https:\/\/portaltela.pt\/#\/schema\/person\/c4278d4a6028830caff9ee44b42d32ed\"},\"headline\":\"Loja do Cidad\u00e3o Virtual soma 400.000 atendimentos nos primeiros tr\u00eas meses\",\"datePublished\":\"2026-02-13T14:03:20+00:00\",\"mainEntityOfPage\":{\"@id\":\"https:\/\/portaltela.pt\/noticias\/2026\/02\/13\/loja-do-cidadao-virtual-soma-400-000-atendimentos-nos-primeiros-tres-meses\/\"},\"wordCount\":285,\"image\":{\"@id\":\"https:\/\/portaltela.pt\/noticias\/2026\/02\/13\/loja-do-cidadao-virtual-soma-400-000-atendimentos-nos-primeiros-tres-meses\/#primaryimage\"},\"thumbnailUrl\":\"https:\/\/portaltela.pt\/s.01k8rhncp4jt1\/2026\/02\/img_1500x1000uu2023-09-27-19-08-25-1453352-1.jpg\",\"keywords\":[\"administra\u00e7\u00e3o p\u00fablica\",\"Cart\u00e3o de Cidad\u00e3o\",\"Chave M\u00f3vel Digital\",\"gov.pt\",\"informa\u00e7\u00e3o p\u00fablica\",\"servi\u00e7os p\u00fablicos\"],\"articleSection\":[\"Not\u00edcias\"],\"inLanguage\":\"pt-PT\"},{\"@type\":\"WebPage\",\"@id\":\"https:\/\/portaltela.pt\/noticias\/2026\/02\/13\/loja-do-cidadao-virtual-soma-400-000-atendimentos-nos-primeiros-tres-meses\/\",\"url\":\"https:\/\/portaltela.pt\/noticias\/2026\/02\/13\/loja-do-cidadao-virtual-soma-400-000-atendimentos-nos-primeiros-tres-meses\/\",\"name\":\"Loja do Cidad\u00e3o Virtual soma 400.000 atendimentos nos primeiros tr\u00eas meses - Portal Tela Portugal\",\"isPartOf\":{\"@id\":\"https:\/\/portaltela.pt\/#website\"},\"primaryImageOfPage\":{\"@id\":\"https:\/\/portaltela.pt\/noticias\/2026\/02\/13\/loja-do-cidadao-virtual-soma-400-000-atendimentos-nos-primeiros-tres-meses\/#primaryimage\"},\"image\":{\"@id\":\"https:\/\/portaltela.pt\/noticias\/2026\/02\/13\/loja-do-cidadao-virtual-soma-400-000-atendimentos-nos-primeiros-tres-meses\/#primaryimage\"},\"thumbnailUrl\":\"https:\/\/portaltela.pt\/s.01k8rhncp4jt1\/2026\/02\/img_1500x1000uu2023-09-27-19-08-25-1453352-1.jpg\",\"datePublished\":\"2026-02-13T14:03:20+00:00\",\"author\":{\"@id\":\"https:\/\/portaltela.pt\/#\/schema\/person\/c4278d4a6028830caff9ee44b42d32ed\"},\"breadcrumb\":{\"@id\":\"https:\/\/portaltela.pt\/noticias\/2026\/02\/13\/loja-do-cidadao-virtual-soma-400-000-atendimentos-nos-primeiros-tres-meses\/#breadcrumb\"},\"inLanguage\":\"pt-PT\",\"potentialAction\":[{\"@type\":\"ReadAction\",\"target\":[\"https:\/\/portaltela.pt\/noticias\/2026\/02\/13\/loja-do-cidadao-virtual-soma-400-000-atendimentos-nos-primeiros-tres-meses\/\"]}]},{\"@type\":\"ImageObject\",\"inLanguage\":\"pt-PT\",\"@id\":\"https:\/\/portaltela.pt\/noticias\/2026\/02\/13\/loja-do-cidadao-virtual-soma-400-000-atendimentos-nos-primeiros-tres-meses\/#primaryimage\",\"url\":\"https:\/\/portaltela.pt\/s.01k8rhncp4jt1\/2026\/02\/img_1500x1000uu2023-09-27-19-08-25-1453352-1.jpg\",\"contentUrl\":\"https:\/\/portaltela.pt\/s.01k8rhncp4jt1\/2026\/02\/img_1500x1000uu2023-09-27-19-08-25-1453352-1.jpg\",\"width\":796,\"height\":448,\"caption\":\"Lojas do cidad\u00e3o\"},{\"@type\":\"BreadcrumbList\",\"@id\":\"https:\/\/portaltela.pt\/noticias\/2026\/02\/13\/loja-do-cidadao-virtual-soma-400-000-atendimentos-nos-primeiros-tres-meses\/#breadcrumb\",\"itemListElement\":[{\"@type\":\"ListItem\",\"position\":1,\"name\":\"In\u00edcio\",\"item\":\"https:\/\/portaltela.pt\/\"},{\"@type\":\"ListItem\",\"position\":2,\"name\":\"Loja do Cidad\u00e3o Virtual soma 400.000 atendimentos nos primeiros tr\u00eas meses\"}]},{\"@type\":\"WebSite\",\"@id\":\"https:\/\/portaltela.pt\/#website\",\"url\":\"https:\/\/portaltela.pt\/\",\"name\":\"Portal Tela Portugal\",\"description\":\"\",\"potentialAction\":[{\"@type\":\"SearchAction\",\"target\":{\"@type\":\"EntryPoint\",\"urlTemplate\":\"https:\/\/portaltela.pt\/?s={search_term_string}\"},\"query-input\":{\"@type\":\"PropertyValueSpecification\",\"valueRequired\":true,\"valueName\":\"search_term_string\"}}],\"inLanguage\":\"pt-PT\"},{\"@type\":\"Person\",\"@id\":\"https:\/\/portaltela.pt\/#\/schema\/person\/c4278d4a6028830caff9ee44b42d32ed\",\"name\":\"Telinha\",\"image\":{\"@type\":\"ImageObject\",\"inLanguage\":\"pt-PT\",\"@id\":\"https:\/\/portaltela.pt\/s.01k8rhncp4jt1\/2025\/11\/talking-bot-125x125.png\",\"url\":\"https:\/\/portaltela.pt\/s.01k8rhncp4jt1\/2025\/11\/talking-bot-125x125.png\",\"contentUrl\":\"https:\/\/portaltela.pt\/s.01k8rhncp4jt1\/2025\/11\/talking-bot-125x125.png\",\"caption\":\"Telinha\"},\"sameAs\":[\"https:\/\/portaltela.pt\/\"],\"url\":\"https:\/\/portaltela.pt\/por\/367410592786\/\"}]}<\/script>\n<!-- \/ Yoast SEO plugin. -->","yoast_head_json":{"title":"Loja do Cidad\u00e3o Virtual soma 400.000 atendimentos nos primeiros tr\u00eas meses - Portal Tela Portugal","robots":{"index":"index","follow":"follow","max-snippet":"max-snippet:-1","max-image-preview":"max-image-preview:large","max-video-preview":"max-video-preview:-1"},"og_locale":"pt_PT","og_type":"article","og_title":"Loja do Cidad\u00e3o Virtual soma 400.000 atendimentos nos primeiros tr\u00eas meses - Portal Tela Portugal","og_description":"A Loja do Cidad\u00e3o Virtual realizou cerca de 400.000 atendimentos nos primeiros tr\u00eas meses de atividade, com 200.000 atendimentos nos dois primeiros meses. Desses 400.000 atendimentos, 52% referiram-se a altera\u00e7\u00e3o e confirma\u00e7\u00e3o de morada do Cart\u00e3o de Cidad\u00e3o e 14% \u00e0 ativa\u00e7\u00e3o da Chave M\u00f3vel Digital. O comprovativo de seguro do alojamento local representou 6% dos atendimentos no per\u00edodo. A Loja iniciou a opera\u00e7\u00e3o em novembro com 150 servi\u00e7os p\u00fablicos; foram adicionados 33 novos servi\u00e7os no \u00faltimo trimestre, contando com 22 entidades p\u00fablicas integradas. O Governo pretende melhorar a interface e a experi\u00eancia de utiliza\u00e7\u00e3o, desenhar jornadas integradas por momentos de vida e promover a ado\u00e7\u00e3o do canal gov.pt e da Loja do Cidad\u00e3o Virtual.","og_url":"https:\/\/portaltela.pt\/noticias\/2026\/02\/13\/loja-do-cidadao-virtual-soma-400-000-atendimentos-nos-primeiros-tres-meses\/","og_site_name":"Portal Tela Portugal","article_published_time":"2026-02-13T14:03:20+00:00","author":"Telinha","twitter_card":"summary_large_image","twitter_misc":{"Escrito por":"Telinha","Tempo estimado de leitura":"1 minuto"},"schema":{"@context":"https:\/\/schema.org","@graph":[{"@type":"Article","@id":"https:\/\/portaltela.pt\/noticias\/2026\/02\/13\/loja-do-cidadao-virtual-soma-400-000-atendimentos-nos-primeiros-tres-meses\/#article","isPartOf":{"@id":"https:\/\/portaltela.pt\/noticias\/2026\/02\/13\/loja-do-cidadao-virtual-soma-400-000-atendimentos-nos-primeiros-tres-meses\/"},"author":{"name":"Telinha","@id":"https:\/\/portaltela.pt\/#\/schema\/person\/c4278d4a6028830caff9ee44b42d32ed"},"headline":"Loja do Cidad\u00e3o Virtual soma 400.000 atendimentos nos primeiros tr\u00eas meses","datePublished":"2026-02-13T14:03:20+00:00","mainEntityOfPage":{"@id":"https:\/\/portaltela.pt\/noticias\/2026\/02\/13\/loja-do-cidadao-virtual-soma-400-000-atendimentos-nos-primeiros-tres-meses\/"},"wordCount":285,"image":{"@id":"https:\/\/portaltela.pt\/noticias\/2026\/02\/13\/loja-do-cidadao-virtual-soma-400-000-atendimentos-nos-primeiros-tres-meses\/#primaryimage"},"thumbnailUrl":"https:\/\/portaltela.pt\/s.01k8rhncp4jt1\/2026\/02\/img_1500x1000uu2023-09-27-19-08-25-1453352-1.jpg","keywords":["administra\u00e7\u00e3o p\u00fablica","Cart\u00e3o de Cidad\u00e3o","Chave M\u00f3vel Digital","gov.pt","informa\u00e7\u00e3o p\u00fablica","servi\u00e7os p\u00fablicos"],"articleSection":["Not\u00edcias"],"inLanguage":"pt-PT"},{"@type":"WebPage","@id":"https:\/\/portaltela.pt\/noticias\/2026\/02\/13\/loja-do-cidadao-virtual-soma-400-000-atendimentos-nos-primeiros-tres-meses\/","url":"https:\/\/portaltela.pt\/noticias\/2026\/02\/13\/loja-do-cidadao-virtual-soma-400-000-atendimentos-nos-primeiros-tres-meses\/","name":"Loja do Cidad\u00e3o Virtual soma 400.000 atendimentos nos primeiros tr\u00eas meses - Portal Tela Portugal","isPartOf":{"@id":"https:\/\/portaltela.pt\/#website"},"primaryImageOfPage":{"@id":"https:\/\/portaltela.pt\/noticias\/2026\/02\/13\/loja-do-cidadao-virtual-soma-400-000-atendimentos-nos-primeiros-tres-meses\/#primaryimage"},"image":{"@id":"https:\/\/portaltela.pt\/noticias\/2026\/02\/13\/loja-do-cidadao-virtual-soma-400-000-atendimentos-nos-primeiros-tres-meses\/#primaryimage"},"thumbnailUrl":"https:\/\/portaltela.pt\/s.01k8rhncp4jt1\/2026\/02\/img_1500x1000uu2023-09-27-19-08-25-1453352-1.jpg","datePublished":"2026-02-13T14:03:20+00:00","author":{"@id":"https:\/\/portaltela.pt\/#\/schema\/person\/c4278d4a6028830caff9ee44b42d32ed"},"breadcrumb":{"@id":"https:\/\/portaltela.pt\/noticias\/2026\/02\/13\/loja-do-cidadao-virtual-soma-400-000-atendimentos-nos-primeiros-tres-meses\/#breadcrumb"},"inLanguage":"pt-PT","potentialAction":[{"@type":"ReadAction","target":["https:\/\/portaltela.pt\/noticias\/2026\/02\/13\/loja-do-cidadao-virtual-soma-400-000-atendimentos-nos-primeiros-tres-meses\/"]}]},{"@type":"ImageObject","inLanguage":"pt-PT","@id":"https:\/\/portaltela.pt\/noticias\/2026\/02\/13\/loja-do-cidadao-virtual-soma-400-000-atendimentos-nos-primeiros-tres-meses\/#primaryimage","url":"https:\/\/portaltela.pt\/s.01k8rhncp4jt1\/2026\/02\/img_1500x1000uu2023-09-27-19-08-25-1453352-1.jpg","contentUrl":"https:\/\/portaltela.pt\/s.01k8rhncp4jt1\/2026\/02\/img_1500x1000uu2023-09-27-19-08-25-1453352-1.jpg","width":796,"height":448,"caption":"Lojas do cidad\u00e3o"},{"@type":"BreadcrumbList","@id":"https:\/\/portaltela.pt\/noticias\/2026\/02\/13\/loja-do-cidadao-virtual-soma-400-000-atendimentos-nos-primeiros-tres-meses\/#breadcrumb","itemListElement":[{"@type":"ListItem","position":1,"name":"In\u00edcio","item":"https:\/\/portaltela.pt\/"},{"@type":"ListItem","position":2,"name":"Loja do Cidad\u00e3o Virtual soma 400.000 atendimentos nos primeiros tr\u00eas meses"}]},{"@type":"WebSite","@id":"https:\/\/portaltela.pt\/#website","url":"https:\/\/portaltela.pt\/","name":"Portal Tela Portugal","description":"","potentialAction":[{"@type":"SearchAction","target":{"@type":"EntryPoint","urlTemplate":"https:\/\/portaltela.pt\/?s={search_term_string}"},"query-input":{"@type":"PropertyValueSpecification","valueRequired":true,"valueName":"search_term_string"}}],"inLanguage":"pt-PT"},{"@type":"Person","@id":"https:\/\/portaltela.pt\/#\/schema\/person\/c4278d4a6028830caff9ee44b42d32ed","name":"Telinha","image":{"@type":"ImageObject","inLanguage":"pt-PT","@id":"https:\/\/portaltela.pt\/s.01k8rhncp4jt1\/2025\/11\/talking-bot-125x125.png","url":"https:\/\/portaltela.pt\/s.01k8rhncp4jt1\/2025\/11\/talking-bot-125x125.png","contentUrl":"https:\/\/portaltela.pt\/s.01k8rhncp4jt1\/2025\/11\/talking-bot-125x125.png","caption":"Telinha"},"sameAs":["https:\/\/portaltela.pt\/"],"url":"https:\/\/portaltela.pt\/por\/367410592786\/"}]}},"_links":{"self":[{"href":"https:\/\/portaltela.pt\/api\/wp\/v2\/posts\/210998","targetHints":{"allow":["GET"]}}],"collection":[{"href":"https:\/\/portaltela.pt\/api\/wp\/v2\/posts"}],"about":[{"href":"https:\/\/portaltela.pt\/api\/wp\/v2\/types\/post"}],"author":[{"embeddable":true,"href":"https:\/\/portaltela.pt\/api\/wp\/v2\/users\/2"}],"replies":[{"embeddable":true,"href":"https:\/\/portaltela.pt\/api\/wp\/v2\/comments?post=210998"}],"version-history":[{"count":0,"href":"https:\/\/portaltela.pt\/api\/wp\/v2\/posts\/210998\/revisions"}],"wp:featuredmedia":[{"embeddable":true,"href":"https:\/\/portaltela.pt\/api\/wp\/v2\/media\/211006"}],"wp:attachment":[{"href":"https:\/\/portaltela.pt\/api\/wp\/v2\/media?parent=210998"}],"wp:term":[{"taxonomy":"category","embeddable":true,"href":"https:\/\/portaltela.pt\/api\/wp\/v2\/categories?post=210998"},{"taxonomy":"post_tag","embeddable":true,"href":"https:\/\/portaltela.pt\/api\/wp\/v2\/tags?post=210998"}],"curies":[{"name":"wp","href":"https:\/\/api.w.org\/{rel}","templated":true}]}}