{"id":210993,"date":"2026-02-13T11:04:00","date_gmt":"2026-02-13T14:04:00","guid":{"rendered":"https:\/\/portaltela.pt\/noticias\/2026\/02\/13\/marcelo-escolhe-vhils-para-retrato-oficial-como-presidente-da-republica\/"},"modified":"2026-02-13T11:04:00","modified_gmt":"2026-02-13T14:04:00","slug":"marcelo-escolhe-vhils-para-retrato-oficial-como-presidente-da-republica","status":"publish","type":"post","link":"https:\/\/portaltela.pt\/noticias\/2026\/02\/13\/marcelo-escolhe-vhils-para-retrato-oficial-como-presidente-da-republica\/","title":{"rendered":"Marcelo escolhe Vhils para retrato oficial como presidente da Rep\u00fablica"},"content":{"rendered":"<p>Marcelo Rebelo de Sousa escolheu o artista Vhils para o retrato oficial da presid\u00eancia. A informa\u00e7\u00e3o foi revelada pelo Expresso e confirmada pelo pr\u00f3prio chefe de Estado \u00e0 Lusa.<\/p>\n<p>O retrato, da autoria de Alexandre Farto, conhecido como Vhils, come\u00e7ar\u00e1 a ser produzido ainda este ano. A apresenta\u00e7\u00e3o est\u00e1 prevista para mar\u00e7o, na \u00faltima semana de mandato, que encerra a 9 de mar\u00e7o.<\/p>\n<p>Segundo o Presidente, a escolha deveu-se ao gosto pelas obras de Vhils e ao facto de o artista ser visto como expoente de uma \u00e9poca, tal como outros retratistas de presidentes anteriores foram escolhidos em outros tempos.<\/p>\n<p>O retrato ficar\u00e1 exposto no Museu da Presid\u00eancia da Rep\u00fablica, na galeria que alberga os retratos oficiais dos antecessores. Entre eles encontram-se pe\u00e7as de Pinto Coelho, Pomar, Paula R\u00eago e Barahona Possolo.<\/p>\n<p>Tradicionalmente, os retratos oficiais s\u00e3o apresentados no final do segundo mandato. O retrato de Cavaco Silva foi divulgado a 4 de mar\u00e7o de 2016, perto do fim do seu mandato de quatro anos.<\/p>\n","protected":false},"excerpt":{"rendered":"<ul>\n<li>Marcelo Rebelo de Sousa escolheu o artista Vhils para pintar o retrato oficial de presidente da Rep\u00fablica, not\u00edcia confirmada pelo pr\u00f3prio \u00e0 Lusa.<\/li>\n<li>O retrato, assinado por Alexandre Farto (Vhils), ser\u00e1 apresentado em mar\u00e7o, na \u00faltima semana do mandato, que termina no dia 09 do m\u00eas.<\/li>\n<li>A justificativa dada pelo Presidente \u00e9 que gosta das obras de Vhils e o v\u00ea como expoente e s\u00edmbolo de uma \u00e9poca, tal como outros retratistas o foram noutras ocasi\u00f5es.<\/li>\n<li>O retrato ficar\u00e1 no Museu da Presid\u00eancia da Rep\u00fablica, na galeria onde j\u00e1 se encontram os retratos oficiais dos antecessores.<\/li>\n<li>Tradicionalmente, os retratos oficiais s\u00e3o apresentados no final do segundo mandato; o de Cavaco Silva foi divulgado a 4 de mar\u00e7o de 2016, cinco dias antes de terminar fun\u00e7\u00f5es.<\/li>\n<\/ul>\n","protected":false},"author":2,"featured_media":211005,"comment_status":"closed","ping_status":"closed","sticky":false,"template":"","format":"standard","meta":{"footnotes":""},"categories":[1],"tags":[70,3278,2877,1014,30,5367],"class_list":["post-210993","post","type-post","status-publish","format-standard","has-post-thumbnail","hentry","category-noticias","tag-arte","tag-marcelo","tag-marcelo-rebelo-de-sousa","tag-portugal","tag-presidente","tag-vhils"],"yoast_head":"<!-- This site is optimized with the Yoast SEO plugin v27.2 - https:\/\/yoast.com\/product\/yoast-seo-wordpress\/ -->\n<title>Marcelo escolhe Vhils para retrato oficial como presidente da Rep\u00fablica - Portal Tela Portugal<\/title>\n<meta name=\"robots\" content=\"index, follow, max-snippet:-1, max-image-preview:large, max-video-preview:-1\" \/>\n<meta property=\"og:locale\" content=\"pt_PT\" \/>\n<meta property=\"og:type\" content=\"article\" \/>\n<meta property=\"og:title\" content=\"Marcelo escolhe Vhils para retrato oficial como presidente da Rep\u00fablica - Portal Tela Portugal\" \/>\n<meta property=\"og:description\" content=\"Marcelo Rebelo de Sousa escolheu o artista Vhils para pintar o retrato oficial de presidente da Rep\u00fablica, not\u00edcia confirmada pelo pr\u00f3prio \u00e0 Lusa. O retrato, assinado por Alexandre Farto (Vhils), ser\u00e1 apresentado em mar\u00e7o, na \u00faltima semana do mandato, que termina no dia 09 do m\u00eas. A justificativa dada pelo Presidente \u00e9 que gosta das obras de Vhils e o v\u00ea como expoente e s\u00edmbolo de uma \u00e9poca, tal como outros retratistas o foram noutras ocasi\u00f5es. O retrato ficar\u00e1 no Museu da Presid\u00eancia da Rep\u00fablica, na galeria onde j\u00e1 se encontram os retratos oficiais dos antecessores. Tradicionalmente, os retratos oficiais s\u00e3o apresentados no final do segundo mandato; o de Cavaco Silva foi divulgado a 4 de mar\u00e7o de 2016, cinco dias antes de terminar fun\u00e7\u00f5es.\" \/>\n<meta property=\"og:url\" content=\"https:\/\/portaltela.pt\/noticias\/2026\/02\/13\/marcelo-escolhe-vhils-para-retrato-oficial-como-presidente-da-republica\/\" \/>\n<meta property=\"og:site_name\" content=\"Portal Tela Portugal\" \/>\n<meta property=\"article:published_time\" content=\"2026-02-13T14:04:00+00:00\" \/>\n<meta name=\"author\" content=\"Telinha\" \/>\n<meta name=\"twitter:card\" content=\"summary_large_image\" \/>\n<meta name=\"twitter:label1\" content=\"Escrito por\" \/>\n\t<meta name=\"twitter:data1\" content=\"Telinha\" \/>\n\t<meta name=\"twitter:label2\" content=\"Tempo estimado de leitura\" \/>\n\t<meta name=\"twitter:data2\" content=\"1 minuto\" \/>\n<script type=\"application\/ld+json\" class=\"yoast-schema-graph\">{\"@context\":\"https:\/\/schema.org\",\"@graph\":[{\"@type\":\"Article\",\"@id\":\"https:\/\/portaltela.pt\/noticias\/2026\/02\/13\/marcelo-escolhe-vhils-para-retrato-oficial-como-presidente-da-republica\/#article\",\"isPartOf\":{\"@id\":\"https:\/\/portaltela.pt\/noticias\/2026\/02\/13\/marcelo-escolhe-vhils-para-retrato-oficial-como-presidente-da-republica\/\"},\"author\":{\"name\":\"Telinha\",\"@id\":\"https:\/\/portaltela.pt\/#\/schema\/person\/c4278d4a6028830caff9ee44b42d32ed\"},\"headline\":\"Marcelo escolhe Vhils para retrato oficial como presidente da Rep\u00fablica\",\"datePublished\":\"2026-02-13T14:04:00+00:00\",\"mainEntityOfPage\":{\"@id\":\"https:\/\/portaltela.pt\/noticias\/2026\/02\/13\/marcelo-escolhe-vhils-para-retrato-oficial-como-presidente-da-republica\/\"},\"wordCount\":185,\"image\":{\"@id\":\"https:\/\/portaltela.pt\/noticias\/2026\/02\/13\/marcelo-escolhe-vhils-para-retrato-oficial-como-presidente-da-republica\/#primaryimage\"},\"thumbnailUrl\":\"https:\/\/portaltela.pt\/s.01k8rhncp4jt1\/2026\/02\/image-1037.jpg\",\"keywords\":[\"arte\",\"Marcelo\",\"Marcelo Rebelo de Sousa\",\"Portugal\",\"presidente\",\"Vhils\"],\"articleSection\":[\"Not\u00edcias\"],\"inLanguage\":\"pt-PT\"},{\"@type\":\"WebPage\",\"@id\":\"https:\/\/portaltela.pt\/noticias\/2026\/02\/13\/marcelo-escolhe-vhils-para-retrato-oficial-como-presidente-da-republica\/\",\"url\":\"https:\/\/portaltela.pt\/noticias\/2026\/02\/13\/marcelo-escolhe-vhils-para-retrato-oficial-como-presidente-da-republica\/\",\"name\":\"Marcelo escolhe Vhils para retrato oficial como presidente da Rep\u00fablica - Portal Tela Portugal\",\"isPartOf\":{\"@id\":\"https:\/\/portaltela.pt\/#website\"},\"primaryImageOfPage\":{\"@id\":\"https:\/\/portaltela.pt\/noticias\/2026\/02\/13\/marcelo-escolhe-vhils-para-retrato-oficial-como-presidente-da-republica\/#primaryimage\"},\"image\":{\"@id\":\"https:\/\/portaltela.pt\/noticias\/2026\/02\/13\/marcelo-escolhe-vhils-para-retrato-oficial-como-presidente-da-republica\/#primaryimage\"},\"thumbnailUrl\":\"https:\/\/portaltela.pt\/s.01k8rhncp4jt1\/2026\/02\/image-1037.jpg\",\"datePublished\":\"2026-02-13T14:04:00+00:00\",\"author\":{\"@id\":\"https:\/\/portaltela.pt\/#\/schema\/person\/c4278d4a6028830caff9ee44b42d32ed\"},\"breadcrumb\":{\"@id\":\"https:\/\/portaltela.pt\/noticias\/2026\/02\/13\/marcelo-escolhe-vhils-para-retrato-oficial-como-presidente-da-republica\/#breadcrumb\"},\"inLanguage\":\"pt-PT\",\"potentialAction\":[{\"@type\":\"ReadAction\",\"target\":[\"https:\/\/portaltela.pt\/noticias\/2026\/02\/13\/marcelo-escolhe-vhils-para-retrato-oficial-como-presidente-da-republica\/\"]}]},{\"@type\":\"ImageObject\",\"inLanguage\":\"pt-PT\",\"@id\":\"https:\/\/portaltela.pt\/noticias\/2026\/02\/13\/marcelo-escolhe-vhils-para-retrato-oficial-como-presidente-da-republica\/#primaryimage\",\"url\":\"https:\/\/portaltela.pt\/s.01k8rhncp4jt1\/2026\/02\/image-1037.jpg\",\"contentUrl\":\"https:\/\/portaltela.pt\/s.01k8rhncp4jt1\/2026\/02\/image-1037.jpg\",\"width\":796,\"height\":448,\"caption\":\"Imagem de contexto do artigo Marcelo escolheu Vhils para fazer o seu retrato oficial como presidente da Rep\u00fablica\"},{\"@type\":\"BreadcrumbList\",\"@id\":\"https:\/\/portaltela.pt\/noticias\/2026\/02\/13\/marcelo-escolhe-vhils-para-retrato-oficial-como-presidente-da-republica\/#breadcrumb\",\"itemListElement\":[{\"@type\":\"ListItem\",\"position\":1,\"name\":\"In\u00edcio\",\"item\":\"https:\/\/portaltela.pt\/\"},{\"@type\":\"ListItem\",\"position\":2,\"name\":\"Marcelo escolhe Vhils para retrato oficial como presidente da Rep\u00fablica\"}]},{\"@type\":\"WebSite\",\"@id\":\"https:\/\/portaltela.pt\/#website\",\"url\":\"https:\/\/portaltela.pt\/\",\"name\":\"Portal Tela Portugal\",\"description\":\"\",\"potentialAction\":[{\"@type\":\"SearchAction\",\"target\":{\"@type\":\"EntryPoint\",\"urlTemplate\":\"https:\/\/portaltela.pt\/?s={search_term_string}\"},\"query-input\":{\"@type\":\"PropertyValueSpecification\",\"valueRequired\":true,\"valueName\":\"search_term_string\"}}],\"inLanguage\":\"pt-PT\"},{\"@type\":\"Person\",\"@id\":\"https:\/\/portaltela.pt\/#\/schema\/person\/c4278d4a6028830caff9ee44b42d32ed\",\"name\":\"Telinha\",\"image\":{\"@type\":\"ImageObject\",\"inLanguage\":\"pt-PT\",\"@id\":\"https:\/\/portaltela.pt\/s.01k8rhncp4jt1\/2025\/11\/talking-bot-125x125.png\",\"url\":\"https:\/\/portaltela.pt\/s.01k8rhncp4jt1\/2025\/11\/talking-bot-125x125.png\",\"contentUrl\":\"https:\/\/portaltela.pt\/s.01k8rhncp4jt1\/2025\/11\/talking-bot-125x125.png\",\"caption\":\"Telinha\"},\"sameAs\":[\"https:\/\/portaltela.pt\/\"],\"url\":\"https:\/\/portaltela.pt\/por\/367410592786\/\"}]}<\/script>\n<!-- \/ Yoast SEO plugin. -->","yoast_head_json":{"title":"Marcelo escolhe Vhils para retrato oficial como presidente da Rep\u00fablica - Portal Tela Portugal","robots":{"index":"index","follow":"follow","max-snippet":"max-snippet:-1","max-image-preview":"max-image-preview:large","max-video-preview":"max-video-preview:-1"},"og_locale":"pt_PT","og_type":"article","og_title":"Marcelo escolhe Vhils para retrato oficial como presidente da Rep\u00fablica - Portal Tela Portugal","og_description":"Marcelo Rebelo de Sousa escolheu o artista Vhils para pintar o retrato oficial de presidente da Rep\u00fablica, not\u00edcia confirmada pelo pr\u00f3prio \u00e0 Lusa. O retrato, assinado por Alexandre Farto (Vhils), ser\u00e1 apresentado em mar\u00e7o, na \u00faltima semana do mandato, que termina no dia 09 do m\u00eas. A justificativa dada pelo Presidente \u00e9 que gosta das obras de Vhils e o v\u00ea como expoente e s\u00edmbolo de uma \u00e9poca, tal como outros retratistas o foram noutras ocasi\u00f5es. O retrato ficar\u00e1 no Museu da Presid\u00eancia da Rep\u00fablica, na galeria onde j\u00e1 se encontram os retratos oficiais dos antecessores. Tradicionalmente, os retratos oficiais s\u00e3o apresentados no final do segundo mandato; o de Cavaco Silva foi divulgado a 4 de mar\u00e7o de 2016, cinco dias antes de terminar fun\u00e7\u00f5es.","og_url":"https:\/\/portaltela.pt\/noticias\/2026\/02\/13\/marcelo-escolhe-vhils-para-retrato-oficial-como-presidente-da-republica\/","og_site_name":"Portal Tela Portugal","article_published_time":"2026-02-13T14:04:00+00:00","author":"Telinha","twitter_card":"summary_large_image","twitter_misc":{"Escrito por":"Telinha","Tempo estimado de leitura":"1 minuto"},"schema":{"@context":"https:\/\/schema.org","@graph":[{"@type":"Article","@id":"https:\/\/portaltela.pt\/noticias\/2026\/02\/13\/marcelo-escolhe-vhils-para-retrato-oficial-como-presidente-da-republica\/#article","isPartOf":{"@id":"https:\/\/portaltela.pt\/noticias\/2026\/02\/13\/marcelo-escolhe-vhils-para-retrato-oficial-como-presidente-da-republica\/"},"author":{"name":"Telinha","@id":"https:\/\/portaltela.pt\/#\/schema\/person\/c4278d4a6028830caff9ee44b42d32ed"},"headline":"Marcelo escolhe Vhils para retrato oficial como presidente da Rep\u00fablica","datePublished":"2026-02-13T14:04:00+00:00","mainEntityOfPage":{"@id":"https:\/\/portaltela.pt\/noticias\/2026\/02\/13\/marcelo-escolhe-vhils-para-retrato-oficial-como-presidente-da-republica\/"},"wordCount":185,"image":{"@id":"https:\/\/portaltela.pt\/noticias\/2026\/02\/13\/marcelo-escolhe-vhils-para-retrato-oficial-como-presidente-da-republica\/#primaryimage"},"thumbnailUrl":"https:\/\/portaltela.pt\/s.01k8rhncp4jt1\/2026\/02\/image-1037.jpg","keywords":["arte","Marcelo","Marcelo Rebelo de Sousa","Portugal","presidente","Vhils"],"articleSection":["Not\u00edcias"],"inLanguage":"pt-PT"},{"@type":"WebPage","@id":"https:\/\/portaltela.pt\/noticias\/2026\/02\/13\/marcelo-escolhe-vhils-para-retrato-oficial-como-presidente-da-republica\/","url":"https:\/\/portaltela.pt\/noticias\/2026\/02\/13\/marcelo-escolhe-vhils-para-retrato-oficial-como-presidente-da-republica\/","name":"Marcelo escolhe Vhils para retrato oficial como presidente da Rep\u00fablica - Portal Tela Portugal","isPartOf":{"@id":"https:\/\/portaltela.pt\/#website"},"primaryImageOfPage":{"@id":"https:\/\/portaltela.pt\/noticias\/2026\/02\/13\/marcelo-escolhe-vhils-para-retrato-oficial-como-presidente-da-republica\/#primaryimage"},"image":{"@id":"https:\/\/portaltela.pt\/noticias\/2026\/02\/13\/marcelo-escolhe-vhils-para-retrato-oficial-como-presidente-da-republica\/#primaryimage"},"thumbnailUrl":"https:\/\/portaltela.pt\/s.01k8rhncp4jt1\/2026\/02\/image-1037.jpg","datePublished":"2026-02-13T14:04:00+00:00","author":{"@id":"https:\/\/portaltela.pt\/#\/schema\/person\/c4278d4a6028830caff9ee44b42d32ed"},"breadcrumb":{"@id":"https:\/\/portaltela.pt\/noticias\/2026\/02\/13\/marcelo-escolhe-vhils-para-retrato-oficial-como-presidente-da-republica\/#breadcrumb"},"inLanguage":"pt-PT","potentialAction":[{"@type":"ReadAction","target":["https:\/\/portaltela.pt\/noticias\/2026\/02\/13\/marcelo-escolhe-vhils-para-retrato-oficial-como-presidente-da-republica\/"]}]},{"@type":"ImageObject","inLanguage":"pt-PT","@id":"https:\/\/portaltela.pt\/noticias\/2026\/02\/13\/marcelo-escolhe-vhils-para-retrato-oficial-como-presidente-da-republica\/#primaryimage","url":"https:\/\/portaltela.pt\/s.01k8rhncp4jt1\/2026\/02\/image-1037.jpg","contentUrl":"https:\/\/portaltela.pt\/s.01k8rhncp4jt1\/2026\/02\/image-1037.jpg","width":796,"height":448,"caption":"Imagem de contexto do artigo Marcelo escolheu Vhils para fazer o seu retrato oficial como presidente da Rep\u00fablica"},{"@type":"BreadcrumbList","@id":"https:\/\/portaltela.pt\/noticias\/2026\/02\/13\/marcelo-escolhe-vhils-para-retrato-oficial-como-presidente-da-republica\/#breadcrumb","itemListElement":[{"@type":"ListItem","position":1,"name":"In\u00edcio","item":"https:\/\/portaltela.pt\/"},{"@type":"ListItem","position":2,"name":"Marcelo escolhe Vhils para retrato oficial como presidente da Rep\u00fablica"}]},{"@type":"WebSite","@id":"https:\/\/portaltela.pt\/#website","url":"https:\/\/portaltela.pt\/","name":"Portal Tela Portugal","description":"","potentialAction":[{"@type":"SearchAction","target":{"@type":"EntryPoint","urlTemplate":"https:\/\/portaltela.pt\/?s={search_term_string}"},"query-input":{"@type":"PropertyValueSpecification","valueRequired":true,"valueName":"search_term_string"}}],"inLanguage":"pt-PT"},{"@type":"Person","@id":"https:\/\/portaltela.pt\/#\/schema\/person\/c4278d4a6028830caff9ee44b42d32ed","name":"Telinha","image":{"@type":"ImageObject","inLanguage":"pt-PT","@id":"https:\/\/portaltela.pt\/s.01k8rhncp4jt1\/2025\/11\/talking-bot-125x125.png","url":"https:\/\/portaltela.pt\/s.01k8rhncp4jt1\/2025\/11\/talking-bot-125x125.png","contentUrl":"https:\/\/portaltela.pt\/s.01k8rhncp4jt1\/2025\/11\/talking-bot-125x125.png","caption":"Telinha"},"sameAs":["https:\/\/portaltela.pt\/"],"url":"https:\/\/portaltela.pt\/por\/367410592786\/"}]}},"_links":{"self":[{"href":"https:\/\/portaltela.pt\/api\/wp\/v2\/posts\/210993","targetHints":{"allow":["GET"]}}],"collection":[{"href":"https:\/\/portaltela.pt\/api\/wp\/v2\/posts"}],"about":[{"href":"https:\/\/portaltela.pt\/api\/wp\/v2\/types\/post"}],"author":[{"embeddable":true,"href":"https:\/\/portaltela.pt\/api\/wp\/v2\/users\/2"}],"replies":[{"embeddable":true,"href":"https:\/\/portaltela.pt\/api\/wp\/v2\/comments?post=210993"}],"version-history":[{"count":0,"href":"https:\/\/portaltela.pt\/api\/wp\/v2\/posts\/210993\/revisions"}],"wp:featuredmedia":[{"embeddable":true,"href":"https:\/\/portaltela.pt\/api\/wp\/v2\/media\/211005"}],"wp:attachment":[{"href":"https:\/\/portaltela.pt\/api\/wp\/v2\/media?parent=210993"}],"wp:term":[{"taxonomy":"category","embeddable":true,"href":"https:\/\/portaltela.pt\/api\/wp\/v2\/categories?post=210993"},{"taxonomy":"post_tag","embeddable":true,"href":"https:\/\/portaltela.pt\/api\/wp\/v2\/tags?post=210993"}],"curies":[{"name":"wp","href":"https:\/\/api.w.org\/{rel}","templated":true}]}}