{"id":210991,"date":"2026-02-13T11:07:00","date_gmt":"2026-02-13T14:07:00","guid":{"rendered":"https:\/\/portaltela.pt\/noticias\/2026\/02\/13\/palmeiras-vence-e-assume-lideranca-partilhada-do-brasileirao\/"},"modified":"2026-02-13T11:07:00","modified_gmt":"2026-02-13T14:07:00","slug":"palmeiras-vence-e-assume-lideranca-partilhada-do-brasileirao","status":"publish","type":"post","link":"https:\/\/portaltela.pt\/desporto\/futebol\/2026\/02\/13\/palmeiras-vence-e-assume-lideranca-partilhada-do-brasileirao\/","title":{"rendered":"Palmeiras vence e assume lideran\u00e7a partilhada do Brasileir\u00e3o"},"content":{"rendered":"<p>O Palmeiras de Abel Ferreira venceu em Porto Alegre, mantendo-se no topo do Brasileir\u00e3o ap\u00f3s a terceira jornada. O lance decisivo ocorreu aos 23 minutos, quando Gustavo Gomez marcou de cabe\u00e7a para os visitantes. Ao fim da primeira parte, a equipa da casa empatou com Ronaldo, aos 36 minutos, num remate firme.<\/p>\n<p>Na segunda metade, o Palmeiras voltou a adiantar-se no placar, aos 52 minutos, numa jogada de V\u00edtor Roque. O caminho para a vit\u00f3ria ficou completo aos 82 minutos, quando Andreas Pereira, que tinha assistido no lance anterior, fez o 3-1.<\/p>\n<p>O triunfo coloca o Palmeiras na lideran\u00e7a da classifica\u00e7\u00e3o, com sete pontos em tr\u00eas jornadas, empatando no topo com S\u00e3o Paulo, Bahia e Fluminense, que tamb\u00e9m venceram na mesma ronda. O Bragantino, anterior l\u00edder, perdeu noutra partida nesta data.<\/p>\n<p>Abel Ferreira j\u00e1 tem um curr\u00edculo consistente com o clube: dois campeonatos brasileiros, uma Superta\u00e7a, uma Ta\u00e7a do Brasil, tr\u00eas campeonatos estaduais, al\u00e9m de ta\u00e7as internacionais, entre outros trof\u00e9us.<\/p>\n","protected":false},"excerpt":{"rendered":"<ul>\n<li>Em Porto Alegre, o Palmeiras adiantou-se aos 23 minutos com golo de Gustavo Gomez de cabe\u00e7a.<\/li>\n<li>Ronaldo empatou aos 36 minutos, rematando sem deixar cair a bola.<\/li>\n<li>Na segunda parte, V\u00edtor Roque colocou novamente o Palmeiras na frente aos 52 minutos.<\/li>\n<li>Andreas Pereira aumentou a vantagem com o 3-1 aos 82 minutos, ap\u00f3s ter assistido no primeiro golo.<\/li>\n<li>O triunfo coloca o Palmeiras no topo da classifica\u00e7\u00e3o, com sete pontos em tr\u00eas jornadas, empatado com S\u00e3o Paulo, Bahia e Fluminense; Bragantino era o l\u00edder e perdeu.<\/li>\n<\/ul>\n","protected":false},"author":2,"featured_media":211002,"comment_status":"closed","ping_status":"closed","sticky":false,"template":"","format":"standard","meta":{"footnotes":""},"categories":[21,24],"tags":[5874,89,5875,32,1747,5873],"class_list":["post-210991","post","type-post","status-publish","format-standard","has-post-thumbnail","hentry","category-desporto","category-futebol","tag-bahia","tag-brasileirao","tag-fluminense","tag-futebol","tag-futebol-profissional","tag-sao-paulo"],"yoast_head":"<!-- This site is optimized with the Yoast SEO plugin v27.2 - https:\/\/yoast.com\/product\/yoast-seo-wordpress\/ -->\n<title>Palmeiras vence e assume lideran\u00e7a partilhada do Brasileir\u00e3o - Portal Tela Portugal<\/title>\n<meta name=\"robots\" content=\"index, follow, max-snippet:-1, max-image-preview:large, max-video-preview:-1\" \/>\n<meta property=\"og:locale\" content=\"pt_PT\" \/>\n<meta property=\"og:type\" content=\"article\" \/>\n<meta property=\"og:title\" content=\"Palmeiras vence e assume lideran\u00e7a partilhada do Brasileir\u00e3o - Portal Tela Portugal\" \/>\n<meta property=\"og:description\" content=\"Em Porto Alegre, o Palmeiras adiantou-se aos 23 minutos com golo de Gustavo Gomez de cabe\u00e7a. Ronaldo empatou aos 36 minutos, rematando sem deixar cair a bola. Na segunda parte, V\u00edtor Roque colocou novamente o Palmeiras na frente aos 52 minutos. Andreas Pereira aumentou a vantagem com o 3-1 aos 82 minutos, ap\u00f3s ter assistido no primeiro golo. O triunfo coloca o Palmeiras no topo da classifica\u00e7\u00e3o, com sete pontos em tr\u00eas jornadas, empatado com S\u00e3o Paulo, Bahia e Fluminense; Bragantino era o l\u00edder e perdeu.\" \/>\n<meta property=\"og:url\" content=\"https:\/\/portaltela.pt\/noticias\/2026\/02\/13\/palmeiras-vence-e-assume-lideranca-partilhada-do-brasileirao\/\" \/>\n<meta property=\"og:site_name\" content=\"Portal Tela Portugal\" \/>\n<meta property=\"article:published_time\" content=\"2026-02-13T14:07:00+00:00\" \/>\n<meta name=\"author\" content=\"Telinha\" \/>\n<meta name=\"twitter:card\" content=\"summary_large_image\" \/>\n<meta name=\"twitter:label1\" content=\"Escrito por\" \/>\n\t<meta name=\"twitter:data1\" content=\"Telinha\" \/>\n\t<meta name=\"twitter:label2\" content=\"Tempo estimado de leitura\" \/>\n\t<meta name=\"twitter:data2\" content=\"1 minuto\" \/>\n<script type=\"application\/ld+json\" class=\"yoast-schema-graph\">{\"@context\":\"https:\/\/schema.org\",\"@graph\":[{\"@type\":\"Article\",\"@id\":\"https:\/\/portaltela.pt\/noticias\/2026\/02\/13\/palmeiras-vence-e-assume-lideranca-partilhada-do-brasileirao\/#article\",\"isPartOf\":{\"@id\":\"https:\/\/portaltela.pt\/noticias\/2026\/02\/13\/palmeiras-vence-e-assume-lideranca-partilhada-do-brasileirao\/\"},\"author\":{\"name\":\"Telinha\",\"@id\":\"https:\/\/portaltela.pt\/#\/schema\/person\/c4278d4a6028830caff9ee44b42d32ed\"},\"headline\":\"Palmeiras vence e assume lideran\u00e7a partilhada do Brasileir\u00e3o\",\"datePublished\":\"2026-02-13T14:07:00+00:00\",\"mainEntityOfPage\":{\"@id\":\"https:\/\/portaltela.pt\/noticias\/2026\/02\/13\/palmeiras-vence-e-assume-lideranca-partilhada-do-brasileirao\/\"},\"wordCount\":184,\"image\":{\"@id\":\"https:\/\/portaltela.pt\/noticias\/2026\/02\/13\/palmeiras-vence-e-assume-lideranca-partilhada-do-brasileirao\/#primaryimage\"},\"thumbnailUrl\":\"https:\/\/portaltela.pt\/s.01k8rhncp4jt1\/2026\/02\/image-1035.jpg\",\"keywords\":[\"Bahia\",\"brasileir\u00e3o\",\"Fluminense\",\"futebol\",\"Futebol Profissional\",\"S\u00e3o Paulo\"],\"articleSection\":[\"Desporto\",\"Futebol\"],\"inLanguage\":\"pt-PT\"},{\"@type\":\"WebPage\",\"@id\":\"https:\/\/portaltela.pt\/noticias\/2026\/02\/13\/palmeiras-vence-e-assume-lideranca-partilhada-do-brasileirao\/\",\"url\":\"https:\/\/portaltela.pt\/noticias\/2026\/02\/13\/palmeiras-vence-e-assume-lideranca-partilhada-do-brasileirao\/\",\"name\":\"Palmeiras vence e assume lideran\u00e7a partilhada do Brasileir\u00e3o - Portal Tela Portugal\",\"isPartOf\":{\"@id\":\"https:\/\/portaltela.pt\/#website\"},\"primaryImageOfPage\":{\"@id\":\"https:\/\/portaltela.pt\/noticias\/2026\/02\/13\/palmeiras-vence-e-assume-lideranca-partilhada-do-brasileirao\/#primaryimage\"},\"image\":{\"@id\":\"https:\/\/portaltela.pt\/noticias\/2026\/02\/13\/palmeiras-vence-e-assume-lideranca-partilhada-do-brasileirao\/#primaryimage\"},\"thumbnailUrl\":\"https:\/\/portaltela.pt\/s.01k8rhncp4jt1\/2026\/02\/image-1035.jpg\",\"datePublished\":\"2026-02-13T14:07:00+00:00\",\"author\":{\"@id\":\"https:\/\/portaltela.pt\/#\/schema\/person\/c4278d4a6028830caff9ee44b42d32ed\"},\"breadcrumb\":{\"@id\":\"https:\/\/portaltela.pt\/noticias\/2026\/02\/13\/palmeiras-vence-e-assume-lideranca-partilhada-do-brasileirao\/#breadcrumb\"},\"inLanguage\":\"pt-PT\",\"potentialAction\":[{\"@type\":\"ReadAction\",\"target\":[\"https:\/\/portaltela.pt\/noticias\/2026\/02\/13\/palmeiras-vence-e-assume-lideranca-partilhada-do-brasileirao\/\"]}]},{\"@type\":\"ImageObject\",\"inLanguage\":\"pt-PT\",\"@id\":\"https:\/\/portaltela.pt\/noticias\/2026\/02\/13\/palmeiras-vence-e-assume-lideranca-partilhada-do-brasileirao\/#primaryimage\",\"url\":\"https:\/\/portaltela.pt\/s.01k8rhncp4jt1\/2026\/02\/image-1035.jpg\",\"contentUrl\":\"https:\/\/portaltela.pt\/s.01k8rhncp4jt1\/2026\/02\/image-1035.jpg\",\"width\":796,\"height\":448,\"caption\":\"Abel Ferreira, treinador do Palmeiras\"},{\"@type\":\"BreadcrumbList\",\"@id\":\"https:\/\/portaltela.pt\/noticias\/2026\/02\/13\/palmeiras-vence-e-assume-lideranca-partilhada-do-brasileirao\/#breadcrumb\",\"itemListElement\":[{\"@type\":\"ListItem\",\"position\":1,\"name\":\"In\u00edcio\",\"item\":\"https:\/\/portaltela.pt\/\"},{\"@type\":\"ListItem\",\"position\":2,\"name\":\"Palmeiras vence e assume lideran\u00e7a partilhada do Brasileir\u00e3o\"}]},{\"@type\":\"WebSite\",\"@id\":\"https:\/\/portaltela.pt\/#website\",\"url\":\"https:\/\/portaltela.pt\/\",\"name\":\"Portal Tela Portugal\",\"description\":\"\",\"potentialAction\":[{\"@type\":\"SearchAction\",\"target\":{\"@type\":\"EntryPoint\",\"urlTemplate\":\"https:\/\/portaltela.pt\/?s={search_term_string}\"},\"query-input\":{\"@type\":\"PropertyValueSpecification\",\"valueRequired\":true,\"valueName\":\"search_term_string\"}}],\"inLanguage\":\"pt-PT\"},{\"@type\":\"Person\",\"@id\":\"https:\/\/portaltela.pt\/#\/schema\/person\/c4278d4a6028830caff9ee44b42d32ed\",\"name\":\"Telinha\",\"image\":{\"@type\":\"ImageObject\",\"inLanguage\":\"pt-PT\",\"@id\":\"https:\/\/portaltela.pt\/s.01k8rhncp4jt1\/2025\/11\/talking-bot-125x125.png\",\"url\":\"https:\/\/portaltela.pt\/s.01k8rhncp4jt1\/2025\/11\/talking-bot-125x125.png\",\"contentUrl\":\"https:\/\/portaltela.pt\/s.01k8rhncp4jt1\/2025\/11\/talking-bot-125x125.png\",\"caption\":\"Telinha\"},\"sameAs\":[\"https:\/\/portaltela.pt\/\"],\"url\":\"https:\/\/portaltela.pt\/por\/367410592786\/\"}]}<\/script>\n<!-- \/ Yoast SEO plugin. -->","yoast_head_json":{"title":"Palmeiras vence e assume lideran\u00e7a partilhada do Brasileir\u00e3o - Portal Tela Portugal","robots":{"index":"index","follow":"follow","max-snippet":"max-snippet:-1","max-image-preview":"max-image-preview:large","max-video-preview":"max-video-preview:-1"},"og_locale":"pt_PT","og_type":"article","og_title":"Palmeiras vence e assume lideran\u00e7a partilhada do Brasileir\u00e3o - Portal Tela Portugal","og_description":"Em Porto Alegre, o Palmeiras adiantou-se aos 23 minutos com golo de Gustavo Gomez de cabe\u00e7a. Ronaldo empatou aos 36 minutos, rematando sem deixar cair a bola. Na segunda parte, V\u00edtor Roque colocou novamente o Palmeiras na frente aos 52 minutos. Andreas Pereira aumentou a vantagem com o 3-1 aos 82 minutos, ap\u00f3s ter assistido no primeiro golo. O triunfo coloca o Palmeiras no topo da classifica\u00e7\u00e3o, com sete pontos em tr\u00eas jornadas, empatado com S\u00e3o Paulo, Bahia e Fluminense; Bragantino era o l\u00edder e perdeu.","og_url":"https:\/\/portaltela.pt\/noticias\/2026\/02\/13\/palmeiras-vence-e-assume-lideranca-partilhada-do-brasileirao\/","og_site_name":"Portal Tela Portugal","article_published_time":"2026-02-13T14:07:00+00:00","author":"Telinha","twitter_card":"summary_large_image","twitter_misc":{"Escrito por":"Telinha","Tempo estimado de leitura":"1 minuto"},"schema":{"@context":"https:\/\/schema.org","@graph":[{"@type":"Article","@id":"https:\/\/portaltela.pt\/noticias\/2026\/02\/13\/palmeiras-vence-e-assume-lideranca-partilhada-do-brasileirao\/#article","isPartOf":{"@id":"https:\/\/portaltela.pt\/noticias\/2026\/02\/13\/palmeiras-vence-e-assume-lideranca-partilhada-do-brasileirao\/"},"author":{"name":"Telinha","@id":"https:\/\/portaltela.pt\/#\/schema\/person\/c4278d4a6028830caff9ee44b42d32ed"},"headline":"Palmeiras vence e assume lideran\u00e7a partilhada do Brasileir\u00e3o","datePublished":"2026-02-13T14:07:00+00:00","mainEntityOfPage":{"@id":"https:\/\/portaltela.pt\/noticias\/2026\/02\/13\/palmeiras-vence-e-assume-lideranca-partilhada-do-brasileirao\/"},"wordCount":184,"image":{"@id":"https:\/\/portaltela.pt\/noticias\/2026\/02\/13\/palmeiras-vence-e-assume-lideranca-partilhada-do-brasileirao\/#primaryimage"},"thumbnailUrl":"https:\/\/portaltela.pt\/s.01k8rhncp4jt1\/2026\/02\/image-1035.jpg","keywords":["Bahia","brasileir\u00e3o","Fluminense","futebol","Futebol Profissional","S\u00e3o Paulo"],"articleSection":["Desporto","Futebol"],"inLanguage":"pt-PT"},{"@type":"WebPage","@id":"https:\/\/portaltela.pt\/noticias\/2026\/02\/13\/palmeiras-vence-e-assume-lideranca-partilhada-do-brasileirao\/","url":"https:\/\/portaltela.pt\/noticias\/2026\/02\/13\/palmeiras-vence-e-assume-lideranca-partilhada-do-brasileirao\/","name":"Palmeiras vence e assume lideran\u00e7a partilhada do Brasileir\u00e3o - Portal Tela Portugal","isPartOf":{"@id":"https:\/\/portaltela.pt\/#website"},"primaryImageOfPage":{"@id":"https:\/\/portaltela.pt\/noticias\/2026\/02\/13\/palmeiras-vence-e-assume-lideranca-partilhada-do-brasileirao\/#primaryimage"},"image":{"@id":"https:\/\/portaltela.pt\/noticias\/2026\/02\/13\/palmeiras-vence-e-assume-lideranca-partilhada-do-brasileirao\/#primaryimage"},"thumbnailUrl":"https:\/\/portaltela.pt\/s.01k8rhncp4jt1\/2026\/02\/image-1035.jpg","datePublished":"2026-02-13T14:07:00+00:00","author":{"@id":"https:\/\/portaltela.pt\/#\/schema\/person\/c4278d4a6028830caff9ee44b42d32ed"},"breadcrumb":{"@id":"https:\/\/portaltela.pt\/noticias\/2026\/02\/13\/palmeiras-vence-e-assume-lideranca-partilhada-do-brasileirao\/#breadcrumb"},"inLanguage":"pt-PT","potentialAction":[{"@type":"ReadAction","target":["https:\/\/portaltela.pt\/noticias\/2026\/02\/13\/palmeiras-vence-e-assume-lideranca-partilhada-do-brasileirao\/"]}]},{"@type":"ImageObject","inLanguage":"pt-PT","@id":"https:\/\/portaltela.pt\/noticias\/2026\/02\/13\/palmeiras-vence-e-assume-lideranca-partilhada-do-brasileirao\/#primaryimage","url":"https:\/\/portaltela.pt\/s.01k8rhncp4jt1\/2026\/02\/image-1035.jpg","contentUrl":"https:\/\/portaltela.pt\/s.01k8rhncp4jt1\/2026\/02\/image-1035.jpg","width":796,"height":448,"caption":"Abel Ferreira, treinador do Palmeiras"},{"@type":"BreadcrumbList","@id":"https:\/\/portaltela.pt\/noticias\/2026\/02\/13\/palmeiras-vence-e-assume-lideranca-partilhada-do-brasileirao\/#breadcrumb","itemListElement":[{"@type":"ListItem","position":1,"name":"In\u00edcio","item":"https:\/\/portaltela.pt\/"},{"@type":"ListItem","position":2,"name":"Palmeiras vence e assume lideran\u00e7a partilhada do Brasileir\u00e3o"}]},{"@type":"WebSite","@id":"https:\/\/portaltela.pt\/#website","url":"https:\/\/portaltela.pt\/","name":"Portal Tela Portugal","description":"","potentialAction":[{"@type":"SearchAction","target":{"@type":"EntryPoint","urlTemplate":"https:\/\/portaltela.pt\/?s={search_term_string}"},"query-input":{"@type":"PropertyValueSpecification","valueRequired":true,"valueName":"search_term_string"}}],"inLanguage":"pt-PT"},{"@type":"Person","@id":"https:\/\/portaltela.pt\/#\/schema\/person\/c4278d4a6028830caff9ee44b42d32ed","name":"Telinha","image":{"@type":"ImageObject","inLanguage":"pt-PT","@id":"https:\/\/portaltela.pt\/s.01k8rhncp4jt1\/2025\/11\/talking-bot-125x125.png","url":"https:\/\/portaltela.pt\/s.01k8rhncp4jt1\/2025\/11\/talking-bot-125x125.png","contentUrl":"https:\/\/portaltela.pt\/s.01k8rhncp4jt1\/2025\/11\/talking-bot-125x125.png","caption":"Telinha"},"sameAs":["https:\/\/portaltela.pt\/"],"url":"https:\/\/portaltela.pt\/por\/367410592786\/"}]}},"_links":{"self":[{"href":"https:\/\/portaltela.pt\/api\/wp\/v2\/posts\/210991","targetHints":{"allow":["GET"]}}],"collection":[{"href":"https:\/\/portaltela.pt\/api\/wp\/v2\/posts"}],"about":[{"href":"https:\/\/portaltela.pt\/api\/wp\/v2\/types\/post"}],"author":[{"embeddable":true,"href":"https:\/\/portaltela.pt\/api\/wp\/v2\/users\/2"}],"replies":[{"embeddable":true,"href":"https:\/\/portaltela.pt\/api\/wp\/v2\/comments?post=210991"}],"version-history":[{"count":0,"href":"https:\/\/portaltela.pt\/api\/wp\/v2\/posts\/210991\/revisions"}],"wp:featuredmedia":[{"embeddable":true,"href":"https:\/\/portaltela.pt\/api\/wp\/v2\/media\/211002"}],"wp:attachment":[{"href":"https:\/\/portaltela.pt\/api\/wp\/v2\/media?parent=210991"}],"wp:term":[{"taxonomy":"category","embeddable":true,"href":"https:\/\/portaltela.pt\/api\/wp\/v2\/categories?post=210991"},{"taxonomy":"post_tag","embeddable":true,"href":"https:\/\/portaltela.pt\/api\/wp\/v2\/tags?post=210991"}],"curies":[{"name":"wp","href":"https:\/\/api.w.org\/{rel}","templated":true}]}}