{"id":210963,"date":"2026-02-13T10:45:00","date_gmt":"2026-02-13T13:45:00","guid":{"rendered":"https:\/\/portaltela.pt\/noticias\/2026\/02\/13\/mourinho-diz-que-o-golo-o-fez-perder-a-cabeca-por-3-ou-4-segundos\/"},"modified":"2026-02-13T10:45:00","modified_gmt":"2026-02-13T13:45:00","slug":"mourinho-diz-que-o-golo-o-fez-perder-a-cabeca-por-3-ou-4-segundos","status":"publish","type":"post","link":"https:\/\/portaltela.pt\/desporto\/futebol\/2026\/02\/13\/mourinho-diz-que-o-golo-o-fez-perder-a-cabeca-por-3-ou-4-segundos\/","title":{"rendered":"Mourinho diz que o golo o fez perder a cabe\u00e7a por 3 ou 4 segundos"},"content":{"rendered":"<p>Jos\u00e9 Mourinho reage \u00e0 vit\u00f3ria do Benfica sobre o Real Madrid na Luz, que carimbou a qualifica\u00e7\u00e3o para o playoff da Liga dos Campe\u00f5es. O treinador reconhece o epis\u00f3dio \u00fanico em que Trubin entrou para marcar nos descontos, concluindo que foi uma situa\u00e7\u00e3o de m\u00e1xima adrenalina.<\/p>\n<p>O t\u00e9cnico dos encarnados descreve a emo\u00e7\u00e3o de ver o guarda-redes marcar, depois de j\u00e1 ter experienciado situa\u00e7\u00f5es semelhantes anteriormente. Fala numa quebra de cabe\u00e7a de alguns segundos e explica que, apesar da alegria, optou por n\u00e3o participar na festa junto do resto da equipa.<\/p>\n<p>Mourinho analisa ainda o regresso ao Bernab\u00e9u, agendado para o dia 25, e a entrada na competi\u00e7\u00e3o em plena meio da \u00e9poca. Confessa que voltar a um local onde foi feliz lhe provoca emo\u00e7\u00f5es, mas pretende manter a concentra\u00e7\u00e3o durante o encontro.<\/p>\n<h3>Envolvidos, data e palco<\/h3>\n<p>A derrota do Real Madrid aconteceu na 1.\u00aa m\u00e3o do playoff, disputada na Luz, com o Benfica a vencer por 4-2. O epis\u00f3dio chave ocorreu nos descontos, quando Trubin marcou o golo que assegurou o apuramento, segundo interpretou o t\u00e9cnico.<\/p>\n<p>A entrevista \u00e0 Champions League Magazine, transmitida pela Sport TV, allowou ao treinador recordar o momento e refletir sobre a dist\u00e2ncia entre m\u00e9rito desportivo e emo\u00e7\u00e3o pessoal. O clube portugu\u00eas entrou na Liga dos Campe\u00f5es com a qualifica\u00e7\u00e3o hist\u00f3rica na mem\u00f3ria.<\/p>\n","protected":false},"excerpt":{"rendered":"<ul>\n<li>Benfica qualificou-se para o playoff da Liga dos Campe\u00f5es ao vencer o Real Madrid por 4-2 na Luz.<\/li>\n<li>O golo de Trubin nos descontos emocionou Mourinho, que disse ter perdido a cabe\u00e7a durante 3 ou 4 segundos.<\/li>\n<li>O treinador explicou que n\u00e3o celebrou \u00e0 frente dos amigos na box do Real Madrid, reconhecendo o momento \u00fanico.<\/li>\n<li>Mourinho falou das dificuldades de entrar na equipa a meio da \u00e9poca e das pondera\u00e7\u00f5es sobre mudan\u00e7as e adapta\u00e7\u00e3o.<\/li>\n<li>O regresso ao Bernab\u00e9u est\u00e1 marcado para o dia 25, e o t\u00e9cnico espera manter a concentra\u00e7\u00e3o durante a partida.<\/li>\n<\/ul>\n","protected":false},"author":2,"featured_media":210967,"comment_status":"closed","ping_status":"closed","sticky":false,"template":"","format":"standard","meta":{"footnotes":""},"categories":[21,24],"tags":[1946,3577,32,3338,2714,1900],"class_list":["post-210963","post","type-post","status-publish","format-standard","has-post-thumbnail","hentry","category-desporto","category-futebol","tag-benfica","tag-champions-league","tag-futebol","tag-futebol-internacional","tag-real-madrid","tag-sporttv"],"yoast_head":"<!-- This site is optimized with the Yoast SEO plugin v27.2 - https:\/\/yoast.com\/product\/yoast-seo-wordpress\/ -->\n<title>Mourinho diz que o golo o fez perder a cabe\u00e7a por 3 ou 4 segundos - Portal Tela Portugal<\/title>\n<meta name=\"robots\" content=\"index, follow, max-snippet:-1, max-image-preview:large, max-video-preview:-1\" \/>\n<meta property=\"og:locale\" content=\"pt_PT\" \/>\n<meta property=\"og:type\" content=\"article\" \/>\n<meta property=\"og:title\" content=\"Mourinho diz que o golo o fez perder a cabe\u00e7a por 3 ou 4 segundos - Portal Tela Portugal\" \/>\n<meta property=\"og:description\" content=\"Benfica qualificou-se para o playoff da Liga dos Campe\u00f5es ao vencer o Real Madrid por 4-2 na Luz. O golo de Trubin nos descontos emocionou Mourinho, que disse ter perdido a cabe\u00e7a durante 3 ou 4 segundos. O treinador explicou que n\u00e3o celebrou \u00e0 frente dos amigos na box do Real Madrid, reconhecendo o momento \u00fanico. Mourinho falou das dificuldades de entrar na equipa a meio da \u00e9poca e das pondera\u00e7\u00f5es sobre mudan\u00e7as e adapta\u00e7\u00e3o. O regresso ao Bernab\u00e9u est\u00e1 marcado para o dia 25, e o t\u00e9cnico espera manter a concentra\u00e7\u00e3o durante a partida.\" \/>\n<meta property=\"og:url\" content=\"https:\/\/portaltela.pt\/noticias\/2026\/02\/13\/mourinho-diz-que-o-golo-o-fez-perder-a-cabeca-por-3-ou-4-segundos\/\" \/>\n<meta property=\"og:site_name\" content=\"Portal Tela Portugal\" \/>\n<meta property=\"article:published_time\" content=\"2026-02-13T13:45:00+00:00\" \/>\n<meta name=\"author\" content=\"Telinha\" \/>\n<meta name=\"twitter:card\" content=\"summary_large_image\" \/>\n<meta name=\"twitter:label1\" content=\"Escrito por\" \/>\n\t<meta name=\"twitter:data1\" content=\"Telinha\" \/>\n\t<meta name=\"twitter:label2\" content=\"Tempo estimado de leitura\" \/>\n\t<meta name=\"twitter:data2\" content=\"1 minuto\" \/>\n<script type=\"application\/ld+json\" class=\"yoast-schema-graph\">{\"@context\":\"https:\/\/schema.org\",\"@graph\":[{\"@type\":\"Article\",\"@id\":\"https:\/\/portaltela.pt\/noticias\/2026\/02\/13\/mourinho-diz-que-o-golo-o-fez-perder-a-cabeca-por-3-ou-4-segundos\/#article\",\"isPartOf\":{\"@id\":\"https:\/\/portaltela.pt\/noticias\/2026\/02\/13\/mourinho-diz-que-o-golo-o-fez-perder-a-cabeca-por-3-ou-4-segundos\/\"},\"author\":{\"name\":\"Telinha\",\"@id\":\"https:\/\/portaltela.pt\/#\/schema\/person\/c4278d4a6028830caff9ee44b42d32ed\"},\"headline\":\"Mourinho diz que o golo o fez perder a cabe\u00e7a por 3 ou 4 segundos\",\"datePublished\":\"2026-02-13T13:45:00+00:00\",\"mainEntityOfPage\":{\"@id\":\"https:\/\/portaltela.pt\/noticias\/2026\/02\/13\/mourinho-diz-que-o-golo-o-fez-perder-a-cabeca-por-3-ou-4-segundos\/\"},\"wordCount\":254,\"image\":{\"@id\":\"https:\/\/portaltela.pt\/noticias\/2026\/02\/13\/mourinho-diz-que-o-golo-o-fez-perder-a-cabeca-por-3-ou-4-segundos\/#primaryimage\"},\"thumbnailUrl\":\"https:\/\/portaltela.pt\/s.01k8rhncp4jt1\/2026\/02\/img_920x518uu2026-01-27-12-47-07-2417670-im-639065871265269643.jpg\",\"keywords\":[\"Benfica\",\"Champions League\",\"futebol\",\"futebol internacional\",\"Real Madrid\",\"SportTV\"],\"articleSection\":[\"Desporto\",\"Futebol\"],\"inLanguage\":\"pt-PT\"},{\"@type\":\"WebPage\",\"@id\":\"https:\/\/portaltela.pt\/noticias\/2026\/02\/13\/mourinho-diz-que-o-golo-o-fez-perder-a-cabeca-por-3-ou-4-segundos\/\",\"url\":\"https:\/\/portaltela.pt\/noticias\/2026\/02\/13\/mourinho-diz-que-o-golo-o-fez-perder-a-cabeca-por-3-ou-4-segundos\/\",\"name\":\"Mourinho diz que o golo o fez perder a cabe\u00e7a por 3 ou 4 segundos - Portal Tela Portugal\",\"isPartOf\":{\"@id\":\"https:\/\/portaltela.pt\/#website\"},\"primaryImageOfPage\":{\"@id\":\"https:\/\/portaltela.pt\/noticias\/2026\/02\/13\/mourinho-diz-que-o-golo-o-fez-perder-a-cabeca-por-3-ou-4-segundos\/#primaryimage\"},\"image\":{\"@id\":\"https:\/\/portaltela.pt\/noticias\/2026\/02\/13\/mourinho-diz-que-o-golo-o-fez-perder-a-cabeca-por-3-ou-4-segundos\/#primaryimage\"},\"thumbnailUrl\":\"https:\/\/portaltela.pt\/s.01k8rhncp4jt1\/2026\/02\/img_920x518uu2026-01-27-12-47-07-2417670-im-639065871265269643.jpg\",\"datePublished\":\"2026-02-13T13:45:00+00:00\",\"author\":{\"@id\":\"https:\/\/portaltela.pt\/#\/schema\/person\/c4278d4a6028830caff9ee44b42d32ed\"},\"breadcrumb\":{\"@id\":\"https:\/\/portaltela.pt\/noticias\/2026\/02\/13\/mourinho-diz-que-o-golo-o-fez-perder-a-cabeca-por-3-ou-4-segundos\/#breadcrumb\"},\"inLanguage\":\"pt-PT\",\"potentialAction\":[{\"@type\":\"ReadAction\",\"target\":[\"https:\/\/portaltela.pt\/noticias\/2026\/02\/13\/mourinho-diz-que-o-golo-o-fez-perder-a-cabeca-por-3-ou-4-segundos\/\"]}]},{\"@type\":\"ImageObject\",\"inLanguage\":\"pt-PT\",\"@id\":\"https:\/\/portaltela.pt\/noticias\/2026\/02\/13\/mourinho-diz-que-o-golo-o-fez-perder-a-cabeca-por-3-ou-4-segundos\/#primaryimage\",\"url\":\"https:\/\/portaltela.pt\/s.01k8rhncp4jt1\/2026\/02\/img_920x518uu2026-01-27-12-47-07-2417670-im-639065871265269643.jpg\",\"contentUrl\":\"https:\/\/portaltela.pt\/s.01k8rhncp4jt1\/2026\/02\/img_920x518uu2026-01-27-12-47-07-2417670-im-639065871265269643.jpg\",\"width\":796,\"height\":448,\"caption\":\"Jos\u00e9 Mourinho\"},{\"@type\":\"BreadcrumbList\",\"@id\":\"https:\/\/portaltela.pt\/noticias\/2026\/02\/13\/mourinho-diz-que-o-golo-o-fez-perder-a-cabeca-por-3-ou-4-segundos\/#breadcrumb\",\"itemListElement\":[{\"@type\":\"ListItem\",\"position\":1,\"name\":\"In\u00edcio\",\"item\":\"https:\/\/portaltela.pt\/\"},{\"@type\":\"ListItem\",\"position\":2,\"name\":\"Mourinho diz que o golo o fez perder a cabe\u00e7a por 3 ou 4 segundos\"}]},{\"@type\":\"WebSite\",\"@id\":\"https:\/\/portaltela.pt\/#website\",\"url\":\"https:\/\/portaltela.pt\/\",\"name\":\"Portal Tela Portugal\",\"description\":\"\",\"potentialAction\":[{\"@type\":\"SearchAction\",\"target\":{\"@type\":\"EntryPoint\",\"urlTemplate\":\"https:\/\/portaltela.pt\/?s={search_term_string}\"},\"query-input\":{\"@type\":\"PropertyValueSpecification\",\"valueRequired\":true,\"valueName\":\"search_term_string\"}}],\"inLanguage\":\"pt-PT\"},{\"@type\":\"Person\",\"@id\":\"https:\/\/portaltela.pt\/#\/schema\/person\/c4278d4a6028830caff9ee44b42d32ed\",\"name\":\"Telinha\",\"image\":{\"@type\":\"ImageObject\",\"inLanguage\":\"pt-PT\",\"@id\":\"https:\/\/portaltela.pt\/s.01k8rhncp4jt1\/2025\/11\/talking-bot-125x125.png\",\"url\":\"https:\/\/portaltela.pt\/s.01k8rhncp4jt1\/2025\/11\/talking-bot-125x125.png\",\"contentUrl\":\"https:\/\/portaltela.pt\/s.01k8rhncp4jt1\/2025\/11\/talking-bot-125x125.png\",\"caption\":\"Telinha\"},\"sameAs\":[\"https:\/\/portaltela.pt\/\"],\"url\":\"https:\/\/portaltela.pt\/por\/367410592786\/\"}]}<\/script>\n<!-- \/ Yoast SEO plugin. -->","yoast_head_json":{"title":"Mourinho diz que o golo o fez perder a cabe\u00e7a por 3 ou 4 segundos - Portal Tela Portugal","robots":{"index":"index","follow":"follow","max-snippet":"max-snippet:-1","max-image-preview":"max-image-preview:large","max-video-preview":"max-video-preview:-1"},"og_locale":"pt_PT","og_type":"article","og_title":"Mourinho diz que o golo o fez perder a cabe\u00e7a por 3 ou 4 segundos - Portal Tela Portugal","og_description":"Benfica qualificou-se para o playoff da Liga dos Campe\u00f5es ao vencer o Real Madrid por 4-2 na Luz. O golo de Trubin nos descontos emocionou Mourinho, que disse ter perdido a cabe\u00e7a durante 3 ou 4 segundos. O treinador explicou que n\u00e3o celebrou \u00e0 frente dos amigos na box do Real Madrid, reconhecendo o momento \u00fanico. Mourinho falou das dificuldades de entrar na equipa a meio da \u00e9poca e das pondera\u00e7\u00f5es sobre mudan\u00e7as e adapta\u00e7\u00e3o. O regresso ao Bernab\u00e9u est\u00e1 marcado para o dia 25, e o t\u00e9cnico espera manter a concentra\u00e7\u00e3o durante a partida.","og_url":"https:\/\/portaltela.pt\/noticias\/2026\/02\/13\/mourinho-diz-que-o-golo-o-fez-perder-a-cabeca-por-3-ou-4-segundos\/","og_site_name":"Portal Tela Portugal","article_published_time":"2026-02-13T13:45:00+00:00","author":"Telinha","twitter_card":"summary_large_image","twitter_misc":{"Escrito por":"Telinha","Tempo estimado de leitura":"1 minuto"},"schema":{"@context":"https:\/\/schema.org","@graph":[{"@type":"Article","@id":"https:\/\/portaltela.pt\/noticias\/2026\/02\/13\/mourinho-diz-que-o-golo-o-fez-perder-a-cabeca-por-3-ou-4-segundos\/#article","isPartOf":{"@id":"https:\/\/portaltela.pt\/noticias\/2026\/02\/13\/mourinho-diz-que-o-golo-o-fez-perder-a-cabeca-por-3-ou-4-segundos\/"},"author":{"name":"Telinha","@id":"https:\/\/portaltela.pt\/#\/schema\/person\/c4278d4a6028830caff9ee44b42d32ed"},"headline":"Mourinho diz que o golo o fez perder a cabe\u00e7a por 3 ou 4 segundos","datePublished":"2026-02-13T13:45:00+00:00","mainEntityOfPage":{"@id":"https:\/\/portaltela.pt\/noticias\/2026\/02\/13\/mourinho-diz-que-o-golo-o-fez-perder-a-cabeca-por-3-ou-4-segundos\/"},"wordCount":254,"image":{"@id":"https:\/\/portaltela.pt\/noticias\/2026\/02\/13\/mourinho-diz-que-o-golo-o-fez-perder-a-cabeca-por-3-ou-4-segundos\/#primaryimage"},"thumbnailUrl":"https:\/\/portaltela.pt\/s.01k8rhncp4jt1\/2026\/02\/img_920x518uu2026-01-27-12-47-07-2417670-im-639065871265269643.jpg","keywords":["Benfica","Champions League","futebol","futebol internacional","Real Madrid","SportTV"],"articleSection":["Desporto","Futebol"],"inLanguage":"pt-PT"},{"@type":"WebPage","@id":"https:\/\/portaltela.pt\/noticias\/2026\/02\/13\/mourinho-diz-que-o-golo-o-fez-perder-a-cabeca-por-3-ou-4-segundos\/","url":"https:\/\/portaltela.pt\/noticias\/2026\/02\/13\/mourinho-diz-que-o-golo-o-fez-perder-a-cabeca-por-3-ou-4-segundos\/","name":"Mourinho diz que o golo o fez perder a cabe\u00e7a por 3 ou 4 segundos - Portal Tela Portugal","isPartOf":{"@id":"https:\/\/portaltela.pt\/#website"},"primaryImageOfPage":{"@id":"https:\/\/portaltela.pt\/noticias\/2026\/02\/13\/mourinho-diz-que-o-golo-o-fez-perder-a-cabeca-por-3-ou-4-segundos\/#primaryimage"},"image":{"@id":"https:\/\/portaltela.pt\/noticias\/2026\/02\/13\/mourinho-diz-que-o-golo-o-fez-perder-a-cabeca-por-3-ou-4-segundos\/#primaryimage"},"thumbnailUrl":"https:\/\/portaltela.pt\/s.01k8rhncp4jt1\/2026\/02\/img_920x518uu2026-01-27-12-47-07-2417670-im-639065871265269643.jpg","datePublished":"2026-02-13T13:45:00+00:00","author":{"@id":"https:\/\/portaltela.pt\/#\/schema\/person\/c4278d4a6028830caff9ee44b42d32ed"},"breadcrumb":{"@id":"https:\/\/portaltela.pt\/noticias\/2026\/02\/13\/mourinho-diz-que-o-golo-o-fez-perder-a-cabeca-por-3-ou-4-segundos\/#breadcrumb"},"inLanguage":"pt-PT","potentialAction":[{"@type":"ReadAction","target":["https:\/\/portaltela.pt\/noticias\/2026\/02\/13\/mourinho-diz-que-o-golo-o-fez-perder-a-cabeca-por-3-ou-4-segundos\/"]}]},{"@type":"ImageObject","inLanguage":"pt-PT","@id":"https:\/\/portaltela.pt\/noticias\/2026\/02\/13\/mourinho-diz-que-o-golo-o-fez-perder-a-cabeca-por-3-ou-4-segundos\/#primaryimage","url":"https:\/\/portaltela.pt\/s.01k8rhncp4jt1\/2026\/02\/img_920x518uu2026-01-27-12-47-07-2417670-im-639065871265269643.jpg","contentUrl":"https:\/\/portaltela.pt\/s.01k8rhncp4jt1\/2026\/02\/img_920x518uu2026-01-27-12-47-07-2417670-im-639065871265269643.jpg","width":796,"height":448,"caption":"Jos\u00e9 Mourinho"},{"@type":"BreadcrumbList","@id":"https:\/\/portaltela.pt\/noticias\/2026\/02\/13\/mourinho-diz-que-o-golo-o-fez-perder-a-cabeca-por-3-ou-4-segundos\/#breadcrumb","itemListElement":[{"@type":"ListItem","position":1,"name":"In\u00edcio","item":"https:\/\/portaltela.pt\/"},{"@type":"ListItem","position":2,"name":"Mourinho diz que o golo o fez perder a cabe\u00e7a por 3 ou 4 segundos"}]},{"@type":"WebSite","@id":"https:\/\/portaltela.pt\/#website","url":"https:\/\/portaltela.pt\/","name":"Portal Tela Portugal","description":"","potentialAction":[{"@type":"SearchAction","target":{"@type":"EntryPoint","urlTemplate":"https:\/\/portaltela.pt\/?s={search_term_string}"},"query-input":{"@type":"PropertyValueSpecification","valueRequired":true,"valueName":"search_term_string"}}],"inLanguage":"pt-PT"},{"@type":"Person","@id":"https:\/\/portaltela.pt\/#\/schema\/person\/c4278d4a6028830caff9ee44b42d32ed","name":"Telinha","image":{"@type":"ImageObject","inLanguage":"pt-PT","@id":"https:\/\/portaltela.pt\/s.01k8rhncp4jt1\/2025\/11\/talking-bot-125x125.png","url":"https:\/\/portaltela.pt\/s.01k8rhncp4jt1\/2025\/11\/talking-bot-125x125.png","contentUrl":"https:\/\/portaltela.pt\/s.01k8rhncp4jt1\/2025\/11\/talking-bot-125x125.png","caption":"Telinha"},"sameAs":["https:\/\/portaltela.pt\/"],"url":"https:\/\/portaltela.pt\/por\/367410592786\/"}]}},"_links":{"self":[{"href":"https:\/\/portaltela.pt\/api\/wp\/v2\/posts\/210963","targetHints":{"allow":["GET"]}}],"collection":[{"href":"https:\/\/portaltela.pt\/api\/wp\/v2\/posts"}],"about":[{"href":"https:\/\/portaltela.pt\/api\/wp\/v2\/types\/post"}],"author":[{"embeddable":true,"href":"https:\/\/portaltela.pt\/api\/wp\/v2\/users\/2"}],"replies":[{"embeddable":true,"href":"https:\/\/portaltela.pt\/api\/wp\/v2\/comments?post=210963"}],"version-history":[{"count":0,"href":"https:\/\/portaltela.pt\/api\/wp\/v2\/posts\/210963\/revisions"}],"wp:featuredmedia":[{"embeddable":true,"href":"https:\/\/portaltela.pt\/api\/wp\/v2\/media\/210967"}],"wp:attachment":[{"href":"https:\/\/portaltela.pt\/api\/wp\/v2\/media?parent=210963"}],"wp:term":[{"taxonomy":"category","embeddable":true,"href":"https:\/\/portaltela.pt\/api\/wp\/v2\/categories?post=210963"},{"taxonomy":"post_tag","embeddable":true,"href":"https:\/\/portaltela.pt\/api\/wp\/v2\/tags?post=210963"}],"curies":[{"name":"wp","href":"https:\/\/api.w.org\/{rel}","templated":true}]}}