{"id":210961,"date":"2026-02-13T10:51:00","date_gmt":"2026-02-13T13:51:00","guid":{"rendered":"https:\/\/portaltela.pt\/noticias\/2026\/02\/13\/marcelo-escolhe-vhils-para-retrato-oficial-de-presidente-da-republica\/"},"modified":"2026-02-13T10:51:00","modified_gmt":"2026-02-13T13:51:00","slug":"marcelo-escolhe-vhils-para-retrato-oficial-de-presidente-da-republica","status":"publish","type":"post","link":"https:\/\/portaltela.pt\/noticias\/2026\/02\/13\/marcelo-escolhe-vhils-para-retrato-oficial-de-presidente-da-republica\/","title":{"rendered":"Marcelo escolhe Vhils para retrato oficial de Presidente da Rep\u00fablica"},"content":{"rendered":"<p>Marcelo Rebelo de Sousa escolheu o artista Vhils para pintar o retrato oficial de Presidente da Rep\u00fablica. A decis\u00e3o foi confirmada esta sexta-feira pela Lusa, ap\u00f3s ter sido adiantada pelo seman\u00e1rio Expresso. O retrato ser\u00e1 apresentado em mar\u00e7o, na \u00faltima semana do mandato.<\/p>\n<p>Alexandre Farto, conhecido como Vhils, \u00e9 famoso pelos retratos esculturais em paredes. O presidente disse \u00e0 Lusa que a escolha se baseia tamb\u00e9m na ideia de Vhils ser um expoente de \u00e9poca, tal como outros retratistas de presidentes anteriores.<\/p>\n<p>O retrato ficar\u00e1 no Museu da Presid\u00eancia da Rep\u00fablica, na galeria dos retratos oficiais. Est\u00e3o j\u00e1 identificados outros retratos: Ant\u00f3nio Ramalho Eanes por Lu\u00eds Pinto Coelho, M\u00e1rio Soares por J\u00falio Pomar, Jorge Sampaio por Paula Rego e An\u00edbal Cavaco Silva por Carlos Barahona Possolo.<\/p>\n<p>Logo no in\u00edcio do seu primeiro mandato, Marcelo chegou a ter um retrato pintado pelo mestre Bessa no Porto, que chegou a ser considerado para a escolha oficial. A decis\u00e3o atual mant\u00e9m a tradi\u00e7\u00e3o de apresentar o retrato ao fim do segundo mandato.<\/p>\n<p>A pr\u00e1tica de anunciar retratos oficiais no t\u00e9rmino do mandato \u00e9 comum em Portugal. O retrato de Cavaco Silva foi divulgado em mar\u00e7o de 2016, poucos dias antes de deixar fun\u00e7\u00f5es, mantendo o padr\u00e3o de tempo habitual.<\/p>\n","protected":false},"excerpt":{"rendered":"<ul>\n<li>O Presidente da Rep\u00fablica, Marcelo Rebelo de Sousa, escolheu o artista Vhils para fazer o retrato oficial, assinado por Alexandre Farto.<\/li>\n<li>O retrato ser\u00e1 apresentado em mar\u00e7o, na \u00faltima semana do mandato, que termina no dia 9 desse m\u00eas.<\/li>\n<li>A op\u00e7\u00e3o deveu-se, segundo o chefe de Estado, ao gosto pelas obras de Vhils e \u00e0 sua condi\u00e7\u00e3o de expoente de uma \u00e9poca.<\/li>\n<li>O retrato ficar\u00e1 exposto no Museu da Presid\u00eancia da Rep\u00fablica, na galeria onde est\u00e3o os retratos oficiais dos antecessores.<\/li>\n<li>Tradicionalmente, os retratos oficiais s\u00e3o anunciados no final do segundo mandato; exemplos anteriores incluem obras de Pinto Coelho, J\u00falio Pomar, Paula Rego e Barahona Possolo.<\/li>\n<\/ul>\n","protected":false},"author":2,"featured_media":210965,"comment_status":"closed","ping_status":"closed","sticky":false,"template":"","format":"standard","meta":{"footnotes":""},"categories":[1],"tags":[2877,5751,248,1014,30,5367],"class_list":["post-210961","post","type-post","status-publish","format-standard","has-post-thumbnail","hentry","category-noticias","tag-marcelo-rebelo-de-sousa","tag-museus-e-arquivos","tag-pintura","tag-portugal","tag-presidente","tag-vhils"],"yoast_head":"<!-- This site is optimized with the Yoast SEO plugin v27.2 - https:\/\/yoast.com\/product\/yoast-seo-wordpress\/ -->\n<title>Marcelo escolhe Vhils para retrato oficial de Presidente da Rep\u00fablica - Portal Tela Portugal<\/title>\n<meta name=\"robots\" content=\"index, follow, max-snippet:-1, max-image-preview:large, max-video-preview:-1\" \/>\n<meta property=\"og:locale\" content=\"pt_PT\" \/>\n<meta property=\"og:type\" content=\"article\" \/>\n<meta property=\"og:title\" content=\"Marcelo escolhe Vhils para retrato oficial de Presidente da Rep\u00fablica - Portal Tela Portugal\" \/>\n<meta property=\"og:description\" content=\"O Presidente da Rep\u00fablica, Marcelo Rebelo de Sousa, escolheu o artista Vhils para fazer o retrato oficial, assinado por Alexandre Farto. O retrato ser\u00e1 apresentado em mar\u00e7o, na \u00faltima semana do mandato, que termina no dia 9 desse m\u00eas. A op\u00e7\u00e3o deveu-se, segundo o chefe de Estado, ao gosto pelas obras de Vhils e \u00e0 sua condi\u00e7\u00e3o de expoente de uma \u00e9poca. O retrato ficar\u00e1 exposto no Museu da Presid\u00eancia da Rep\u00fablica, na galeria onde est\u00e3o os retratos oficiais dos antecessores. Tradicionalmente, os retratos oficiais s\u00e3o anunciados no final do segundo mandato; exemplos anteriores incluem obras de Pinto Coelho, J\u00falio Pomar, Paula Rego e Barahona Possolo.\" \/>\n<meta property=\"og:url\" content=\"https:\/\/portaltela.pt\/noticias\/2026\/02\/13\/marcelo-escolhe-vhils-para-retrato-oficial-de-presidente-da-republica\/\" \/>\n<meta property=\"og:site_name\" content=\"Portal Tela Portugal\" \/>\n<meta property=\"article:published_time\" content=\"2026-02-13T13:51:00+00:00\" \/>\n<meta name=\"author\" content=\"Telinha\" \/>\n<meta name=\"twitter:card\" content=\"summary_large_image\" \/>\n<meta name=\"twitter:label1\" content=\"Escrito por\" \/>\n\t<meta name=\"twitter:data1\" content=\"Telinha\" \/>\n\t<meta name=\"twitter:label2\" content=\"Tempo estimado de leitura\" \/>\n\t<meta name=\"twitter:data2\" content=\"1 minuto\" \/>\n<script type=\"application\/ld+json\" class=\"yoast-schema-graph\">{\"@context\":\"https:\/\/schema.org\",\"@graph\":[{\"@type\":\"Article\",\"@id\":\"https:\/\/portaltela.pt\/noticias\/2026\/02\/13\/marcelo-escolhe-vhils-para-retrato-oficial-de-presidente-da-republica\/#article\",\"isPartOf\":{\"@id\":\"https:\/\/portaltela.pt\/noticias\/2026\/02\/13\/marcelo-escolhe-vhils-para-retrato-oficial-de-presidente-da-republica\/\"},\"author\":{\"name\":\"Telinha\",\"@id\":\"https:\/\/portaltela.pt\/#\/schema\/person\/c4278d4a6028830caff9ee44b42d32ed\"},\"headline\":\"Marcelo escolhe Vhils para retrato oficial de Presidente da Rep\u00fablica\",\"datePublished\":\"2026-02-13T13:51:00+00:00\",\"mainEntityOfPage\":{\"@id\":\"https:\/\/portaltela.pt\/noticias\/2026\/02\/13\/marcelo-escolhe-vhils-para-retrato-oficial-de-presidente-da-republica\/\"},\"wordCount\":236,\"image\":{\"@id\":\"https:\/\/portaltela.pt\/noticias\/2026\/02\/13\/marcelo-escolhe-vhils-para-retrato-oficial-de-presidente-da-republica\/#primaryimage\"},\"thumbnailUrl\":\"https:\/\/portaltela.pt\/s.01k8rhncp4jt1\/2026\/02\/2067037.jpg\",\"keywords\":[\"Marcelo Rebelo de Sousa\",\"museus e arquivos\",\"pintura\",\"Portugal\",\"presidente\",\"Vhils\"],\"articleSection\":[\"Not\u00edcias\"],\"inLanguage\":\"pt-PT\"},{\"@type\":\"WebPage\",\"@id\":\"https:\/\/portaltela.pt\/noticias\/2026\/02\/13\/marcelo-escolhe-vhils-para-retrato-oficial-de-presidente-da-republica\/\",\"url\":\"https:\/\/portaltela.pt\/noticias\/2026\/02\/13\/marcelo-escolhe-vhils-para-retrato-oficial-de-presidente-da-republica\/\",\"name\":\"Marcelo escolhe Vhils para retrato oficial de Presidente da Rep\u00fablica - Portal Tela Portugal\",\"isPartOf\":{\"@id\":\"https:\/\/portaltela.pt\/#website\"},\"primaryImageOfPage\":{\"@id\":\"https:\/\/portaltela.pt\/noticias\/2026\/02\/13\/marcelo-escolhe-vhils-para-retrato-oficial-de-presidente-da-republica\/#primaryimage\"},\"image\":{\"@id\":\"https:\/\/portaltela.pt\/noticias\/2026\/02\/13\/marcelo-escolhe-vhils-para-retrato-oficial-de-presidente-da-republica\/#primaryimage\"},\"thumbnailUrl\":\"https:\/\/portaltela.pt\/s.01k8rhncp4jt1\/2026\/02\/2067037.jpg\",\"datePublished\":\"2026-02-13T13:51:00+00:00\",\"author\":{\"@id\":\"https:\/\/portaltela.pt\/#\/schema\/person\/c4278d4a6028830caff9ee44b42d32ed\"},\"breadcrumb\":{\"@id\":\"https:\/\/portaltela.pt\/noticias\/2026\/02\/13\/marcelo-escolhe-vhils-para-retrato-oficial-de-presidente-da-republica\/#breadcrumb\"},\"inLanguage\":\"pt-PT\",\"potentialAction\":[{\"@type\":\"ReadAction\",\"target\":[\"https:\/\/portaltela.pt\/noticias\/2026\/02\/13\/marcelo-escolhe-vhils-para-retrato-oficial-de-presidente-da-republica\/\"]}]},{\"@type\":\"ImageObject\",\"inLanguage\":\"pt-PT\",\"@id\":\"https:\/\/portaltela.pt\/noticias\/2026\/02\/13\/marcelo-escolhe-vhils-para-retrato-oficial-de-presidente-da-republica\/#primaryimage\",\"url\":\"https:\/\/portaltela.pt\/s.01k8rhncp4jt1\/2026\/02\/2067037.jpg\",\"contentUrl\":\"https:\/\/portaltela.pt\/s.01k8rhncp4jt1\/2026\/02\/2067037.jpg\",\"width\":796,\"height\":448,\"caption\":\"Alexandre Farto, conhecido por Vhils, fotografado em 2024 na Galeria Vera Cort\u00eas\"},{\"@type\":\"BreadcrumbList\",\"@id\":\"https:\/\/portaltela.pt\/noticias\/2026\/02\/13\/marcelo-escolhe-vhils-para-retrato-oficial-de-presidente-da-republica\/#breadcrumb\",\"itemListElement\":[{\"@type\":\"ListItem\",\"position\":1,\"name\":\"In\u00edcio\",\"item\":\"https:\/\/portaltela.pt\/\"},{\"@type\":\"ListItem\",\"position\":2,\"name\":\"Marcelo escolhe Vhils para retrato oficial de Presidente da Rep\u00fablica\"}]},{\"@type\":\"WebSite\",\"@id\":\"https:\/\/portaltela.pt\/#website\",\"url\":\"https:\/\/portaltela.pt\/\",\"name\":\"Portal Tela Portugal\",\"description\":\"\",\"potentialAction\":[{\"@type\":\"SearchAction\",\"target\":{\"@type\":\"EntryPoint\",\"urlTemplate\":\"https:\/\/portaltela.pt\/?s={search_term_string}\"},\"query-input\":{\"@type\":\"PropertyValueSpecification\",\"valueRequired\":true,\"valueName\":\"search_term_string\"}}],\"inLanguage\":\"pt-PT\"},{\"@type\":\"Person\",\"@id\":\"https:\/\/portaltela.pt\/#\/schema\/person\/c4278d4a6028830caff9ee44b42d32ed\",\"name\":\"Telinha\",\"image\":{\"@type\":\"ImageObject\",\"inLanguage\":\"pt-PT\",\"@id\":\"https:\/\/portaltela.pt\/s.01k8rhncp4jt1\/2025\/11\/talking-bot-125x125.png\",\"url\":\"https:\/\/portaltela.pt\/s.01k8rhncp4jt1\/2025\/11\/talking-bot-125x125.png\",\"contentUrl\":\"https:\/\/portaltela.pt\/s.01k8rhncp4jt1\/2025\/11\/talking-bot-125x125.png\",\"caption\":\"Telinha\"},\"sameAs\":[\"https:\/\/portaltela.pt\/\"],\"url\":\"https:\/\/portaltela.pt\/por\/367410592786\/\"}]}<\/script>\n<!-- \/ Yoast SEO plugin. -->","yoast_head_json":{"title":"Marcelo escolhe Vhils para retrato oficial de Presidente da Rep\u00fablica - Portal Tela Portugal","robots":{"index":"index","follow":"follow","max-snippet":"max-snippet:-1","max-image-preview":"max-image-preview:large","max-video-preview":"max-video-preview:-1"},"og_locale":"pt_PT","og_type":"article","og_title":"Marcelo escolhe Vhils para retrato oficial de Presidente da Rep\u00fablica - Portal Tela Portugal","og_description":"O Presidente da Rep\u00fablica, Marcelo Rebelo de Sousa, escolheu o artista Vhils para fazer o retrato oficial, assinado por Alexandre Farto. O retrato ser\u00e1 apresentado em mar\u00e7o, na \u00faltima semana do mandato, que termina no dia 9 desse m\u00eas. A op\u00e7\u00e3o deveu-se, segundo o chefe de Estado, ao gosto pelas obras de Vhils e \u00e0 sua condi\u00e7\u00e3o de expoente de uma \u00e9poca. O retrato ficar\u00e1 exposto no Museu da Presid\u00eancia da Rep\u00fablica, na galeria onde est\u00e3o os retratos oficiais dos antecessores. Tradicionalmente, os retratos oficiais s\u00e3o anunciados no final do segundo mandato; exemplos anteriores incluem obras de Pinto Coelho, J\u00falio Pomar, Paula Rego e Barahona Possolo.","og_url":"https:\/\/portaltela.pt\/noticias\/2026\/02\/13\/marcelo-escolhe-vhils-para-retrato-oficial-de-presidente-da-republica\/","og_site_name":"Portal Tela Portugal","article_published_time":"2026-02-13T13:51:00+00:00","author":"Telinha","twitter_card":"summary_large_image","twitter_misc":{"Escrito por":"Telinha","Tempo estimado de leitura":"1 minuto"},"schema":{"@context":"https:\/\/schema.org","@graph":[{"@type":"Article","@id":"https:\/\/portaltela.pt\/noticias\/2026\/02\/13\/marcelo-escolhe-vhils-para-retrato-oficial-de-presidente-da-republica\/#article","isPartOf":{"@id":"https:\/\/portaltela.pt\/noticias\/2026\/02\/13\/marcelo-escolhe-vhils-para-retrato-oficial-de-presidente-da-republica\/"},"author":{"name":"Telinha","@id":"https:\/\/portaltela.pt\/#\/schema\/person\/c4278d4a6028830caff9ee44b42d32ed"},"headline":"Marcelo escolhe Vhils para retrato oficial de Presidente da Rep\u00fablica","datePublished":"2026-02-13T13:51:00+00:00","mainEntityOfPage":{"@id":"https:\/\/portaltela.pt\/noticias\/2026\/02\/13\/marcelo-escolhe-vhils-para-retrato-oficial-de-presidente-da-republica\/"},"wordCount":236,"image":{"@id":"https:\/\/portaltela.pt\/noticias\/2026\/02\/13\/marcelo-escolhe-vhils-para-retrato-oficial-de-presidente-da-republica\/#primaryimage"},"thumbnailUrl":"https:\/\/portaltela.pt\/s.01k8rhncp4jt1\/2026\/02\/2067037.jpg","keywords":["Marcelo Rebelo de Sousa","museus e arquivos","pintura","Portugal","presidente","Vhils"],"articleSection":["Not\u00edcias"],"inLanguage":"pt-PT"},{"@type":"WebPage","@id":"https:\/\/portaltela.pt\/noticias\/2026\/02\/13\/marcelo-escolhe-vhils-para-retrato-oficial-de-presidente-da-republica\/","url":"https:\/\/portaltela.pt\/noticias\/2026\/02\/13\/marcelo-escolhe-vhils-para-retrato-oficial-de-presidente-da-republica\/","name":"Marcelo escolhe Vhils para retrato oficial de Presidente da Rep\u00fablica - Portal Tela Portugal","isPartOf":{"@id":"https:\/\/portaltela.pt\/#website"},"primaryImageOfPage":{"@id":"https:\/\/portaltela.pt\/noticias\/2026\/02\/13\/marcelo-escolhe-vhils-para-retrato-oficial-de-presidente-da-republica\/#primaryimage"},"image":{"@id":"https:\/\/portaltela.pt\/noticias\/2026\/02\/13\/marcelo-escolhe-vhils-para-retrato-oficial-de-presidente-da-republica\/#primaryimage"},"thumbnailUrl":"https:\/\/portaltela.pt\/s.01k8rhncp4jt1\/2026\/02\/2067037.jpg","datePublished":"2026-02-13T13:51:00+00:00","author":{"@id":"https:\/\/portaltela.pt\/#\/schema\/person\/c4278d4a6028830caff9ee44b42d32ed"},"breadcrumb":{"@id":"https:\/\/portaltela.pt\/noticias\/2026\/02\/13\/marcelo-escolhe-vhils-para-retrato-oficial-de-presidente-da-republica\/#breadcrumb"},"inLanguage":"pt-PT","potentialAction":[{"@type":"ReadAction","target":["https:\/\/portaltela.pt\/noticias\/2026\/02\/13\/marcelo-escolhe-vhils-para-retrato-oficial-de-presidente-da-republica\/"]}]},{"@type":"ImageObject","inLanguage":"pt-PT","@id":"https:\/\/portaltela.pt\/noticias\/2026\/02\/13\/marcelo-escolhe-vhils-para-retrato-oficial-de-presidente-da-republica\/#primaryimage","url":"https:\/\/portaltela.pt\/s.01k8rhncp4jt1\/2026\/02\/2067037.jpg","contentUrl":"https:\/\/portaltela.pt\/s.01k8rhncp4jt1\/2026\/02\/2067037.jpg","width":796,"height":448,"caption":"Alexandre Farto, conhecido por Vhils, fotografado em 2024 na Galeria Vera Cort\u00eas"},{"@type":"BreadcrumbList","@id":"https:\/\/portaltela.pt\/noticias\/2026\/02\/13\/marcelo-escolhe-vhils-para-retrato-oficial-de-presidente-da-republica\/#breadcrumb","itemListElement":[{"@type":"ListItem","position":1,"name":"In\u00edcio","item":"https:\/\/portaltela.pt\/"},{"@type":"ListItem","position":2,"name":"Marcelo escolhe Vhils para retrato oficial de Presidente da Rep\u00fablica"}]},{"@type":"WebSite","@id":"https:\/\/portaltela.pt\/#website","url":"https:\/\/portaltela.pt\/","name":"Portal Tela Portugal","description":"","potentialAction":[{"@type":"SearchAction","target":{"@type":"EntryPoint","urlTemplate":"https:\/\/portaltela.pt\/?s={search_term_string}"},"query-input":{"@type":"PropertyValueSpecification","valueRequired":true,"valueName":"search_term_string"}}],"inLanguage":"pt-PT"},{"@type":"Person","@id":"https:\/\/portaltela.pt\/#\/schema\/person\/c4278d4a6028830caff9ee44b42d32ed","name":"Telinha","image":{"@type":"ImageObject","inLanguage":"pt-PT","@id":"https:\/\/portaltela.pt\/s.01k8rhncp4jt1\/2025\/11\/talking-bot-125x125.png","url":"https:\/\/portaltela.pt\/s.01k8rhncp4jt1\/2025\/11\/talking-bot-125x125.png","contentUrl":"https:\/\/portaltela.pt\/s.01k8rhncp4jt1\/2025\/11\/talking-bot-125x125.png","caption":"Telinha"},"sameAs":["https:\/\/portaltela.pt\/"],"url":"https:\/\/portaltela.pt\/por\/367410592786\/"}]}},"_links":{"self":[{"href":"https:\/\/portaltela.pt\/api\/wp\/v2\/posts\/210961","targetHints":{"allow":["GET"]}}],"collection":[{"href":"https:\/\/portaltela.pt\/api\/wp\/v2\/posts"}],"about":[{"href":"https:\/\/portaltela.pt\/api\/wp\/v2\/types\/post"}],"author":[{"embeddable":true,"href":"https:\/\/portaltela.pt\/api\/wp\/v2\/users\/2"}],"replies":[{"embeddable":true,"href":"https:\/\/portaltela.pt\/api\/wp\/v2\/comments?post=210961"}],"version-history":[{"count":0,"href":"https:\/\/portaltela.pt\/api\/wp\/v2\/posts\/210961\/revisions"}],"wp:featuredmedia":[{"embeddable":true,"href":"https:\/\/portaltela.pt\/api\/wp\/v2\/media\/210965"}],"wp:attachment":[{"href":"https:\/\/portaltela.pt\/api\/wp\/v2\/media?parent=210961"}],"wp:term":[{"taxonomy":"category","embeddable":true,"href":"https:\/\/portaltela.pt\/api\/wp\/v2\/categories?post=210961"},{"taxonomy":"post_tag","embeddable":true,"href":"https:\/\/portaltela.pt\/api\/wp\/v2\/tags?post=210961"}],"curies":[{"name":"wp","href":"https:\/\/api.w.org\/{rel}","templated":true}]}}