{"id":210948,"date":"2026-02-13T10:34:00","date_gmt":"2026-02-13T13:34:00","guid":{"rendered":"https:\/\/portaltela.pt\/noticias\/2026\/02\/13\/carnaval-com-cheiro-a-primavera-aproxima-se-e-promete-sol\/"},"modified":"2026-02-13T10:34:00","modified_gmt":"2026-02-13T13:34:00","slug":"carnaval-com-cheiro-a-primavera-aproxima-se-e-promete-sol","status":"publish","type":"post","link":"https:\/\/portaltela.pt\/noticias\/economia\/2026\/02\/13\/carnaval-com-cheiro-a-primavera-aproxima-se-e-promete-sol\/","title":{"rendered":"Carnaval com cheiro a Primavera aproxima-se e promete sol"},"content":{"rendered":"<p>O fim de semana do Carnaval dever\u00e1 trazer melhoria gradual do tempo em grande parte do territ\u00f3rio, segundo o IPMA. O norte mant\u00e9m chuva, mas a tend\u00eancia \u00e9 de menor intensidade, com o tempo a aproximar-se de condi\u00e7\u00f5es de primavera em muitas regi\u00f5es.<\/p>\n<p>De acordo com a meteorologista de servi\u00e7o Paula Leit\u00e3o, o fim de semana come\u00e7a com aguaceiros locais, alguns com trovoada, e neve acima de 800 metros sem acumula\u00e7\u00f5es significativas. Contudo, o vento deve amainar ao longo do dia.<\/p>\n<p>O primeiro dia de al\u00edvio \u00e9 s\u00e1bado, com o vento forte a perder intensidade pela manh\u00e3. O c\u00e9u fica pouco nublado, com aguaceiros fracos dispersos. As temperaturas apresentam valores moderados e est\u00e1veis para aquela \u00e9poca do ano.<\/p>\n<h3>Mudan\u00e7as ao longo do fim de semana<\/h3>\n<p>A partir de domingo o pa\u00eds fica dividido: Centro e Sul com tempo est\u00e1vel e sem precipita\u00e7\u00e3o, Norte com regresso da chuva, sobretudo no Minho e Douro Litoral. As temperaturas mant\u00eam-se pr\u00f3ximas das de s\u00e1bado.<\/p>\n<p>Segunda-feira traz subida das temperaturas m\u00ednimas no Norte, ainda com chuva fraca. Centro e Sul registam mais sol, com aguaceiros fracos de menor frequ\u00eancia. O cen\u00e1rio mant\u00e9m-se semelhante ao longo do dia.<\/p>\n<h3>Carnaval na ter\u00e7a-feira e perspetivas<\/h3>\n<p>O feriado de Carnaval dever\u00e1 ter nebulosidade pela manh\u00e3, com boas abertas \u00e0 tarde. Em muitas regi\u00f5es, sol, mas ainda guia de chuva no Norte, sobretudo no Minho e Douro Litoral, de intensidade fraca.<\/p>\n<p>As temperaturas dever\u00e3o manter-se pr\u00f3ximas dos valores de s\u00e1bado, com ligeiras subidas. Porto, Lisboa, Tr\u00e1s-os-Montes, Alentejo e Algarve apresentam intervalos entre 11\u201316 \u00b0C, dependendo da zona.<\/p>\n<h3>Perspetivas para as pr\u00f3ximas semanas<\/h3>\n<p>As previs\u00f5es indicam duas semanas de condi\u00e7\u00e3o mais est\u00e1vel, com precipita\u00e7\u00e3o dentro dos valores habituais. No Norte, a chuva poder\u00e1 continuar, mas em menor intensidade. O IPMA ressalva que o solo ainda permanece fragilizado e que as autarquias devem avan\u00e7ar com repara\u00e7\u00f5es.<\/p>\n<p>Esta normalidade relativa n\u00e3o implica aus\u00eancia de chuva, mas permite planeamento em \u00e1reas afetadas. O estado do tempo atual, com variabilidade regional, contrasta com o aquecimento do clima observado em dados de longo prazo.<\/p>\n","protected":false},"excerpt":{"rendered":"<ul>\n<li>S\u00e1bado ser\u00e1 o primeiro dia de al\u00edvio, com vento a diminuir e c\u00e9u pouco nublado, temperaturas entre cerca de 3\u00b0C e 14\u00b0C conforme a regi\u00e3o, sentindo-se j\u00e1 um cheirinho a Primavera.<\/li>\n<li>A partir de domingo, o pa\u00eds fica dividido: Centro e Sul mant\u00eam tempo est\u00e1vel com abertas; Norte regista chuva que volta a surgir, com intensidade crescente ao longo do dia.<\/li>\n<li>Segunda-feira mant\u00e9m m\u00ednimas mais altas no Norte e chuva fraca; Centro e Sul apresentam mais sol com aguaceiros menores.<\/li>\n<li>Ter\u00e7a-feira de Carnaval apresenta nebulosidade de manh\u00e3 e boas abertas \u00e0 tarde, com chuva fraca no Minho e Douro Litoral e temperaturas semelhantes \u00e0s de s\u00e1bado.<\/li>\n<li>Depois de semanas de precipita\u00e7\u00e3o acima da m\u00e9dia, prev\u00eaem-se duas semanas de normalidade, com precipita\u00e7\u00e3o dentro dos valores habituais e solo a come\u00e7ar a secar, permitindo repara\u00e7\u00f5es.<\/li>\n<\/ul>\n","protected":false},"author":2,"featured_media":210952,"comment_status":"closed","ping_status":"closed","sticky":false,"template":"","format":"standard","meta":{"footnotes":""},"categories":[2,1],"tags":[4917,1309,5329,5224,2765,1014],"class_list":["post-210948","post","type-post","status-publish","format-standard","has-post-thumbnail","hentry","category-economia","category-noticias","tag-aguaceiros","tag-centro","tag-chuva","tag-clima","tag-norte","tag-portugal"],"yoast_head":"<!-- This site is optimized with the Yoast SEO plugin v27.2 - https:\/\/yoast.com\/product\/yoast-seo-wordpress\/ -->\n<title>Carnaval com cheiro a Primavera aproxima-se e promete sol - Portal Tela Portugal<\/title>\n<meta name=\"robots\" content=\"index, follow, max-snippet:-1, max-image-preview:large, max-video-preview:-1\" \/>\n<meta property=\"og:locale\" content=\"pt_PT\" \/>\n<meta property=\"og:type\" content=\"article\" \/>\n<meta property=\"og:title\" content=\"Carnaval com cheiro a Primavera aproxima-se e promete sol - Portal Tela Portugal\" \/>\n<meta property=\"og:description\" content=\"S\u00e1bado ser\u00e1 o primeiro dia de al\u00edvio, com vento a diminuir e c\u00e9u pouco nublado, temperaturas entre cerca de 3\u00b0C e 14\u00b0C conforme a regi\u00e3o, sentindo-se j\u00e1 um cheirinho a Primavera. A partir de domingo, o pa\u00eds fica dividido: Centro e Sul mant\u00eam tempo est\u00e1vel com abertas; Norte regista chuva que volta a surgir, com intensidade crescente ao longo do dia. Segunda-feira mant\u00e9m m\u00ednimas mais altas no Norte e chuva fraca; Centro e Sul apresentam mais sol com aguaceiros menores. Ter\u00e7a-feira de Carnaval apresenta nebulosidade de manh\u00e3 e boas abertas \u00e0 tarde, com chuva fraca no Minho e Douro Litoral e temperaturas semelhantes \u00e0s de s\u00e1bado. Depois de semanas de precipita\u00e7\u00e3o acima da m\u00e9dia, prev\u00eaem-se duas semanas de normalidade, com precipita\u00e7\u00e3o dentro dos valores habituais e solo a come\u00e7ar a secar, permitindo repara\u00e7\u00f5es.\" \/>\n<meta property=\"og:url\" content=\"https:\/\/portaltela.pt\/noticias\/2026\/02\/13\/carnaval-com-cheiro-a-primavera-aproxima-se-e-promete-sol\/\" \/>\n<meta property=\"og:site_name\" content=\"Portal Tela Portugal\" \/>\n<meta property=\"article:published_time\" content=\"2026-02-13T13:34:00+00:00\" \/>\n<meta name=\"author\" content=\"Telinha\" \/>\n<meta name=\"twitter:card\" content=\"summary_large_image\" \/>\n<meta name=\"twitter:label1\" content=\"Escrito por\" \/>\n\t<meta name=\"twitter:data1\" content=\"Telinha\" \/>\n\t<meta name=\"twitter:label2\" content=\"Tempo estimado de leitura\" \/>\n\t<meta name=\"twitter:data2\" content=\"2 minutos\" \/>\n<script type=\"application\/ld+json\" class=\"yoast-schema-graph\">{\"@context\":\"https:\/\/schema.org\",\"@graph\":[{\"@type\":\"Article\",\"@id\":\"https:\/\/portaltela.pt\/noticias\/2026\/02\/13\/carnaval-com-cheiro-a-primavera-aproxima-se-e-promete-sol\/#article\",\"isPartOf\":{\"@id\":\"https:\/\/portaltela.pt\/noticias\/2026\/02\/13\/carnaval-com-cheiro-a-primavera-aproxima-se-e-promete-sol\/\"},\"author\":{\"name\":\"Telinha\",\"@id\":\"https:\/\/portaltela.pt\/#\/schema\/person\/c4278d4a6028830caff9ee44b42d32ed\"},\"headline\":\"Carnaval com cheiro a Primavera aproxima-se e promete sol\",\"datePublished\":\"2026-02-13T13:34:00+00:00\",\"mainEntityOfPage\":{\"@id\":\"https:\/\/portaltela.pt\/noticias\/2026\/02\/13\/carnaval-com-cheiro-a-primavera-aproxima-se-e-promete-sol\/\"},\"wordCount\":381,\"image\":{\"@id\":\"https:\/\/portaltela.pt\/noticias\/2026\/02\/13\/carnaval-com-cheiro-a-primavera-aproxima-se-e-promete-sol\/#primaryimage\"},\"thumbnailUrl\":\"https:\/\/portaltela.pt\/s.01k8rhncp4jt1\/2026\/02\/2067023.jpg\",\"keywords\":[\"aguaceiros\",\"Centro\",\"chuva\",\"clima\",\"Norte\",\"Portugal\"],\"articleSection\":[\"Economia\",\"Not\u00edcias\"],\"inLanguage\":\"pt-PT\"},{\"@type\":\"WebPage\",\"@id\":\"https:\/\/portaltela.pt\/noticias\/2026\/02\/13\/carnaval-com-cheiro-a-primavera-aproxima-se-e-promete-sol\/\",\"url\":\"https:\/\/portaltela.pt\/noticias\/2026\/02\/13\/carnaval-com-cheiro-a-primavera-aproxima-se-e-promete-sol\/\",\"name\":\"Carnaval com cheiro a Primavera aproxima-se e promete sol - Portal Tela Portugal\",\"isPartOf\":{\"@id\":\"https:\/\/portaltela.pt\/#website\"},\"primaryImageOfPage\":{\"@id\":\"https:\/\/portaltela.pt\/noticias\/2026\/02\/13\/carnaval-com-cheiro-a-primavera-aproxima-se-e-promete-sol\/#primaryimage\"},\"image\":{\"@id\":\"https:\/\/portaltela.pt\/noticias\/2026\/02\/13\/carnaval-com-cheiro-a-primavera-aproxima-se-e-promete-sol\/#primaryimage\"},\"thumbnailUrl\":\"https:\/\/portaltela.pt\/s.01k8rhncp4jt1\/2026\/02\/2067023.jpg\",\"datePublished\":\"2026-02-13T13:34:00+00:00\",\"author\":{\"@id\":\"https:\/\/portaltela.pt\/#\/schema\/person\/c4278d4a6028830caff9ee44b42d32ed\"},\"breadcrumb\":{\"@id\":\"https:\/\/portaltela.pt\/noticias\/2026\/02\/13\/carnaval-com-cheiro-a-primavera-aproxima-se-e-promete-sol\/#breadcrumb\"},\"inLanguage\":\"pt-PT\",\"potentialAction\":[{\"@type\":\"ReadAction\",\"target\":[\"https:\/\/portaltela.pt\/noticias\/2026\/02\/13\/carnaval-com-cheiro-a-primavera-aproxima-se-e-promete-sol\/\"]}]},{\"@type\":\"ImageObject\",\"inLanguage\":\"pt-PT\",\"@id\":\"https:\/\/portaltela.pt\/noticias\/2026\/02\/13\/carnaval-com-cheiro-a-primavera-aproxima-se-e-promete-sol\/#primaryimage\",\"url\":\"https:\/\/portaltela.pt\/s.01k8rhncp4jt1\/2026\/02\/2067023.jpg\",\"contentUrl\":\"https:\/\/portaltela.pt\/s.01k8rhncp4jt1\/2026\/02\/2067023.jpg\",\"width\":796,\"height\":448,\"caption\":\"Cortejo de Carnaval brasileiro organizado pelo bloco Colombina Clandestina em Lisboa, em 2023\"},{\"@type\":\"BreadcrumbList\",\"@id\":\"https:\/\/portaltela.pt\/noticias\/2026\/02\/13\/carnaval-com-cheiro-a-primavera-aproxima-se-e-promete-sol\/#breadcrumb\",\"itemListElement\":[{\"@type\":\"ListItem\",\"position\":1,\"name\":\"In\u00edcio\",\"item\":\"https:\/\/portaltela.pt\/\"},{\"@type\":\"ListItem\",\"position\":2,\"name\":\"Carnaval com cheiro a Primavera aproxima-se e promete sol\"}]},{\"@type\":\"WebSite\",\"@id\":\"https:\/\/portaltela.pt\/#website\",\"url\":\"https:\/\/portaltela.pt\/\",\"name\":\"Portal Tela Portugal\",\"description\":\"\",\"potentialAction\":[{\"@type\":\"SearchAction\",\"target\":{\"@type\":\"EntryPoint\",\"urlTemplate\":\"https:\/\/portaltela.pt\/?s={search_term_string}\"},\"query-input\":{\"@type\":\"PropertyValueSpecification\",\"valueRequired\":true,\"valueName\":\"search_term_string\"}}],\"inLanguage\":\"pt-PT\"},{\"@type\":\"Person\",\"@id\":\"https:\/\/portaltela.pt\/#\/schema\/person\/c4278d4a6028830caff9ee44b42d32ed\",\"name\":\"Telinha\",\"image\":{\"@type\":\"ImageObject\",\"inLanguage\":\"pt-PT\",\"@id\":\"https:\/\/portaltela.pt\/s.01k8rhncp4jt1\/2025\/11\/talking-bot-125x125.png\",\"url\":\"https:\/\/portaltela.pt\/s.01k8rhncp4jt1\/2025\/11\/talking-bot-125x125.png\",\"contentUrl\":\"https:\/\/portaltela.pt\/s.01k8rhncp4jt1\/2025\/11\/talking-bot-125x125.png\",\"caption\":\"Telinha\"},\"sameAs\":[\"https:\/\/portaltela.pt\/\"],\"url\":\"https:\/\/portaltela.pt\/por\/367410592786\/\"}]}<\/script>\n<!-- \/ Yoast SEO plugin. -->","yoast_head_json":{"title":"Carnaval com cheiro a Primavera aproxima-se e promete sol - Portal Tela Portugal","robots":{"index":"index","follow":"follow","max-snippet":"max-snippet:-1","max-image-preview":"max-image-preview:large","max-video-preview":"max-video-preview:-1"},"og_locale":"pt_PT","og_type":"article","og_title":"Carnaval com cheiro a Primavera aproxima-se e promete sol - Portal Tela Portugal","og_description":"S\u00e1bado ser\u00e1 o primeiro dia de al\u00edvio, com vento a diminuir e c\u00e9u pouco nublado, temperaturas entre cerca de 3\u00b0C e 14\u00b0C conforme a regi\u00e3o, sentindo-se j\u00e1 um cheirinho a Primavera. A partir de domingo, o pa\u00eds fica dividido: Centro e Sul mant\u00eam tempo est\u00e1vel com abertas; Norte regista chuva que volta a surgir, com intensidade crescente ao longo do dia. Segunda-feira mant\u00e9m m\u00ednimas mais altas no Norte e chuva fraca; Centro e Sul apresentam mais sol com aguaceiros menores. Ter\u00e7a-feira de Carnaval apresenta nebulosidade de manh\u00e3 e boas abertas \u00e0 tarde, com chuva fraca no Minho e Douro Litoral e temperaturas semelhantes \u00e0s de s\u00e1bado. Depois de semanas de precipita\u00e7\u00e3o acima da m\u00e9dia, prev\u00eaem-se duas semanas de normalidade, com precipita\u00e7\u00e3o dentro dos valores habituais e solo a come\u00e7ar a secar, permitindo repara\u00e7\u00f5es.","og_url":"https:\/\/portaltela.pt\/noticias\/2026\/02\/13\/carnaval-com-cheiro-a-primavera-aproxima-se-e-promete-sol\/","og_site_name":"Portal Tela Portugal","article_published_time":"2026-02-13T13:34:00+00:00","author":"Telinha","twitter_card":"summary_large_image","twitter_misc":{"Escrito por":"Telinha","Tempo estimado de leitura":"2 minutos"},"schema":{"@context":"https:\/\/schema.org","@graph":[{"@type":"Article","@id":"https:\/\/portaltela.pt\/noticias\/2026\/02\/13\/carnaval-com-cheiro-a-primavera-aproxima-se-e-promete-sol\/#article","isPartOf":{"@id":"https:\/\/portaltela.pt\/noticias\/2026\/02\/13\/carnaval-com-cheiro-a-primavera-aproxima-se-e-promete-sol\/"},"author":{"name":"Telinha","@id":"https:\/\/portaltela.pt\/#\/schema\/person\/c4278d4a6028830caff9ee44b42d32ed"},"headline":"Carnaval com cheiro a Primavera aproxima-se e promete sol","datePublished":"2026-02-13T13:34:00+00:00","mainEntityOfPage":{"@id":"https:\/\/portaltela.pt\/noticias\/2026\/02\/13\/carnaval-com-cheiro-a-primavera-aproxima-se-e-promete-sol\/"},"wordCount":381,"image":{"@id":"https:\/\/portaltela.pt\/noticias\/2026\/02\/13\/carnaval-com-cheiro-a-primavera-aproxima-se-e-promete-sol\/#primaryimage"},"thumbnailUrl":"https:\/\/portaltela.pt\/s.01k8rhncp4jt1\/2026\/02\/2067023.jpg","keywords":["aguaceiros","Centro","chuva","clima","Norte","Portugal"],"articleSection":["Economia","Not\u00edcias"],"inLanguage":"pt-PT"},{"@type":"WebPage","@id":"https:\/\/portaltela.pt\/noticias\/2026\/02\/13\/carnaval-com-cheiro-a-primavera-aproxima-se-e-promete-sol\/","url":"https:\/\/portaltela.pt\/noticias\/2026\/02\/13\/carnaval-com-cheiro-a-primavera-aproxima-se-e-promete-sol\/","name":"Carnaval com cheiro a Primavera aproxima-se e promete sol - Portal Tela Portugal","isPartOf":{"@id":"https:\/\/portaltela.pt\/#website"},"primaryImageOfPage":{"@id":"https:\/\/portaltela.pt\/noticias\/2026\/02\/13\/carnaval-com-cheiro-a-primavera-aproxima-se-e-promete-sol\/#primaryimage"},"image":{"@id":"https:\/\/portaltela.pt\/noticias\/2026\/02\/13\/carnaval-com-cheiro-a-primavera-aproxima-se-e-promete-sol\/#primaryimage"},"thumbnailUrl":"https:\/\/portaltela.pt\/s.01k8rhncp4jt1\/2026\/02\/2067023.jpg","datePublished":"2026-02-13T13:34:00+00:00","author":{"@id":"https:\/\/portaltela.pt\/#\/schema\/person\/c4278d4a6028830caff9ee44b42d32ed"},"breadcrumb":{"@id":"https:\/\/portaltela.pt\/noticias\/2026\/02\/13\/carnaval-com-cheiro-a-primavera-aproxima-se-e-promete-sol\/#breadcrumb"},"inLanguage":"pt-PT","potentialAction":[{"@type":"ReadAction","target":["https:\/\/portaltela.pt\/noticias\/2026\/02\/13\/carnaval-com-cheiro-a-primavera-aproxima-se-e-promete-sol\/"]}]},{"@type":"ImageObject","inLanguage":"pt-PT","@id":"https:\/\/portaltela.pt\/noticias\/2026\/02\/13\/carnaval-com-cheiro-a-primavera-aproxima-se-e-promete-sol\/#primaryimage","url":"https:\/\/portaltela.pt\/s.01k8rhncp4jt1\/2026\/02\/2067023.jpg","contentUrl":"https:\/\/portaltela.pt\/s.01k8rhncp4jt1\/2026\/02\/2067023.jpg","width":796,"height":448,"caption":"Cortejo de Carnaval brasileiro organizado pelo bloco Colombina Clandestina em Lisboa, em 2023"},{"@type":"BreadcrumbList","@id":"https:\/\/portaltela.pt\/noticias\/2026\/02\/13\/carnaval-com-cheiro-a-primavera-aproxima-se-e-promete-sol\/#breadcrumb","itemListElement":[{"@type":"ListItem","position":1,"name":"In\u00edcio","item":"https:\/\/portaltela.pt\/"},{"@type":"ListItem","position":2,"name":"Carnaval com cheiro a Primavera aproxima-se e promete sol"}]},{"@type":"WebSite","@id":"https:\/\/portaltela.pt\/#website","url":"https:\/\/portaltela.pt\/","name":"Portal Tela Portugal","description":"","potentialAction":[{"@type":"SearchAction","target":{"@type":"EntryPoint","urlTemplate":"https:\/\/portaltela.pt\/?s={search_term_string}"},"query-input":{"@type":"PropertyValueSpecification","valueRequired":true,"valueName":"search_term_string"}}],"inLanguage":"pt-PT"},{"@type":"Person","@id":"https:\/\/portaltela.pt\/#\/schema\/person\/c4278d4a6028830caff9ee44b42d32ed","name":"Telinha","image":{"@type":"ImageObject","inLanguage":"pt-PT","@id":"https:\/\/portaltela.pt\/s.01k8rhncp4jt1\/2025\/11\/talking-bot-125x125.png","url":"https:\/\/portaltela.pt\/s.01k8rhncp4jt1\/2025\/11\/talking-bot-125x125.png","contentUrl":"https:\/\/portaltela.pt\/s.01k8rhncp4jt1\/2025\/11\/talking-bot-125x125.png","caption":"Telinha"},"sameAs":["https:\/\/portaltela.pt\/"],"url":"https:\/\/portaltela.pt\/por\/367410592786\/"}]}},"_links":{"self":[{"href":"https:\/\/portaltela.pt\/api\/wp\/v2\/posts\/210948","targetHints":{"allow":["GET"]}}],"collection":[{"href":"https:\/\/portaltela.pt\/api\/wp\/v2\/posts"}],"about":[{"href":"https:\/\/portaltela.pt\/api\/wp\/v2\/types\/post"}],"author":[{"embeddable":true,"href":"https:\/\/portaltela.pt\/api\/wp\/v2\/users\/2"}],"replies":[{"embeddable":true,"href":"https:\/\/portaltela.pt\/api\/wp\/v2\/comments?post=210948"}],"version-history":[{"count":0,"href":"https:\/\/portaltela.pt\/api\/wp\/v2\/posts\/210948\/revisions"}],"wp:featuredmedia":[{"embeddable":true,"href":"https:\/\/portaltela.pt\/api\/wp\/v2\/media\/210952"}],"wp:attachment":[{"href":"https:\/\/portaltela.pt\/api\/wp\/v2\/media?parent=210948"}],"wp:term":[{"taxonomy":"category","embeddable":true,"href":"https:\/\/portaltela.pt\/api\/wp\/v2\/categories?post=210948"},{"taxonomy":"post_tag","embeddable":true,"href":"https:\/\/portaltela.pt\/api\/wp\/v2\/tags?post=210948"}],"curies":[{"name":"wp","href":"https:\/\/api.w.org\/{rel}","templated":true}]}}