{"id":210946,"date":"2026-02-13T10:38:18","date_gmt":"2026-02-13T13:38:18","guid":{"rendered":"https:\/\/portaltela.pt\/noticias\/2026\/02\/13\/marcelo-contrata-vhils-para-retrato-oficial-de-presidente-da-republica\/"},"modified":"2026-02-13T10:38:18","modified_gmt":"2026-02-13T13:38:18","slug":"marcelo-contrata-vhils-para-retrato-oficial-de-presidente-da-republica","status":"publish","type":"post","link":"https:\/\/portaltela.pt\/noticias\/politica\/2026\/02\/13\/marcelo-contrata-vhils-para-retrato-oficial-de-presidente-da-republica\/","title":{"rendered":"Marcelo contrata Vhils para retrato oficial de Presidente da Rep\u00fablica"},"content":{"rendered":"<p>Marcelo Rebelo de Sousa escolheu o artista Vhils para realizar o retrato oficial de Presidente da Rep\u00fablica. A obra, assinada por Alexandre Farto, ficar\u00e1 exposta no Museu da Presid\u00eancia da Rep\u00fablica, na galeria onde constam os retratos dos antecessores.<\/p>\n<p>A apresenta\u00e7\u00e3o est\u00e1 marcada para mar\u00e7o, na \u00faltima semana do mandato, que termina a 9 de mar\u00e7o. O Presidente explicou que a escolha se deve, entre outros motivos, ao apre\u00e7o pela obra de Vhils e ao papel do artista como expoente de uma determinada \u00e9poca.<\/p>\n<p>Vhils \u00e9 conhecido pelos retratos esculpidos em paredes, pr\u00e1tica que o tornou um nome reconhecido internacionalmente. O retrato de Marcelo junta-se aos registos oficiais de outros chefes de Estado no museu.<\/p>\n<p>Contexto<\/p>\n<p>O retrato de Marcelo Rebelo de Sousa ficar\u00e1 ao lado de refer\u00eancias como Ant\u00f3nio Ramalho Eanes (Lu\u00eds Pinto Coelho), M\u00e1rio Soares (J\u00falio Pomar), Jorge Sampaio (Paula R\u00eago) e An\u00edbal Cavaco Silva (Carlos Barahona Possolo).<\/p>\n<p>Hist\u00f3rico recente<\/p>\n<p>Logo no in\u00edcio do primeiro mandato, Marcelo chegou a considerar um retrato pintado pelo mestre Bessa, no Porto. A pr\u00e1tica de divulgar os retratos oficiais apenas no fim do segundo mandato j\u00e1 \u00e9 uma tradi\u00e7\u00e3o.<\/p>\n<p>Observa\u00e7\u00f5es finais<\/p>\n<p>O an\u00fancio, e a confirma\u00e7\u00e3o do artista, foram reportados pelo Expresso e confirmados pela Lusa. O Museu da Presid\u00eancia da Rep\u00fablica ser\u00e1 o espa\u00e7o de exibi\u00e7\u00e3o da obra de Vhils assim que for revelada.<\/p>\n","protected":false},"excerpt":{"rendered":"<ul>\n<li>Marcelo Rebelo de Sousa escolheu o artista Vhils para fazer o retrato oficial da Presid\u00eancia da Rep\u00fablica.<\/li>\n<li>O retrato, de Alexandre Farto (Vhils), ser\u00e1 apresentado em mar\u00e7o, na \u00faltima semana do mandato, que termina no dia 09 desse m\u00eas.<\/li>\n<li>A obra ficar\u00e1 no Museu da Presid\u00eancia da Rep\u00fablica, na galeria dos retratos oficiais dos antecessores.<\/li>\n<li>A raz\u00e3o principal para a escolha foi o apre\u00e7o pela obra de Vhils e por o considerar um expoente de uma \u00e9poca.<\/li>\n<li>A tradi\u00e7\u00e3o exige que os retratos sejam apresentados no final do segundo mandato; por exemplo, o de Cavaco Silva foi divulgado a 4 de mar\u00e7o de 2016.<\/li>\n<\/ul>\n","protected":false},"author":2,"featured_media":210950,"comment_status":"closed","ping_status":"closed","sticky":false,"template":"","format":"standard","meta":{"footnotes":""},"categories":[1,5],"tags":[70,2877,5751,1014,30,5367],"class_list":["post-210946","post","type-post","status-publish","format-standard","has-post-thumbnail","hentry","category-noticias","category-politica","tag-arte","tag-marcelo-rebelo-de-sousa","tag-museus-e-arquivos","tag-portugal","tag-presidente","tag-vhils"],"yoast_head":"<!-- This site is optimized with the Yoast SEO plugin v27.2 - https:\/\/yoast.com\/product\/yoast-seo-wordpress\/ -->\n<title>Marcelo contrata Vhils para retrato oficial de Presidente da Rep\u00fablica - Portal Tela Portugal<\/title>\n<meta name=\"robots\" content=\"index, follow, max-snippet:-1, max-image-preview:large, max-video-preview:-1\" \/>\n<meta property=\"og:locale\" content=\"pt_PT\" \/>\n<meta property=\"og:type\" content=\"article\" \/>\n<meta property=\"og:title\" content=\"Marcelo contrata Vhils para retrato oficial de Presidente da Rep\u00fablica - Portal Tela Portugal\" \/>\n<meta property=\"og:description\" content=\"Marcelo Rebelo de Sousa escolheu o artista Vhils para fazer o retrato oficial da Presid\u00eancia da Rep\u00fablica. O retrato, de Alexandre Farto (Vhils), ser\u00e1 apresentado em mar\u00e7o, na \u00faltima semana do mandato, que termina no dia 09 desse m\u00eas. A obra ficar\u00e1 no Museu da Presid\u00eancia da Rep\u00fablica, na galeria dos retratos oficiais dos antecessores. A raz\u00e3o principal para a escolha foi o apre\u00e7o pela obra de Vhils e por o considerar um expoente de uma \u00e9poca. A tradi\u00e7\u00e3o exige que os retratos sejam apresentados no final do segundo mandato; por exemplo, o de Cavaco Silva foi divulgado a 4 de mar\u00e7o de 2016.\" \/>\n<meta property=\"og:url\" content=\"https:\/\/portaltela.pt\/noticias\/2026\/02\/13\/marcelo-contrata-vhils-para-retrato-oficial-de-presidente-da-republica\/\" \/>\n<meta property=\"og:site_name\" content=\"Portal Tela Portugal\" \/>\n<meta property=\"article:published_time\" content=\"2026-02-13T13:38:18+00:00\" \/>\n<meta name=\"author\" content=\"Telinha\" \/>\n<meta name=\"twitter:card\" content=\"summary_large_image\" \/>\n<meta name=\"twitter:label1\" content=\"Escrito por\" \/>\n\t<meta name=\"twitter:data1\" content=\"Telinha\" \/>\n\t<meta name=\"twitter:label2\" content=\"Tempo estimado de leitura\" \/>\n\t<meta name=\"twitter:data2\" content=\"1 minuto\" \/>\n<script type=\"application\/ld+json\" class=\"yoast-schema-graph\">{\"@context\":\"https:\/\/schema.org\",\"@graph\":[{\"@type\":\"Article\",\"@id\":\"https:\/\/portaltela.pt\/noticias\/2026\/02\/13\/marcelo-contrata-vhils-para-retrato-oficial-de-presidente-da-republica\/#article\",\"isPartOf\":{\"@id\":\"https:\/\/portaltela.pt\/noticias\/2026\/02\/13\/marcelo-contrata-vhils-para-retrato-oficial-de-presidente-da-republica\/\"},\"author\":{\"name\":\"Telinha\",\"@id\":\"https:\/\/portaltela.pt\/#\/schema\/person\/c4278d4a6028830caff9ee44b42d32ed\"},\"headline\":\"Marcelo contrata Vhils para retrato oficial de Presidente da Rep\u00fablica\",\"datePublished\":\"2026-02-13T13:38:18+00:00\",\"mainEntityOfPage\":{\"@id\":\"https:\/\/portaltela.pt\/noticias\/2026\/02\/13\/marcelo-contrata-vhils-para-retrato-oficial-de-presidente-da-republica\/\"},\"wordCount\":257,\"image\":{\"@id\":\"https:\/\/portaltela.pt\/noticias\/2026\/02\/13\/marcelo-contrata-vhils-para-retrato-oficial-de-presidente-da-republica\/#primaryimage\"},\"thumbnailUrl\":\"https:\/\/portaltela.pt\/s.01k8rhncp4jt1\/2026\/02\/img_1500x1000uu2025-12-07-09-47-32-2252998-9.jpg\",\"keywords\":[\"arte\",\"Marcelo Rebelo de Sousa\",\"museus e arquivos\",\"Portugal\",\"presidente\",\"Vhils\"],\"articleSection\":[\"Not\u00edcias\",\"Pol\u00edtica\"],\"inLanguage\":\"pt-PT\"},{\"@type\":\"WebPage\",\"@id\":\"https:\/\/portaltela.pt\/noticias\/2026\/02\/13\/marcelo-contrata-vhils-para-retrato-oficial-de-presidente-da-republica\/\",\"url\":\"https:\/\/portaltela.pt\/noticias\/2026\/02\/13\/marcelo-contrata-vhils-para-retrato-oficial-de-presidente-da-republica\/\",\"name\":\"Marcelo contrata Vhils para retrato oficial de Presidente da Rep\u00fablica - Portal Tela Portugal\",\"isPartOf\":{\"@id\":\"https:\/\/portaltela.pt\/#website\"},\"primaryImageOfPage\":{\"@id\":\"https:\/\/portaltela.pt\/noticias\/2026\/02\/13\/marcelo-contrata-vhils-para-retrato-oficial-de-presidente-da-republica\/#primaryimage\"},\"image\":{\"@id\":\"https:\/\/portaltela.pt\/noticias\/2026\/02\/13\/marcelo-contrata-vhils-para-retrato-oficial-de-presidente-da-republica\/#primaryimage\"},\"thumbnailUrl\":\"https:\/\/portaltela.pt\/s.01k8rhncp4jt1\/2026\/02\/img_1500x1000uu2025-12-07-09-47-32-2252998-9.jpg\",\"datePublished\":\"2026-02-13T13:38:18+00:00\",\"author\":{\"@id\":\"https:\/\/portaltela.pt\/#\/schema\/person\/c4278d4a6028830caff9ee44b42d32ed\"},\"breadcrumb\":{\"@id\":\"https:\/\/portaltela.pt\/noticias\/2026\/02\/13\/marcelo-contrata-vhils-para-retrato-oficial-de-presidente-da-republica\/#breadcrumb\"},\"inLanguage\":\"pt-PT\",\"potentialAction\":[{\"@type\":\"ReadAction\",\"target\":[\"https:\/\/portaltela.pt\/noticias\/2026\/02\/13\/marcelo-contrata-vhils-para-retrato-oficial-de-presidente-da-republica\/\"]}]},{\"@type\":\"ImageObject\",\"inLanguage\":\"pt-PT\",\"@id\":\"https:\/\/portaltela.pt\/noticias\/2026\/02\/13\/marcelo-contrata-vhils-para-retrato-oficial-de-presidente-da-republica\/#primaryimage\",\"url\":\"https:\/\/portaltela.pt\/s.01k8rhncp4jt1\/2026\/02\/img_1500x1000uu2025-12-07-09-47-32-2252998-9.jpg\",\"contentUrl\":\"https:\/\/portaltela.pt\/s.01k8rhncp4jt1\/2026\/02\/img_1500x1000uu2025-12-07-09-47-32-2252998-9.jpg\",\"width\":796,\"height\":448,\"caption\":\"Marcelo Rebelo de Sousa\"},{\"@type\":\"BreadcrumbList\",\"@id\":\"https:\/\/portaltela.pt\/noticias\/2026\/02\/13\/marcelo-contrata-vhils-para-retrato-oficial-de-presidente-da-republica\/#breadcrumb\",\"itemListElement\":[{\"@type\":\"ListItem\",\"position\":1,\"name\":\"In\u00edcio\",\"item\":\"https:\/\/portaltela.pt\/\"},{\"@type\":\"ListItem\",\"position\":2,\"name\":\"Marcelo contrata Vhils para retrato oficial de Presidente da Rep\u00fablica\"}]},{\"@type\":\"WebSite\",\"@id\":\"https:\/\/portaltela.pt\/#website\",\"url\":\"https:\/\/portaltela.pt\/\",\"name\":\"Portal Tela Portugal\",\"description\":\"\",\"potentialAction\":[{\"@type\":\"SearchAction\",\"target\":{\"@type\":\"EntryPoint\",\"urlTemplate\":\"https:\/\/portaltela.pt\/?s={search_term_string}\"},\"query-input\":{\"@type\":\"PropertyValueSpecification\",\"valueRequired\":true,\"valueName\":\"search_term_string\"}}],\"inLanguage\":\"pt-PT\"},{\"@type\":\"Person\",\"@id\":\"https:\/\/portaltela.pt\/#\/schema\/person\/c4278d4a6028830caff9ee44b42d32ed\",\"name\":\"Telinha\",\"image\":{\"@type\":\"ImageObject\",\"inLanguage\":\"pt-PT\",\"@id\":\"https:\/\/portaltela.pt\/s.01k8rhncp4jt1\/2025\/11\/talking-bot-125x125.png\",\"url\":\"https:\/\/portaltela.pt\/s.01k8rhncp4jt1\/2025\/11\/talking-bot-125x125.png\",\"contentUrl\":\"https:\/\/portaltela.pt\/s.01k8rhncp4jt1\/2025\/11\/talking-bot-125x125.png\",\"caption\":\"Telinha\"},\"sameAs\":[\"https:\/\/portaltela.pt\/\"],\"url\":\"https:\/\/portaltela.pt\/por\/367410592786\/\"}]}<\/script>\n<!-- \/ Yoast SEO plugin. -->","yoast_head_json":{"title":"Marcelo contrata Vhils para retrato oficial de Presidente da Rep\u00fablica - Portal Tela Portugal","robots":{"index":"index","follow":"follow","max-snippet":"max-snippet:-1","max-image-preview":"max-image-preview:large","max-video-preview":"max-video-preview:-1"},"og_locale":"pt_PT","og_type":"article","og_title":"Marcelo contrata Vhils para retrato oficial de Presidente da Rep\u00fablica - Portal Tela Portugal","og_description":"Marcelo Rebelo de Sousa escolheu o artista Vhils para fazer o retrato oficial da Presid\u00eancia da Rep\u00fablica. O retrato, de Alexandre Farto (Vhils), ser\u00e1 apresentado em mar\u00e7o, na \u00faltima semana do mandato, que termina no dia 09 desse m\u00eas. A obra ficar\u00e1 no Museu da Presid\u00eancia da Rep\u00fablica, na galeria dos retratos oficiais dos antecessores. A raz\u00e3o principal para a escolha foi o apre\u00e7o pela obra de Vhils e por o considerar um expoente de uma \u00e9poca. A tradi\u00e7\u00e3o exige que os retratos sejam apresentados no final do segundo mandato; por exemplo, o de Cavaco Silva foi divulgado a 4 de mar\u00e7o de 2016.","og_url":"https:\/\/portaltela.pt\/noticias\/2026\/02\/13\/marcelo-contrata-vhils-para-retrato-oficial-de-presidente-da-republica\/","og_site_name":"Portal Tela Portugal","article_published_time":"2026-02-13T13:38:18+00:00","author":"Telinha","twitter_card":"summary_large_image","twitter_misc":{"Escrito por":"Telinha","Tempo estimado de leitura":"1 minuto"},"schema":{"@context":"https:\/\/schema.org","@graph":[{"@type":"Article","@id":"https:\/\/portaltela.pt\/noticias\/2026\/02\/13\/marcelo-contrata-vhils-para-retrato-oficial-de-presidente-da-republica\/#article","isPartOf":{"@id":"https:\/\/portaltela.pt\/noticias\/2026\/02\/13\/marcelo-contrata-vhils-para-retrato-oficial-de-presidente-da-republica\/"},"author":{"name":"Telinha","@id":"https:\/\/portaltela.pt\/#\/schema\/person\/c4278d4a6028830caff9ee44b42d32ed"},"headline":"Marcelo contrata Vhils para retrato oficial de Presidente da Rep\u00fablica","datePublished":"2026-02-13T13:38:18+00:00","mainEntityOfPage":{"@id":"https:\/\/portaltela.pt\/noticias\/2026\/02\/13\/marcelo-contrata-vhils-para-retrato-oficial-de-presidente-da-republica\/"},"wordCount":257,"image":{"@id":"https:\/\/portaltela.pt\/noticias\/2026\/02\/13\/marcelo-contrata-vhils-para-retrato-oficial-de-presidente-da-republica\/#primaryimage"},"thumbnailUrl":"https:\/\/portaltela.pt\/s.01k8rhncp4jt1\/2026\/02\/img_1500x1000uu2025-12-07-09-47-32-2252998-9.jpg","keywords":["arte","Marcelo Rebelo de Sousa","museus e arquivos","Portugal","presidente","Vhils"],"articleSection":["Not\u00edcias","Pol\u00edtica"],"inLanguage":"pt-PT"},{"@type":"WebPage","@id":"https:\/\/portaltela.pt\/noticias\/2026\/02\/13\/marcelo-contrata-vhils-para-retrato-oficial-de-presidente-da-republica\/","url":"https:\/\/portaltela.pt\/noticias\/2026\/02\/13\/marcelo-contrata-vhils-para-retrato-oficial-de-presidente-da-republica\/","name":"Marcelo contrata Vhils para retrato oficial de Presidente da Rep\u00fablica - Portal Tela Portugal","isPartOf":{"@id":"https:\/\/portaltela.pt\/#website"},"primaryImageOfPage":{"@id":"https:\/\/portaltela.pt\/noticias\/2026\/02\/13\/marcelo-contrata-vhils-para-retrato-oficial-de-presidente-da-republica\/#primaryimage"},"image":{"@id":"https:\/\/portaltela.pt\/noticias\/2026\/02\/13\/marcelo-contrata-vhils-para-retrato-oficial-de-presidente-da-republica\/#primaryimage"},"thumbnailUrl":"https:\/\/portaltela.pt\/s.01k8rhncp4jt1\/2026\/02\/img_1500x1000uu2025-12-07-09-47-32-2252998-9.jpg","datePublished":"2026-02-13T13:38:18+00:00","author":{"@id":"https:\/\/portaltela.pt\/#\/schema\/person\/c4278d4a6028830caff9ee44b42d32ed"},"breadcrumb":{"@id":"https:\/\/portaltela.pt\/noticias\/2026\/02\/13\/marcelo-contrata-vhils-para-retrato-oficial-de-presidente-da-republica\/#breadcrumb"},"inLanguage":"pt-PT","potentialAction":[{"@type":"ReadAction","target":["https:\/\/portaltela.pt\/noticias\/2026\/02\/13\/marcelo-contrata-vhils-para-retrato-oficial-de-presidente-da-republica\/"]}]},{"@type":"ImageObject","inLanguage":"pt-PT","@id":"https:\/\/portaltela.pt\/noticias\/2026\/02\/13\/marcelo-contrata-vhils-para-retrato-oficial-de-presidente-da-republica\/#primaryimage","url":"https:\/\/portaltela.pt\/s.01k8rhncp4jt1\/2026\/02\/img_1500x1000uu2025-12-07-09-47-32-2252998-9.jpg","contentUrl":"https:\/\/portaltela.pt\/s.01k8rhncp4jt1\/2026\/02\/img_1500x1000uu2025-12-07-09-47-32-2252998-9.jpg","width":796,"height":448,"caption":"Marcelo Rebelo de Sousa"},{"@type":"BreadcrumbList","@id":"https:\/\/portaltela.pt\/noticias\/2026\/02\/13\/marcelo-contrata-vhils-para-retrato-oficial-de-presidente-da-republica\/#breadcrumb","itemListElement":[{"@type":"ListItem","position":1,"name":"In\u00edcio","item":"https:\/\/portaltela.pt\/"},{"@type":"ListItem","position":2,"name":"Marcelo contrata Vhils para retrato oficial de Presidente da Rep\u00fablica"}]},{"@type":"WebSite","@id":"https:\/\/portaltela.pt\/#website","url":"https:\/\/portaltela.pt\/","name":"Portal Tela Portugal","description":"","potentialAction":[{"@type":"SearchAction","target":{"@type":"EntryPoint","urlTemplate":"https:\/\/portaltela.pt\/?s={search_term_string}"},"query-input":{"@type":"PropertyValueSpecification","valueRequired":true,"valueName":"search_term_string"}}],"inLanguage":"pt-PT"},{"@type":"Person","@id":"https:\/\/portaltela.pt\/#\/schema\/person\/c4278d4a6028830caff9ee44b42d32ed","name":"Telinha","image":{"@type":"ImageObject","inLanguage":"pt-PT","@id":"https:\/\/portaltela.pt\/s.01k8rhncp4jt1\/2025\/11\/talking-bot-125x125.png","url":"https:\/\/portaltela.pt\/s.01k8rhncp4jt1\/2025\/11\/talking-bot-125x125.png","contentUrl":"https:\/\/portaltela.pt\/s.01k8rhncp4jt1\/2025\/11\/talking-bot-125x125.png","caption":"Telinha"},"sameAs":["https:\/\/portaltela.pt\/"],"url":"https:\/\/portaltela.pt\/por\/367410592786\/"}]}},"_links":{"self":[{"href":"https:\/\/portaltela.pt\/api\/wp\/v2\/posts\/210946","targetHints":{"allow":["GET"]}}],"collection":[{"href":"https:\/\/portaltela.pt\/api\/wp\/v2\/posts"}],"about":[{"href":"https:\/\/portaltela.pt\/api\/wp\/v2\/types\/post"}],"author":[{"embeddable":true,"href":"https:\/\/portaltela.pt\/api\/wp\/v2\/users\/2"}],"replies":[{"embeddable":true,"href":"https:\/\/portaltela.pt\/api\/wp\/v2\/comments?post=210946"}],"version-history":[{"count":0,"href":"https:\/\/portaltela.pt\/api\/wp\/v2\/posts\/210946\/revisions"}],"wp:featuredmedia":[{"embeddable":true,"href":"https:\/\/portaltela.pt\/api\/wp\/v2\/media\/210950"}],"wp:attachment":[{"href":"https:\/\/portaltela.pt\/api\/wp\/v2\/media?parent=210946"}],"wp:term":[{"taxonomy":"category","embeddable":true,"href":"https:\/\/portaltela.pt\/api\/wp\/v2\/categories?post=210946"},{"taxonomy":"post_tag","embeddable":true,"href":"https:\/\/portaltela.pt\/api\/wp\/v2\/tags?post=210946"}],"curies":[{"name":"wp","href":"https:\/\/api.w.org\/{rel}","templated":true}]}}