{"id":210933,"date":"2026-02-13T10:29:00","date_gmt":"2026-02-13T13:29:00","guid":{"rendered":"https:\/\/portaltela.pt\/noticias\/2026\/02\/13\/kinshasa-aceita-proposta-angolana-de-cessar-fogo-com-o-m23\/"},"modified":"2026-02-13T10:29:00","modified_gmt":"2026-02-13T13:29:00","slug":"kinshasa-aceita-proposta-angolana-de-cessar-fogo-com-o-m23","status":"publish","type":"post","link":"https:\/\/portaltela.pt\/noticias\/internacional\/2026\/02\/13\/kinshasa-aceita-proposta-angolana-de-cessar-fogo-com-o-m23\/","title":{"rendered":"Kinshasa aceita proposta angolana de cessar-fogo com o M23"},"content":{"rendered":"<p>Kinshasa anunciou que aceita um cessar-fogo com o Movimento 23 de Mar\u00e7o (M23), a partir do dia 18 de fevereiro, medida apresentada por Angola.<\/p>\n<p>As autoridades congolesas indicam que o acordo visa interromper as hostilidades na regi\u00e3o e criar condi\u00e7\u00f5es para negocia\u00e7\u00f5es entre as partes envolvidas.<\/p>\n<p>A decis\u00e3o foi comunicada pela administra\u00e7\u00e3o da Rep\u00fablica Democr\u00e1tica do Congo, incluindo representantes do governo, e envolve o grupo rebelde M23, com o objetivo de reduzir a viol\u00eancia e abrir espa\u00e7o para o di\u00e1logo.<\/p>\n","protected":false},"excerpt":{"rendered":"<ul>\n<li>Kinshasa anunciou que aceitou o cessar-fogo com o Movimento 23 de Mar\u00e7o (M23) a partir de 18 de fevereiro.<\/li>\n<li>A medida foi proposta por Angola.<\/li>\n<li>O an\u00fancio foi feito pelas autoridades da Rep\u00fablica Democr\u00e1tica do Congo (RDC).<\/li>\n<li>A not\u00edcia foi divulgada hoje.<\/li>\n<\/ul>\n","protected":false},"author":2,"featured_media":210934,"comment_status":"closed","ping_status":"closed","sticky":false,"template":"","format":"standard","meta":{"footnotes":""},"categories":[4,1],"tags":[4837,4541,38,2198,2036,2064],"class_list":["post-210933","post","type-post","status-publish","format-standard","has-post-thumbnail","hentry","category-internacional","category-noticias","tag-angola","tag-cessar-fogo","tag-conflitos","tag-conflitos-internacionais","tag-negociacoes-internacionais","tag-republica-democratica-do-congo"],"yoast_head":"<!-- This site is optimized with the Yoast SEO plugin v27.2 - https:\/\/yoast.com\/product\/yoast-seo-wordpress\/ -->\n<title>Kinshasa aceita proposta angolana de cessar-fogo com o M23 - Portal Tela Portugal<\/title>\n<meta name=\"robots\" content=\"index, follow, max-snippet:-1, max-image-preview:large, max-video-preview:-1\" \/>\n<meta property=\"og:locale\" content=\"pt_PT\" \/>\n<meta property=\"og:type\" content=\"article\" \/>\n<meta property=\"og:title\" content=\"Kinshasa aceita proposta angolana de cessar-fogo com o M23 - Portal Tela Portugal\" \/>\n<meta property=\"og:description\" content=\"Kinshasa anunciou que aceitou o cessar-fogo com o Movimento 23 de Mar\u00e7o (M23) a partir de 18 de fevereiro. A medida foi proposta por Angola. O an\u00fancio foi feito pelas autoridades da Rep\u00fablica Democr\u00e1tica do Congo (RDC). A not\u00edcia foi divulgada hoje.\" \/>\n<meta property=\"og:url\" content=\"https:\/\/portaltela.pt\/noticias\/2026\/02\/13\/kinshasa-aceita-proposta-angolana-de-cessar-fogo-com-o-m23\/\" \/>\n<meta property=\"og:site_name\" content=\"Portal Tela Portugal\" \/>\n<meta property=\"article:published_time\" content=\"2026-02-13T13:29:00+00:00\" \/>\n<meta name=\"author\" content=\"Telinha\" \/>\n<meta name=\"twitter:card\" content=\"summary_large_image\" \/>\n<meta name=\"twitter:label1\" content=\"Escrito por\" \/>\n\t<meta name=\"twitter:data1\" content=\"Telinha\" \/>\n<script type=\"application\/ld+json\" class=\"yoast-schema-graph\">{\"@context\":\"https:\/\/schema.org\",\"@graph\":[{\"@type\":\"Article\",\"@id\":\"https:\/\/portaltela.pt\/noticias\/2026\/02\/13\/kinshasa-aceita-proposta-angolana-de-cessar-fogo-com-o-m23\/#article\",\"isPartOf\":{\"@id\":\"https:\/\/portaltela.pt\/noticias\/2026\/02\/13\/kinshasa-aceita-proposta-angolana-de-cessar-fogo-com-o-m23\/\"},\"author\":{\"name\":\"Telinha\",\"@id\":\"https:\/\/portaltela.pt\/#\/schema\/person\/c4278d4a6028830caff9ee44b42d32ed\"},\"headline\":\"Kinshasa aceita proposta angolana de cessar-fogo com o M23\",\"datePublished\":\"2026-02-13T13:29:00+00:00\",\"mainEntityOfPage\":{\"@id\":\"https:\/\/portaltela.pt\/noticias\/2026\/02\/13\/kinshasa-aceita-proposta-angolana-de-cessar-fogo-com-o-m23\/\"},\"wordCount\":98,\"image\":{\"@id\":\"https:\/\/portaltela.pt\/noticias\/2026\/02\/13\/kinshasa-aceita-proposta-angolana-de-cessar-fogo-com-o-m23\/#primaryimage\"},\"thumbnailUrl\":\"https:\/\/portaltela.pt\/s.01k8rhncp4jt1\/2026\/02\/CACHE_780X1200_ANALOG_WATERMARKED_46495141_5333685_05022026024154-1.jpg\",\"keywords\":[\"Angola\",\"cessar-fogo\",\"conflitos\",\"conflitos internacionais\",\"negocia\u00e7\u00f5es internacionais\",\"Rep\u00fablica Democr\u00e1tica do Congo\"],\"articleSection\":[\"Internacional\",\"Not\u00edcias\"],\"inLanguage\":\"pt-PT\"},{\"@type\":\"WebPage\",\"@id\":\"https:\/\/portaltela.pt\/noticias\/2026\/02\/13\/kinshasa-aceita-proposta-angolana-de-cessar-fogo-com-o-m23\/\",\"url\":\"https:\/\/portaltela.pt\/noticias\/2026\/02\/13\/kinshasa-aceita-proposta-angolana-de-cessar-fogo-com-o-m23\/\",\"name\":\"Kinshasa aceita proposta angolana de cessar-fogo com o M23 - Portal Tela Portugal\",\"isPartOf\":{\"@id\":\"https:\/\/portaltela.pt\/#website\"},\"primaryImageOfPage\":{\"@id\":\"https:\/\/portaltela.pt\/noticias\/2026\/02\/13\/kinshasa-aceita-proposta-angolana-de-cessar-fogo-com-o-m23\/#primaryimage\"},\"image\":{\"@id\":\"https:\/\/portaltela.pt\/noticias\/2026\/02\/13\/kinshasa-aceita-proposta-angolana-de-cessar-fogo-com-o-m23\/#primaryimage\"},\"thumbnailUrl\":\"https:\/\/portaltela.pt\/s.01k8rhncp4jt1\/2026\/02\/CACHE_780X1200_ANALOG_WATERMARKED_46495141_5333685_05022026024154-1.jpg\",\"datePublished\":\"2026-02-13T13:29:00+00:00\",\"author\":{\"@id\":\"https:\/\/portaltela.pt\/#\/schema\/person\/c4278d4a6028830caff9ee44b42d32ed\"},\"breadcrumb\":{\"@id\":\"https:\/\/portaltela.pt\/noticias\/2026\/02\/13\/kinshasa-aceita-proposta-angolana-de-cessar-fogo-com-o-m23\/#breadcrumb\"},\"inLanguage\":\"pt-PT\",\"potentialAction\":[{\"@type\":\"ReadAction\",\"target\":[\"https:\/\/portaltela.pt\/noticias\/2026\/02\/13\/kinshasa-aceita-proposta-angolana-de-cessar-fogo-com-o-m23\/\"]}]},{\"@type\":\"ImageObject\",\"inLanguage\":\"pt-PT\",\"@id\":\"https:\/\/portaltela.pt\/noticias\/2026\/02\/13\/kinshasa-aceita-proposta-angolana-de-cessar-fogo-com-o-m23\/#primaryimage\",\"url\":\"https:\/\/portaltela.pt\/s.01k8rhncp4jt1\/2026\/02\/CACHE_780X1200_ANALOG_WATERMARKED_46495141_5333685_05022026024154-1.jpg\",\"contentUrl\":\"https:\/\/portaltela.pt\/s.01k8rhncp4jt1\/2026\/02\/CACHE_780X1200_ANALOG_WATERMARKED_46495141_5333685_05022026024154-1.jpg\",\"width\":768,\"height\":481,\"caption\":\"Kinshasa aceita proposta angolana de cessar-fogo com o M23\"},{\"@type\":\"BreadcrumbList\",\"@id\":\"https:\/\/portaltela.pt\/noticias\/2026\/02\/13\/kinshasa-aceita-proposta-angolana-de-cessar-fogo-com-o-m23\/#breadcrumb\",\"itemListElement\":[{\"@type\":\"ListItem\",\"position\":1,\"name\":\"In\u00edcio\",\"item\":\"https:\/\/portaltela.pt\/\"},{\"@type\":\"ListItem\",\"position\":2,\"name\":\"Kinshasa aceita proposta angolana de cessar-fogo com o M23\"}]},{\"@type\":\"WebSite\",\"@id\":\"https:\/\/portaltela.pt\/#website\",\"url\":\"https:\/\/portaltela.pt\/\",\"name\":\"Portal Tela Portugal\",\"description\":\"\",\"potentialAction\":[{\"@type\":\"SearchAction\",\"target\":{\"@type\":\"EntryPoint\",\"urlTemplate\":\"https:\/\/portaltela.pt\/?s={search_term_string}\"},\"query-input\":{\"@type\":\"PropertyValueSpecification\",\"valueRequired\":true,\"valueName\":\"search_term_string\"}}],\"inLanguage\":\"pt-PT\"},{\"@type\":\"Person\",\"@id\":\"https:\/\/portaltela.pt\/#\/schema\/person\/c4278d4a6028830caff9ee44b42d32ed\",\"name\":\"Telinha\",\"image\":{\"@type\":\"ImageObject\",\"inLanguage\":\"pt-PT\",\"@id\":\"https:\/\/portaltela.pt\/s.01k8rhncp4jt1\/2025\/11\/talking-bot-125x125.png\",\"url\":\"https:\/\/portaltela.pt\/s.01k8rhncp4jt1\/2025\/11\/talking-bot-125x125.png\",\"contentUrl\":\"https:\/\/portaltela.pt\/s.01k8rhncp4jt1\/2025\/11\/talking-bot-125x125.png\",\"caption\":\"Telinha\"},\"sameAs\":[\"https:\/\/portaltela.pt\/\"],\"url\":\"https:\/\/portaltela.pt\/por\/367410592786\/\"}]}<\/script>\n<!-- \/ Yoast SEO plugin. -->","yoast_head_json":{"title":"Kinshasa aceita proposta angolana de cessar-fogo com o M23 - Portal Tela Portugal","robots":{"index":"index","follow":"follow","max-snippet":"max-snippet:-1","max-image-preview":"max-image-preview:large","max-video-preview":"max-video-preview:-1"},"og_locale":"pt_PT","og_type":"article","og_title":"Kinshasa aceita proposta angolana de cessar-fogo com o M23 - Portal Tela Portugal","og_description":"Kinshasa anunciou que aceitou o cessar-fogo com o Movimento 23 de Mar\u00e7o (M23) a partir de 18 de fevereiro. A medida foi proposta por Angola. O an\u00fancio foi feito pelas autoridades da Rep\u00fablica Democr\u00e1tica do Congo (RDC). A not\u00edcia foi divulgada hoje.","og_url":"https:\/\/portaltela.pt\/noticias\/2026\/02\/13\/kinshasa-aceita-proposta-angolana-de-cessar-fogo-com-o-m23\/","og_site_name":"Portal Tela Portugal","article_published_time":"2026-02-13T13:29:00+00:00","author":"Telinha","twitter_card":"summary_large_image","twitter_misc":{"Escrito por":"Telinha"},"schema":{"@context":"https:\/\/schema.org","@graph":[{"@type":"Article","@id":"https:\/\/portaltela.pt\/noticias\/2026\/02\/13\/kinshasa-aceita-proposta-angolana-de-cessar-fogo-com-o-m23\/#article","isPartOf":{"@id":"https:\/\/portaltela.pt\/noticias\/2026\/02\/13\/kinshasa-aceita-proposta-angolana-de-cessar-fogo-com-o-m23\/"},"author":{"name":"Telinha","@id":"https:\/\/portaltela.pt\/#\/schema\/person\/c4278d4a6028830caff9ee44b42d32ed"},"headline":"Kinshasa aceita proposta angolana de cessar-fogo com o M23","datePublished":"2026-02-13T13:29:00+00:00","mainEntityOfPage":{"@id":"https:\/\/portaltela.pt\/noticias\/2026\/02\/13\/kinshasa-aceita-proposta-angolana-de-cessar-fogo-com-o-m23\/"},"wordCount":98,"image":{"@id":"https:\/\/portaltela.pt\/noticias\/2026\/02\/13\/kinshasa-aceita-proposta-angolana-de-cessar-fogo-com-o-m23\/#primaryimage"},"thumbnailUrl":"https:\/\/portaltela.pt\/s.01k8rhncp4jt1\/2026\/02\/CACHE_780X1200_ANALOG_WATERMARKED_46495141_5333685_05022026024154-1.jpg","keywords":["Angola","cessar-fogo","conflitos","conflitos internacionais","negocia\u00e7\u00f5es internacionais","Rep\u00fablica Democr\u00e1tica do Congo"],"articleSection":["Internacional","Not\u00edcias"],"inLanguage":"pt-PT"},{"@type":"WebPage","@id":"https:\/\/portaltela.pt\/noticias\/2026\/02\/13\/kinshasa-aceita-proposta-angolana-de-cessar-fogo-com-o-m23\/","url":"https:\/\/portaltela.pt\/noticias\/2026\/02\/13\/kinshasa-aceita-proposta-angolana-de-cessar-fogo-com-o-m23\/","name":"Kinshasa aceita proposta angolana de cessar-fogo com o M23 - Portal Tela Portugal","isPartOf":{"@id":"https:\/\/portaltela.pt\/#website"},"primaryImageOfPage":{"@id":"https:\/\/portaltela.pt\/noticias\/2026\/02\/13\/kinshasa-aceita-proposta-angolana-de-cessar-fogo-com-o-m23\/#primaryimage"},"image":{"@id":"https:\/\/portaltela.pt\/noticias\/2026\/02\/13\/kinshasa-aceita-proposta-angolana-de-cessar-fogo-com-o-m23\/#primaryimage"},"thumbnailUrl":"https:\/\/portaltela.pt\/s.01k8rhncp4jt1\/2026\/02\/CACHE_780X1200_ANALOG_WATERMARKED_46495141_5333685_05022026024154-1.jpg","datePublished":"2026-02-13T13:29:00+00:00","author":{"@id":"https:\/\/portaltela.pt\/#\/schema\/person\/c4278d4a6028830caff9ee44b42d32ed"},"breadcrumb":{"@id":"https:\/\/portaltela.pt\/noticias\/2026\/02\/13\/kinshasa-aceita-proposta-angolana-de-cessar-fogo-com-o-m23\/#breadcrumb"},"inLanguage":"pt-PT","potentialAction":[{"@type":"ReadAction","target":["https:\/\/portaltela.pt\/noticias\/2026\/02\/13\/kinshasa-aceita-proposta-angolana-de-cessar-fogo-com-o-m23\/"]}]},{"@type":"ImageObject","inLanguage":"pt-PT","@id":"https:\/\/portaltela.pt\/noticias\/2026\/02\/13\/kinshasa-aceita-proposta-angolana-de-cessar-fogo-com-o-m23\/#primaryimage","url":"https:\/\/portaltela.pt\/s.01k8rhncp4jt1\/2026\/02\/CACHE_780X1200_ANALOG_WATERMARKED_46495141_5333685_05022026024154-1.jpg","contentUrl":"https:\/\/portaltela.pt\/s.01k8rhncp4jt1\/2026\/02\/CACHE_780X1200_ANALOG_WATERMARKED_46495141_5333685_05022026024154-1.jpg","width":768,"height":481,"caption":"Kinshasa aceita proposta angolana de cessar-fogo com o M23"},{"@type":"BreadcrumbList","@id":"https:\/\/portaltela.pt\/noticias\/2026\/02\/13\/kinshasa-aceita-proposta-angolana-de-cessar-fogo-com-o-m23\/#breadcrumb","itemListElement":[{"@type":"ListItem","position":1,"name":"In\u00edcio","item":"https:\/\/portaltela.pt\/"},{"@type":"ListItem","position":2,"name":"Kinshasa aceita proposta angolana de cessar-fogo com o M23"}]},{"@type":"WebSite","@id":"https:\/\/portaltela.pt\/#website","url":"https:\/\/portaltela.pt\/","name":"Portal Tela Portugal","description":"","potentialAction":[{"@type":"SearchAction","target":{"@type":"EntryPoint","urlTemplate":"https:\/\/portaltela.pt\/?s={search_term_string}"},"query-input":{"@type":"PropertyValueSpecification","valueRequired":true,"valueName":"search_term_string"}}],"inLanguage":"pt-PT"},{"@type":"Person","@id":"https:\/\/portaltela.pt\/#\/schema\/person\/c4278d4a6028830caff9ee44b42d32ed","name":"Telinha","image":{"@type":"ImageObject","inLanguage":"pt-PT","@id":"https:\/\/portaltela.pt\/s.01k8rhncp4jt1\/2025\/11\/talking-bot-125x125.png","url":"https:\/\/portaltela.pt\/s.01k8rhncp4jt1\/2025\/11\/talking-bot-125x125.png","contentUrl":"https:\/\/portaltela.pt\/s.01k8rhncp4jt1\/2025\/11\/talking-bot-125x125.png","caption":"Telinha"},"sameAs":["https:\/\/portaltela.pt\/"],"url":"https:\/\/portaltela.pt\/por\/367410592786\/"}]}},"_links":{"self":[{"href":"https:\/\/portaltela.pt\/api\/wp\/v2\/posts\/210933","targetHints":{"allow":["GET"]}}],"collection":[{"href":"https:\/\/portaltela.pt\/api\/wp\/v2\/posts"}],"about":[{"href":"https:\/\/portaltela.pt\/api\/wp\/v2\/types\/post"}],"author":[{"embeddable":true,"href":"https:\/\/portaltela.pt\/api\/wp\/v2\/users\/2"}],"replies":[{"embeddable":true,"href":"https:\/\/portaltela.pt\/api\/wp\/v2\/comments?post=210933"}],"version-history":[{"count":0,"href":"https:\/\/portaltela.pt\/api\/wp\/v2\/posts\/210933\/revisions"}],"wp:featuredmedia":[{"embeddable":true,"href":"https:\/\/portaltela.pt\/api\/wp\/v2\/media\/210934"}],"wp:attachment":[{"href":"https:\/\/portaltela.pt\/api\/wp\/v2\/media?parent=210933"}],"wp:term":[{"taxonomy":"category","embeddable":true,"href":"https:\/\/portaltela.pt\/api\/wp\/v2\/categories?post=210933"},{"taxonomy":"post_tag","embeddable":true,"href":"https:\/\/portaltela.pt\/api\/wp\/v2\/tags?post=210933"}],"curies":[{"name":"wp","href":"https:\/\/api.w.org\/{rel}","templated":true}]}}