{"id":210921,"date":"2026-02-13T10:20:56","date_gmt":"2026-02-13T13:20:56","guid":{"rendered":"https:\/\/portaltela.pt\/noticias\/2026\/02\/13\/luis-pinto-afirma-que-a-margem-e-menor\/"},"modified":"2026-02-13T10:20:56","modified_gmt":"2026-02-13T13:20:56","slug":"luis-pinto-afirma-que-a-margem-e-menor","status":"publish","type":"post","link":"https:\/\/portaltela.pt\/desporto\/futebol\/2026\/02\/13\/luis-pinto-afirma-que-a-margem-e-menor\/","title":{"rendered":"Lu\u00eds Pinto afirma que a margem \u00e9 menor"},"content":{"rendered":"<p>Lu\u00eds Pinto apresentou a antevis\u00e3o do jogo entre o Vit\u00f3ria de Guimar\u00e3es e o Estrela da Amadora, da 22.\u00aa jornada da Liga. A partida \u00e9 amanh\u00e3, \u00e0s 18h, no Est\u00e1dio D. Afonso Henriques, e o treinador revelou que a margem de erro para alcan\u00e7ar os objetivos est\u00e1 mais curta.<\/p>\n<p>O t\u00e9cnico frisou que a diferen\u00e7a para o 5.\u00ba classificado \u00e9 de nove pontos, destacando que a margem de manobra depende do calend\u00e1rio e dos pontos em disputa. Refor\u00e7ou a necessidade de consist\u00eancia ao longo dos 90 minutos, independentemente do resultado.<\/p>\n<h3>Desempenho e objetivos<\/h3>\n<p>Pinto disse que v\u00ea a equipa capaz de manter o n\u00edvel de qualidade demonstrado, desde o in\u00edcio, e que a prioridade \u00e9 manter a concentra\u00e7\u00e3o em todas as fases do jogo. O foco \u00e9 competir com regularidade e evoluir na gest\u00e3o de diferentes estados do encontro.<\/p>\n<p>O treinador enfatizou a import\u00e2ncia de serem a melhor vers\u00e3o de si pr\u00f3prios ao longo de todo o encontro, sem sofrer altera\u00e7\u00f5es significativas na forma de jogar, independentemente do advers\u00e1rio.<\/p>\n<h3>An\u00e1lise ao Estrela da Amadora<\/h3>\n<p>O Estrela da Amadora \u00e9 considerado uma equipa diferente da ronda anterior. Jo\u00e3o tem desenvolvido um trabalho not\u00e1vel, com plant\u00e9is equilibrados e valores consistentes, o que exige ao Vit\u00f3ria uma resposta est\u00e1vel ao longo dos 90 minutos.<\/p>\n<p>Pinto real\u00e7ou que, acima de tudo, o Vit\u00f3ria deve manter-se fiel ao seu estilo, procurando manter o ritmo e a concentra\u00e7\u00e3o constante para cumprir o objetivo de vencer.<\/p>\n<h3>Baixas e disponibilidade<\/h3>\n<p>Jo\u00e3o Mendes est\u00e1 dispon\u00edvel, tal como Ndoye. Gon\u00e7alo n\u00e3o joga por motivos m\u00e9dicos, esteve com amigdalite e segue tratamento, treinando de forma individual.<\/p>\n","protected":false},"excerpt":{"rendered":"<ul>\n<li>Lu\u00eds Pinto antev\u00ea o jogo entre V. Guimar\u00e3es e Estrela da Amadora, da 22.\u00aa jornada, marcado para as 18h de s\u00e1bado no Est\u00e1dio D. Afonso Henriques.<\/li>\n<li>O Vit\u00f3ria parte com uma \u201cmargem de erro\u201d menor, possuindo nove pontos de diferen\u00e7a para o 5.\u00ba classificado.<\/li>\n<li>O treinador quer mais consist\u00eancia da equipa, mantendo a qualidade individual j\u00e1 reconhecida, e melhorar em diferentes fases do jogo.<\/li>\n<li>O objetivo \u00e9 jogar com foco na competi\u00e7\u00e3o e mostrar a melhor vers\u00e3o ao longo de todo o encontro, n\u00e3o apenas frente ao advers\u00e1rio.<\/li>\n<li>As baixas do plantel: Jo\u00e3o Mendes e Ndoye est\u00e3o aptos; Gon\u00e7alo continua a recuperar de amigdalite, treinando de forma individual.<\/li>\n<\/ul>\n","protected":false},"author":2,"featured_media":210923,"comment_status":"closed","ping_status":"closed","sticky":false,"template":"","format":"standard","meta":{"footnotes":""},"categories":[21,24],"tags":[4143,660,152,1489,32,1145],"class_list":["post-210921","post","type-post","status-publish","format-standard","has-post-thumbnail","hentry","category-desporto","category-futebol","tag-1-liga","tag-assuntos-desportivos","tag-desporto","tag-estrela-da-amadora","tag-futebol","tag-guimaraes"],"yoast_head":"<!-- This site is optimized with the Yoast SEO plugin v27.2 - https:\/\/yoast.com\/product\/yoast-seo-wordpress\/ -->\n<title>Lu\u00eds Pinto afirma que a margem \u00e9 menor - Portal Tela Portugal<\/title>\n<meta name=\"robots\" content=\"index, follow, max-snippet:-1, max-image-preview:large, max-video-preview:-1\" \/>\n<meta property=\"og:locale\" content=\"pt_PT\" \/>\n<meta property=\"og:type\" content=\"article\" \/>\n<meta property=\"og:title\" content=\"Lu\u00eds Pinto afirma que a margem \u00e9 menor - Portal Tela Portugal\" \/>\n<meta property=\"og:description\" content=\"Lu\u00eds Pinto antev\u00ea o jogo entre V. Guimar\u00e3es e Estrela da Amadora, da 22.\u00aa jornada, marcado para as 18h de s\u00e1bado no Est\u00e1dio D. Afonso Henriques. O Vit\u00f3ria parte com uma \u201cmargem de erro\u201d menor, possuindo nove pontos de diferen\u00e7a para o 5.\u00ba classificado. O treinador quer mais consist\u00eancia da equipa, mantendo a qualidade individual j\u00e1 reconhecida, e melhorar em diferentes fases do jogo. O objetivo \u00e9 jogar com foco na competi\u00e7\u00e3o e mostrar a melhor vers\u00e3o ao longo de todo o encontro, n\u00e3o apenas frente ao advers\u00e1rio. As baixas do plantel: Jo\u00e3o Mendes e Ndoye est\u00e3o aptos; Gon\u00e7alo continua a recuperar de amigdalite, treinando de forma individual.\" \/>\n<meta property=\"og:url\" content=\"https:\/\/portaltela.pt\/noticias\/2026\/02\/13\/luis-pinto-afirma-que-a-margem-e-menor\/\" \/>\n<meta property=\"og:site_name\" content=\"Portal Tela Portugal\" \/>\n<meta property=\"article:published_time\" content=\"2026-02-13T13:20:56+00:00\" \/>\n<meta name=\"author\" content=\"Telinha\" \/>\n<meta name=\"twitter:card\" content=\"summary_large_image\" \/>\n<meta name=\"twitter:label1\" content=\"Escrito por\" \/>\n\t<meta name=\"twitter:data1\" content=\"Telinha\" \/>\n\t<meta name=\"twitter:label2\" content=\"Tempo estimado de leitura\" \/>\n\t<meta name=\"twitter:data2\" content=\"1 minuto\" \/>\n<script type=\"application\/ld+json\" class=\"yoast-schema-graph\">{\"@context\":\"https:\/\/schema.org\",\"@graph\":[{\"@type\":\"Article\",\"@id\":\"https:\/\/portaltela.pt\/noticias\/2026\/02\/13\/luis-pinto-afirma-que-a-margem-e-menor\/#article\",\"isPartOf\":{\"@id\":\"https:\/\/portaltela.pt\/noticias\/2026\/02\/13\/luis-pinto-afirma-que-a-margem-e-menor\/\"},\"author\":{\"name\":\"Telinha\",\"@id\":\"https:\/\/portaltela.pt\/#\/schema\/person\/c4278d4a6028830caff9ee44b42d32ed\"},\"headline\":\"Lu\u00eds Pinto afirma que a margem \u00e9 menor\",\"datePublished\":\"2026-02-13T13:20:56+00:00\",\"mainEntityOfPage\":{\"@id\":\"https:\/\/portaltela.pt\/noticias\/2026\/02\/13\/luis-pinto-afirma-que-a-margem-e-menor\/\"},\"wordCount\":298,\"image\":{\"@id\":\"https:\/\/portaltela.pt\/noticias\/2026\/02\/13\/luis-pinto-afirma-que-a-margem-e-menor\/#primaryimage\"},\"thumbnailUrl\":\"https:\/\/portaltela.pt\/s.01k8rhncp4jt1\/2026\/02\/img_920x518uu2026-01-03-01-09-13-2412425.jpg\",\"keywords\":[\"1. Liga\",\"assuntos desportivos\",\"desporto\",\"Estrela da Amadora\",\"futebol\",\"Guimar\u00e3es\"],\"articleSection\":[\"Desporto\",\"Futebol\"],\"inLanguage\":\"pt-PT\"},{\"@type\":\"WebPage\",\"@id\":\"https:\/\/portaltela.pt\/noticias\/2026\/02\/13\/luis-pinto-afirma-que-a-margem-e-menor\/\",\"url\":\"https:\/\/portaltela.pt\/noticias\/2026\/02\/13\/luis-pinto-afirma-que-a-margem-e-menor\/\",\"name\":\"Lu\u00eds Pinto afirma que a margem \u00e9 menor - Portal Tela Portugal\",\"isPartOf\":{\"@id\":\"https:\/\/portaltela.pt\/#website\"},\"primaryImageOfPage\":{\"@id\":\"https:\/\/portaltela.pt\/noticias\/2026\/02\/13\/luis-pinto-afirma-que-a-margem-e-menor\/#primaryimage\"},\"image\":{\"@id\":\"https:\/\/portaltela.pt\/noticias\/2026\/02\/13\/luis-pinto-afirma-que-a-margem-e-menor\/#primaryimage\"},\"thumbnailUrl\":\"https:\/\/portaltela.pt\/s.01k8rhncp4jt1\/2026\/02\/img_920x518uu2026-01-03-01-09-13-2412425.jpg\",\"datePublished\":\"2026-02-13T13:20:56+00:00\",\"author\":{\"@id\":\"https:\/\/portaltela.pt\/#\/schema\/person\/c4278d4a6028830caff9ee44b42d32ed\"},\"breadcrumb\":{\"@id\":\"https:\/\/portaltela.pt\/noticias\/2026\/02\/13\/luis-pinto-afirma-que-a-margem-e-menor\/#breadcrumb\"},\"inLanguage\":\"pt-PT\",\"potentialAction\":[{\"@type\":\"ReadAction\",\"target\":[\"https:\/\/portaltela.pt\/noticias\/2026\/02\/13\/luis-pinto-afirma-que-a-margem-e-menor\/\"]}]},{\"@type\":\"ImageObject\",\"inLanguage\":\"pt-PT\",\"@id\":\"https:\/\/portaltela.pt\/noticias\/2026\/02\/13\/luis-pinto-afirma-que-a-margem-e-menor\/#primaryimage\",\"url\":\"https:\/\/portaltela.pt\/s.01k8rhncp4jt1\/2026\/02\/img_920x518uu2026-01-03-01-09-13-2412425.jpg\",\"contentUrl\":\"https:\/\/portaltela.pt\/s.01k8rhncp4jt1\/2026\/02\/img_920x518uu2026-01-03-01-09-13-2412425.jpg\",\"width\":796,\"height\":448,\"caption\":\"Lu\u00eds Pinto ambiciona um lugar melhor na classifica\u00e7\u00e3o\"},{\"@type\":\"BreadcrumbList\",\"@id\":\"https:\/\/portaltela.pt\/noticias\/2026\/02\/13\/luis-pinto-afirma-que-a-margem-e-menor\/#breadcrumb\",\"itemListElement\":[{\"@type\":\"ListItem\",\"position\":1,\"name\":\"In\u00edcio\",\"item\":\"https:\/\/portaltela.pt\/\"},{\"@type\":\"ListItem\",\"position\":2,\"name\":\"Lu\u00eds Pinto afirma que a margem \u00e9 menor\"}]},{\"@type\":\"WebSite\",\"@id\":\"https:\/\/portaltela.pt\/#website\",\"url\":\"https:\/\/portaltela.pt\/\",\"name\":\"Portal Tela Portugal\",\"description\":\"\",\"potentialAction\":[{\"@type\":\"SearchAction\",\"target\":{\"@type\":\"EntryPoint\",\"urlTemplate\":\"https:\/\/portaltela.pt\/?s={search_term_string}\"},\"query-input\":{\"@type\":\"PropertyValueSpecification\",\"valueRequired\":true,\"valueName\":\"search_term_string\"}}],\"inLanguage\":\"pt-PT\"},{\"@type\":\"Person\",\"@id\":\"https:\/\/portaltela.pt\/#\/schema\/person\/c4278d4a6028830caff9ee44b42d32ed\",\"name\":\"Telinha\",\"image\":{\"@type\":\"ImageObject\",\"inLanguage\":\"pt-PT\",\"@id\":\"https:\/\/portaltela.pt\/s.01k8rhncp4jt1\/2025\/11\/talking-bot-125x125.png\",\"url\":\"https:\/\/portaltela.pt\/s.01k8rhncp4jt1\/2025\/11\/talking-bot-125x125.png\",\"contentUrl\":\"https:\/\/portaltela.pt\/s.01k8rhncp4jt1\/2025\/11\/talking-bot-125x125.png\",\"caption\":\"Telinha\"},\"sameAs\":[\"https:\/\/portaltela.pt\/\"],\"url\":\"https:\/\/portaltela.pt\/por\/367410592786\/\"}]}<\/script>\n<!-- \/ Yoast SEO plugin. -->","yoast_head_json":{"title":"Lu\u00eds Pinto afirma que a margem \u00e9 menor - Portal Tela Portugal","robots":{"index":"index","follow":"follow","max-snippet":"max-snippet:-1","max-image-preview":"max-image-preview:large","max-video-preview":"max-video-preview:-1"},"og_locale":"pt_PT","og_type":"article","og_title":"Lu\u00eds Pinto afirma que a margem \u00e9 menor - Portal Tela Portugal","og_description":"Lu\u00eds Pinto antev\u00ea o jogo entre V. Guimar\u00e3es e Estrela da Amadora, da 22.\u00aa jornada, marcado para as 18h de s\u00e1bado no Est\u00e1dio D. Afonso Henriques. O Vit\u00f3ria parte com uma \u201cmargem de erro\u201d menor, possuindo nove pontos de diferen\u00e7a para o 5.\u00ba classificado. O treinador quer mais consist\u00eancia da equipa, mantendo a qualidade individual j\u00e1 reconhecida, e melhorar em diferentes fases do jogo. O objetivo \u00e9 jogar com foco na competi\u00e7\u00e3o e mostrar a melhor vers\u00e3o ao longo de todo o encontro, n\u00e3o apenas frente ao advers\u00e1rio. As baixas do plantel: Jo\u00e3o Mendes e Ndoye est\u00e3o aptos; Gon\u00e7alo continua a recuperar de amigdalite, treinando de forma individual.","og_url":"https:\/\/portaltela.pt\/noticias\/2026\/02\/13\/luis-pinto-afirma-que-a-margem-e-menor\/","og_site_name":"Portal Tela Portugal","article_published_time":"2026-02-13T13:20:56+00:00","author":"Telinha","twitter_card":"summary_large_image","twitter_misc":{"Escrito por":"Telinha","Tempo estimado de leitura":"1 minuto"},"schema":{"@context":"https:\/\/schema.org","@graph":[{"@type":"Article","@id":"https:\/\/portaltela.pt\/noticias\/2026\/02\/13\/luis-pinto-afirma-que-a-margem-e-menor\/#article","isPartOf":{"@id":"https:\/\/portaltela.pt\/noticias\/2026\/02\/13\/luis-pinto-afirma-que-a-margem-e-menor\/"},"author":{"name":"Telinha","@id":"https:\/\/portaltela.pt\/#\/schema\/person\/c4278d4a6028830caff9ee44b42d32ed"},"headline":"Lu\u00eds Pinto afirma que a margem \u00e9 menor","datePublished":"2026-02-13T13:20:56+00:00","mainEntityOfPage":{"@id":"https:\/\/portaltela.pt\/noticias\/2026\/02\/13\/luis-pinto-afirma-que-a-margem-e-menor\/"},"wordCount":298,"image":{"@id":"https:\/\/portaltela.pt\/noticias\/2026\/02\/13\/luis-pinto-afirma-que-a-margem-e-menor\/#primaryimage"},"thumbnailUrl":"https:\/\/portaltela.pt\/s.01k8rhncp4jt1\/2026\/02\/img_920x518uu2026-01-03-01-09-13-2412425.jpg","keywords":["1. Liga","assuntos desportivos","desporto","Estrela da Amadora","futebol","Guimar\u00e3es"],"articleSection":["Desporto","Futebol"],"inLanguage":"pt-PT"},{"@type":"WebPage","@id":"https:\/\/portaltela.pt\/noticias\/2026\/02\/13\/luis-pinto-afirma-que-a-margem-e-menor\/","url":"https:\/\/portaltela.pt\/noticias\/2026\/02\/13\/luis-pinto-afirma-que-a-margem-e-menor\/","name":"Lu\u00eds Pinto afirma que a margem \u00e9 menor - Portal Tela Portugal","isPartOf":{"@id":"https:\/\/portaltela.pt\/#website"},"primaryImageOfPage":{"@id":"https:\/\/portaltela.pt\/noticias\/2026\/02\/13\/luis-pinto-afirma-que-a-margem-e-menor\/#primaryimage"},"image":{"@id":"https:\/\/portaltela.pt\/noticias\/2026\/02\/13\/luis-pinto-afirma-que-a-margem-e-menor\/#primaryimage"},"thumbnailUrl":"https:\/\/portaltela.pt\/s.01k8rhncp4jt1\/2026\/02\/img_920x518uu2026-01-03-01-09-13-2412425.jpg","datePublished":"2026-02-13T13:20:56+00:00","author":{"@id":"https:\/\/portaltela.pt\/#\/schema\/person\/c4278d4a6028830caff9ee44b42d32ed"},"breadcrumb":{"@id":"https:\/\/portaltela.pt\/noticias\/2026\/02\/13\/luis-pinto-afirma-que-a-margem-e-menor\/#breadcrumb"},"inLanguage":"pt-PT","potentialAction":[{"@type":"ReadAction","target":["https:\/\/portaltela.pt\/noticias\/2026\/02\/13\/luis-pinto-afirma-que-a-margem-e-menor\/"]}]},{"@type":"ImageObject","inLanguage":"pt-PT","@id":"https:\/\/portaltela.pt\/noticias\/2026\/02\/13\/luis-pinto-afirma-que-a-margem-e-menor\/#primaryimage","url":"https:\/\/portaltela.pt\/s.01k8rhncp4jt1\/2026\/02\/img_920x518uu2026-01-03-01-09-13-2412425.jpg","contentUrl":"https:\/\/portaltela.pt\/s.01k8rhncp4jt1\/2026\/02\/img_920x518uu2026-01-03-01-09-13-2412425.jpg","width":796,"height":448,"caption":"Lu\u00eds Pinto ambiciona um lugar melhor na classifica\u00e7\u00e3o"},{"@type":"BreadcrumbList","@id":"https:\/\/portaltela.pt\/noticias\/2026\/02\/13\/luis-pinto-afirma-que-a-margem-e-menor\/#breadcrumb","itemListElement":[{"@type":"ListItem","position":1,"name":"In\u00edcio","item":"https:\/\/portaltela.pt\/"},{"@type":"ListItem","position":2,"name":"Lu\u00eds Pinto afirma que a margem \u00e9 menor"}]},{"@type":"WebSite","@id":"https:\/\/portaltela.pt\/#website","url":"https:\/\/portaltela.pt\/","name":"Portal Tela Portugal","description":"","potentialAction":[{"@type":"SearchAction","target":{"@type":"EntryPoint","urlTemplate":"https:\/\/portaltela.pt\/?s={search_term_string}"},"query-input":{"@type":"PropertyValueSpecification","valueRequired":true,"valueName":"search_term_string"}}],"inLanguage":"pt-PT"},{"@type":"Person","@id":"https:\/\/portaltela.pt\/#\/schema\/person\/c4278d4a6028830caff9ee44b42d32ed","name":"Telinha","image":{"@type":"ImageObject","inLanguage":"pt-PT","@id":"https:\/\/portaltela.pt\/s.01k8rhncp4jt1\/2025\/11\/talking-bot-125x125.png","url":"https:\/\/portaltela.pt\/s.01k8rhncp4jt1\/2025\/11\/talking-bot-125x125.png","contentUrl":"https:\/\/portaltela.pt\/s.01k8rhncp4jt1\/2025\/11\/talking-bot-125x125.png","caption":"Telinha"},"sameAs":["https:\/\/portaltela.pt\/"],"url":"https:\/\/portaltela.pt\/por\/367410592786\/"}]}},"_links":{"self":[{"href":"https:\/\/portaltela.pt\/api\/wp\/v2\/posts\/210921","targetHints":{"allow":["GET"]}}],"collection":[{"href":"https:\/\/portaltela.pt\/api\/wp\/v2\/posts"}],"about":[{"href":"https:\/\/portaltela.pt\/api\/wp\/v2\/types\/post"}],"author":[{"embeddable":true,"href":"https:\/\/portaltela.pt\/api\/wp\/v2\/users\/2"}],"replies":[{"embeddable":true,"href":"https:\/\/portaltela.pt\/api\/wp\/v2\/comments?post=210921"}],"version-history":[{"count":0,"href":"https:\/\/portaltela.pt\/api\/wp\/v2\/posts\/210921\/revisions"}],"wp:featuredmedia":[{"embeddable":true,"href":"https:\/\/portaltela.pt\/api\/wp\/v2\/media\/210923"}],"wp:attachment":[{"href":"https:\/\/portaltela.pt\/api\/wp\/v2\/media?parent=210921"}],"wp:term":[{"taxonomy":"category","embeddable":true,"href":"https:\/\/portaltela.pt\/api\/wp\/v2\/categories?post=210921"},{"taxonomy":"post_tag","embeddable":true,"href":"https:\/\/portaltela.pt\/api\/wp\/v2\/tags?post=210921"}],"curies":[{"name":"wp","href":"https:\/\/api.w.org\/{rel}","templated":true}]}}