{"id":210915,"date":"2026-02-13T10:21:00","date_gmt":"2026-02-13T13:21:00","guid":{"rendered":"https:\/\/portaltela.pt\/noticias\/2026\/02\/13\/tribunal-britanico-considera-ilegal-criminalizacao-do-palestine-action\/"},"modified":"2026-02-13T10:21:00","modified_gmt":"2026-02-13T13:21:00","slug":"tribunal-britanico-considera-ilegal-criminalizacao-do-palestine-action","status":"publish","type":"post","link":"https:\/\/portaltela.pt\/noticias\/2026\/02\/13\/tribunal-britanico-considera-ilegal-criminalizacao-do-palestine-action\/","title":{"rendered":"Tribunal brit\u00e2nico considera ilegal criminaliza\u00e7\u00e3o do Palestine Action"},"content":{"rendered":"<p>O Tribunal Superior de Londres considerou ilegal a interdi\u00e7\u00e3o imposta ao grupo Palestine Action, proibido como organiza\u00e7\u00e3o terrorista pelo Governo do Reino Unido. A decis\u00e3o foi anunciada na sexta-feira, mantendo-se por\u00e9m a interdi\u00e7\u00e3o at\u00e9 ao desfecho do recurso do Governo.<\/p>\n<p>A proibi\u00e7\u00e3o, anunciada em julho, surgiu na sequ\u00eancia de a\u00e7\u00f5es diretas contra empresas de defesa ligadas a Israel. Entre os exemplos apontados est\u00e3o a invas\u00e3o de 2024 \u00e0 Elbit Systems e uma agress\u00e3o com uma marreta a um agente da pol\u00edcia, bem como intrus\u00e3o na base a\u00e9rea de Brize Norton, em junho.<\/p>\n<p>O Governo argumentou que as a\u00e7\u00f5es do grupo configuravam terrorismo. O Supremo Tribunal entendeu, contudo, que a proibi\u00e7\u00e3o violava direitos \u00e0 liberdade de express\u00e3o e de reuni\u00e3o, ainda que tenha reconhecido a gravidade das atividades descritas.<\/p>\n<p>A decis\u00e3o mant\u00e9m o efeito tempor\u00e1rio da interdi\u00e7\u00e3o, permitindo que a manifesta\u00e7\u00e3o de apoio ao Palestine Action continue criminalizada at\u00e9 ao veredicto final do recurso. A pena m\u00e1xima para perten\u00e7a \u00e0 organiza\u00e7\u00e3o permanece fixada em 14 anos de pris\u00e3o.<\/p>\n<p>Shabana Mahmood, secret\u00e1ria de Estado do Interior, afirmou que ir\u00e1 recorrer da decis\u00e3o em Tribunal de Recurso, destacando a inten\u00e7\u00e3o de manter a interven\u00e7\u00e3o jur\u00eddica. O Governo indicou que vai avan\u00e7ar com o recurso para contestar o veredito.<\/p>\n<h3>Desdobramentos e contexto<\/h3>\n<p>O Palestine Action foi comparado a organiza\u00e7\u00f5es como o Daesh ou a Al-Qaeda pela avalia\u00e7\u00e3o de seguran\u00e7a, ap\u00f3s v\u00e1rias deten\u00e7\u00f5es relacionadas com atos de apoio ao grupo. Organiza\u00e7\u00f5es de defesa das liberdades apelaram pelo levantamento da proibi\u00e7\u00e3o, enquanto autores como a escritora Sally Rooney expressaram receios sobre impactos no mercado editorial.<\/p>\n<p>O veredito foi emitido duas semanas ap\u00f3s seis pessoas serem absolvidas no epis\u00f3dio de 2024 envolvendo a Elbit Systems. O Minist\u00e9rio P\u00fablico indicou que pode requerer novo julgamento em acusa\u00e7\u00f5es pendentes, incluindo uma ofensa \u00e0 integridade f\u00edsica grave contra um policial.<\/p>\n","protected":false},"excerpt":{"rendered":"<ul>\n<li>O Tribunal Superior de Londres declarou ilegal a proibi\u00e7\u00e3o do governo brit\u00e2nico contra o grupo Palestine Action, classificado como organiza\u00e7\u00e3o terrorista.<\/li>\n<li>Apesar disso, a interdi\u00e7\u00e3o mant\u00e9m-se temporariamente at\u00e9 ao desfecho do recurso que o Governo anunciou que ir\u00e1 interpor.<\/li>\n<li>A proibi\u00e7\u00e3o, anunciada em julho, visava a\u00e7\u00f5es diretas contra empresas de defesa com liga\u00e7\u00f5es a Israel, incluindo bloqueios e vandalismo.<\/li>\n<li>Allegados incidentes incluem uma invas\u00e3o \u00e0 Elbit Systems em 2024, com preju\u00edzos estimados em cerca de \u00a31 milh\u00e3o e alegado ataque a um agente de pol\u00edcia, al\u00e9m de uma intrus\u00e3o na base a\u00e9rea de Brize Norton, em junho.<\/li>\n<li>O Governo planeia recorrer da decis\u00e3o; o tribunal considerou que a medida violava a liberdade de express\u00e3o e de reuni\u00e3o, mantendo-se, contudo, poss\u00edvel responsabiliza\u00e7\u00e3o por apoio \u00e0 Palestine Action.<\/li>\n<\/ul>\n","protected":false},"author":2,"featured_media":210918,"comment_status":"closed","ping_status":"closed","sticky":false,"template":"","format":"standard","meta":{"footnotes":""},"categories":[1],"tags":[3395,2633,2920,554,3908,4989],"class_list":["post-210915","post","type-post","status-publish","format-standard","has-post-thumbnail","hentry","category-noticias","tag-daesh","tag-direitos-humanos","tag-liberdade-de-expressao","tag-policia-publica","tag-seguranca-nacional","tag-terrorismo"],"yoast_head":"<!-- This site is optimized with the Yoast SEO plugin v27.2 - https:\/\/yoast.com\/product\/yoast-seo-wordpress\/ -->\n<title>Tribunal brit\u00e2nico considera ilegal criminaliza\u00e7\u00e3o do Palestine Action - Portal Tela Portugal<\/title>\n<meta name=\"robots\" content=\"index, follow, max-snippet:-1, max-image-preview:large, max-video-preview:-1\" \/>\n<meta property=\"og:locale\" content=\"pt_PT\" \/>\n<meta property=\"og:type\" content=\"article\" \/>\n<meta property=\"og:title\" content=\"Tribunal brit\u00e2nico considera ilegal criminaliza\u00e7\u00e3o do Palestine Action - Portal Tela Portugal\" \/>\n<meta property=\"og:description\" content=\"O Tribunal Superior de Londres declarou ilegal a proibi\u00e7\u00e3o do governo brit\u00e2nico contra o grupo Palestine Action, classificado como organiza\u00e7\u00e3o terrorista. Apesar disso, a interdi\u00e7\u00e3o mant\u00e9m-se temporariamente at\u00e9 ao desfecho do recurso que o Governo anunciou que ir\u00e1 interpor. A proibi\u00e7\u00e3o, anunciada em julho, visava a\u00e7\u00f5es diretas contra empresas de defesa com liga\u00e7\u00f5es a Israel, incluindo bloqueios e vandalismo. Allegados incidentes incluem uma invas\u00e3o \u00e0 Elbit Systems em 2024, com preju\u00edzos estimados em cerca de \u00a31 milh\u00e3o e alegado ataque a um agente de pol\u00edcia, al\u00e9m de uma intrus\u00e3o na base a\u00e9rea de Brize Norton, em junho. O Governo planeia recorrer da decis\u00e3o; o tribunal considerou que a medida violava a liberdade de express\u00e3o e de reuni\u00e3o, mantendo-se, contudo, poss\u00edvel responsabiliza\u00e7\u00e3o por apoio \u00e0 Palestine Action.\" \/>\n<meta property=\"og:url\" content=\"https:\/\/portaltela.pt\/noticias\/2026\/02\/13\/tribunal-britanico-considera-ilegal-criminalizacao-do-palestine-action\/\" \/>\n<meta property=\"og:site_name\" content=\"Portal Tela Portugal\" \/>\n<meta property=\"article:published_time\" content=\"2026-02-13T13:21:00+00:00\" \/>\n<meta name=\"author\" content=\"Telinha\" \/>\n<meta name=\"twitter:card\" content=\"summary_large_image\" \/>\n<meta name=\"twitter:label1\" content=\"Escrito por\" \/>\n\t<meta name=\"twitter:data1\" content=\"Telinha\" \/>\n\t<meta name=\"twitter:label2\" content=\"Tempo estimado de leitura\" \/>\n\t<meta name=\"twitter:data2\" content=\"2 minutos\" \/>\n<script type=\"application\/ld+json\" class=\"yoast-schema-graph\">{\"@context\":\"https:\/\/schema.org\",\"@graph\":[{\"@type\":\"Article\",\"@id\":\"https:\/\/portaltela.pt\/noticias\/2026\/02\/13\/tribunal-britanico-considera-ilegal-criminalizacao-do-palestine-action\/#article\",\"isPartOf\":{\"@id\":\"https:\/\/portaltela.pt\/noticias\/2026\/02\/13\/tribunal-britanico-considera-ilegal-criminalizacao-do-palestine-action\/\"},\"author\":{\"name\":\"Telinha\",\"@id\":\"https:\/\/portaltela.pt\/#\/schema\/person\/c4278d4a6028830caff9ee44b42d32ed\"},\"headline\":\"Tribunal brit\u00e2nico considera ilegal criminaliza\u00e7\u00e3o do Palestine Action\",\"datePublished\":\"2026-02-13T13:21:00+00:00\",\"mainEntityOfPage\":{\"@id\":\"https:\/\/portaltela.pt\/noticias\/2026\/02\/13\/tribunal-britanico-considera-ilegal-criminalizacao-do-palestine-action\/\"},\"wordCount\":350,\"image\":{\"@id\":\"https:\/\/portaltela.pt\/noticias\/2026\/02\/13\/tribunal-britanico-considera-ilegal-criminalizacao-do-palestine-action\/#primaryimage\"},\"thumbnailUrl\":\"https:\/\/portaltela.pt\/s.01k8rhncp4jt1\/2026\/02\/2067029.jpg\",\"keywords\":[\"Daesh\",\"direitos humanos\",\"liberdade de express\u00e3o\",\"pol\u00edcia p\u00fablica\",\"Seguran\u00e7a Nacional\",\"terrorismo\"],\"articleSection\":[\"Not\u00edcias\"],\"inLanguage\":\"pt-PT\"},{\"@type\":\"WebPage\",\"@id\":\"https:\/\/portaltela.pt\/noticias\/2026\/02\/13\/tribunal-britanico-considera-ilegal-criminalizacao-do-palestine-action\/\",\"url\":\"https:\/\/portaltela.pt\/noticias\/2026\/02\/13\/tribunal-britanico-considera-ilegal-criminalizacao-do-palestine-action\/\",\"name\":\"Tribunal brit\u00e2nico considera ilegal criminaliza\u00e7\u00e3o do Palestine Action - Portal Tela Portugal\",\"isPartOf\":{\"@id\":\"https:\/\/portaltela.pt\/#website\"},\"primaryImageOfPage\":{\"@id\":\"https:\/\/portaltela.pt\/noticias\/2026\/02\/13\/tribunal-britanico-considera-ilegal-criminalizacao-do-palestine-action\/#primaryimage\"},\"image\":{\"@id\":\"https:\/\/portaltela.pt\/noticias\/2026\/02\/13\/tribunal-britanico-considera-ilegal-criminalizacao-do-palestine-action\/#primaryimage\"},\"thumbnailUrl\":\"https:\/\/portaltela.pt\/s.01k8rhncp4jt1\/2026\/02\/2067029.jpg\",\"datePublished\":\"2026-02-13T13:21:00+00:00\",\"author\":{\"@id\":\"https:\/\/portaltela.pt\/#\/schema\/person\/c4278d4a6028830caff9ee44b42d32ed\"},\"breadcrumb\":{\"@id\":\"https:\/\/portaltela.pt\/noticias\/2026\/02\/13\/tribunal-britanico-considera-ilegal-criminalizacao-do-palestine-action\/#breadcrumb\"},\"inLanguage\":\"pt-PT\",\"potentialAction\":[{\"@type\":\"ReadAction\",\"target\":[\"https:\/\/portaltela.pt\/noticias\/2026\/02\/13\/tribunal-britanico-considera-ilegal-criminalizacao-do-palestine-action\/\"]}]},{\"@type\":\"ImageObject\",\"inLanguage\":\"pt-PT\",\"@id\":\"https:\/\/portaltela.pt\/noticias\/2026\/02\/13\/tribunal-britanico-considera-ilegal-criminalizacao-do-palestine-action\/#primaryimage\",\"url\":\"https:\/\/portaltela.pt\/s.01k8rhncp4jt1\/2026\/02\/2067029.jpg\",\"contentUrl\":\"https:\/\/portaltela.pt\/s.01k8rhncp4jt1\/2026\/02\/2067029.jpg\",\"width\":796,\"height\":448,\"caption\":\"Apoiantes da Palestine Action celebraram nas ruas a decis\u00e3o do tribunal, mesmo que ainda falte o recurso\"},{\"@type\":\"BreadcrumbList\",\"@id\":\"https:\/\/portaltela.pt\/noticias\/2026\/02\/13\/tribunal-britanico-considera-ilegal-criminalizacao-do-palestine-action\/#breadcrumb\",\"itemListElement\":[{\"@type\":\"ListItem\",\"position\":1,\"name\":\"In\u00edcio\",\"item\":\"https:\/\/portaltela.pt\/\"},{\"@type\":\"ListItem\",\"position\":2,\"name\":\"Tribunal brit\u00e2nico considera ilegal criminaliza\u00e7\u00e3o do Palestine Action\"}]},{\"@type\":\"WebSite\",\"@id\":\"https:\/\/portaltela.pt\/#website\",\"url\":\"https:\/\/portaltela.pt\/\",\"name\":\"Portal Tela Portugal\",\"description\":\"\",\"potentialAction\":[{\"@type\":\"SearchAction\",\"target\":{\"@type\":\"EntryPoint\",\"urlTemplate\":\"https:\/\/portaltela.pt\/?s={search_term_string}\"},\"query-input\":{\"@type\":\"PropertyValueSpecification\",\"valueRequired\":true,\"valueName\":\"search_term_string\"}}],\"inLanguage\":\"pt-PT\"},{\"@type\":\"Person\",\"@id\":\"https:\/\/portaltela.pt\/#\/schema\/person\/c4278d4a6028830caff9ee44b42d32ed\",\"name\":\"Telinha\",\"image\":{\"@type\":\"ImageObject\",\"inLanguage\":\"pt-PT\",\"@id\":\"https:\/\/portaltela.pt\/s.01k8rhncp4jt1\/2025\/11\/talking-bot-125x125.png\",\"url\":\"https:\/\/portaltela.pt\/s.01k8rhncp4jt1\/2025\/11\/talking-bot-125x125.png\",\"contentUrl\":\"https:\/\/portaltela.pt\/s.01k8rhncp4jt1\/2025\/11\/talking-bot-125x125.png\",\"caption\":\"Telinha\"},\"sameAs\":[\"https:\/\/portaltela.pt\/\"],\"url\":\"https:\/\/portaltela.pt\/por\/367410592786\/\"}]}<\/script>\n<!-- \/ Yoast SEO plugin. -->","yoast_head_json":{"title":"Tribunal brit\u00e2nico considera ilegal criminaliza\u00e7\u00e3o do Palestine Action - Portal Tela Portugal","robots":{"index":"index","follow":"follow","max-snippet":"max-snippet:-1","max-image-preview":"max-image-preview:large","max-video-preview":"max-video-preview:-1"},"og_locale":"pt_PT","og_type":"article","og_title":"Tribunal brit\u00e2nico considera ilegal criminaliza\u00e7\u00e3o do Palestine Action - Portal Tela Portugal","og_description":"O Tribunal Superior de Londres declarou ilegal a proibi\u00e7\u00e3o do governo brit\u00e2nico contra o grupo Palestine Action, classificado como organiza\u00e7\u00e3o terrorista. Apesar disso, a interdi\u00e7\u00e3o mant\u00e9m-se temporariamente at\u00e9 ao desfecho do recurso que o Governo anunciou que ir\u00e1 interpor. A proibi\u00e7\u00e3o, anunciada em julho, visava a\u00e7\u00f5es diretas contra empresas de defesa com liga\u00e7\u00f5es a Israel, incluindo bloqueios e vandalismo. Allegados incidentes incluem uma invas\u00e3o \u00e0 Elbit Systems em 2024, com preju\u00edzos estimados em cerca de \u00a31 milh\u00e3o e alegado ataque a um agente de pol\u00edcia, al\u00e9m de uma intrus\u00e3o na base a\u00e9rea de Brize Norton, em junho. O Governo planeia recorrer da decis\u00e3o; o tribunal considerou que a medida violava a liberdade de express\u00e3o e de reuni\u00e3o, mantendo-se, contudo, poss\u00edvel responsabiliza\u00e7\u00e3o por apoio \u00e0 Palestine Action.","og_url":"https:\/\/portaltela.pt\/noticias\/2026\/02\/13\/tribunal-britanico-considera-ilegal-criminalizacao-do-palestine-action\/","og_site_name":"Portal Tela Portugal","article_published_time":"2026-02-13T13:21:00+00:00","author":"Telinha","twitter_card":"summary_large_image","twitter_misc":{"Escrito por":"Telinha","Tempo estimado de leitura":"2 minutos"},"schema":{"@context":"https:\/\/schema.org","@graph":[{"@type":"Article","@id":"https:\/\/portaltela.pt\/noticias\/2026\/02\/13\/tribunal-britanico-considera-ilegal-criminalizacao-do-palestine-action\/#article","isPartOf":{"@id":"https:\/\/portaltela.pt\/noticias\/2026\/02\/13\/tribunal-britanico-considera-ilegal-criminalizacao-do-palestine-action\/"},"author":{"name":"Telinha","@id":"https:\/\/portaltela.pt\/#\/schema\/person\/c4278d4a6028830caff9ee44b42d32ed"},"headline":"Tribunal brit\u00e2nico considera ilegal criminaliza\u00e7\u00e3o do Palestine Action","datePublished":"2026-02-13T13:21:00+00:00","mainEntityOfPage":{"@id":"https:\/\/portaltela.pt\/noticias\/2026\/02\/13\/tribunal-britanico-considera-ilegal-criminalizacao-do-palestine-action\/"},"wordCount":350,"image":{"@id":"https:\/\/portaltela.pt\/noticias\/2026\/02\/13\/tribunal-britanico-considera-ilegal-criminalizacao-do-palestine-action\/#primaryimage"},"thumbnailUrl":"https:\/\/portaltela.pt\/s.01k8rhncp4jt1\/2026\/02\/2067029.jpg","keywords":["Daesh","direitos humanos","liberdade de express\u00e3o","pol\u00edcia p\u00fablica","Seguran\u00e7a Nacional","terrorismo"],"articleSection":["Not\u00edcias"],"inLanguage":"pt-PT"},{"@type":"WebPage","@id":"https:\/\/portaltela.pt\/noticias\/2026\/02\/13\/tribunal-britanico-considera-ilegal-criminalizacao-do-palestine-action\/","url":"https:\/\/portaltela.pt\/noticias\/2026\/02\/13\/tribunal-britanico-considera-ilegal-criminalizacao-do-palestine-action\/","name":"Tribunal brit\u00e2nico considera ilegal criminaliza\u00e7\u00e3o do Palestine Action - Portal Tela Portugal","isPartOf":{"@id":"https:\/\/portaltela.pt\/#website"},"primaryImageOfPage":{"@id":"https:\/\/portaltela.pt\/noticias\/2026\/02\/13\/tribunal-britanico-considera-ilegal-criminalizacao-do-palestine-action\/#primaryimage"},"image":{"@id":"https:\/\/portaltela.pt\/noticias\/2026\/02\/13\/tribunal-britanico-considera-ilegal-criminalizacao-do-palestine-action\/#primaryimage"},"thumbnailUrl":"https:\/\/portaltela.pt\/s.01k8rhncp4jt1\/2026\/02\/2067029.jpg","datePublished":"2026-02-13T13:21:00+00:00","author":{"@id":"https:\/\/portaltela.pt\/#\/schema\/person\/c4278d4a6028830caff9ee44b42d32ed"},"breadcrumb":{"@id":"https:\/\/portaltela.pt\/noticias\/2026\/02\/13\/tribunal-britanico-considera-ilegal-criminalizacao-do-palestine-action\/#breadcrumb"},"inLanguage":"pt-PT","potentialAction":[{"@type":"ReadAction","target":["https:\/\/portaltela.pt\/noticias\/2026\/02\/13\/tribunal-britanico-considera-ilegal-criminalizacao-do-palestine-action\/"]}]},{"@type":"ImageObject","inLanguage":"pt-PT","@id":"https:\/\/portaltela.pt\/noticias\/2026\/02\/13\/tribunal-britanico-considera-ilegal-criminalizacao-do-palestine-action\/#primaryimage","url":"https:\/\/portaltela.pt\/s.01k8rhncp4jt1\/2026\/02\/2067029.jpg","contentUrl":"https:\/\/portaltela.pt\/s.01k8rhncp4jt1\/2026\/02\/2067029.jpg","width":796,"height":448,"caption":"Apoiantes da Palestine Action celebraram nas ruas a decis\u00e3o do tribunal, mesmo que ainda falte o recurso"},{"@type":"BreadcrumbList","@id":"https:\/\/portaltela.pt\/noticias\/2026\/02\/13\/tribunal-britanico-considera-ilegal-criminalizacao-do-palestine-action\/#breadcrumb","itemListElement":[{"@type":"ListItem","position":1,"name":"In\u00edcio","item":"https:\/\/portaltela.pt\/"},{"@type":"ListItem","position":2,"name":"Tribunal brit\u00e2nico considera ilegal criminaliza\u00e7\u00e3o do Palestine Action"}]},{"@type":"WebSite","@id":"https:\/\/portaltela.pt\/#website","url":"https:\/\/portaltela.pt\/","name":"Portal Tela Portugal","description":"","potentialAction":[{"@type":"SearchAction","target":{"@type":"EntryPoint","urlTemplate":"https:\/\/portaltela.pt\/?s={search_term_string}"},"query-input":{"@type":"PropertyValueSpecification","valueRequired":true,"valueName":"search_term_string"}}],"inLanguage":"pt-PT"},{"@type":"Person","@id":"https:\/\/portaltela.pt\/#\/schema\/person\/c4278d4a6028830caff9ee44b42d32ed","name":"Telinha","image":{"@type":"ImageObject","inLanguage":"pt-PT","@id":"https:\/\/portaltela.pt\/s.01k8rhncp4jt1\/2025\/11\/talking-bot-125x125.png","url":"https:\/\/portaltela.pt\/s.01k8rhncp4jt1\/2025\/11\/talking-bot-125x125.png","contentUrl":"https:\/\/portaltela.pt\/s.01k8rhncp4jt1\/2025\/11\/talking-bot-125x125.png","caption":"Telinha"},"sameAs":["https:\/\/portaltela.pt\/"],"url":"https:\/\/portaltela.pt\/por\/367410592786\/"}]}},"_links":{"self":[{"href":"https:\/\/portaltela.pt\/api\/wp\/v2\/posts\/210915","targetHints":{"allow":["GET"]}}],"collection":[{"href":"https:\/\/portaltela.pt\/api\/wp\/v2\/posts"}],"about":[{"href":"https:\/\/portaltela.pt\/api\/wp\/v2\/types\/post"}],"author":[{"embeddable":true,"href":"https:\/\/portaltela.pt\/api\/wp\/v2\/users\/2"}],"replies":[{"embeddable":true,"href":"https:\/\/portaltela.pt\/api\/wp\/v2\/comments?post=210915"}],"version-history":[{"count":0,"href":"https:\/\/portaltela.pt\/api\/wp\/v2\/posts\/210915\/revisions"}],"wp:featuredmedia":[{"embeddable":true,"href":"https:\/\/portaltela.pt\/api\/wp\/v2\/media\/210918"}],"wp:attachment":[{"href":"https:\/\/portaltela.pt\/api\/wp\/v2\/media?parent=210915"}],"wp:term":[{"taxonomy":"category","embeddable":true,"href":"https:\/\/portaltela.pt\/api\/wp\/v2\/categories?post=210915"},{"taxonomy":"post_tag","embeddable":true,"href":"https:\/\/portaltela.pt\/api\/wp\/v2\/tags?post=210915"}],"curies":[{"name":"wp","href":"https:\/\/api.w.org\/{rel}","templated":true}]}}