{"id":210898,"date":"2026-02-13T08:25:00","date_gmt":"2026-02-13T11:25:00","guid":{"rendered":"https:\/\/portaltela.pt\/noticias\/2026\/02\/13\/baixa-de-coimbra-entre-receio-e-esperanca\/"},"modified":"2026-02-13T08:25:00","modified_gmt":"2026-02-13T11:25:00","slug":"baixa-de-coimbra-entre-receio-e-esperanca","status":"publish","type":"post","link":"https:\/\/portaltela.pt\/noticias\/2026\/02\/13\/baixa-de-coimbra-entre-receio-e-esperanca\/","title":{"rendered":"Baixa de Coimbra: entre receio e esperan\u00e7a"},"content":{"rendered":"<p>Os comerciantes da Baixa de Coimbra abriram hoje de manh\u00e3 entre o medo e o otimismo quanto ao que poder\u00e1 acontecer durante a tarde, momento em que se prev\u00ea chuva forte e descargas da Barragem da Aguieira, bem como escoamentos da Alta da cidade. A hip\u00f3tese \u00e9 de potenciais inunda\u00e7\u00f5es na zona.<\/p>\n<p>Por volta das 8h30, Alexandre Pinto, propriet\u00e1rio da loja Alexibel, na Rua do Corvo, mostrou um otimismo contido, em contraste com o alerta da vereadora Ana Abrunhosa sobre o risco de cheias. O respons\u00e1vel acredita que o caudal do rio est\u00e1 mais baixo e que a Baixa n\u00e3o dever\u00e1 registar inunda\u00e7\u00f5es significativas.<\/p>\n<p>A pessoa ou empresa que coordena as respostas locais n\u00e3o foi detalhada, mas o alinhamento entre comerciantes e autoridades \u00e9 vis\u00edvel na prepara\u00e7\u00e3o para o eventual agravamento das condi\u00e7\u00f5es meteorol\u00f3gicas. O objetivo \u00e9 manter a circula\u00e7\u00e3o e minimizar impactos na atividade comercial durante a tarde.<\/p>\n","protected":false},"excerpt":{"rendered":"<ul>\n<li>Comerciantes da Baixa de Coimbra abriram os estabelecimentos esta manh\u00e3, entre o medo e o otimismo face ao que pode acontecer \u00e0 tarde.<\/li>\n<li>A chuva prevista, as descargas da Barragem da Aguieira e os escorrimentos da Alta da cidade s\u00e3o apontados como potenciais motivos de inunda\u00e7\u00e3o na zona.<\/li>\n<li>\u00c0s oito horas e thirty minutos, o propriet\u00e1rio da loja Alexibel, na Rua do Corvo, afirmou estar otimista, referindo que n\u00e3o espera grande inunda\u00e7\u00e3o na Baixa.<\/li>\n<li>O homem disse que o caudal do rio est\u00e1 mais baixo e que a \u00e1rea tem muita gente de idade que pode ser alvo de preven\u00e7\u00e3o para n\u00e3o sair de casa.<\/li>\n<li>A presidente da C\u00e2mara de Coimbra, Ana Abrunhosa, tinha alertado para o perigo de uma \u201ccheia centen\u00e1ria\u201d, com o objetivo de sensibilizar a popula\u00e7\u00e3o idosa a manter-se em casa.<\/li>\n<\/ul>\n","protected":false},"author":2,"featured_media":210911,"comment_status":"closed","ping_status":"closed","sticky":false,"template":"","format":"standard","meta":{"footnotes":""},"categories":[1],"tags":[3812,3701,3931,1070,2293],"class_list":["post-210898","post","type-post","status-publish","format-standard","has-post-thumbnail","hentry","category-noticias","tag-alagamentos","tag-cheias","tag-chuva-forte","tag-coimbra","tag-inundacoes"],"yoast_head":"<!-- This site is optimized with the Yoast SEO plugin v27.2 - https:\/\/yoast.com\/product\/yoast-seo-wordpress\/ -->\n<title>Baixa de Coimbra: entre receio e esperan\u00e7a - Portal Tela Portugal<\/title>\n<meta name=\"robots\" content=\"index, follow, max-snippet:-1, max-image-preview:large, max-video-preview:-1\" \/>\n<meta property=\"og:locale\" content=\"pt_PT\" \/>\n<meta property=\"og:type\" content=\"article\" \/>\n<meta property=\"og:title\" content=\"Baixa de Coimbra: entre receio e esperan\u00e7a - Portal Tela Portugal\" \/>\n<meta property=\"og:description\" content=\"Comerciantes da Baixa de Coimbra abriram os estabelecimentos esta manh\u00e3, entre o medo e o otimismo face ao que pode acontecer \u00e0 tarde. A chuva prevista, as descargas da Barragem da Aguieira e os escorrimentos da Alta da cidade s\u00e3o apontados como potenciais motivos de inunda\u00e7\u00e3o na zona. \u00c0s oito horas e thirty minutos, o propriet\u00e1rio da loja Alexibel, na Rua do Corvo, afirmou estar otimista, referindo que n\u00e3o espera grande inunda\u00e7\u00e3o na Baixa. O homem disse que o caudal do rio est\u00e1 mais baixo e que a \u00e1rea tem muita gente de idade que pode ser alvo de preven\u00e7\u00e3o para n\u00e3o sair de casa. A presidente da C\u00e2mara de Coimbra, Ana Abrunhosa, tinha alertado para o perigo de uma \u201ccheia centen\u00e1ria\u201d, com o objetivo de sensibilizar a popula\u00e7\u00e3o idosa a manter-se em casa.\" \/>\n<meta property=\"og:url\" content=\"https:\/\/portaltela.pt\/noticias\/2026\/02\/13\/baixa-de-coimbra-entre-receio-e-esperanca\/\" \/>\n<meta property=\"og:site_name\" content=\"Portal Tela Portugal\" \/>\n<meta property=\"article:published_time\" content=\"2026-02-13T11:25:00+00:00\" \/>\n<meta name=\"author\" content=\"Telinha\" \/>\n<meta name=\"twitter:card\" content=\"summary_large_image\" \/>\n<meta name=\"twitter:label1\" content=\"Escrito por\" \/>\n\t<meta name=\"twitter:data1\" content=\"Telinha\" \/>\n\t<meta name=\"twitter:label2\" content=\"Tempo estimado de leitura\" \/>\n\t<meta name=\"twitter:data2\" content=\"1 minuto\" \/>\n<script type=\"application\/ld+json\" class=\"yoast-schema-graph\">{\"@context\":\"https:\/\/schema.org\",\"@graph\":[{\"@type\":\"Article\",\"@id\":\"https:\/\/portaltela.pt\/noticias\/2026\/02\/13\/baixa-de-coimbra-entre-receio-e-esperanca\/#article\",\"isPartOf\":{\"@id\":\"https:\/\/portaltela.pt\/noticias\/2026\/02\/13\/baixa-de-coimbra-entre-receio-e-esperanca\/\"},\"author\":{\"name\":\"Telinha\",\"@id\":\"https:\/\/portaltela.pt\/#\/schema\/person\/c4278d4a6028830caff9ee44b42d32ed\"},\"headline\":\"Baixa de Coimbra: entre receio e esperan\u00e7a\",\"datePublished\":\"2026-02-13T11:25:00+00:00\",\"mainEntityOfPage\":{\"@id\":\"https:\/\/portaltela.pt\/noticias\/2026\/02\/13\/baixa-de-coimbra-entre-receio-e-esperanca\/\"},\"wordCount\":166,\"image\":{\"@id\":\"https:\/\/portaltela.pt\/noticias\/2026\/02\/13\/baixa-de-coimbra-entre-receio-e-esperanca\/#primaryimage\"},\"thumbnailUrl\":\"https:\/\/portaltela.pt\/s.01k8rhncp4jt1\/2026\/02\/image-1028.jpg\",\"keywords\":[\"alagamentos\",\"cheias\",\"chuva forte\",\"Coimbra\",\"inunda\u00e7\u00f5es\"],\"articleSection\":[\"Not\u00edcias\"],\"inLanguage\":\"pt-PT\"},{\"@type\":\"WebPage\",\"@id\":\"https:\/\/portaltela.pt\/noticias\/2026\/02\/13\/baixa-de-coimbra-entre-receio-e-esperanca\/\",\"url\":\"https:\/\/portaltela.pt\/noticias\/2026\/02\/13\/baixa-de-coimbra-entre-receio-e-esperanca\/\",\"name\":\"Baixa de Coimbra: entre receio e esperan\u00e7a - Portal Tela Portugal\",\"isPartOf\":{\"@id\":\"https:\/\/portaltela.pt\/#website\"},\"primaryImageOfPage\":{\"@id\":\"https:\/\/portaltela.pt\/noticias\/2026\/02\/13\/baixa-de-coimbra-entre-receio-e-esperanca\/#primaryimage\"},\"image\":{\"@id\":\"https:\/\/portaltela.pt\/noticias\/2026\/02\/13\/baixa-de-coimbra-entre-receio-e-esperanca\/#primaryimage\"},\"thumbnailUrl\":\"https:\/\/portaltela.pt\/s.01k8rhncp4jt1\/2026\/02\/image-1028.jpg\",\"datePublished\":\"2026-02-13T11:25:00+00:00\",\"author\":{\"@id\":\"https:\/\/portaltela.pt\/#\/schema\/person\/c4278d4a6028830caff9ee44b42d32ed\"},\"breadcrumb\":{\"@id\":\"https:\/\/portaltela.pt\/noticias\/2026\/02\/13\/baixa-de-coimbra-entre-receio-e-esperanca\/#breadcrumb\"},\"inLanguage\":\"pt-PT\",\"potentialAction\":[{\"@type\":\"ReadAction\",\"target\":[\"https:\/\/portaltela.pt\/noticias\/2026\/02\/13\/baixa-de-coimbra-entre-receio-e-esperanca\/\"]}]},{\"@type\":\"ImageObject\",\"inLanguage\":\"pt-PT\",\"@id\":\"https:\/\/portaltela.pt\/noticias\/2026\/02\/13\/baixa-de-coimbra-entre-receio-e-esperanca\/#primaryimage\",\"url\":\"https:\/\/portaltela.pt\/s.01k8rhncp4jt1\/2026\/02\/image-1028.jpg\",\"contentUrl\":\"https:\/\/portaltela.pt\/s.01k8rhncp4jt1\/2026\/02\/image-1028.jpg\",\"width\":796,\"height\":448,\"caption\":\"O pico das cheias est\u00e1 previsto para as 15 horas\"},{\"@type\":\"BreadcrumbList\",\"@id\":\"https:\/\/portaltela.pt\/noticias\/2026\/02\/13\/baixa-de-coimbra-entre-receio-e-esperanca\/#breadcrumb\",\"itemListElement\":[{\"@type\":\"ListItem\",\"position\":1,\"name\":\"In\u00edcio\",\"item\":\"https:\/\/portaltela.pt\/\"},{\"@type\":\"ListItem\",\"position\":2,\"name\":\"Baixa de Coimbra: entre receio e esperan\u00e7a\"}]},{\"@type\":\"WebSite\",\"@id\":\"https:\/\/portaltela.pt\/#website\",\"url\":\"https:\/\/portaltela.pt\/\",\"name\":\"Portal Tela Portugal\",\"description\":\"\",\"potentialAction\":[{\"@type\":\"SearchAction\",\"target\":{\"@type\":\"EntryPoint\",\"urlTemplate\":\"https:\/\/portaltela.pt\/?s={search_term_string}\"},\"query-input\":{\"@type\":\"PropertyValueSpecification\",\"valueRequired\":true,\"valueName\":\"search_term_string\"}}],\"inLanguage\":\"pt-PT\"},{\"@type\":\"Person\",\"@id\":\"https:\/\/portaltela.pt\/#\/schema\/person\/c4278d4a6028830caff9ee44b42d32ed\",\"name\":\"Telinha\",\"image\":{\"@type\":\"ImageObject\",\"inLanguage\":\"pt-PT\",\"@id\":\"https:\/\/portaltela.pt\/s.01k8rhncp4jt1\/2025\/11\/talking-bot-125x125.png\",\"url\":\"https:\/\/portaltela.pt\/s.01k8rhncp4jt1\/2025\/11\/talking-bot-125x125.png\",\"contentUrl\":\"https:\/\/portaltela.pt\/s.01k8rhncp4jt1\/2025\/11\/talking-bot-125x125.png\",\"caption\":\"Telinha\"},\"sameAs\":[\"https:\/\/portaltela.pt\/\"],\"url\":\"https:\/\/portaltela.pt\/por\/367410592786\/\"}]}<\/script>\n<!-- \/ Yoast SEO plugin. -->","yoast_head_json":{"title":"Baixa de Coimbra: entre receio e esperan\u00e7a - Portal Tela Portugal","robots":{"index":"index","follow":"follow","max-snippet":"max-snippet:-1","max-image-preview":"max-image-preview:large","max-video-preview":"max-video-preview:-1"},"og_locale":"pt_PT","og_type":"article","og_title":"Baixa de Coimbra: entre receio e esperan\u00e7a - Portal Tela Portugal","og_description":"Comerciantes da Baixa de Coimbra abriram os estabelecimentos esta manh\u00e3, entre o medo e o otimismo face ao que pode acontecer \u00e0 tarde. A chuva prevista, as descargas da Barragem da Aguieira e os escorrimentos da Alta da cidade s\u00e3o apontados como potenciais motivos de inunda\u00e7\u00e3o na zona. \u00c0s oito horas e thirty minutos, o propriet\u00e1rio da loja Alexibel, na Rua do Corvo, afirmou estar otimista, referindo que n\u00e3o espera grande inunda\u00e7\u00e3o na Baixa. O homem disse que o caudal do rio est\u00e1 mais baixo e que a \u00e1rea tem muita gente de idade que pode ser alvo de preven\u00e7\u00e3o para n\u00e3o sair de casa. A presidente da C\u00e2mara de Coimbra, Ana Abrunhosa, tinha alertado para o perigo de uma \u201ccheia centen\u00e1ria\u201d, com o objetivo de sensibilizar a popula\u00e7\u00e3o idosa a manter-se em casa.","og_url":"https:\/\/portaltela.pt\/noticias\/2026\/02\/13\/baixa-de-coimbra-entre-receio-e-esperanca\/","og_site_name":"Portal Tela Portugal","article_published_time":"2026-02-13T11:25:00+00:00","author":"Telinha","twitter_card":"summary_large_image","twitter_misc":{"Escrito por":"Telinha","Tempo estimado de leitura":"1 minuto"},"schema":{"@context":"https:\/\/schema.org","@graph":[{"@type":"Article","@id":"https:\/\/portaltela.pt\/noticias\/2026\/02\/13\/baixa-de-coimbra-entre-receio-e-esperanca\/#article","isPartOf":{"@id":"https:\/\/portaltela.pt\/noticias\/2026\/02\/13\/baixa-de-coimbra-entre-receio-e-esperanca\/"},"author":{"name":"Telinha","@id":"https:\/\/portaltela.pt\/#\/schema\/person\/c4278d4a6028830caff9ee44b42d32ed"},"headline":"Baixa de Coimbra: entre receio e esperan\u00e7a","datePublished":"2026-02-13T11:25:00+00:00","mainEntityOfPage":{"@id":"https:\/\/portaltela.pt\/noticias\/2026\/02\/13\/baixa-de-coimbra-entre-receio-e-esperanca\/"},"wordCount":166,"image":{"@id":"https:\/\/portaltela.pt\/noticias\/2026\/02\/13\/baixa-de-coimbra-entre-receio-e-esperanca\/#primaryimage"},"thumbnailUrl":"https:\/\/portaltela.pt\/s.01k8rhncp4jt1\/2026\/02\/image-1028.jpg","keywords":["alagamentos","cheias","chuva forte","Coimbra","inunda\u00e7\u00f5es"],"articleSection":["Not\u00edcias"],"inLanguage":"pt-PT"},{"@type":"WebPage","@id":"https:\/\/portaltela.pt\/noticias\/2026\/02\/13\/baixa-de-coimbra-entre-receio-e-esperanca\/","url":"https:\/\/portaltela.pt\/noticias\/2026\/02\/13\/baixa-de-coimbra-entre-receio-e-esperanca\/","name":"Baixa de Coimbra: entre receio e esperan\u00e7a - Portal Tela Portugal","isPartOf":{"@id":"https:\/\/portaltela.pt\/#website"},"primaryImageOfPage":{"@id":"https:\/\/portaltela.pt\/noticias\/2026\/02\/13\/baixa-de-coimbra-entre-receio-e-esperanca\/#primaryimage"},"image":{"@id":"https:\/\/portaltela.pt\/noticias\/2026\/02\/13\/baixa-de-coimbra-entre-receio-e-esperanca\/#primaryimage"},"thumbnailUrl":"https:\/\/portaltela.pt\/s.01k8rhncp4jt1\/2026\/02\/image-1028.jpg","datePublished":"2026-02-13T11:25:00+00:00","author":{"@id":"https:\/\/portaltela.pt\/#\/schema\/person\/c4278d4a6028830caff9ee44b42d32ed"},"breadcrumb":{"@id":"https:\/\/portaltela.pt\/noticias\/2026\/02\/13\/baixa-de-coimbra-entre-receio-e-esperanca\/#breadcrumb"},"inLanguage":"pt-PT","potentialAction":[{"@type":"ReadAction","target":["https:\/\/portaltela.pt\/noticias\/2026\/02\/13\/baixa-de-coimbra-entre-receio-e-esperanca\/"]}]},{"@type":"ImageObject","inLanguage":"pt-PT","@id":"https:\/\/portaltela.pt\/noticias\/2026\/02\/13\/baixa-de-coimbra-entre-receio-e-esperanca\/#primaryimage","url":"https:\/\/portaltela.pt\/s.01k8rhncp4jt1\/2026\/02\/image-1028.jpg","contentUrl":"https:\/\/portaltela.pt\/s.01k8rhncp4jt1\/2026\/02\/image-1028.jpg","width":796,"height":448,"caption":"O pico das cheias est\u00e1 previsto para as 15 horas"},{"@type":"BreadcrumbList","@id":"https:\/\/portaltela.pt\/noticias\/2026\/02\/13\/baixa-de-coimbra-entre-receio-e-esperanca\/#breadcrumb","itemListElement":[{"@type":"ListItem","position":1,"name":"In\u00edcio","item":"https:\/\/portaltela.pt\/"},{"@type":"ListItem","position":2,"name":"Baixa de Coimbra: entre receio e esperan\u00e7a"}]},{"@type":"WebSite","@id":"https:\/\/portaltela.pt\/#website","url":"https:\/\/portaltela.pt\/","name":"Portal Tela Portugal","description":"","potentialAction":[{"@type":"SearchAction","target":{"@type":"EntryPoint","urlTemplate":"https:\/\/portaltela.pt\/?s={search_term_string}"},"query-input":{"@type":"PropertyValueSpecification","valueRequired":true,"valueName":"search_term_string"}}],"inLanguage":"pt-PT"},{"@type":"Person","@id":"https:\/\/portaltela.pt\/#\/schema\/person\/c4278d4a6028830caff9ee44b42d32ed","name":"Telinha","image":{"@type":"ImageObject","inLanguage":"pt-PT","@id":"https:\/\/portaltela.pt\/s.01k8rhncp4jt1\/2025\/11\/talking-bot-125x125.png","url":"https:\/\/portaltela.pt\/s.01k8rhncp4jt1\/2025\/11\/talking-bot-125x125.png","contentUrl":"https:\/\/portaltela.pt\/s.01k8rhncp4jt1\/2025\/11\/talking-bot-125x125.png","caption":"Telinha"},"sameAs":["https:\/\/portaltela.pt\/"],"url":"https:\/\/portaltela.pt\/por\/367410592786\/"}]}},"_links":{"self":[{"href":"https:\/\/portaltela.pt\/api\/wp\/v2\/posts\/210898","targetHints":{"allow":["GET"]}}],"collection":[{"href":"https:\/\/portaltela.pt\/api\/wp\/v2\/posts"}],"about":[{"href":"https:\/\/portaltela.pt\/api\/wp\/v2\/types\/post"}],"author":[{"embeddable":true,"href":"https:\/\/portaltela.pt\/api\/wp\/v2\/users\/2"}],"replies":[{"embeddable":true,"href":"https:\/\/portaltela.pt\/api\/wp\/v2\/comments?post=210898"}],"version-history":[{"count":0,"href":"https:\/\/portaltela.pt\/api\/wp\/v2\/posts\/210898\/revisions"}],"wp:featuredmedia":[{"embeddable":true,"href":"https:\/\/portaltela.pt\/api\/wp\/v2\/media\/210911"}],"wp:attachment":[{"href":"https:\/\/portaltela.pt\/api\/wp\/v2\/media?parent=210898"}],"wp:term":[{"taxonomy":"category","embeddable":true,"href":"https:\/\/portaltela.pt\/api\/wp\/v2\/categories?post=210898"},{"taxonomy":"post_tag","embeddable":true,"href":"https:\/\/portaltela.pt\/api\/wp\/v2\/tags?post=210898"}],"curies":[{"name":"wp","href":"https:\/\/api.w.org\/{rel}","templated":true}]}}