{"id":210866,"date":"2026-02-13T09:45:31","date_gmt":"2026-02-13T12:45:31","guid":{"rendered":"https:\/\/portaltela.pt\/noticias\/2026\/02\/13\/amora-celebra-dia-mundial-da-radio-e-ronaldo-pode-marcar-no-final\/"},"modified":"2026-02-13T09:45:31","modified_gmt":"2026-02-13T12:45:31","slug":"amora-celebra-dia-mundial-da-radio-e-ronaldo-pode-marcar-no-final","status":"publish","type":"post","link":"https:\/\/portaltela.pt\/desporto\/futebol\/2026\/02\/13\/amora-celebra-dia-mundial-da-radio-e-ronaldo-pode-marcar-no-final\/","title":{"rendered":"Amora celebra Dia Mundial da R\u00e1dio e Ronaldo pode marcar no final"},"content":{"rendered":"<p>O plantel do Amora celebrou o Dia Mundial da R\u00e1dio e j\u00e1 olha para a final do Mundial. A equipa destacou o papel da r\u00e1dio na transmiss\u00e3o dos jogos e na proximidade com os adeptos. Ronaldo \u00e9 tema de antecipa\u00e7\u00e3o na equipa.<\/p>\n<p>Tr\u00eas jogadores registaram relatos de jogos, enfatizando a import\u00e2ncia da comunica\u00e7\u00e3o desportiva para o desempenho da equipa. A homenagem \u00e0 r\u00e1dio refor\u00e7a a liga\u00e7\u00e3o entre jogadores, clube e f\u00e3s.<\/p>\n<p>A final do Mundial \u00e9 apontada como uma oportunidade para o desempenho de Ronaldo, apontado pela equipa como grande estrela do torneio. Os promotores da not\u00edcia esperam que o astro marque e ajude na conquista de mais trof\u00e9us.<\/p>\n<h3>R\u00e1dio e futebol em foco<\/h3>\n<p>A celebra\u00e7\u00e3o do Dia Mundial da R\u00e1dio ressalta a relev\u00e2ncia dos media na divulga\u00e7\u00e3o do desporto e na fideliza\u00e7\u00e3o de f\u00e3s. A equipa do Amora reitera o entusiasmo em acompanhar a final e o impacto da r\u00e1dio no audience.<\/p>\n<p>Quem acompanha o Amora aguarda uma final marcada pela emo\u00e7\u00e3o, com a participa\u00e7\u00e3o potencial de Ronaldo a ditar o ritmo do jogo. A equipa mant\u00e9m a confian\u00e7a de que o torneio pode ter desfecho marcante.<\/p>\n","protected":false},"excerpt":{"rendered":"<ul>\n<li>O plantel do Amora assinalou o Dia Mundial da R\u00e1dio, destacando a import\u00e2ncia da transmiss\u00e3o desportiva.<\/li>\n<li>Tr\u00eas jogadores deram voz a relatos de jogos de futebol, enfatizando o papel da r\u00e1dio na aproxima\u00e7\u00e3o aos torcedores.<\/li>\n<li>A equipa j\u00e1 prepara a final do Mundial, com Ronaldo esperado para marcar nos descontos.<\/li>\n<li>A expectativa \u00e9 de um duelo emocionante, com Ronaldo a tentar fechar a sua participa\u00e7\u00e3o com mais uma ta\u00e7a.<\/li>\n<li>A celebra\u00e7\u00e3o refor\u00e7a a relev\u00e2ncia da comunica\u00e7\u00e3o desportiva e a paix\u00e3o dos f\u00e3s pelo futebol.<\/li>\n<\/ul>\n","protected":false},"author":2,"featured_media":210872,"comment_status":"closed","ping_status":"closed","sticky":false,"template":"","format":"standard","meta":{"footnotes":""},"categories":[21,24],"tags":[2533,3354,1947,152,32,4540],"class_list":["post-210866","post","type-post","status-publish","format-standard","has-post-thumbnail","hentry","category-desporto","category-futebol","tag-adeptos","tag-amora","tag-cristiano-ronaldo","tag-desporto","tag-futebol","tag-taca-do-mundo"],"yoast_head":"<!-- This site is optimized with the Yoast SEO plugin v27.2 - https:\/\/yoast.com\/product\/yoast-seo-wordpress\/ -->\n<title>Amora celebra Dia Mundial da R\u00e1dio e Ronaldo pode marcar no final - Portal Tela Portugal<\/title>\n<meta name=\"robots\" content=\"index, follow, max-snippet:-1, max-image-preview:large, max-video-preview:-1\" \/>\n<meta property=\"og:locale\" content=\"pt_PT\" \/>\n<meta property=\"og:type\" content=\"article\" \/>\n<meta property=\"og:title\" content=\"Amora celebra Dia Mundial da R\u00e1dio e Ronaldo pode marcar no final - Portal Tela Portugal\" \/>\n<meta property=\"og:description\" content=\"O plantel do Amora assinalou o Dia Mundial da R\u00e1dio, destacando a import\u00e2ncia da transmiss\u00e3o desportiva. Tr\u00eas jogadores deram voz a relatos de jogos de futebol, enfatizando o papel da r\u00e1dio na aproxima\u00e7\u00e3o aos torcedores. A equipa j\u00e1 prepara a final do Mundial, com Ronaldo esperado para marcar nos descontos. A expectativa \u00e9 de um duelo emocionante, com Ronaldo a tentar fechar a sua participa\u00e7\u00e3o com mais uma ta\u00e7a. A celebra\u00e7\u00e3o refor\u00e7a a relev\u00e2ncia da comunica\u00e7\u00e3o desportiva e a paix\u00e3o dos f\u00e3s pelo futebol.\" \/>\n<meta property=\"og:url\" content=\"https:\/\/portaltela.pt\/noticias\/2026\/02\/13\/amora-celebra-dia-mundial-da-radio-e-ronaldo-pode-marcar-no-final\/\" \/>\n<meta property=\"og:site_name\" content=\"Portal Tela Portugal\" \/>\n<meta property=\"article:published_time\" content=\"2026-02-13T12:45:31+00:00\" \/>\n<meta name=\"author\" content=\"Telinha\" \/>\n<meta name=\"twitter:card\" content=\"summary_large_image\" \/>\n<meta name=\"twitter:label1\" content=\"Escrito por\" \/>\n\t<meta name=\"twitter:data1\" content=\"Telinha\" \/>\n\t<meta name=\"twitter:label2\" content=\"Tempo estimado de leitura\" \/>\n\t<meta name=\"twitter:data2\" content=\"1 minuto\" \/>\n<script type=\"application\/ld+json\" class=\"yoast-schema-graph\">{\"@context\":\"https:\/\/schema.org\",\"@graph\":[{\"@type\":\"Article\",\"@id\":\"https:\/\/portaltela.pt\/noticias\/2026\/02\/13\/amora-celebra-dia-mundial-da-radio-e-ronaldo-pode-marcar-no-final\/#article\",\"isPartOf\":{\"@id\":\"https:\/\/portaltela.pt\/noticias\/2026\/02\/13\/amora-celebra-dia-mundial-da-radio-e-ronaldo-pode-marcar-no-final\/\"},\"author\":{\"name\":\"Telinha\",\"@id\":\"https:\/\/portaltela.pt\/#\/schema\/person\/c4278d4a6028830caff9ee44b42d32ed\"},\"headline\":\"Amora celebra Dia Mundial da R\u00e1dio e Ronaldo pode marcar no final\",\"datePublished\":\"2026-02-13T12:45:31+00:00\",\"mainEntityOfPage\":{\"@id\":\"https:\/\/portaltela.pt\/noticias\/2026\/02\/13\/amora-celebra-dia-mundial-da-radio-e-ronaldo-pode-marcar-no-final\/\"},\"wordCount\":223,\"image\":{\"@id\":\"https:\/\/portaltela.pt\/noticias\/2026\/02\/13\/amora-celebra-dia-mundial-da-radio-e-ronaldo-pode-marcar-no-final\/#primaryimage\"},\"thumbnailUrl\":\"https:\/\/portaltela.pt\/s.01k8rhncp4jt1\/2026\/02\/img_1200x721uu2026-02-13-12-42-39-2421320.jpg\",\"keywords\":[\"adeptos\",\"Amora\",\"Cristiano Ronaldo\",\"desporto\",\"futebol\",\"Ta\u00e7a do Mundo\"],\"articleSection\":[\"Desporto\",\"Futebol\"],\"inLanguage\":\"pt-PT\"},{\"@type\":\"WebPage\",\"@id\":\"https:\/\/portaltela.pt\/noticias\/2026\/02\/13\/amora-celebra-dia-mundial-da-radio-e-ronaldo-pode-marcar-no-final\/\",\"url\":\"https:\/\/portaltela.pt\/noticias\/2026\/02\/13\/amora-celebra-dia-mundial-da-radio-e-ronaldo-pode-marcar-no-final\/\",\"name\":\"Amora celebra Dia Mundial da R\u00e1dio e Ronaldo pode marcar no final - Portal Tela Portugal\",\"isPartOf\":{\"@id\":\"https:\/\/portaltela.pt\/#website\"},\"primaryImageOfPage\":{\"@id\":\"https:\/\/portaltela.pt\/noticias\/2026\/02\/13\/amora-celebra-dia-mundial-da-radio-e-ronaldo-pode-marcar-no-final\/#primaryimage\"},\"image\":{\"@id\":\"https:\/\/portaltela.pt\/noticias\/2026\/02\/13\/amora-celebra-dia-mundial-da-radio-e-ronaldo-pode-marcar-no-final\/#primaryimage\"},\"thumbnailUrl\":\"https:\/\/portaltela.pt\/s.01k8rhncp4jt1\/2026\/02\/img_1200x721uu2026-02-13-12-42-39-2421320.jpg\",\"datePublished\":\"2026-02-13T12:45:31+00:00\",\"author\":{\"@id\":\"https:\/\/portaltela.pt\/#\/schema\/person\/c4278d4a6028830caff9ee44b42d32ed\"},\"breadcrumb\":{\"@id\":\"https:\/\/portaltela.pt\/noticias\/2026\/02\/13\/amora-celebra-dia-mundial-da-radio-e-ronaldo-pode-marcar-no-final\/#breadcrumb\"},\"inLanguage\":\"pt-PT\",\"potentialAction\":[{\"@type\":\"ReadAction\",\"target\":[\"https:\/\/portaltela.pt\/noticias\/2026\/02\/13\/amora-celebra-dia-mundial-da-radio-e-ronaldo-pode-marcar-no-final\/\"]}]},{\"@type\":\"ImageObject\",\"inLanguage\":\"pt-PT\",\"@id\":\"https:\/\/portaltela.pt\/noticias\/2026\/02\/13\/amora-celebra-dia-mundial-da-radio-e-ronaldo-pode-marcar-no-final\/#primaryimage\",\"url\":\"https:\/\/portaltela.pt\/s.01k8rhncp4jt1\/2026\/02\/img_1200x721uu2026-02-13-12-42-39-2421320.jpg\",\"contentUrl\":\"https:\/\/portaltela.pt\/s.01k8rhncp4jt1\/2026\/02\/img_1200x721uu2026-02-13-12-42-39-2421320.jpg\",\"width\":796,\"height\":448,\"caption\":\"Plantel do Amora assinala Dia Mundial da R\u00e1dio e j\u00e1 antecipa final do Mundial com Ronaldo... a marcar nos descontos\"},{\"@type\":\"BreadcrumbList\",\"@id\":\"https:\/\/portaltela.pt\/noticias\/2026\/02\/13\/amora-celebra-dia-mundial-da-radio-e-ronaldo-pode-marcar-no-final\/#breadcrumb\",\"itemListElement\":[{\"@type\":\"ListItem\",\"position\":1,\"name\":\"In\u00edcio\",\"item\":\"https:\/\/portaltela.pt\/\"},{\"@type\":\"ListItem\",\"position\":2,\"name\":\"Amora celebra Dia Mundial da R\u00e1dio e Ronaldo pode marcar no final\"}]},{\"@type\":\"WebSite\",\"@id\":\"https:\/\/portaltela.pt\/#website\",\"url\":\"https:\/\/portaltela.pt\/\",\"name\":\"Portal Tela Portugal\",\"description\":\"\",\"potentialAction\":[{\"@type\":\"SearchAction\",\"target\":{\"@type\":\"EntryPoint\",\"urlTemplate\":\"https:\/\/portaltela.pt\/?s={search_term_string}\"},\"query-input\":{\"@type\":\"PropertyValueSpecification\",\"valueRequired\":true,\"valueName\":\"search_term_string\"}}],\"inLanguage\":\"pt-PT\"},{\"@type\":\"Person\",\"@id\":\"https:\/\/portaltela.pt\/#\/schema\/person\/c4278d4a6028830caff9ee44b42d32ed\",\"name\":\"Telinha\",\"image\":{\"@type\":\"ImageObject\",\"inLanguage\":\"pt-PT\",\"@id\":\"https:\/\/portaltela.pt\/s.01k8rhncp4jt1\/2025\/11\/talking-bot-125x125.png\",\"url\":\"https:\/\/portaltela.pt\/s.01k8rhncp4jt1\/2025\/11\/talking-bot-125x125.png\",\"contentUrl\":\"https:\/\/portaltela.pt\/s.01k8rhncp4jt1\/2025\/11\/talking-bot-125x125.png\",\"caption\":\"Telinha\"},\"sameAs\":[\"https:\/\/portaltela.pt\/\"],\"url\":\"https:\/\/portaltela.pt\/por\/367410592786\/\"}]}<\/script>\n<!-- \/ Yoast SEO plugin. -->","yoast_head_json":{"title":"Amora celebra Dia Mundial da R\u00e1dio e Ronaldo pode marcar no final - Portal Tela Portugal","robots":{"index":"index","follow":"follow","max-snippet":"max-snippet:-1","max-image-preview":"max-image-preview:large","max-video-preview":"max-video-preview:-1"},"og_locale":"pt_PT","og_type":"article","og_title":"Amora celebra Dia Mundial da R\u00e1dio e Ronaldo pode marcar no final - Portal Tela Portugal","og_description":"O plantel do Amora assinalou o Dia Mundial da R\u00e1dio, destacando a import\u00e2ncia da transmiss\u00e3o desportiva. Tr\u00eas jogadores deram voz a relatos de jogos de futebol, enfatizando o papel da r\u00e1dio na aproxima\u00e7\u00e3o aos torcedores. A equipa j\u00e1 prepara a final do Mundial, com Ronaldo esperado para marcar nos descontos. A expectativa \u00e9 de um duelo emocionante, com Ronaldo a tentar fechar a sua participa\u00e7\u00e3o com mais uma ta\u00e7a. A celebra\u00e7\u00e3o refor\u00e7a a relev\u00e2ncia da comunica\u00e7\u00e3o desportiva e a paix\u00e3o dos f\u00e3s pelo futebol.","og_url":"https:\/\/portaltela.pt\/noticias\/2026\/02\/13\/amora-celebra-dia-mundial-da-radio-e-ronaldo-pode-marcar-no-final\/","og_site_name":"Portal Tela Portugal","article_published_time":"2026-02-13T12:45:31+00:00","author":"Telinha","twitter_card":"summary_large_image","twitter_misc":{"Escrito por":"Telinha","Tempo estimado de leitura":"1 minuto"},"schema":{"@context":"https:\/\/schema.org","@graph":[{"@type":"Article","@id":"https:\/\/portaltela.pt\/noticias\/2026\/02\/13\/amora-celebra-dia-mundial-da-radio-e-ronaldo-pode-marcar-no-final\/#article","isPartOf":{"@id":"https:\/\/portaltela.pt\/noticias\/2026\/02\/13\/amora-celebra-dia-mundial-da-radio-e-ronaldo-pode-marcar-no-final\/"},"author":{"name":"Telinha","@id":"https:\/\/portaltela.pt\/#\/schema\/person\/c4278d4a6028830caff9ee44b42d32ed"},"headline":"Amora celebra Dia Mundial da R\u00e1dio e Ronaldo pode marcar no final","datePublished":"2026-02-13T12:45:31+00:00","mainEntityOfPage":{"@id":"https:\/\/portaltela.pt\/noticias\/2026\/02\/13\/amora-celebra-dia-mundial-da-radio-e-ronaldo-pode-marcar-no-final\/"},"wordCount":223,"image":{"@id":"https:\/\/portaltela.pt\/noticias\/2026\/02\/13\/amora-celebra-dia-mundial-da-radio-e-ronaldo-pode-marcar-no-final\/#primaryimage"},"thumbnailUrl":"https:\/\/portaltela.pt\/s.01k8rhncp4jt1\/2026\/02\/img_1200x721uu2026-02-13-12-42-39-2421320.jpg","keywords":["adeptos","Amora","Cristiano Ronaldo","desporto","futebol","Ta\u00e7a do Mundo"],"articleSection":["Desporto","Futebol"],"inLanguage":"pt-PT"},{"@type":"WebPage","@id":"https:\/\/portaltela.pt\/noticias\/2026\/02\/13\/amora-celebra-dia-mundial-da-radio-e-ronaldo-pode-marcar-no-final\/","url":"https:\/\/portaltela.pt\/noticias\/2026\/02\/13\/amora-celebra-dia-mundial-da-radio-e-ronaldo-pode-marcar-no-final\/","name":"Amora celebra Dia Mundial da R\u00e1dio e Ronaldo pode marcar no final - Portal Tela Portugal","isPartOf":{"@id":"https:\/\/portaltela.pt\/#website"},"primaryImageOfPage":{"@id":"https:\/\/portaltela.pt\/noticias\/2026\/02\/13\/amora-celebra-dia-mundial-da-radio-e-ronaldo-pode-marcar-no-final\/#primaryimage"},"image":{"@id":"https:\/\/portaltela.pt\/noticias\/2026\/02\/13\/amora-celebra-dia-mundial-da-radio-e-ronaldo-pode-marcar-no-final\/#primaryimage"},"thumbnailUrl":"https:\/\/portaltela.pt\/s.01k8rhncp4jt1\/2026\/02\/img_1200x721uu2026-02-13-12-42-39-2421320.jpg","datePublished":"2026-02-13T12:45:31+00:00","author":{"@id":"https:\/\/portaltela.pt\/#\/schema\/person\/c4278d4a6028830caff9ee44b42d32ed"},"breadcrumb":{"@id":"https:\/\/portaltela.pt\/noticias\/2026\/02\/13\/amora-celebra-dia-mundial-da-radio-e-ronaldo-pode-marcar-no-final\/#breadcrumb"},"inLanguage":"pt-PT","potentialAction":[{"@type":"ReadAction","target":["https:\/\/portaltela.pt\/noticias\/2026\/02\/13\/amora-celebra-dia-mundial-da-radio-e-ronaldo-pode-marcar-no-final\/"]}]},{"@type":"ImageObject","inLanguage":"pt-PT","@id":"https:\/\/portaltela.pt\/noticias\/2026\/02\/13\/amora-celebra-dia-mundial-da-radio-e-ronaldo-pode-marcar-no-final\/#primaryimage","url":"https:\/\/portaltela.pt\/s.01k8rhncp4jt1\/2026\/02\/img_1200x721uu2026-02-13-12-42-39-2421320.jpg","contentUrl":"https:\/\/portaltela.pt\/s.01k8rhncp4jt1\/2026\/02\/img_1200x721uu2026-02-13-12-42-39-2421320.jpg","width":796,"height":448,"caption":"Plantel do Amora assinala Dia Mundial da R\u00e1dio e j\u00e1 antecipa final do Mundial com Ronaldo... a marcar nos descontos"},{"@type":"BreadcrumbList","@id":"https:\/\/portaltela.pt\/noticias\/2026\/02\/13\/amora-celebra-dia-mundial-da-radio-e-ronaldo-pode-marcar-no-final\/#breadcrumb","itemListElement":[{"@type":"ListItem","position":1,"name":"In\u00edcio","item":"https:\/\/portaltela.pt\/"},{"@type":"ListItem","position":2,"name":"Amora celebra Dia Mundial da R\u00e1dio e Ronaldo pode marcar no final"}]},{"@type":"WebSite","@id":"https:\/\/portaltela.pt\/#website","url":"https:\/\/portaltela.pt\/","name":"Portal Tela Portugal","description":"","potentialAction":[{"@type":"SearchAction","target":{"@type":"EntryPoint","urlTemplate":"https:\/\/portaltela.pt\/?s={search_term_string}"},"query-input":{"@type":"PropertyValueSpecification","valueRequired":true,"valueName":"search_term_string"}}],"inLanguage":"pt-PT"},{"@type":"Person","@id":"https:\/\/portaltela.pt\/#\/schema\/person\/c4278d4a6028830caff9ee44b42d32ed","name":"Telinha","image":{"@type":"ImageObject","inLanguage":"pt-PT","@id":"https:\/\/portaltela.pt\/s.01k8rhncp4jt1\/2025\/11\/talking-bot-125x125.png","url":"https:\/\/portaltela.pt\/s.01k8rhncp4jt1\/2025\/11\/talking-bot-125x125.png","contentUrl":"https:\/\/portaltela.pt\/s.01k8rhncp4jt1\/2025\/11\/talking-bot-125x125.png","caption":"Telinha"},"sameAs":["https:\/\/portaltela.pt\/"],"url":"https:\/\/portaltela.pt\/por\/367410592786\/"}]}},"_links":{"self":[{"href":"https:\/\/portaltela.pt\/api\/wp\/v2\/posts\/210866","targetHints":{"allow":["GET"]}}],"collection":[{"href":"https:\/\/portaltela.pt\/api\/wp\/v2\/posts"}],"about":[{"href":"https:\/\/portaltela.pt\/api\/wp\/v2\/types\/post"}],"author":[{"embeddable":true,"href":"https:\/\/portaltela.pt\/api\/wp\/v2\/users\/2"}],"replies":[{"embeddable":true,"href":"https:\/\/portaltela.pt\/api\/wp\/v2\/comments?post=210866"}],"version-history":[{"count":0,"href":"https:\/\/portaltela.pt\/api\/wp\/v2\/posts\/210866\/revisions"}],"wp:featuredmedia":[{"embeddable":true,"href":"https:\/\/portaltela.pt\/api\/wp\/v2\/media\/210872"}],"wp:attachment":[{"href":"https:\/\/portaltela.pt\/api\/wp\/v2\/media?parent=210866"}],"wp:term":[{"taxonomy":"category","embeddable":true,"href":"https:\/\/portaltela.pt\/api\/wp\/v2\/categories?post=210866"},{"taxonomy":"post_tag","embeddable":true,"href":"https:\/\/portaltela.pt\/api\/wp\/v2\/tags?post=210866"}],"curies":[{"name":"wp","href":"https:\/\/api.w.org\/{rel}","templated":true}]}}