{"id":210846,"date":"2026-02-13T09:37:26","date_gmt":"2026-02-13T12:37:26","guid":{"rendered":"https:\/\/portaltela.pt\/noticias\/2026\/02\/13\/data-do-julgamento-de-jose-castelo-branco-por-violencia-domestica-e-revelada\/"},"modified":"2026-02-13T09:37:26","modified_gmt":"2026-02-13T12:37:26","slug":"data-do-julgamento-de-jose-castelo-branco-por-violencia-domestica-e-revelada","status":"publish","type":"post","link":"https:\/\/portaltela.pt\/noticias\/2026\/02\/13\/data-do-julgamento-de-jose-castelo-branco-por-violencia-domestica-e-revelada\/","title":{"rendered":"Data do julgamento de Jos\u00e9 Castelo Branco por viol\u00eancia dom\u00e9stica \u00e9 revelada"},"content":{"rendered":"<p>O julgamento de Jos\u00e9 Castelo Branco, acusado de viol\u00eancia dom\u00e9stica por Betty Grafstein, j\u00e1 tem data marcada. A sess\u00e3o de arrancada est\u00e1 prevista para 25 de junho, com as oitavas sess\u00f5es programadas at\u00e9 23 de outubro.<\/p>\n<p>Segundo o programa Noite das Estrelas, da CMTV, o leque de datas deve-se ao n\u00famero de testemunhas indicadas no processo. O respons\u00e1vel explicou que, em teoria, o Minist\u00e9rio P\u00fablico, o arguido, a assistente e a defesa podem apresentar at\u00e9 20 testemunhas, mas a ju\u00edza pode admitir mais, se considerar necess\u00e1rio para esclarecer os factos.<\/p>\n<p>Maya adiantou que, na sess\u00e3o de arranque, pela manh\u00e3 ser\u00e1 ouvido o arguido e, \u00e0 tarde, Grafstein prestar\u00e1 declara\u00e7\u00f5es. Ainda n\u00e3o est\u00e1 claro se Grafstein ir\u00e1 deslocar-se a Portugal para o julgamento; Castelo Branco j\u00e1 se mostrou dispon\u00edvel em ocasi\u00f5es anteriores para comparecer.<\/p>\n<h3>Testemunhas e dura\u00e7\u00e3o do julgamento<\/h3>\n<p>O objetivo do tribunal \u00e9 aprofundar a verdade material, o que poder\u00e1 implicar novas testemunhas al\u00e9m do limite habitual. A organiza\u00e7\u00e3o das sess\u00f5es prev\u00ea oito encontros, distribu\u00eddos entre junho e outubro, para avaliar as provas apresentadas pelas partes. A defesa e a acusa\u00e7\u00e3o devem manter-se obrigadas ao foco factual do processo.<\/p>\n","protected":false},"excerpt":{"rendered":"<ul>\n<li>O julgamento de Jos\u00e9 Castelo Branco por viol\u00eancia dom\u00e9stica contra Betty Grafstein est\u00e1 marcado para 25 de junho, com oito sess\u00f5es previstas at\u00e9 23 de outubro.<\/li>\n<li>A informa\u00e7\u00e3o foi revelada no programa Noite das Estrelas, da CMTV.<\/li>\n<li>Em est\u00fadio, o comentador Rui Pereira explicou que o maior n\u00famero de sess\u00f5es deve-se ao volume de testemunhas indicadas no processo.<\/li>\n<li>Segundo o especialista, acusa\u00e7\u00e3o, defesa, arguido e assistente podem apresentar at\u00e9 vinte testemunhas, mas a ju\u00edza pode aceitar mais em nome da verdade material para esclarecer os factos.<\/li>\n<li>A sess\u00e3o de arranque dever\u00e1 ouvir o arguido pela manh\u00e3 e Betty Grafstein dever\u00e1 prestar declara\u00e7\u00f5es \u00e0 tarde; n\u00e3o est\u00e1 claro se Grafstein vir\u00e1 a Portugal para o julgamento.<\/li>\n<\/ul>\n","protected":false},"author":2,"featured_media":210850,"comment_status":"closed","ping_status":"closed","sticky":false,"template":"","format":"standard","meta":{"footnotes":""},"categories":[1],"tags":[2569,803,3667,4207,52,214],"class_list":["post-210846","post","type-post","status-publish","format-standard","has-post-thumbnail","hentry","category-noticias","tag-jose-castelo-branco","tag-justica","tag-processos","tag-testemunhos","tag-tribunal","tag-violencia-domestica"],"yoast_head":"<!-- This site is optimized with the Yoast SEO plugin v27.2 - https:\/\/yoast.com\/product\/yoast-seo-wordpress\/ -->\n<title>Data do julgamento de Jos\u00e9 Castelo Branco por viol\u00eancia dom\u00e9stica \u00e9 revelada - Portal Tela Portugal<\/title>\n<meta name=\"robots\" content=\"index, follow, max-snippet:-1, max-image-preview:large, max-video-preview:-1\" \/>\n<meta property=\"og:locale\" content=\"pt_PT\" \/>\n<meta property=\"og:type\" content=\"article\" \/>\n<meta property=\"og:title\" content=\"Data do julgamento de Jos\u00e9 Castelo Branco por viol\u00eancia dom\u00e9stica \u00e9 revelada - Portal Tela Portugal\" \/>\n<meta property=\"og:description\" content=\"O julgamento de Jos\u00e9 Castelo Branco por viol\u00eancia dom\u00e9stica contra Betty Grafstein est\u00e1 marcado para 25 de junho, com oito sess\u00f5es previstas at\u00e9 23 de outubro. A informa\u00e7\u00e3o foi revelada no programa Noite das Estrelas, da CMTV. Em est\u00fadio, o comentador Rui Pereira explicou que o maior n\u00famero de sess\u00f5es deve-se ao volume de testemunhas indicadas no processo. Segundo o especialista, acusa\u00e7\u00e3o, defesa, arguido e assistente podem apresentar at\u00e9 vinte testemunhas, mas a ju\u00edza pode aceitar mais em nome da verdade material para esclarecer os factos. A sess\u00e3o de arranque dever\u00e1 ouvir o arguido pela manh\u00e3 e Betty Grafstein dever\u00e1 prestar declara\u00e7\u00f5es \u00e0 tarde; n\u00e3o est\u00e1 claro se Grafstein vir\u00e1 a Portugal para o julgamento.\" \/>\n<meta property=\"og:url\" content=\"https:\/\/portaltela.pt\/noticias\/2026\/02\/13\/data-do-julgamento-de-jose-castelo-branco-por-violencia-domestica-e-revelada\/\" \/>\n<meta property=\"og:site_name\" content=\"Portal Tela Portugal\" \/>\n<meta property=\"article:published_time\" content=\"2026-02-13T12:37:26+00:00\" \/>\n<meta name=\"author\" content=\"Telinha\" \/>\n<meta name=\"twitter:card\" content=\"summary_large_image\" \/>\n<meta name=\"twitter:label1\" content=\"Escrito por\" \/>\n\t<meta name=\"twitter:data1\" content=\"Telinha\" \/>\n\t<meta name=\"twitter:label2\" content=\"Tempo estimado de leitura\" \/>\n\t<meta name=\"twitter:data2\" content=\"1 minuto\" \/>\n<script type=\"application\/ld+json\" class=\"yoast-schema-graph\">{\"@context\":\"https:\/\/schema.org\",\"@graph\":[{\"@type\":\"Article\",\"@id\":\"https:\/\/portaltela.pt\/noticias\/2026\/02\/13\/data-do-julgamento-de-jose-castelo-branco-por-violencia-domestica-e-revelada\/#article\",\"isPartOf\":{\"@id\":\"https:\/\/portaltela.pt\/noticias\/2026\/02\/13\/data-do-julgamento-de-jose-castelo-branco-por-violencia-domestica-e-revelada\/\"},\"author\":{\"name\":\"Telinha\",\"@id\":\"https:\/\/portaltela.pt\/#\/schema\/person\/c4278d4a6028830caff9ee44b42d32ed\"},\"headline\":\"Data do julgamento de Jos\u00e9 Castelo Branco por viol\u00eancia dom\u00e9stica \u00e9 revelada\",\"datePublished\":\"2026-02-13T12:37:26+00:00\",\"mainEntityOfPage\":{\"@id\":\"https:\/\/portaltela.pt\/noticias\/2026\/02\/13\/data-do-julgamento-de-jose-castelo-branco-por-violencia-domestica-e-revelada\/\"},\"wordCount\":218,\"image\":{\"@id\":\"https:\/\/portaltela.pt\/noticias\/2026\/02\/13\/data-do-julgamento-de-jose-castelo-branco-por-violencia-domestica-e-revelada\/#primaryimage\"},\"thumbnailUrl\":\"https:\/\/portaltela.pt\/s.01k8rhncp4jt1\/2026\/02\/img_1280x718uu2025-06-30-17-06-37-2219669.jpg\",\"keywords\":[\"Jos\u00e9 Castelo Branco\",\"justi\u00e7a\",\"processos\",\"testemunhos\",\"tribunal\",\"viol\u00eancia dom\u00e9stica\"],\"articleSection\":[\"Not\u00edcias\"],\"inLanguage\":\"pt-PT\"},{\"@type\":\"WebPage\",\"@id\":\"https:\/\/portaltela.pt\/noticias\/2026\/02\/13\/data-do-julgamento-de-jose-castelo-branco-por-violencia-domestica-e-revelada\/\",\"url\":\"https:\/\/portaltela.pt\/noticias\/2026\/02\/13\/data-do-julgamento-de-jose-castelo-branco-por-violencia-domestica-e-revelada\/\",\"name\":\"Data do julgamento de Jos\u00e9 Castelo Branco por viol\u00eancia dom\u00e9stica \u00e9 revelada - Portal Tela Portugal\",\"isPartOf\":{\"@id\":\"https:\/\/portaltela.pt\/#website\"},\"primaryImageOfPage\":{\"@id\":\"https:\/\/portaltela.pt\/noticias\/2026\/02\/13\/data-do-julgamento-de-jose-castelo-branco-por-violencia-domestica-e-revelada\/#primaryimage\"},\"image\":{\"@id\":\"https:\/\/portaltela.pt\/noticias\/2026\/02\/13\/data-do-julgamento-de-jose-castelo-branco-por-violencia-domestica-e-revelada\/#primaryimage\"},\"thumbnailUrl\":\"https:\/\/portaltela.pt\/s.01k8rhncp4jt1\/2026\/02\/img_1280x718uu2025-06-30-17-06-37-2219669.jpg\",\"datePublished\":\"2026-02-13T12:37:26+00:00\",\"author\":{\"@id\":\"https:\/\/portaltela.pt\/#\/schema\/person\/c4278d4a6028830caff9ee44b42d32ed\"},\"breadcrumb\":{\"@id\":\"https:\/\/portaltela.pt\/noticias\/2026\/02\/13\/data-do-julgamento-de-jose-castelo-branco-por-violencia-domestica-e-revelada\/#breadcrumb\"},\"inLanguage\":\"pt-PT\",\"potentialAction\":[{\"@type\":\"ReadAction\",\"target\":[\"https:\/\/portaltela.pt\/noticias\/2026\/02\/13\/data-do-julgamento-de-jose-castelo-branco-por-violencia-domestica-e-revelada\/\"]}]},{\"@type\":\"ImageObject\",\"inLanguage\":\"pt-PT\",\"@id\":\"https:\/\/portaltela.pt\/noticias\/2026\/02\/13\/data-do-julgamento-de-jose-castelo-branco-por-violencia-domestica-e-revelada\/#primaryimage\",\"url\":\"https:\/\/portaltela.pt\/s.01k8rhncp4jt1\/2026\/02\/img_1280x718uu2025-06-30-17-06-37-2219669.jpg\",\"contentUrl\":\"https:\/\/portaltela.pt\/s.01k8rhncp4jt1\/2026\/02\/img_1280x718uu2025-06-30-17-06-37-2219669.jpg\",\"width\":796,\"height\":448,\"caption\":\"Betty Grafstein e Jos\u00e9 Castelo Branco\"},{\"@type\":\"BreadcrumbList\",\"@id\":\"https:\/\/portaltela.pt\/noticias\/2026\/02\/13\/data-do-julgamento-de-jose-castelo-branco-por-violencia-domestica-e-revelada\/#breadcrumb\",\"itemListElement\":[{\"@type\":\"ListItem\",\"position\":1,\"name\":\"In\u00edcio\",\"item\":\"https:\/\/portaltela.pt\/\"},{\"@type\":\"ListItem\",\"position\":2,\"name\":\"Data do julgamento de Jos\u00e9 Castelo Branco por viol\u00eancia dom\u00e9stica \u00e9 revelada\"}]},{\"@type\":\"WebSite\",\"@id\":\"https:\/\/portaltela.pt\/#website\",\"url\":\"https:\/\/portaltela.pt\/\",\"name\":\"Portal Tela Portugal\",\"description\":\"\",\"potentialAction\":[{\"@type\":\"SearchAction\",\"target\":{\"@type\":\"EntryPoint\",\"urlTemplate\":\"https:\/\/portaltela.pt\/?s={search_term_string}\"},\"query-input\":{\"@type\":\"PropertyValueSpecification\",\"valueRequired\":true,\"valueName\":\"search_term_string\"}}],\"inLanguage\":\"pt-PT\"},{\"@type\":\"Person\",\"@id\":\"https:\/\/portaltela.pt\/#\/schema\/person\/c4278d4a6028830caff9ee44b42d32ed\",\"name\":\"Telinha\",\"image\":{\"@type\":\"ImageObject\",\"inLanguage\":\"pt-PT\",\"@id\":\"https:\/\/portaltela.pt\/s.01k8rhncp4jt1\/2025\/11\/talking-bot-125x125.png\",\"url\":\"https:\/\/portaltela.pt\/s.01k8rhncp4jt1\/2025\/11\/talking-bot-125x125.png\",\"contentUrl\":\"https:\/\/portaltela.pt\/s.01k8rhncp4jt1\/2025\/11\/talking-bot-125x125.png\",\"caption\":\"Telinha\"},\"sameAs\":[\"https:\/\/portaltela.pt\/\"],\"url\":\"https:\/\/portaltela.pt\/por\/367410592786\/\"}]}<\/script>\n<!-- \/ Yoast SEO plugin. -->","yoast_head_json":{"title":"Data do julgamento de Jos\u00e9 Castelo Branco por viol\u00eancia dom\u00e9stica \u00e9 revelada - Portal Tela Portugal","robots":{"index":"index","follow":"follow","max-snippet":"max-snippet:-1","max-image-preview":"max-image-preview:large","max-video-preview":"max-video-preview:-1"},"og_locale":"pt_PT","og_type":"article","og_title":"Data do julgamento de Jos\u00e9 Castelo Branco por viol\u00eancia dom\u00e9stica \u00e9 revelada - Portal Tela Portugal","og_description":"O julgamento de Jos\u00e9 Castelo Branco por viol\u00eancia dom\u00e9stica contra Betty Grafstein est\u00e1 marcado para 25 de junho, com oito sess\u00f5es previstas at\u00e9 23 de outubro. A informa\u00e7\u00e3o foi revelada no programa Noite das Estrelas, da CMTV. Em est\u00fadio, o comentador Rui Pereira explicou que o maior n\u00famero de sess\u00f5es deve-se ao volume de testemunhas indicadas no processo. Segundo o especialista, acusa\u00e7\u00e3o, defesa, arguido e assistente podem apresentar at\u00e9 vinte testemunhas, mas a ju\u00edza pode aceitar mais em nome da verdade material para esclarecer os factos. A sess\u00e3o de arranque dever\u00e1 ouvir o arguido pela manh\u00e3 e Betty Grafstein dever\u00e1 prestar declara\u00e7\u00f5es \u00e0 tarde; n\u00e3o est\u00e1 claro se Grafstein vir\u00e1 a Portugal para o julgamento.","og_url":"https:\/\/portaltela.pt\/noticias\/2026\/02\/13\/data-do-julgamento-de-jose-castelo-branco-por-violencia-domestica-e-revelada\/","og_site_name":"Portal Tela Portugal","article_published_time":"2026-02-13T12:37:26+00:00","author":"Telinha","twitter_card":"summary_large_image","twitter_misc":{"Escrito por":"Telinha","Tempo estimado de leitura":"1 minuto"},"schema":{"@context":"https:\/\/schema.org","@graph":[{"@type":"Article","@id":"https:\/\/portaltela.pt\/noticias\/2026\/02\/13\/data-do-julgamento-de-jose-castelo-branco-por-violencia-domestica-e-revelada\/#article","isPartOf":{"@id":"https:\/\/portaltela.pt\/noticias\/2026\/02\/13\/data-do-julgamento-de-jose-castelo-branco-por-violencia-domestica-e-revelada\/"},"author":{"name":"Telinha","@id":"https:\/\/portaltela.pt\/#\/schema\/person\/c4278d4a6028830caff9ee44b42d32ed"},"headline":"Data do julgamento de Jos\u00e9 Castelo Branco por viol\u00eancia dom\u00e9stica \u00e9 revelada","datePublished":"2026-02-13T12:37:26+00:00","mainEntityOfPage":{"@id":"https:\/\/portaltela.pt\/noticias\/2026\/02\/13\/data-do-julgamento-de-jose-castelo-branco-por-violencia-domestica-e-revelada\/"},"wordCount":218,"image":{"@id":"https:\/\/portaltela.pt\/noticias\/2026\/02\/13\/data-do-julgamento-de-jose-castelo-branco-por-violencia-domestica-e-revelada\/#primaryimage"},"thumbnailUrl":"https:\/\/portaltela.pt\/s.01k8rhncp4jt1\/2026\/02\/img_1280x718uu2025-06-30-17-06-37-2219669.jpg","keywords":["Jos\u00e9 Castelo Branco","justi\u00e7a","processos","testemunhos","tribunal","viol\u00eancia dom\u00e9stica"],"articleSection":["Not\u00edcias"],"inLanguage":"pt-PT"},{"@type":"WebPage","@id":"https:\/\/portaltela.pt\/noticias\/2026\/02\/13\/data-do-julgamento-de-jose-castelo-branco-por-violencia-domestica-e-revelada\/","url":"https:\/\/portaltela.pt\/noticias\/2026\/02\/13\/data-do-julgamento-de-jose-castelo-branco-por-violencia-domestica-e-revelada\/","name":"Data do julgamento de Jos\u00e9 Castelo Branco por viol\u00eancia dom\u00e9stica \u00e9 revelada - Portal Tela Portugal","isPartOf":{"@id":"https:\/\/portaltela.pt\/#website"},"primaryImageOfPage":{"@id":"https:\/\/portaltela.pt\/noticias\/2026\/02\/13\/data-do-julgamento-de-jose-castelo-branco-por-violencia-domestica-e-revelada\/#primaryimage"},"image":{"@id":"https:\/\/portaltela.pt\/noticias\/2026\/02\/13\/data-do-julgamento-de-jose-castelo-branco-por-violencia-domestica-e-revelada\/#primaryimage"},"thumbnailUrl":"https:\/\/portaltela.pt\/s.01k8rhncp4jt1\/2026\/02\/img_1280x718uu2025-06-30-17-06-37-2219669.jpg","datePublished":"2026-02-13T12:37:26+00:00","author":{"@id":"https:\/\/portaltela.pt\/#\/schema\/person\/c4278d4a6028830caff9ee44b42d32ed"},"breadcrumb":{"@id":"https:\/\/portaltela.pt\/noticias\/2026\/02\/13\/data-do-julgamento-de-jose-castelo-branco-por-violencia-domestica-e-revelada\/#breadcrumb"},"inLanguage":"pt-PT","potentialAction":[{"@type":"ReadAction","target":["https:\/\/portaltela.pt\/noticias\/2026\/02\/13\/data-do-julgamento-de-jose-castelo-branco-por-violencia-domestica-e-revelada\/"]}]},{"@type":"ImageObject","inLanguage":"pt-PT","@id":"https:\/\/portaltela.pt\/noticias\/2026\/02\/13\/data-do-julgamento-de-jose-castelo-branco-por-violencia-domestica-e-revelada\/#primaryimage","url":"https:\/\/portaltela.pt\/s.01k8rhncp4jt1\/2026\/02\/img_1280x718uu2025-06-30-17-06-37-2219669.jpg","contentUrl":"https:\/\/portaltela.pt\/s.01k8rhncp4jt1\/2026\/02\/img_1280x718uu2025-06-30-17-06-37-2219669.jpg","width":796,"height":448,"caption":"Betty Grafstein e Jos\u00e9 Castelo Branco"},{"@type":"BreadcrumbList","@id":"https:\/\/portaltela.pt\/noticias\/2026\/02\/13\/data-do-julgamento-de-jose-castelo-branco-por-violencia-domestica-e-revelada\/#breadcrumb","itemListElement":[{"@type":"ListItem","position":1,"name":"In\u00edcio","item":"https:\/\/portaltela.pt\/"},{"@type":"ListItem","position":2,"name":"Data do julgamento de Jos\u00e9 Castelo Branco por viol\u00eancia dom\u00e9stica \u00e9 revelada"}]},{"@type":"WebSite","@id":"https:\/\/portaltela.pt\/#website","url":"https:\/\/portaltela.pt\/","name":"Portal Tela Portugal","description":"","potentialAction":[{"@type":"SearchAction","target":{"@type":"EntryPoint","urlTemplate":"https:\/\/portaltela.pt\/?s={search_term_string}"},"query-input":{"@type":"PropertyValueSpecification","valueRequired":true,"valueName":"search_term_string"}}],"inLanguage":"pt-PT"},{"@type":"Person","@id":"https:\/\/portaltela.pt\/#\/schema\/person\/c4278d4a6028830caff9ee44b42d32ed","name":"Telinha","image":{"@type":"ImageObject","inLanguage":"pt-PT","@id":"https:\/\/portaltela.pt\/s.01k8rhncp4jt1\/2025\/11\/talking-bot-125x125.png","url":"https:\/\/portaltela.pt\/s.01k8rhncp4jt1\/2025\/11\/talking-bot-125x125.png","contentUrl":"https:\/\/portaltela.pt\/s.01k8rhncp4jt1\/2025\/11\/talking-bot-125x125.png","caption":"Telinha"},"sameAs":["https:\/\/portaltela.pt\/"],"url":"https:\/\/portaltela.pt\/por\/367410592786\/"}]}},"_links":{"self":[{"href":"https:\/\/portaltela.pt\/api\/wp\/v2\/posts\/210846","targetHints":{"allow":["GET"]}}],"collection":[{"href":"https:\/\/portaltela.pt\/api\/wp\/v2\/posts"}],"about":[{"href":"https:\/\/portaltela.pt\/api\/wp\/v2\/types\/post"}],"author":[{"embeddable":true,"href":"https:\/\/portaltela.pt\/api\/wp\/v2\/users\/2"}],"replies":[{"embeddable":true,"href":"https:\/\/portaltela.pt\/api\/wp\/v2\/comments?post=210846"}],"version-history":[{"count":0,"href":"https:\/\/portaltela.pt\/api\/wp\/v2\/posts\/210846\/revisions"}],"wp:featuredmedia":[{"embeddable":true,"href":"https:\/\/portaltela.pt\/api\/wp\/v2\/media\/210850"}],"wp:attachment":[{"href":"https:\/\/portaltela.pt\/api\/wp\/v2\/media?parent=210846"}],"wp:term":[{"taxonomy":"category","embeddable":true,"href":"https:\/\/portaltela.pt\/api\/wp\/v2\/categories?post=210846"},{"taxonomy":"post_tag","embeddable":true,"href":"https:\/\/portaltela.pt\/api\/wp\/v2\/tags?post=210846"}],"curies":[{"name":"wp","href":"https:\/\/api.w.org\/{rel}","templated":true}]}}