{"id":210829,"date":"2026-02-13T09:19:29","date_gmt":"2026-02-13T12:19:29","guid":{"rendered":"https:\/\/portaltela.pt\/noticias\/2026\/02\/13\/mp-pede-absolvicao-do-diretor-dopagina-um-por-difamacao-de-gouveia-e-melo\/"},"modified":"2026-02-13T09:19:29","modified_gmt":"2026-02-13T12:19:29","slug":"mp-pede-absolvicao-do-diretor-dopagina-um-por-difamacao-de-gouveia-e-melo","status":"publish","type":"post","link":"https:\/\/portaltela.pt\/noticias\/2026\/02\/13\/mp-pede-absolvicao-do-diretor-dopagina-um-por-difamacao-de-gouveia-e-melo\/","title":{"rendered":"MP pede absolvi\u00e7\u00e3o do diretor doP\u00e1gina Um por difama\u00e7\u00e3o de Gouveia e Melo"},"content":{"rendered":"<p>O Minist\u00e9rio P\u00fablico pediu a absolvi\u00e7\u00e3o de Pedro Vieira, diretor do jornal P\u00e1gina Um, do crime de difama\u00e7\u00e3o por textos ligados a Henrique Gouveia e Melo. O MP pediu a condena\u00e7\u00e3o do ex-baston\u00e1rio da Ordem dos M\u00e9dicos por difama\u00e7\u00e3o.<\/p>\n<p>A sess\u00e3o de alega\u00e7\u00f5es finais decorreu no tribunal de Lisboa. O procurador considerou que existiam documentos na posse de Vieira que davam fundamento \u00e0 veracidade da informa\u00e7\u00e3o, ainda que n\u00e3o houvesse prova cabal dessa veracidade.<\/p>\n<p>O MP sustentou que, mesmo sem prova plena, o arguido atuou de boa f\u00e9 ao julgar a imputa\u00e7\u00e3o como verdadeira. Os textos associavam Gouveia e Melo a um alegado processo de vacina\u00e7\u00e3o de milhares de m\u00e9dicos, supostamente pago pela Ordem.<\/p>\n<p>Vieira afirmou ter obtido a documenta\u00e7\u00e3o que fundamentou os artigos ap\u00f3s uma intima\u00e7\u00e3o ao Tribunal Administrativo. O MP indicou que esse conte\u00fado justifica, na perspetiva dele, a divulga\u00e7\u00e3o p\u00fablica das informa\u00e7\u00f5es.<\/p>\n<p>Relativamente \u00e0 Ordem dos M\u00e9dicos e aos m\u00e9dicos Filipe Froes e Lu\u00eds Varandas, o MP pediu a absolvi\u00e7\u00e3o de Vieira por difama\u00e7\u00e3o, pelos mesmos fundamentos invocados. A defesa mant\u00e9m a linha de que houve informa\u00e7\u00e3o respons\u00e1vel.<\/p>\n<p>Para Miguel Guimar\u00e3es, o MP pediu a condena\u00e7\u00e3o por difama\u00e7\u00e3o. A acusa\u00e7\u00e3o aponta para uma compara\u00e7\u00e3o do ex-baston\u00e1rio com figuras hist\u00f3ricas que ofende a dignidade do assistente.<\/p>\n<p>O Minist\u00e9rio P\u00fablico sustenta que a express\u00e3o usada foi gravemente ofensiva e desrespeitosa, afectando a honra de Miguel Guimar\u00e3es. O objetivo \u00e9 responsabilizar o autor pelas palavras proferidas.<\/p>\n<p>O julgamento resulta de uma queixa-crime apresentada contra Vieira ap\u00f3s a publica\u00e7\u00e3o de artigos sobre alegadas liga\u00e7\u00f5es financeiras entre m\u00e9dicos, farmac\u00eauticas e contratos com o Estado durante a pandemia.<\/p>\n<p>Nesta a\u00e7\u00e3o, a Ordem dos M\u00e9dicos e os m\u00e9dicos Miguel Guimar\u00e3es, Filipe Froes e Lu\u00eds Varandas pretendem indemniza\u00e7\u00e3o de 60 mil euros. O caso integra ainda outra participa\u00e7\u00e3o criminal apresentada por Gouveia e Melo.<\/p>\n<p>O processo envolve, assim, dois ramos: uma queixa-crime contra Vieira e outra participa\u00e7\u00e3o apresentada por Gouveia e Melo, alinhavando controv\u00e9rsias sobre difama\u00e7\u00e3o e responsabilidade jornal\u00edstica.<\/p>\n","protected":false},"excerpt":{"rendered":"<ul>\n<li>O Minist\u00e9rio P\u00fablico pediu a absolvi\u00e7\u00e3o de Pedro Vieira, diretor do jornal P\u00e1gina Um, por difama\u00e7\u00e3o em rela\u00e7\u00e3o a Henrique Gouveia e Melo, no \u00e2mbito de alega\u00e7\u00f5es finais no tribunal de Lisboa.<\/li>\n<li>O MP sustentou que, pese a n\u00e3o se ter provado a veracidade da imputa\u00e7\u00e3o, Vieira poderia ter, de boa f\u00e9, considerado verdade a imputa\u00e7\u00e3o com base em documentos na sua posse.<\/li>\n<li>Os textos associavam Gouveia e Melo a um alegado processo de vacina\u00e7\u00e3o de cerca de quatro mil m\u00e9dicos, alegadamente financiado pela Ordem dos M\u00e9dicos; Vieira disse ter usado documenta\u00e7\u00e3o obtida depois de uma intima\u00e7\u00e3o para o Tribunal Administrativo.<\/li>\n<li>O MP pediu ainda a absolvi\u00e7\u00e3o de Vieira das acusa\u00e7\u00f5es de difama\u00e7\u00e3o relacionadas com a Ordem dos M\u00e9dicos e com os m\u00e9dicos Filipe Froes e Lu\u00eds Varandas.<\/li>\n<li>Em rela\u00e7\u00e3o ao ex-baston\u00e1rio da Ordem dos M\u00e9dicos, o MP pediu a condena\u00e7\u00e3o de Vieira por difama\u00e7\u00e3o relativamente a Miguel Guimar\u00e3es, considerando a compara\u00e7\u00e3o gravemente aviltante; o caso envolve uma poss\u00edvel indemniza\u00e7\u00e3o de 60 mil euros.<\/li>\n<\/ul>\n","protected":false},"author":2,"featured_media":210832,"comment_status":"closed","ping_status":"closed","sticky":false,"template":"","format":"standard","meta":{"footnotes":""},"categories":[1],"tags":[5783,2442,2745,217,2613,52],"class_list":["post-210829","post","type-post","status-publish","format-standard","has-post-thumbnail","hentry","category-noticias","tag-a-ordem-dos-medicos","tag-difamacao","tag-indenizacoes","tag-investigacao-criminal","tag-ministerio-publico","tag-tribunal"],"yoast_head":"<!-- This site is optimized with the Yoast SEO plugin v27.2 - https:\/\/yoast.com\/product\/yoast-seo-wordpress\/ -->\n<title>MP pede absolvi\u00e7\u00e3o do diretor doP\u00e1gina Um por difama\u00e7\u00e3o de Gouveia e Melo - Portal Tela Portugal<\/title>\n<meta name=\"robots\" content=\"index, follow, max-snippet:-1, max-image-preview:large, max-video-preview:-1\" \/>\n<meta property=\"og:locale\" content=\"pt_PT\" \/>\n<meta property=\"og:type\" content=\"article\" \/>\n<meta property=\"og:title\" content=\"MP pede absolvi\u00e7\u00e3o do diretor doP\u00e1gina Um por difama\u00e7\u00e3o de Gouveia e Melo - Portal Tela Portugal\" \/>\n<meta property=\"og:description\" content=\"O Minist\u00e9rio P\u00fablico pediu a absolvi\u00e7\u00e3o de Pedro Vieira, diretor do jornal P\u00e1gina Um, por difama\u00e7\u00e3o em rela\u00e7\u00e3o a Henrique Gouveia e Melo, no \u00e2mbito de alega\u00e7\u00f5es finais no tribunal de Lisboa. O MP sustentou que, pese a n\u00e3o se ter provado a veracidade da imputa\u00e7\u00e3o, Vieira poderia ter, de boa f\u00e9, considerado verdade a imputa\u00e7\u00e3o com base em documentos na sua posse. Os textos associavam Gouveia e Melo a um alegado processo de vacina\u00e7\u00e3o de cerca de quatro mil m\u00e9dicos, alegadamente financiado pela Ordem dos M\u00e9dicos; Vieira disse ter usado documenta\u00e7\u00e3o obtida depois de uma intima\u00e7\u00e3o para o Tribunal Administrativo. O MP pediu ainda a absolvi\u00e7\u00e3o de Vieira das acusa\u00e7\u00f5es de difama\u00e7\u00e3o relacionadas com a Ordem dos M\u00e9dicos e com os m\u00e9dicos Filipe Froes e Lu\u00eds Varandas. Em rela\u00e7\u00e3o ao ex-baston\u00e1rio da Ordem dos M\u00e9dicos, o MP pediu a condena\u00e7\u00e3o de Vieira por difama\u00e7\u00e3o relativamente a Miguel Guimar\u00e3es, considerando a compara\u00e7\u00e3o gravemente aviltante; o caso envolve uma poss\u00edvel indemniza\u00e7\u00e3o de 60 mil euros.\" \/>\n<meta property=\"og:url\" content=\"https:\/\/portaltela.pt\/noticias\/2026\/02\/13\/mp-pede-absolvicao-do-diretor-dopagina-um-por-difamacao-de-gouveia-e-melo\/\" \/>\n<meta property=\"og:site_name\" content=\"Portal Tela Portugal\" \/>\n<meta property=\"article:published_time\" content=\"2026-02-13T12:19:29+00:00\" \/>\n<meta name=\"author\" content=\"Telinha\" \/>\n<meta name=\"twitter:card\" content=\"summary_large_image\" \/>\n<meta name=\"twitter:label1\" content=\"Escrito por\" \/>\n\t<meta name=\"twitter:data1\" content=\"Telinha\" \/>\n\t<meta name=\"twitter:label2\" content=\"Tempo estimado de leitura\" \/>\n\t<meta name=\"twitter:data2\" content=\"2 minutos\" \/>\n<script type=\"application\/ld+json\" class=\"yoast-schema-graph\">{\"@context\":\"https:\/\/schema.org\",\"@graph\":[{\"@type\":\"Article\",\"@id\":\"https:\/\/portaltela.pt\/noticias\/2026\/02\/13\/mp-pede-absolvicao-do-diretor-dopagina-um-por-difamacao-de-gouveia-e-melo\/#article\",\"isPartOf\":{\"@id\":\"https:\/\/portaltela.pt\/noticias\/2026\/02\/13\/mp-pede-absolvicao-do-diretor-dopagina-um-por-difamacao-de-gouveia-e-melo\/\"},\"author\":{\"name\":\"Telinha\",\"@id\":\"https:\/\/portaltela.pt\/#\/schema\/person\/c4278d4a6028830caff9ee44b42d32ed\"},\"headline\":\"MP pede absolvi\u00e7\u00e3o do diretor doP\u00e1gina Um por difama\u00e7\u00e3o de Gouveia e Melo\",\"datePublished\":\"2026-02-13T12:19:29+00:00\",\"mainEntityOfPage\":{\"@id\":\"https:\/\/portaltela.pt\/noticias\/2026\/02\/13\/mp-pede-absolvicao-do-diretor-dopagina-um-por-difamacao-de-gouveia-e-melo\/\"},\"wordCount\":394,\"image\":{\"@id\":\"https:\/\/portaltela.pt\/noticias\/2026\/02\/13\/mp-pede-absolvicao-do-diretor-dopagina-um-por-difamacao-de-gouveia-e-melo\/#primaryimage\"},\"thumbnailUrl\":\"https:\/\/portaltela.pt\/s.01k8rhncp4jt1\/2026\/02\/img_1500x1000uu2026-01-12-15-57-22-2259646.jpg\",\"keywords\":[\"A Ordem dos M\u00e9dicos\",\"difama\u00e7\u00e3o\",\"indeniza\u00e7\u00f5es\",\"investiga\u00e7\u00e3o criminal\",\"Minist\u00e9rio P\u00fablico\",\"tribunal\"],\"articleSection\":[\"Not\u00edcias\"],\"inLanguage\":\"pt-PT\"},{\"@type\":\"WebPage\",\"@id\":\"https:\/\/portaltela.pt\/noticias\/2026\/02\/13\/mp-pede-absolvicao-do-diretor-dopagina-um-por-difamacao-de-gouveia-e-melo\/\",\"url\":\"https:\/\/portaltela.pt\/noticias\/2026\/02\/13\/mp-pede-absolvicao-do-diretor-dopagina-um-por-difamacao-de-gouveia-e-melo\/\",\"name\":\"MP pede absolvi\u00e7\u00e3o do diretor doP\u00e1gina Um por difama\u00e7\u00e3o de Gouveia e Melo - Portal Tela Portugal\",\"isPartOf\":{\"@id\":\"https:\/\/portaltela.pt\/#website\"},\"primaryImageOfPage\":{\"@id\":\"https:\/\/portaltela.pt\/noticias\/2026\/02\/13\/mp-pede-absolvicao-do-diretor-dopagina-um-por-difamacao-de-gouveia-e-melo\/#primaryimage\"},\"image\":{\"@id\":\"https:\/\/portaltela.pt\/noticias\/2026\/02\/13\/mp-pede-absolvicao-do-diretor-dopagina-um-por-difamacao-de-gouveia-e-melo\/#primaryimage\"},\"thumbnailUrl\":\"https:\/\/portaltela.pt\/s.01k8rhncp4jt1\/2026\/02\/img_1500x1000uu2026-01-12-15-57-22-2259646.jpg\",\"datePublished\":\"2026-02-13T12:19:29+00:00\",\"author\":{\"@id\":\"https:\/\/portaltela.pt\/#\/schema\/person\/c4278d4a6028830caff9ee44b42d32ed\"},\"breadcrumb\":{\"@id\":\"https:\/\/portaltela.pt\/noticias\/2026\/02\/13\/mp-pede-absolvicao-do-diretor-dopagina-um-por-difamacao-de-gouveia-e-melo\/#breadcrumb\"},\"inLanguage\":\"pt-PT\",\"potentialAction\":[{\"@type\":\"ReadAction\",\"target\":[\"https:\/\/portaltela.pt\/noticias\/2026\/02\/13\/mp-pede-absolvicao-do-diretor-dopagina-um-por-difamacao-de-gouveia-e-melo\/\"]}]},{\"@type\":\"ImageObject\",\"inLanguage\":\"pt-PT\",\"@id\":\"https:\/\/portaltela.pt\/noticias\/2026\/02\/13\/mp-pede-absolvicao-do-diretor-dopagina-um-por-difamacao-de-gouveia-e-melo\/#primaryimage\",\"url\":\"https:\/\/portaltela.pt\/s.01k8rhncp4jt1\/2026\/02\/img_1500x1000uu2026-01-12-15-57-22-2259646.jpg\",\"contentUrl\":\"https:\/\/portaltela.pt\/s.01k8rhncp4jt1\/2026\/02\/img_1500x1000uu2026-01-12-15-57-22-2259646.jpg\",\"width\":1500,\"height\":1000,\"caption\":\"Gouveia e Melo usa megafone durante a\u00e7\u00e3o de alerta para inc\u00eandios no Paiva\"},{\"@type\":\"BreadcrumbList\",\"@id\":\"https:\/\/portaltela.pt\/noticias\/2026\/02\/13\/mp-pede-absolvicao-do-diretor-dopagina-um-por-difamacao-de-gouveia-e-melo\/#breadcrumb\",\"itemListElement\":[{\"@type\":\"ListItem\",\"position\":1,\"name\":\"In\u00edcio\",\"item\":\"https:\/\/portaltela.pt\/\"},{\"@type\":\"ListItem\",\"position\":2,\"name\":\"MP pede absolvi\u00e7\u00e3o do diretor doP\u00e1gina Um por difama\u00e7\u00e3o de Gouveia e Melo\"}]},{\"@type\":\"WebSite\",\"@id\":\"https:\/\/portaltela.pt\/#website\",\"url\":\"https:\/\/portaltela.pt\/\",\"name\":\"Portal Tela Portugal\",\"description\":\"\",\"potentialAction\":[{\"@type\":\"SearchAction\",\"target\":{\"@type\":\"EntryPoint\",\"urlTemplate\":\"https:\/\/portaltela.pt\/?s={search_term_string}\"},\"query-input\":{\"@type\":\"PropertyValueSpecification\",\"valueRequired\":true,\"valueName\":\"search_term_string\"}}],\"inLanguage\":\"pt-PT\"},{\"@type\":\"Person\",\"@id\":\"https:\/\/portaltela.pt\/#\/schema\/person\/c4278d4a6028830caff9ee44b42d32ed\",\"name\":\"Telinha\",\"image\":{\"@type\":\"ImageObject\",\"inLanguage\":\"pt-PT\",\"@id\":\"https:\/\/portaltela.pt\/s.01k8rhncp4jt1\/2025\/11\/talking-bot-125x125.png\",\"url\":\"https:\/\/portaltela.pt\/s.01k8rhncp4jt1\/2025\/11\/talking-bot-125x125.png\",\"contentUrl\":\"https:\/\/portaltela.pt\/s.01k8rhncp4jt1\/2025\/11\/talking-bot-125x125.png\",\"caption\":\"Telinha\"},\"sameAs\":[\"https:\/\/portaltela.pt\/\"],\"url\":\"https:\/\/portaltela.pt\/por\/367410592786\/\"}]}<\/script>\n<!-- \/ Yoast SEO plugin. -->","yoast_head_json":{"title":"MP pede absolvi\u00e7\u00e3o do diretor doP\u00e1gina Um por difama\u00e7\u00e3o de Gouveia e Melo - Portal Tela Portugal","robots":{"index":"index","follow":"follow","max-snippet":"max-snippet:-1","max-image-preview":"max-image-preview:large","max-video-preview":"max-video-preview:-1"},"og_locale":"pt_PT","og_type":"article","og_title":"MP pede absolvi\u00e7\u00e3o do diretor doP\u00e1gina Um por difama\u00e7\u00e3o de Gouveia e Melo - Portal Tela Portugal","og_description":"O Minist\u00e9rio P\u00fablico pediu a absolvi\u00e7\u00e3o de Pedro Vieira, diretor do jornal P\u00e1gina Um, por difama\u00e7\u00e3o em rela\u00e7\u00e3o a Henrique Gouveia e Melo, no \u00e2mbito de alega\u00e7\u00f5es finais no tribunal de Lisboa. O MP sustentou que, pese a n\u00e3o se ter provado a veracidade da imputa\u00e7\u00e3o, Vieira poderia ter, de boa f\u00e9, considerado verdade a imputa\u00e7\u00e3o com base em documentos na sua posse. Os textos associavam Gouveia e Melo a um alegado processo de vacina\u00e7\u00e3o de cerca de quatro mil m\u00e9dicos, alegadamente financiado pela Ordem dos M\u00e9dicos; Vieira disse ter usado documenta\u00e7\u00e3o obtida depois de uma intima\u00e7\u00e3o para o Tribunal Administrativo. O MP pediu ainda a absolvi\u00e7\u00e3o de Vieira das acusa\u00e7\u00f5es de difama\u00e7\u00e3o relacionadas com a Ordem dos M\u00e9dicos e com os m\u00e9dicos Filipe Froes e Lu\u00eds Varandas. Em rela\u00e7\u00e3o ao ex-baston\u00e1rio da Ordem dos M\u00e9dicos, o MP pediu a condena\u00e7\u00e3o de Vieira por difama\u00e7\u00e3o relativamente a Miguel Guimar\u00e3es, considerando a compara\u00e7\u00e3o gravemente aviltante; o caso envolve uma poss\u00edvel indemniza\u00e7\u00e3o de 60 mil euros.","og_url":"https:\/\/portaltela.pt\/noticias\/2026\/02\/13\/mp-pede-absolvicao-do-diretor-dopagina-um-por-difamacao-de-gouveia-e-melo\/","og_site_name":"Portal Tela Portugal","article_published_time":"2026-02-13T12:19:29+00:00","author":"Telinha","twitter_card":"summary_large_image","twitter_misc":{"Escrito por":"Telinha","Tempo estimado de leitura":"2 minutos"},"schema":{"@context":"https:\/\/schema.org","@graph":[{"@type":"Article","@id":"https:\/\/portaltela.pt\/noticias\/2026\/02\/13\/mp-pede-absolvicao-do-diretor-dopagina-um-por-difamacao-de-gouveia-e-melo\/#article","isPartOf":{"@id":"https:\/\/portaltela.pt\/noticias\/2026\/02\/13\/mp-pede-absolvicao-do-diretor-dopagina-um-por-difamacao-de-gouveia-e-melo\/"},"author":{"name":"Telinha","@id":"https:\/\/portaltela.pt\/#\/schema\/person\/c4278d4a6028830caff9ee44b42d32ed"},"headline":"MP pede absolvi\u00e7\u00e3o do diretor doP\u00e1gina Um por difama\u00e7\u00e3o de Gouveia e Melo","datePublished":"2026-02-13T12:19:29+00:00","mainEntityOfPage":{"@id":"https:\/\/portaltela.pt\/noticias\/2026\/02\/13\/mp-pede-absolvicao-do-diretor-dopagina-um-por-difamacao-de-gouveia-e-melo\/"},"wordCount":394,"image":{"@id":"https:\/\/portaltela.pt\/noticias\/2026\/02\/13\/mp-pede-absolvicao-do-diretor-dopagina-um-por-difamacao-de-gouveia-e-melo\/#primaryimage"},"thumbnailUrl":"https:\/\/portaltela.pt\/s.01k8rhncp4jt1\/2026\/02\/img_1500x1000uu2026-01-12-15-57-22-2259646.jpg","keywords":["A Ordem dos M\u00e9dicos","difama\u00e7\u00e3o","indeniza\u00e7\u00f5es","investiga\u00e7\u00e3o criminal","Minist\u00e9rio P\u00fablico","tribunal"],"articleSection":["Not\u00edcias"],"inLanguage":"pt-PT"},{"@type":"WebPage","@id":"https:\/\/portaltela.pt\/noticias\/2026\/02\/13\/mp-pede-absolvicao-do-diretor-dopagina-um-por-difamacao-de-gouveia-e-melo\/","url":"https:\/\/portaltela.pt\/noticias\/2026\/02\/13\/mp-pede-absolvicao-do-diretor-dopagina-um-por-difamacao-de-gouveia-e-melo\/","name":"MP pede absolvi\u00e7\u00e3o do diretor doP\u00e1gina Um por difama\u00e7\u00e3o de Gouveia e Melo - Portal Tela Portugal","isPartOf":{"@id":"https:\/\/portaltela.pt\/#website"},"primaryImageOfPage":{"@id":"https:\/\/portaltela.pt\/noticias\/2026\/02\/13\/mp-pede-absolvicao-do-diretor-dopagina-um-por-difamacao-de-gouveia-e-melo\/#primaryimage"},"image":{"@id":"https:\/\/portaltela.pt\/noticias\/2026\/02\/13\/mp-pede-absolvicao-do-diretor-dopagina-um-por-difamacao-de-gouveia-e-melo\/#primaryimage"},"thumbnailUrl":"https:\/\/portaltela.pt\/s.01k8rhncp4jt1\/2026\/02\/img_1500x1000uu2026-01-12-15-57-22-2259646.jpg","datePublished":"2026-02-13T12:19:29+00:00","author":{"@id":"https:\/\/portaltela.pt\/#\/schema\/person\/c4278d4a6028830caff9ee44b42d32ed"},"breadcrumb":{"@id":"https:\/\/portaltela.pt\/noticias\/2026\/02\/13\/mp-pede-absolvicao-do-diretor-dopagina-um-por-difamacao-de-gouveia-e-melo\/#breadcrumb"},"inLanguage":"pt-PT","potentialAction":[{"@type":"ReadAction","target":["https:\/\/portaltela.pt\/noticias\/2026\/02\/13\/mp-pede-absolvicao-do-diretor-dopagina-um-por-difamacao-de-gouveia-e-melo\/"]}]},{"@type":"ImageObject","inLanguage":"pt-PT","@id":"https:\/\/portaltela.pt\/noticias\/2026\/02\/13\/mp-pede-absolvicao-do-diretor-dopagina-um-por-difamacao-de-gouveia-e-melo\/#primaryimage","url":"https:\/\/portaltela.pt\/s.01k8rhncp4jt1\/2026\/02\/img_1500x1000uu2026-01-12-15-57-22-2259646.jpg","contentUrl":"https:\/\/portaltela.pt\/s.01k8rhncp4jt1\/2026\/02\/img_1500x1000uu2026-01-12-15-57-22-2259646.jpg","width":1500,"height":1000,"caption":"Gouveia e Melo usa megafone durante a\u00e7\u00e3o de alerta para inc\u00eandios no Paiva"},{"@type":"BreadcrumbList","@id":"https:\/\/portaltela.pt\/noticias\/2026\/02\/13\/mp-pede-absolvicao-do-diretor-dopagina-um-por-difamacao-de-gouveia-e-melo\/#breadcrumb","itemListElement":[{"@type":"ListItem","position":1,"name":"In\u00edcio","item":"https:\/\/portaltela.pt\/"},{"@type":"ListItem","position":2,"name":"MP pede absolvi\u00e7\u00e3o do diretor doP\u00e1gina Um por difama\u00e7\u00e3o de Gouveia e Melo"}]},{"@type":"WebSite","@id":"https:\/\/portaltela.pt\/#website","url":"https:\/\/portaltela.pt\/","name":"Portal Tela Portugal","description":"","potentialAction":[{"@type":"SearchAction","target":{"@type":"EntryPoint","urlTemplate":"https:\/\/portaltela.pt\/?s={search_term_string}"},"query-input":{"@type":"PropertyValueSpecification","valueRequired":true,"valueName":"search_term_string"}}],"inLanguage":"pt-PT"},{"@type":"Person","@id":"https:\/\/portaltela.pt\/#\/schema\/person\/c4278d4a6028830caff9ee44b42d32ed","name":"Telinha","image":{"@type":"ImageObject","inLanguage":"pt-PT","@id":"https:\/\/portaltela.pt\/s.01k8rhncp4jt1\/2025\/11\/talking-bot-125x125.png","url":"https:\/\/portaltela.pt\/s.01k8rhncp4jt1\/2025\/11\/talking-bot-125x125.png","contentUrl":"https:\/\/portaltela.pt\/s.01k8rhncp4jt1\/2025\/11\/talking-bot-125x125.png","caption":"Telinha"},"sameAs":["https:\/\/portaltela.pt\/"],"url":"https:\/\/portaltela.pt\/por\/367410592786\/"}]}},"_links":{"self":[{"href":"https:\/\/portaltela.pt\/api\/wp\/v2\/posts\/210829","targetHints":{"allow":["GET"]}}],"collection":[{"href":"https:\/\/portaltela.pt\/api\/wp\/v2\/posts"}],"about":[{"href":"https:\/\/portaltela.pt\/api\/wp\/v2\/types\/post"}],"author":[{"embeddable":true,"href":"https:\/\/portaltela.pt\/api\/wp\/v2\/users\/2"}],"replies":[{"embeddable":true,"href":"https:\/\/portaltela.pt\/api\/wp\/v2\/comments?post=210829"}],"version-history":[{"count":0,"href":"https:\/\/portaltela.pt\/api\/wp\/v2\/posts\/210829\/revisions"}],"wp:featuredmedia":[{"embeddable":true,"href":"https:\/\/portaltela.pt\/api\/wp\/v2\/media\/210832"}],"wp:attachment":[{"href":"https:\/\/portaltela.pt\/api\/wp\/v2\/media?parent=210829"}],"wp:term":[{"taxonomy":"category","embeddable":true,"href":"https:\/\/portaltela.pt\/api\/wp\/v2\/categories?post=210829"},{"taxonomy":"post_tag","embeddable":true,"href":"https:\/\/portaltela.pt\/api\/wp\/v2\/tags?post=210829"}],"curies":[{"name":"wp","href":"https:\/\/api.w.org\/{rel}","templated":true}]}}