{"id":210823,"date":"2026-02-13T09:23:49","date_gmt":"2026-02-13T12:23:49","guid":{"rendered":"https:\/\/portaltela.pt\/noticias\/2026\/02\/13\/derrocada-em-cinfaes-desalojou-familia-e-bloqueou-duas-estradas\/"},"modified":"2026-02-13T09:23:49","modified_gmt":"2026-02-13T12:23:49","slug":"derrocada-em-cinfaes-desalojou-familia-e-bloqueou-duas-estradas","status":"publish","type":"post","link":"https:\/\/portaltela.pt\/noticias\/2026\/02\/13\/derrocada-em-cinfaes-desalojou-familia-e-bloqueou-duas-estradas\/","title":{"rendered":"Derrocada em Cinf\u00e3es desalojou fam\u00edlia e bloqueou duas estradas"},"content":{"rendered":"<p>A derrocada ocorrida na Estrada Nacional 222 (EN 222), em Pias, condicionou a circula\u00e7\u00e3o na via e provocou o corte da Estrada Municipal 1022 (EM 1022), entre Pias e Souto Rio, no concelho de Cinf\u00e3es. O desmoronamento ocorreu pela manh\u00e3 desta sexta-feira e j\u00e1 levou a um desvio de tr\u00e1fego, com a via apenas operando de forma condicionada.<\/p>\n<p>Segundo o presidente da C\u00e2mara de Cinf\u00e3es, Carlos Cardoso, houve um movimento de massas que derrubou o talude da EN 222, obrigando ao corte total na zona inicial, enquanto, a poucos metros, a EM 1022 ficou tamb\u00e9m interditada entre Pias e Souto Rio. O desalojamento ocorreu a partir desse incidente, afetando uma fam\u00edlia que est\u00e1 a receber encaminhamentos para uma habita\u00e7\u00e3o provis\u00f3ria.<\/p>\n<h3>Altera\u00e7\u00f5es na circula\u00e7\u00e3o e impactos locais<\/h3>\n<p>O mesmo presidente indicou que a escola do 1.\u00ba ciclo de Valbom sofreu danos no teto, com alunos a prosseguir as atividades em espa\u00e7o seguro adaptado. O concelho est\u00e1 sob aviso amarelo devido a precipita\u00e7\u00f5es e ventos. Al\u00e9m disso, v\u00e1rias infraestruturas do munic\u00edpio registam estragos di\u00e1rios, com esfor\u00e7os para restabelecer a normalidade.<\/p>\n<p>A C\u00e2mara tem vindo a reclamar junto da Infraestruturas de Portugal sobre o estado das vias nacionais que atravessam Cinf\u00e3es, nomeadamente EN 222, EN 321 e EN 225, que apresentam elevados \u00edndices de degrada\u00e7\u00e3o. Em termos de circula\u00e7\u00e3o, a EM 1022 e a EM 1029 permanecem cortadas, com a EM 1025 em Fornelos j\u00e1 reaberta.<\/p>\n<h3>Contexto regional e balan\u00e7o de ocorr\u00eancias<\/h3>\n<p>O cen\u00e1rio nacional mant\u00e9m-se tenso face \u00e0s depress\u00f5es que afetaram as regi\u00f5es Centro, Lisboa e Vale do Tejo, bem como o Alentejo. At\u00e9 ao momento, 16 pessoas j\u00e1 faleceram em Portugal devido aos temporais, com v\u00e1rias centenas de feridos e desalojados. O Governo estendeu a calamidade a 68 concelhos e anunciou medidas de apoio at\u00e9 2,5 mil milh\u00f5es de euros.<\/p>\n","protected":false},"excerpt":{"rendered":"<ul>\n<li>Uma derrocada a partir da Estrada Nacional 222, em Pias, no concelho de Cinf\u00e3es, condicionou aquela via e levou ao corte da Estrada Municipal 1022, em Souto Rio, entre Pias e Souto Rio.<\/li>\n<li>Um casal ficou desalojado; a c\u00e2mara est\u00e1 a organizar uma solu\u00e7\u00e3o de alojamento provis\u00f3rio enquanto se garante a seguran\u00e7a da habita\u00e7\u00e3o.<\/li>\n<li>A derrocada ocorreu ao in\u00edcio da manh\u00e3 de sexta-feira, com um movimento de massas que desmoronou o talude da EN 222 e provocou o corte de circula\u00e7\u00e3o.<\/li>\n<li>Al\u00e9m disso, houve danos na escola do primeiro ciclo de Valbom, em S\u00e3o Crist\u00f3v\u00e3o de Nogueira, com parte do teto a desprender-se; as aulas decoram condicionadas.<\/li>\n<li>O munic\u00edpio de Cinf\u00e3es tem as tr\u00eas estradas nacionais da regi\u00e3o degradadas e j\u00e1 pediu a verifica\u00e7\u00e3o do estado da EN 222; a situa\u00e7\u00e3o ocorre num contexto de avisos amarelos por precipita\u00e7\u00e3o e vento.<\/li>\n<\/ul>\n","protected":false},"author":2,"featured_media":210825,"comment_status":"closed","ping_status":"closed","sticky":false,"template":"","format":"standard","meta":{"footnotes":""},"categories":[1],"tags":[3658,4687,2731,2289,3004,1083],"class_list":["post-210823","post","type-post","status-publish","format-standard","has-post-thumbnail","hentry","category-noticias","tag-aviso-amarelo","tag-calamidade-publica","tag-cinfaes","tag-desabamentos","tag-desalojados","tag-estradas"],"yoast_head":"<!-- This site is optimized with the Yoast SEO plugin v27.2 - https:\/\/yoast.com\/product\/yoast-seo-wordpress\/ -->\n<title>Derrocada em Cinf\u00e3es desalojou fam\u00edlia e bloqueou duas estradas - Portal Tela Portugal<\/title>\n<meta name=\"robots\" content=\"index, follow, max-snippet:-1, max-image-preview:large, max-video-preview:-1\" \/>\n<meta property=\"og:locale\" content=\"pt_PT\" \/>\n<meta property=\"og:type\" content=\"article\" \/>\n<meta property=\"og:title\" content=\"Derrocada em Cinf\u00e3es desalojou fam\u00edlia e bloqueou duas estradas - Portal Tela Portugal\" \/>\n<meta property=\"og:description\" content=\"Uma derrocada a partir da Estrada Nacional 222, em Pias, no concelho de Cinf\u00e3es, condicionou aquela via e levou ao corte da Estrada Municipal 1022, em Souto Rio, entre Pias e Souto Rio. Um casal ficou desalojado; a c\u00e2mara est\u00e1 a organizar uma solu\u00e7\u00e3o de alojamento provis\u00f3rio enquanto se garante a seguran\u00e7a da habita\u00e7\u00e3o. A derrocada ocorreu ao in\u00edcio da manh\u00e3 de sexta-feira, com um movimento de massas que desmoronou o talude da EN 222 e provocou o corte de circula\u00e7\u00e3o. Al\u00e9m disso, houve danos na escola do primeiro ciclo de Valbom, em S\u00e3o Crist\u00f3v\u00e3o de Nogueira, com parte do teto a desprender-se; as aulas decoram condicionadas. O munic\u00edpio de Cinf\u00e3es tem as tr\u00eas estradas nacionais da regi\u00e3o degradadas e j\u00e1 pediu a verifica\u00e7\u00e3o do estado da EN 222; a situa\u00e7\u00e3o ocorre num contexto de avisos amarelos por precipita\u00e7\u00e3o e vento.\" \/>\n<meta property=\"og:url\" content=\"https:\/\/portaltela.pt\/noticias\/2026\/02\/13\/derrocada-em-cinfaes-desalojou-familia-e-bloqueou-duas-estradas\/\" \/>\n<meta property=\"og:site_name\" content=\"Portal Tela Portugal\" \/>\n<meta property=\"article:published_time\" content=\"2026-02-13T12:23:49+00:00\" \/>\n<meta name=\"author\" content=\"Telinha\" \/>\n<meta name=\"twitter:card\" content=\"summary_large_image\" \/>\n<meta name=\"twitter:label1\" content=\"Escrito por\" \/>\n\t<meta name=\"twitter:data1\" content=\"Telinha\" \/>\n\t<meta name=\"twitter:label2\" content=\"Tempo estimado de leitura\" \/>\n\t<meta name=\"twitter:data2\" content=\"2 minutos\" \/>\n<script type=\"application\/ld+json\" class=\"yoast-schema-graph\">{\"@context\":\"https:\/\/schema.org\",\"@graph\":[{\"@type\":\"Article\",\"@id\":\"https:\/\/portaltela.pt\/noticias\/2026\/02\/13\/derrocada-em-cinfaes-desalojou-familia-e-bloqueou-duas-estradas\/#article\",\"isPartOf\":{\"@id\":\"https:\/\/portaltela.pt\/noticias\/2026\/02\/13\/derrocada-em-cinfaes-desalojou-familia-e-bloqueou-duas-estradas\/\"},\"author\":{\"name\":\"Telinha\",\"@id\":\"https:\/\/portaltela.pt\/#\/schema\/person\/c4278d4a6028830caff9ee44b42d32ed\"},\"headline\":\"Derrocada em Cinf\u00e3es desalojou fam\u00edlia e bloqueou duas estradas\",\"datePublished\":\"2026-02-13T12:23:49+00:00\",\"mainEntityOfPage\":{\"@id\":\"https:\/\/portaltela.pt\/noticias\/2026\/02\/13\/derrocada-em-cinfaes-desalojou-familia-e-bloqueou-duas-estradas\/\"},\"wordCount\":324,\"image\":{\"@id\":\"https:\/\/portaltela.pt\/noticias\/2026\/02\/13\/derrocada-em-cinfaes-desalojou-familia-e-bloqueou-duas-estradas\/#primaryimage\"},\"thumbnailUrl\":\"https:\/\/portaltela.pt\/s.01k8rhncp4jt1\/2026\/02\/img_1500x1000uu2026-02-11-15-28-17-2266282-2.jpg\",\"keywords\":[\"aviso amarelo\",\"calamidade p\u00fablica\",\"Cinf\u00e3es\",\"desabamentos\",\"desalojados\",\"estradas\"],\"articleSection\":[\"Not\u00edcias\"],\"inLanguage\":\"pt-PT\"},{\"@type\":\"WebPage\",\"@id\":\"https:\/\/portaltela.pt\/noticias\/2026\/02\/13\/derrocada-em-cinfaes-desalojou-familia-e-bloqueou-duas-estradas\/\",\"url\":\"https:\/\/portaltela.pt\/noticias\/2026\/02\/13\/derrocada-em-cinfaes-desalojou-familia-e-bloqueou-duas-estradas\/\",\"name\":\"Derrocada em Cinf\u00e3es desalojou fam\u00edlia e bloqueou duas estradas - Portal Tela Portugal\",\"isPartOf\":{\"@id\":\"https:\/\/portaltela.pt\/#website\"},\"primaryImageOfPage\":{\"@id\":\"https:\/\/portaltela.pt\/noticias\/2026\/02\/13\/derrocada-em-cinfaes-desalojou-familia-e-bloqueou-duas-estradas\/#primaryimage\"},\"image\":{\"@id\":\"https:\/\/portaltela.pt\/noticias\/2026\/02\/13\/derrocada-em-cinfaes-desalojou-familia-e-bloqueou-duas-estradas\/#primaryimage\"},\"thumbnailUrl\":\"https:\/\/portaltela.pt\/s.01k8rhncp4jt1\/2026\/02\/img_1500x1000uu2026-02-11-15-28-17-2266282-2.jpg\",\"datePublished\":\"2026-02-13T12:23:49+00:00\",\"author\":{\"@id\":\"https:\/\/portaltela.pt\/#\/schema\/person\/c4278d4a6028830caff9ee44b42d32ed\"},\"breadcrumb\":{\"@id\":\"https:\/\/portaltela.pt\/noticias\/2026\/02\/13\/derrocada-em-cinfaes-desalojou-familia-e-bloqueou-duas-estradas\/#breadcrumb\"},\"inLanguage\":\"pt-PT\",\"potentialAction\":[{\"@type\":\"ReadAction\",\"target\":[\"https:\/\/portaltela.pt\/noticias\/2026\/02\/13\/derrocada-em-cinfaes-desalojou-familia-e-bloqueou-duas-estradas\/\"]}]},{\"@type\":\"ImageObject\",\"inLanguage\":\"pt-PT\",\"@id\":\"https:\/\/portaltela.pt\/noticias\/2026\/02\/13\/derrocada-em-cinfaes-desalojou-familia-e-bloqueou-duas-estradas\/#primaryimage\",\"url\":\"https:\/\/portaltela.pt\/s.01k8rhncp4jt1\/2026\/02\/img_1500x1000uu2026-02-11-15-28-17-2266282-2.jpg\",\"contentUrl\":\"https:\/\/portaltela.pt\/s.01k8rhncp4jt1\/2026\/02\/img_1500x1000uu2026-02-11-15-28-17-2266282-2.jpg\",\"width\":796,\"height\":448,\"caption\":\"Prote\u00e7\u00e3o Civil\"},{\"@type\":\"BreadcrumbList\",\"@id\":\"https:\/\/portaltela.pt\/noticias\/2026\/02\/13\/derrocada-em-cinfaes-desalojou-familia-e-bloqueou-duas-estradas\/#breadcrumb\",\"itemListElement\":[{\"@type\":\"ListItem\",\"position\":1,\"name\":\"In\u00edcio\",\"item\":\"https:\/\/portaltela.pt\/\"},{\"@type\":\"ListItem\",\"position\":2,\"name\":\"Derrocada em Cinf\u00e3es desalojou fam\u00edlia e bloqueou duas estradas\"}]},{\"@type\":\"WebSite\",\"@id\":\"https:\/\/portaltela.pt\/#website\",\"url\":\"https:\/\/portaltela.pt\/\",\"name\":\"Portal Tela Portugal\",\"description\":\"\",\"potentialAction\":[{\"@type\":\"SearchAction\",\"target\":{\"@type\":\"EntryPoint\",\"urlTemplate\":\"https:\/\/portaltela.pt\/?s={search_term_string}\"},\"query-input\":{\"@type\":\"PropertyValueSpecification\",\"valueRequired\":true,\"valueName\":\"search_term_string\"}}],\"inLanguage\":\"pt-PT\"},{\"@type\":\"Person\",\"@id\":\"https:\/\/portaltela.pt\/#\/schema\/person\/c4278d4a6028830caff9ee44b42d32ed\",\"name\":\"Telinha\",\"image\":{\"@type\":\"ImageObject\",\"inLanguage\":\"pt-PT\",\"@id\":\"https:\/\/portaltela.pt\/s.01k8rhncp4jt1\/2025\/11\/talking-bot-125x125.png\",\"url\":\"https:\/\/portaltela.pt\/s.01k8rhncp4jt1\/2025\/11\/talking-bot-125x125.png\",\"contentUrl\":\"https:\/\/portaltela.pt\/s.01k8rhncp4jt1\/2025\/11\/talking-bot-125x125.png\",\"caption\":\"Telinha\"},\"sameAs\":[\"https:\/\/portaltela.pt\/\"],\"url\":\"https:\/\/portaltela.pt\/por\/367410592786\/\"}]}<\/script>\n<!-- \/ Yoast SEO plugin. -->","yoast_head_json":{"title":"Derrocada em Cinf\u00e3es desalojou fam\u00edlia e bloqueou duas estradas - Portal Tela Portugal","robots":{"index":"index","follow":"follow","max-snippet":"max-snippet:-1","max-image-preview":"max-image-preview:large","max-video-preview":"max-video-preview:-1"},"og_locale":"pt_PT","og_type":"article","og_title":"Derrocada em Cinf\u00e3es desalojou fam\u00edlia e bloqueou duas estradas - Portal Tela Portugal","og_description":"Uma derrocada a partir da Estrada Nacional 222, em Pias, no concelho de Cinf\u00e3es, condicionou aquela via e levou ao corte da Estrada Municipal 1022, em Souto Rio, entre Pias e Souto Rio. Um casal ficou desalojado; a c\u00e2mara est\u00e1 a organizar uma solu\u00e7\u00e3o de alojamento provis\u00f3rio enquanto se garante a seguran\u00e7a da habita\u00e7\u00e3o. A derrocada ocorreu ao in\u00edcio da manh\u00e3 de sexta-feira, com um movimento de massas que desmoronou o talude da EN 222 e provocou o corte de circula\u00e7\u00e3o. Al\u00e9m disso, houve danos na escola do primeiro ciclo de Valbom, em S\u00e3o Crist\u00f3v\u00e3o de Nogueira, com parte do teto a desprender-se; as aulas decoram condicionadas. O munic\u00edpio de Cinf\u00e3es tem as tr\u00eas estradas nacionais da regi\u00e3o degradadas e j\u00e1 pediu a verifica\u00e7\u00e3o do estado da EN 222; a situa\u00e7\u00e3o ocorre num contexto de avisos amarelos por precipita\u00e7\u00e3o e vento.","og_url":"https:\/\/portaltela.pt\/noticias\/2026\/02\/13\/derrocada-em-cinfaes-desalojou-familia-e-bloqueou-duas-estradas\/","og_site_name":"Portal Tela Portugal","article_published_time":"2026-02-13T12:23:49+00:00","author":"Telinha","twitter_card":"summary_large_image","twitter_misc":{"Escrito por":"Telinha","Tempo estimado de leitura":"2 minutos"},"schema":{"@context":"https:\/\/schema.org","@graph":[{"@type":"Article","@id":"https:\/\/portaltela.pt\/noticias\/2026\/02\/13\/derrocada-em-cinfaes-desalojou-familia-e-bloqueou-duas-estradas\/#article","isPartOf":{"@id":"https:\/\/portaltela.pt\/noticias\/2026\/02\/13\/derrocada-em-cinfaes-desalojou-familia-e-bloqueou-duas-estradas\/"},"author":{"name":"Telinha","@id":"https:\/\/portaltela.pt\/#\/schema\/person\/c4278d4a6028830caff9ee44b42d32ed"},"headline":"Derrocada em Cinf\u00e3es desalojou fam\u00edlia e bloqueou duas estradas","datePublished":"2026-02-13T12:23:49+00:00","mainEntityOfPage":{"@id":"https:\/\/portaltela.pt\/noticias\/2026\/02\/13\/derrocada-em-cinfaes-desalojou-familia-e-bloqueou-duas-estradas\/"},"wordCount":324,"image":{"@id":"https:\/\/portaltela.pt\/noticias\/2026\/02\/13\/derrocada-em-cinfaes-desalojou-familia-e-bloqueou-duas-estradas\/#primaryimage"},"thumbnailUrl":"https:\/\/portaltela.pt\/s.01k8rhncp4jt1\/2026\/02\/img_1500x1000uu2026-02-11-15-28-17-2266282-2.jpg","keywords":["aviso amarelo","calamidade p\u00fablica","Cinf\u00e3es","desabamentos","desalojados","estradas"],"articleSection":["Not\u00edcias"],"inLanguage":"pt-PT"},{"@type":"WebPage","@id":"https:\/\/portaltela.pt\/noticias\/2026\/02\/13\/derrocada-em-cinfaes-desalojou-familia-e-bloqueou-duas-estradas\/","url":"https:\/\/portaltela.pt\/noticias\/2026\/02\/13\/derrocada-em-cinfaes-desalojou-familia-e-bloqueou-duas-estradas\/","name":"Derrocada em Cinf\u00e3es desalojou fam\u00edlia e bloqueou duas estradas - Portal Tela Portugal","isPartOf":{"@id":"https:\/\/portaltela.pt\/#website"},"primaryImageOfPage":{"@id":"https:\/\/portaltela.pt\/noticias\/2026\/02\/13\/derrocada-em-cinfaes-desalojou-familia-e-bloqueou-duas-estradas\/#primaryimage"},"image":{"@id":"https:\/\/portaltela.pt\/noticias\/2026\/02\/13\/derrocada-em-cinfaes-desalojou-familia-e-bloqueou-duas-estradas\/#primaryimage"},"thumbnailUrl":"https:\/\/portaltela.pt\/s.01k8rhncp4jt1\/2026\/02\/img_1500x1000uu2026-02-11-15-28-17-2266282-2.jpg","datePublished":"2026-02-13T12:23:49+00:00","author":{"@id":"https:\/\/portaltela.pt\/#\/schema\/person\/c4278d4a6028830caff9ee44b42d32ed"},"breadcrumb":{"@id":"https:\/\/portaltela.pt\/noticias\/2026\/02\/13\/derrocada-em-cinfaes-desalojou-familia-e-bloqueou-duas-estradas\/#breadcrumb"},"inLanguage":"pt-PT","potentialAction":[{"@type":"ReadAction","target":["https:\/\/portaltela.pt\/noticias\/2026\/02\/13\/derrocada-em-cinfaes-desalojou-familia-e-bloqueou-duas-estradas\/"]}]},{"@type":"ImageObject","inLanguage":"pt-PT","@id":"https:\/\/portaltela.pt\/noticias\/2026\/02\/13\/derrocada-em-cinfaes-desalojou-familia-e-bloqueou-duas-estradas\/#primaryimage","url":"https:\/\/portaltela.pt\/s.01k8rhncp4jt1\/2026\/02\/img_1500x1000uu2026-02-11-15-28-17-2266282-2.jpg","contentUrl":"https:\/\/portaltela.pt\/s.01k8rhncp4jt1\/2026\/02\/img_1500x1000uu2026-02-11-15-28-17-2266282-2.jpg","width":796,"height":448,"caption":"Prote\u00e7\u00e3o Civil"},{"@type":"BreadcrumbList","@id":"https:\/\/portaltela.pt\/noticias\/2026\/02\/13\/derrocada-em-cinfaes-desalojou-familia-e-bloqueou-duas-estradas\/#breadcrumb","itemListElement":[{"@type":"ListItem","position":1,"name":"In\u00edcio","item":"https:\/\/portaltela.pt\/"},{"@type":"ListItem","position":2,"name":"Derrocada em Cinf\u00e3es desalojou fam\u00edlia e bloqueou duas estradas"}]},{"@type":"WebSite","@id":"https:\/\/portaltela.pt\/#website","url":"https:\/\/portaltela.pt\/","name":"Portal Tela Portugal","description":"","potentialAction":[{"@type":"SearchAction","target":{"@type":"EntryPoint","urlTemplate":"https:\/\/portaltela.pt\/?s={search_term_string}"},"query-input":{"@type":"PropertyValueSpecification","valueRequired":true,"valueName":"search_term_string"}}],"inLanguage":"pt-PT"},{"@type":"Person","@id":"https:\/\/portaltela.pt\/#\/schema\/person\/c4278d4a6028830caff9ee44b42d32ed","name":"Telinha","image":{"@type":"ImageObject","inLanguage":"pt-PT","@id":"https:\/\/portaltela.pt\/s.01k8rhncp4jt1\/2025\/11\/talking-bot-125x125.png","url":"https:\/\/portaltela.pt\/s.01k8rhncp4jt1\/2025\/11\/talking-bot-125x125.png","contentUrl":"https:\/\/portaltela.pt\/s.01k8rhncp4jt1\/2025\/11\/talking-bot-125x125.png","caption":"Telinha"},"sameAs":["https:\/\/portaltela.pt\/"],"url":"https:\/\/portaltela.pt\/por\/367410592786\/"}]}},"_links":{"self":[{"href":"https:\/\/portaltela.pt\/api\/wp\/v2\/posts\/210823","targetHints":{"allow":["GET"]}}],"collection":[{"href":"https:\/\/portaltela.pt\/api\/wp\/v2\/posts"}],"about":[{"href":"https:\/\/portaltela.pt\/api\/wp\/v2\/types\/post"}],"author":[{"embeddable":true,"href":"https:\/\/portaltela.pt\/api\/wp\/v2\/users\/2"}],"replies":[{"embeddable":true,"href":"https:\/\/portaltela.pt\/api\/wp\/v2\/comments?post=210823"}],"version-history":[{"count":0,"href":"https:\/\/portaltela.pt\/api\/wp\/v2\/posts\/210823\/revisions"}],"wp:featuredmedia":[{"embeddable":true,"href":"https:\/\/portaltela.pt\/api\/wp\/v2\/media\/210825"}],"wp:attachment":[{"href":"https:\/\/portaltela.pt\/api\/wp\/v2\/media?parent=210823"}],"wp:term":[{"taxonomy":"category","embeddable":true,"href":"https:\/\/portaltela.pt\/api\/wp\/v2\/categories?post=210823"},{"taxonomy":"post_tag","embeddable":true,"href":"https:\/\/portaltela.pt\/api\/wp\/v2\/tags?post=210823"}],"curies":[{"name":"wp","href":"https:\/\/api.w.org\/{rel}","templated":true}]}}