{"id":210810,"date":"2026-02-13T09:17:00","date_gmt":"2026-02-13T12:17:00","guid":{"rendered":"https:\/\/portaltela.pt\/noticias\/2026\/02\/13\/aliados-anunciam-pacote-de-ajuda-militar-de-35-mil-milhoes-de-dolares-a-ucrania\/"},"modified":"2026-02-13T09:17:00","modified_gmt":"2026-02-13T12:17:00","slug":"aliados-anunciam-pacote-de-ajuda-militar-de-35-mil-milhoes-de-dolares-a-ucrania","status":"publish","type":"post","link":"https:\/\/portaltela.pt\/noticias\/2026\/02\/13\/aliados-anunciam-pacote-de-ajuda-militar-de-35-mil-milhoes-de-dolares-a-ucrania\/","title":{"rendered":"Aliados anunciam pacote de ajuda militar de 35 mil milh\u00f5es de d\u00f3lares \u00e0 Ucr\u00e2nia"},"content":{"rendered":"<p>O grupo de aliados da NATO anunciou um pacote de ajuda militar no valor de 35 mil milh\u00f5es de d\u00f3lares \u00e0 Ucr\u00e2nia. O an\u00fancio foi feito ap\u00f3s a reuni\u00e3o dos ministros da Defesa em Bruxelas, realizada na quinta-feira.<\/p>\n<p>Entre os pa\u00edses envolvidos est\u00e3o a Alemanha e o Reino Unido. O ministro da Defesa brit\u00e2nico, John Healey, declarou que o pacote visa salvar vidas e pressionar por um acordo de paz por meio de uma a\u00e7\u00e3o conjunta.<\/p>\n<p>O secret\u00e1rio-geral da NATO, Mark Rutte, destacou a import\u00e2ncia de uma presen\u00e7a europeia mais robusta na alian\u00e7a para a seguran\u00e7a dos Estados Unidos, sublinhando o aumento de gastos na regi\u00e3o para prote\u00e7\u00e3o comum.<\/p>\n<h3>Arctic Sentry: nova miss\u00e3o da NATO no Extremo Norte<\/h3>\n<p>Na mesma linha de refor\u00e7o da defesa, a NATO lan\u00e7ou, na quarta-feira, a miss\u00e3o Arctic Sentry. O objetivo \u00e9 coordenar as atividades de 32 aliados no Extremo Norte dentro de uma estrat\u00e9gia operacional abrangente.<\/p>\n","protected":false},"excerpt":{"rendered":"<ul>\n<li>V\u00e1rios aliados da NATO, incluindo a Alemanha e o Reino Unido, anunciaram um pacote de ajuda militar de 35 mil milh\u00f5es de d\u00f3lares para a Ucr\u00e2nia, ap\u00f3s a reuni\u00e3o dos ministros da Defesa em Bruxelas na quinta-feira.<\/li>\n<li>O ministro da Defesa do Reino Unido, John Healey, afirmou que, em conjunto, \u00e9 poss\u00edvel conceder 35 mil milh\u00f5es de d\u00f3lares em nova ajuda militar \u00e0 Ucr\u00e2nia.<\/li>\n<li>O secret\u00e1rio-geral da NATO, Mark Rutte, descreveu a reuni\u00e3o como crucial, destacando a necessidade de uma presen\u00e7a europeia mais forte dentro da alian\u00e7a.<\/li>\n<li>A NATO lan\u00e7ou a miss\u00e3o Arctic Sentry, para refor\u00e7ar a seguran\u00e7a no Extremo Norte e coordenar as atividades de 32 aliados na regi\u00e3o.<\/li>\n<li>A miss\u00e3o Arctic Sentry faz parte de uma estrat\u00e9gia operacional mais ampla para a seguran\u00e7a europeia e a presen\u00e7a aliada no \u00c1rtico.<\/li>\n<\/ul>\n","protected":false},"author":2,"featured_media":210816,"comment_status":"closed","ping_status":"closed","sticky":false,"template":"","format":"standard","meta":{"footnotes":""},"categories":[1],"tags":[1603,5867,3161,1779,2111,2134],"class_list":["post-210810","post","type-post","status-publish","format-standard","has-post-thumbnail","hentry","category-noticias","tag-alemanha","tag-arctic-sentry","tag-bruxelas","tag-forcas-armadas","tag-reino-unido","tag-ucrania"],"yoast_head":"<!-- This site is optimized with the Yoast SEO plugin v27.2 - https:\/\/yoast.com\/product\/yoast-seo-wordpress\/ -->\n<title>Aliados anunciam pacote de ajuda militar de 35 mil milh\u00f5es de d\u00f3lares \u00e0 Ucr\u00e2nia - Portal Tela Portugal<\/title>\n<meta name=\"robots\" content=\"index, follow, max-snippet:-1, max-image-preview:large, max-video-preview:-1\" \/>\n<meta property=\"og:locale\" content=\"pt_PT\" \/>\n<meta property=\"og:type\" content=\"article\" \/>\n<meta property=\"og:title\" content=\"Aliados anunciam pacote de ajuda militar de 35 mil milh\u00f5es de d\u00f3lares \u00e0 Ucr\u00e2nia - Portal Tela Portugal\" \/>\n<meta property=\"og:description\" content=\"V\u00e1rios aliados da NATO, incluindo a Alemanha e o Reino Unido, anunciaram um pacote de ajuda militar de 35 mil milh\u00f5es de d\u00f3lares para a Ucr\u00e2nia, ap\u00f3s a reuni\u00e3o dos ministros da Defesa em Bruxelas na quinta-feira. O ministro da Defesa do Reino Unido, John Healey, afirmou que, em conjunto, \u00e9 poss\u00edvel conceder 35 mil milh\u00f5es de d\u00f3lares em nova ajuda militar \u00e0 Ucr\u00e2nia. O secret\u00e1rio-geral da NATO, Mark Rutte, descreveu a reuni\u00e3o como crucial, destacando a necessidade de uma presen\u00e7a europeia mais forte dentro da alian\u00e7a. A NATO lan\u00e7ou a miss\u00e3o Arctic Sentry, para refor\u00e7ar a seguran\u00e7a no Extremo Norte e coordenar as atividades de 32 aliados na regi\u00e3o. A miss\u00e3o Arctic Sentry faz parte de uma estrat\u00e9gia operacional mais ampla para a seguran\u00e7a europeia e a presen\u00e7a aliada no \u00c1rtico.\" \/>\n<meta property=\"og:url\" content=\"https:\/\/portaltela.pt\/noticias\/2026\/02\/13\/aliados-anunciam-pacote-de-ajuda-militar-de-35-mil-milhoes-de-dolares-a-ucrania\/\" \/>\n<meta property=\"og:site_name\" content=\"Portal Tela Portugal\" \/>\n<meta property=\"article:published_time\" content=\"2026-02-13T12:17:00+00:00\" \/>\n<meta name=\"author\" content=\"Telinha\" \/>\n<meta name=\"twitter:card\" content=\"summary_large_image\" \/>\n<meta name=\"twitter:label1\" content=\"Escrito por\" \/>\n\t<meta name=\"twitter:data1\" content=\"Telinha\" \/>\n\t<meta name=\"twitter:label2\" content=\"Tempo estimado de leitura\" \/>\n\t<meta name=\"twitter:data2\" content=\"1 minuto\" \/>\n<script type=\"application\/ld+json\" class=\"yoast-schema-graph\">{\"@context\":\"https:\/\/schema.org\",\"@graph\":[{\"@type\":\"Article\",\"@id\":\"https:\/\/portaltela.pt\/noticias\/2026\/02\/13\/aliados-anunciam-pacote-de-ajuda-militar-de-35-mil-milhoes-de-dolares-a-ucrania\/#article\",\"isPartOf\":{\"@id\":\"https:\/\/portaltela.pt\/noticias\/2026\/02\/13\/aliados-anunciam-pacote-de-ajuda-militar-de-35-mil-milhoes-de-dolares-a-ucrania\/\"},\"author\":{\"name\":\"Telinha\",\"@id\":\"https:\/\/portaltela.pt\/#\/schema\/person\/c4278d4a6028830caff9ee44b42d32ed\"},\"headline\":\"Aliados anunciam pacote de ajuda militar de 35 mil milh\u00f5es de d\u00f3lares \u00e0 Ucr\u00e2nia\",\"datePublished\":\"2026-02-13T12:17:00+00:00\",\"mainEntityOfPage\":{\"@id\":\"https:\/\/portaltela.pt\/noticias\/2026\/02\/13\/aliados-anunciam-pacote-de-ajuda-militar-de-35-mil-milhoes-de-dolares-a-ucrania\/\"},\"wordCount\":185,\"image\":{\"@id\":\"https:\/\/portaltela.pt\/noticias\/2026\/02\/13\/aliados-anunciam-pacote-de-ajuda-militar-de-35-mil-milhoes-de-dolares-a-ucrania\/#primaryimage\"},\"thumbnailUrl\":\"https:\/\/portaltela.pt\/s.01k8rhncp4jt1\/2026\/02\/1536x864_cmsv2_1d1cd08e-a914-5fb9-836a-a9d031dd209e-9649923.jpg\",\"keywords\":[\"Alemanha\",\"Arctic Sentry\",\"Bruxelas\",\"For\u00e7as Armadas\",\"Reino Unido\",\"Ucr\u00e2nia\"],\"articleSection\":[\"Not\u00edcias\"],\"inLanguage\":\"pt-PT\"},{\"@type\":\"WebPage\",\"@id\":\"https:\/\/portaltela.pt\/noticias\/2026\/02\/13\/aliados-anunciam-pacote-de-ajuda-militar-de-35-mil-milhoes-de-dolares-a-ucrania\/\",\"url\":\"https:\/\/portaltela.pt\/noticias\/2026\/02\/13\/aliados-anunciam-pacote-de-ajuda-militar-de-35-mil-milhoes-de-dolares-a-ucrania\/\",\"name\":\"Aliados anunciam pacote de ajuda militar de 35 mil milh\u00f5es de d\u00f3lares \u00e0 Ucr\u00e2nia - Portal Tela Portugal\",\"isPartOf\":{\"@id\":\"https:\/\/portaltela.pt\/#website\"},\"primaryImageOfPage\":{\"@id\":\"https:\/\/portaltela.pt\/noticias\/2026\/02\/13\/aliados-anunciam-pacote-de-ajuda-militar-de-35-mil-milhoes-de-dolares-a-ucrania\/#primaryimage\"},\"image\":{\"@id\":\"https:\/\/portaltela.pt\/noticias\/2026\/02\/13\/aliados-anunciam-pacote-de-ajuda-militar-de-35-mil-milhoes-de-dolares-a-ucrania\/#primaryimage\"},\"thumbnailUrl\":\"https:\/\/portaltela.pt\/s.01k8rhncp4jt1\/2026\/02\/1536x864_cmsv2_1d1cd08e-a914-5fb9-836a-a9d031dd209e-9649923.jpg\",\"datePublished\":\"2026-02-13T12:17:00+00:00\",\"author\":{\"@id\":\"https:\/\/portaltela.pt\/#\/schema\/person\/c4278d4a6028830caff9ee44b42d32ed\"},\"breadcrumb\":{\"@id\":\"https:\/\/portaltela.pt\/noticias\/2026\/02\/13\/aliados-anunciam-pacote-de-ajuda-militar-de-35-mil-milhoes-de-dolares-a-ucrania\/#breadcrumb\"},\"inLanguage\":\"pt-PT\",\"potentialAction\":[{\"@type\":\"ReadAction\",\"target\":[\"https:\/\/portaltela.pt\/noticias\/2026\/02\/13\/aliados-anunciam-pacote-de-ajuda-militar-de-35-mil-milhoes-de-dolares-a-ucrania\/\"]}]},{\"@type\":\"ImageObject\",\"inLanguage\":\"pt-PT\",\"@id\":\"https:\/\/portaltela.pt\/noticias\/2026\/02\/13\/aliados-anunciam-pacote-de-ajuda-militar-de-35-mil-milhoes-de-dolares-a-ucrania\/#primaryimage\",\"url\":\"https:\/\/portaltela.pt\/s.01k8rhncp4jt1\/2026\/02\/1536x864_cmsv2_1d1cd08e-a914-5fb9-836a-a9d031dd209e-9649923.jpg\",\"contentUrl\":\"https:\/\/portaltela.pt\/s.01k8rhncp4jt1\/2026\/02\/1536x864_cmsv2_1d1cd08e-a914-5fb9-836a-a9d031dd209e-9649923.jpg\",\"width\":796,\"height\":448,\"caption\":\"Aliados anunciam pacote de ajuda militar de 35 mil milh\u00f5es de d\u00f3lares \u00e0 Ucr\u00e2nia\"},{\"@type\":\"BreadcrumbList\",\"@id\":\"https:\/\/portaltela.pt\/noticias\/2026\/02\/13\/aliados-anunciam-pacote-de-ajuda-militar-de-35-mil-milhoes-de-dolares-a-ucrania\/#breadcrumb\",\"itemListElement\":[{\"@type\":\"ListItem\",\"position\":1,\"name\":\"In\u00edcio\",\"item\":\"https:\/\/portaltela.pt\/\"},{\"@type\":\"ListItem\",\"position\":2,\"name\":\"Aliados anunciam pacote de ajuda militar de 35 mil milh\u00f5es de d\u00f3lares \u00e0 Ucr\u00e2nia\"}]},{\"@type\":\"WebSite\",\"@id\":\"https:\/\/portaltela.pt\/#website\",\"url\":\"https:\/\/portaltela.pt\/\",\"name\":\"Portal Tela Portugal\",\"description\":\"\",\"potentialAction\":[{\"@type\":\"SearchAction\",\"target\":{\"@type\":\"EntryPoint\",\"urlTemplate\":\"https:\/\/portaltela.pt\/?s={search_term_string}\"},\"query-input\":{\"@type\":\"PropertyValueSpecification\",\"valueRequired\":true,\"valueName\":\"search_term_string\"}}],\"inLanguage\":\"pt-PT\"},{\"@type\":\"Person\",\"@id\":\"https:\/\/portaltela.pt\/#\/schema\/person\/c4278d4a6028830caff9ee44b42d32ed\",\"name\":\"Telinha\",\"image\":{\"@type\":\"ImageObject\",\"inLanguage\":\"pt-PT\",\"@id\":\"https:\/\/portaltela.pt\/s.01k8rhncp4jt1\/2025\/11\/talking-bot-125x125.png\",\"url\":\"https:\/\/portaltela.pt\/s.01k8rhncp4jt1\/2025\/11\/talking-bot-125x125.png\",\"contentUrl\":\"https:\/\/portaltela.pt\/s.01k8rhncp4jt1\/2025\/11\/talking-bot-125x125.png\",\"caption\":\"Telinha\"},\"sameAs\":[\"https:\/\/portaltela.pt\/\"],\"url\":\"https:\/\/portaltela.pt\/por\/367410592786\/\"}]}<\/script>\n<!-- \/ Yoast SEO plugin. -->","yoast_head_json":{"title":"Aliados anunciam pacote de ajuda militar de 35 mil milh\u00f5es de d\u00f3lares \u00e0 Ucr\u00e2nia - Portal Tela Portugal","robots":{"index":"index","follow":"follow","max-snippet":"max-snippet:-1","max-image-preview":"max-image-preview:large","max-video-preview":"max-video-preview:-1"},"og_locale":"pt_PT","og_type":"article","og_title":"Aliados anunciam pacote de ajuda militar de 35 mil milh\u00f5es de d\u00f3lares \u00e0 Ucr\u00e2nia - Portal Tela Portugal","og_description":"V\u00e1rios aliados da NATO, incluindo a Alemanha e o Reino Unido, anunciaram um pacote de ajuda militar de 35 mil milh\u00f5es de d\u00f3lares para a Ucr\u00e2nia, ap\u00f3s a reuni\u00e3o dos ministros da Defesa em Bruxelas na quinta-feira. O ministro da Defesa do Reino Unido, John Healey, afirmou que, em conjunto, \u00e9 poss\u00edvel conceder 35 mil milh\u00f5es de d\u00f3lares em nova ajuda militar \u00e0 Ucr\u00e2nia. O secret\u00e1rio-geral da NATO, Mark Rutte, descreveu a reuni\u00e3o como crucial, destacando a necessidade de uma presen\u00e7a europeia mais forte dentro da alian\u00e7a. A NATO lan\u00e7ou a miss\u00e3o Arctic Sentry, para refor\u00e7ar a seguran\u00e7a no Extremo Norte e coordenar as atividades de 32 aliados na regi\u00e3o. A miss\u00e3o Arctic Sentry faz parte de uma estrat\u00e9gia operacional mais ampla para a seguran\u00e7a europeia e a presen\u00e7a aliada no \u00c1rtico.","og_url":"https:\/\/portaltela.pt\/noticias\/2026\/02\/13\/aliados-anunciam-pacote-de-ajuda-militar-de-35-mil-milhoes-de-dolares-a-ucrania\/","og_site_name":"Portal Tela Portugal","article_published_time":"2026-02-13T12:17:00+00:00","author":"Telinha","twitter_card":"summary_large_image","twitter_misc":{"Escrito por":"Telinha","Tempo estimado de leitura":"1 minuto"},"schema":{"@context":"https:\/\/schema.org","@graph":[{"@type":"Article","@id":"https:\/\/portaltela.pt\/noticias\/2026\/02\/13\/aliados-anunciam-pacote-de-ajuda-militar-de-35-mil-milhoes-de-dolares-a-ucrania\/#article","isPartOf":{"@id":"https:\/\/portaltela.pt\/noticias\/2026\/02\/13\/aliados-anunciam-pacote-de-ajuda-militar-de-35-mil-milhoes-de-dolares-a-ucrania\/"},"author":{"name":"Telinha","@id":"https:\/\/portaltela.pt\/#\/schema\/person\/c4278d4a6028830caff9ee44b42d32ed"},"headline":"Aliados anunciam pacote de ajuda militar de 35 mil milh\u00f5es de d\u00f3lares \u00e0 Ucr\u00e2nia","datePublished":"2026-02-13T12:17:00+00:00","mainEntityOfPage":{"@id":"https:\/\/portaltela.pt\/noticias\/2026\/02\/13\/aliados-anunciam-pacote-de-ajuda-militar-de-35-mil-milhoes-de-dolares-a-ucrania\/"},"wordCount":185,"image":{"@id":"https:\/\/portaltela.pt\/noticias\/2026\/02\/13\/aliados-anunciam-pacote-de-ajuda-militar-de-35-mil-milhoes-de-dolares-a-ucrania\/#primaryimage"},"thumbnailUrl":"https:\/\/portaltela.pt\/s.01k8rhncp4jt1\/2026\/02\/1536x864_cmsv2_1d1cd08e-a914-5fb9-836a-a9d031dd209e-9649923.jpg","keywords":["Alemanha","Arctic Sentry","Bruxelas","For\u00e7as Armadas","Reino Unido","Ucr\u00e2nia"],"articleSection":["Not\u00edcias"],"inLanguage":"pt-PT"},{"@type":"WebPage","@id":"https:\/\/portaltela.pt\/noticias\/2026\/02\/13\/aliados-anunciam-pacote-de-ajuda-militar-de-35-mil-milhoes-de-dolares-a-ucrania\/","url":"https:\/\/portaltela.pt\/noticias\/2026\/02\/13\/aliados-anunciam-pacote-de-ajuda-militar-de-35-mil-milhoes-de-dolares-a-ucrania\/","name":"Aliados anunciam pacote de ajuda militar de 35 mil milh\u00f5es de d\u00f3lares \u00e0 Ucr\u00e2nia - Portal Tela Portugal","isPartOf":{"@id":"https:\/\/portaltela.pt\/#website"},"primaryImageOfPage":{"@id":"https:\/\/portaltela.pt\/noticias\/2026\/02\/13\/aliados-anunciam-pacote-de-ajuda-militar-de-35-mil-milhoes-de-dolares-a-ucrania\/#primaryimage"},"image":{"@id":"https:\/\/portaltela.pt\/noticias\/2026\/02\/13\/aliados-anunciam-pacote-de-ajuda-militar-de-35-mil-milhoes-de-dolares-a-ucrania\/#primaryimage"},"thumbnailUrl":"https:\/\/portaltela.pt\/s.01k8rhncp4jt1\/2026\/02\/1536x864_cmsv2_1d1cd08e-a914-5fb9-836a-a9d031dd209e-9649923.jpg","datePublished":"2026-02-13T12:17:00+00:00","author":{"@id":"https:\/\/portaltela.pt\/#\/schema\/person\/c4278d4a6028830caff9ee44b42d32ed"},"breadcrumb":{"@id":"https:\/\/portaltela.pt\/noticias\/2026\/02\/13\/aliados-anunciam-pacote-de-ajuda-militar-de-35-mil-milhoes-de-dolares-a-ucrania\/#breadcrumb"},"inLanguage":"pt-PT","potentialAction":[{"@type":"ReadAction","target":["https:\/\/portaltela.pt\/noticias\/2026\/02\/13\/aliados-anunciam-pacote-de-ajuda-militar-de-35-mil-milhoes-de-dolares-a-ucrania\/"]}]},{"@type":"ImageObject","inLanguage":"pt-PT","@id":"https:\/\/portaltela.pt\/noticias\/2026\/02\/13\/aliados-anunciam-pacote-de-ajuda-militar-de-35-mil-milhoes-de-dolares-a-ucrania\/#primaryimage","url":"https:\/\/portaltela.pt\/s.01k8rhncp4jt1\/2026\/02\/1536x864_cmsv2_1d1cd08e-a914-5fb9-836a-a9d031dd209e-9649923.jpg","contentUrl":"https:\/\/portaltela.pt\/s.01k8rhncp4jt1\/2026\/02\/1536x864_cmsv2_1d1cd08e-a914-5fb9-836a-a9d031dd209e-9649923.jpg","width":796,"height":448,"caption":"Aliados anunciam pacote de ajuda militar de 35 mil milh\u00f5es de d\u00f3lares \u00e0 Ucr\u00e2nia"},{"@type":"BreadcrumbList","@id":"https:\/\/portaltela.pt\/noticias\/2026\/02\/13\/aliados-anunciam-pacote-de-ajuda-militar-de-35-mil-milhoes-de-dolares-a-ucrania\/#breadcrumb","itemListElement":[{"@type":"ListItem","position":1,"name":"In\u00edcio","item":"https:\/\/portaltela.pt\/"},{"@type":"ListItem","position":2,"name":"Aliados anunciam pacote de ajuda militar de 35 mil milh\u00f5es de d\u00f3lares \u00e0 Ucr\u00e2nia"}]},{"@type":"WebSite","@id":"https:\/\/portaltela.pt\/#website","url":"https:\/\/portaltela.pt\/","name":"Portal Tela Portugal","description":"","potentialAction":[{"@type":"SearchAction","target":{"@type":"EntryPoint","urlTemplate":"https:\/\/portaltela.pt\/?s={search_term_string}"},"query-input":{"@type":"PropertyValueSpecification","valueRequired":true,"valueName":"search_term_string"}}],"inLanguage":"pt-PT"},{"@type":"Person","@id":"https:\/\/portaltela.pt\/#\/schema\/person\/c4278d4a6028830caff9ee44b42d32ed","name":"Telinha","image":{"@type":"ImageObject","inLanguage":"pt-PT","@id":"https:\/\/portaltela.pt\/s.01k8rhncp4jt1\/2025\/11\/talking-bot-125x125.png","url":"https:\/\/portaltela.pt\/s.01k8rhncp4jt1\/2025\/11\/talking-bot-125x125.png","contentUrl":"https:\/\/portaltela.pt\/s.01k8rhncp4jt1\/2025\/11\/talking-bot-125x125.png","caption":"Telinha"},"sameAs":["https:\/\/portaltela.pt\/"],"url":"https:\/\/portaltela.pt\/por\/367410592786\/"}]}},"_links":{"self":[{"href":"https:\/\/portaltela.pt\/api\/wp\/v2\/posts\/210810","targetHints":{"allow":["GET"]}}],"collection":[{"href":"https:\/\/portaltela.pt\/api\/wp\/v2\/posts"}],"about":[{"href":"https:\/\/portaltela.pt\/api\/wp\/v2\/types\/post"}],"author":[{"embeddable":true,"href":"https:\/\/portaltela.pt\/api\/wp\/v2\/users\/2"}],"replies":[{"embeddable":true,"href":"https:\/\/portaltela.pt\/api\/wp\/v2\/comments?post=210810"}],"version-history":[{"count":0,"href":"https:\/\/portaltela.pt\/api\/wp\/v2\/posts\/210810\/revisions"}],"wp:featuredmedia":[{"embeddable":true,"href":"https:\/\/portaltela.pt\/api\/wp\/v2\/media\/210816"}],"wp:attachment":[{"href":"https:\/\/portaltela.pt\/api\/wp\/v2\/media?parent=210810"}],"wp:term":[{"taxonomy":"category","embeddable":true,"href":"https:\/\/portaltela.pt\/api\/wp\/v2\/categories?post=210810"},{"taxonomy":"post_tag","embeddable":true,"href":"https:\/\/portaltela.pt\/api\/wp\/v2\/tags?post=210810"}],"curies":[{"name":"wp","href":"https:\/\/api.w.org\/{rel}","templated":true}]}}