{"id":210778,"date":"2026-02-13T08:55:00","date_gmt":"2026-02-13T11:55:00","guid":{"rendered":"https:\/\/portaltela.pt\/noticias\/2026\/02\/13\/kika-veselko-em-casa-nos-jogos-olimpicos-mira-qualificacao-e-medalha\/"},"modified":"2026-02-13T08:55:00","modified_gmt":"2026-02-13T11:55:00","slug":"kika-veselko-em-casa-nos-jogos-olimpicos-mira-qualificacao-e-medalha","status":"publish","type":"post","link":"https:\/\/portaltela.pt\/desporto\/2026\/02\/13\/kika-veselko-em-casa-nos-jogos-olimpicos-mira-qualificacao-e-medalha\/","title":{"rendered":"Kika Veselko em casa nos Jogos Ol\u00edmpicos mira qualifica\u00e7\u00e3o e medalha"},"content":{"rendered":"<p>Francisca Veselko, 22 anos, de Carcavelos, aproxima-se da estreia na elite do surf mundial. Depois de vencer o Mundial j\u00fanior em 2023, a atleta portuguesa prepara-se para competir entre as melhores do planeta.<\/p>\n<p>A jovem atleta garante estar pronta para enfrentar as surfistas de topo e afirma que o objetivo \u00e9 evoluir no circuito e consolidar o seu lugar entre as melhores do mundo.<\/p>\n<p>Aos 22 anos, Veselko aponta metas ambiciosas para a carreira, incluindo a qualifica\u00e7\u00e3o para eventos globais e a obten\u00e7\u00e3o de uma medalha no escal\u00e3o principal. O foco est\u00e1 na progression e na afirma\u00e7\u00e3o da miss\u00e3o desportiva.<\/p>\n<h3>Percurso e contexto<\/h3>\n<p>Nascida em Carcavelos, Veselko destacou-se no panorama mundial ao vencer o Mundial j\u00fanior, em 2023, abrindo caminho para a transi\u00e7\u00e3o \u00e0 competi\u00e7\u00e3o s\u00e9nior. A atleta tem sido acompanhada pela comunidade local e pela federa\u00e7\u00e3o, que destacam a sua consist\u00eancia e potencial t\u00e9cnico.<\/p>\n<p>O hist\u00f3rico recente no surf feminino em Portugal mostra crescente presen\u00e7a de jovens promissoras, com Veselko entre as esperan\u00e7as de continuidade do sucesso nacional a grande escala. A pr\u00f3xima temporada ser\u00e1 decisiva para confirmar o salto \u00e0 elite.<\/p>\n","protected":false},"excerpt":{"rendered":"<ul>\n<li>Francisca (Kika) Veselko, 22 anos, prepara-se para estrear-se na elite do surf mundial.<\/li>\n<li>A atleta de Carcavelos integra o grupo que compete entre as melhores do planeta.<\/li>\n<li>Foi campe\u00e3 do Mundo j\u00fanior em 2023.<\/li>\n<li>A participa\u00e7\u00e3o nos Jogos Ol\u00edmpicos em casa \u00e9 um objetivo destacado.<\/li>\n<li>Garante estar preparada para qualificar-se e lutar por uma medalha.<\/li>\n<\/ul>\n","protected":false},"author":2,"featured_media":210780,"comment_status":"closed","ping_status":"closed","sticky":false,"template":"","format":"standard","meta":{"footnotes":""},"categories":[21],"tags":[252,2652,152,634,84,1014],"class_list":["post-210778","post","type-post","status-publish","format-standard","has-post-thumbnail","hentry","category-desporto","tag-atletas","tag-carcavelos","tag-desporto","tag-desporto-feminino","tag-olimpiadas","tag-portugal"],"yoast_head":"<!-- This site is optimized with the Yoast SEO plugin v27.2 - https:\/\/yoast.com\/product\/yoast-seo-wordpress\/ -->\n<title>Kika Veselko em casa nos Jogos Ol\u00edmpicos mira qualifica\u00e7\u00e3o e medalha - Portal Tela Portugal<\/title>\n<meta name=\"robots\" content=\"index, follow, max-snippet:-1, max-image-preview:large, max-video-preview:-1\" \/>\n<meta property=\"og:locale\" content=\"pt_PT\" \/>\n<meta property=\"og:type\" content=\"article\" \/>\n<meta property=\"og:title\" content=\"Kika Veselko em casa nos Jogos Ol\u00edmpicos mira qualifica\u00e7\u00e3o e medalha - Portal Tela Portugal\" \/>\n<meta property=\"og:description\" content=\"Francisca (Kika) Veselko, 22 anos, prepara-se para estrear-se na elite do surf mundial. A atleta de Carcavelos integra o grupo que compete entre as melhores do planeta. Foi campe\u00e3 do Mundo j\u00fanior em 2023. A participa\u00e7\u00e3o nos Jogos Ol\u00edmpicos em casa \u00e9 um objetivo destacado. Garante estar preparada para qualificar-se e lutar por uma medalha.\" \/>\n<meta property=\"og:url\" content=\"https:\/\/portaltela.pt\/noticias\/2026\/02\/13\/kika-veselko-em-casa-nos-jogos-olimpicos-mira-qualificacao-e-medalha\/\" \/>\n<meta property=\"og:site_name\" content=\"Portal Tela Portugal\" \/>\n<meta property=\"article:published_time\" content=\"2026-02-13T11:55:00+00:00\" \/>\n<meta name=\"author\" content=\"Telinha\" \/>\n<meta name=\"twitter:card\" content=\"summary_large_image\" \/>\n<meta name=\"twitter:label1\" content=\"Escrito por\" \/>\n\t<meta name=\"twitter:data1\" content=\"Telinha\" \/>\n\t<meta name=\"twitter:label2\" content=\"Tempo estimado de leitura\" \/>\n\t<meta name=\"twitter:data2\" content=\"1 minuto\" \/>\n<script type=\"application\/ld+json\" class=\"yoast-schema-graph\">{\"@context\":\"https:\/\/schema.org\",\"@graph\":[{\"@type\":\"Article\",\"@id\":\"https:\/\/portaltela.pt\/noticias\/2026\/02\/13\/kika-veselko-em-casa-nos-jogos-olimpicos-mira-qualificacao-e-medalha\/#article\",\"isPartOf\":{\"@id\":\"https:\/\/portaltela.pt\/noticias\/2026\/02\/13\/kika-veselko-em-casa-nos-jogos-olimpicos-mira-qualificacao-e-medalha\/\"},\"author\":{\"name\":\"Telinha\",\"@id\":\"https:\/\/portaltela.pt\/#\/schema\/person\/c4278d4a6028830caff9ee44b42d32ed\"},\"headline\":\"Kika Veselko em casa nos Jogos Ol\u00edmpicos mira qualifica\u00e7\u00e3o e medalha\",\"datePublished\":\"2026-02-13T11:55:00+00:00\",\"mainEntityOfPage\":{\"@id\":\"https:\/\/portaltela.pt\/noticias\/2026\/02\/13\/kika-veselko-em-casa-nos-jogos-olimpicos-mira-qualificacao-e-medalha\/\"},\"wordCount\":206,\"image\":{\"@id\":\"https:\/\/portaltela.pt\/noticias\/2026\/02\/13\/kika-veselko-em-casa-nos-jogos-olimpicos-mira-qualificacao-e-medalha\/#primaryimage\"},\"thumbnailUrl\":\"https:\/\/portaltela.pt\/s.01k8rhncp4jt1\/2026\/02\/img_1200x721uu2026-02-12-17-18-48-2421179.jpg\",\"keywords\":[\"atletas\",\"Carcavelos\",\"desporto\",\"desporto feminino\",\"olimp\u00edadas\",\"Portugal\"],\"articleSection\":[\"Desporto\"],\"inLanguage\":\"pt-PT\"},{\"@type\":\"WebPage\",\"@id\":\"https:\/\/portaltela.pt\/noticias\/2026\/02\/13\/kika-veselko-em-casa-nos-jogos-olimpicos-mira-qualificacao-e-medalha\/\",\"url\":\"https:\/\/portaltela.pt\/noticias\/2026\/02\/13\/kika-veselko-em-casa-nos-jogos-olimpicos-mira-qualificacao-e-medalha\/\",\"name\":\"Kika Veselko em casa nos Jogos Ol\u00edmpicos mira qualifica\u00e7\u00e3o e medalha - Portal Tela Portugal\",\"isPartOf\":{\"@id\":\"https:\/\/portaltela.pt\/#website\"},\"primaryImageOfPage\":{\"@id\":\"https:\/\/portaltela.pt\/noticias\/2026\/02\/13\/kika-veselko-em-casa-nos-jogos-olimpicos-mira-qualificacao-e-medalha\/#primaryimage\"},\"image\":{\"@id\":\"https:\/\/portaltela.pt\/noticias\/2026\/02\/13\/kika-veselko-em-casa-nos-jogos-olimpicos-mira-qualificacao-e-medalha\/#primaryimage\"},\"thumbnailUrl\":\"https:\/\/portaltela.pt\/s.01k8rhncp4jt1\/2026\/02\/img_1200x721uu2026-02-12-17-18-48-2421179.jpg\",\"datePublished\":\"2026-02-13T11:55:00+00:00\",\"author\":{\"@id\":\"https:\/\/portaltela.pt\/#\/schema\/person\/c4278d4a6028830caff9ee44b42d32ed\"},\"breadcrumb\":{\"@id\":\"https:\/\/portaltela.pt\/noticias\/2026\/02\/13\/kika-veselko-em-casa-nos-jogos-olimpicos-mira-qualificacao-e-medalha\/#breadcrumb\"},\"inLanguage\":\"pt-PT\",\"potentialAction\":[{\"@type\":\"ReadAction\",\"target\":[\"https:\/\/portaltela.pt\/noticias\/2026\/02\/13\/kika-veselko-em-casa-nos-jogos-olimpicos-mira-qualificacao-e-medalha\/\"]}]},{\"@type\":\"ImageObject\",\"inLanguage\":\"pt-PT\",\"@id\":\"https:\/\/portaltela.pt\/noticias\/2026\/02\/13\/kika-veselko-em-casa-nos-jogos-olimpicos-mira-qualificacao-e-medalha\/#primaryimage\",\"url\":\"https:\/\/portaltela.pt\/s.01k8rhncp4jt1\/2026\/02\/img_1200x721uu2026-02-12-17-18-48-2421179.jpg\",\"contentUrl\":\"https:\/\/portaltela.pt\/s.01k8rhncp4jt1\/2026\/02\/img_1200x721uu2026-02-12-17-18-48-2421179.jpg\",\"width\":796,\"height\":448,\"caption\":\"Photo\"},{\"@type\":\"BreadcrumbList\",\"@id\":\"https:\/\/portaltela.pt\/noticias\/2026\/02\/13\/kika-veselko-em-casa-nos-jogos-olimpicos-mira-qualificacao-e-medalha\/#breadcrumb\",\"itemListElement\":[{\"@type\":\"ListItem\",\"position\":1,\"name\":\"In\u00edcio\",\"item\":\"https:\/\/portaltela.pt\/\"},{\"@type\":\"ListItem\",\"position\":2,\"name\":\"Kika Veselko em casa nos Jogos Ol\u00edmpicos mira qualifica\u00e7\u00e3o e medalha\"}]},{\"@type\":\"WebSite\",\"@id\":\"https:\/\/portaltela.pt\/#website\",\"url\":\"https:\/\/portaltela.pt\/\",\"name\":\"Portal Tela Portugal\",\"description\":\"\",\"potentialAction\":[{\"@type\":\"SearchAction\",\"target\":{\"@type\":\"EntryPoint\",\"urlTemplate\":\"https:\/\/portaltela.pt\/?s={search_term_string}\"},\"query-input\":{\"@type\":\"PropertyValueSpecification\",\"valueRequired\":true,\"valueName\":\"search_term_string\"}}],\"inLanguage\":\"pt-PT\"},{\"@type\":\"Person\",\"@id\":\"https:\/\/portaltela.pt\/#\/schema\/person\/c4278d4a6028830caff9ee44b42d32ed\",\"name\":\"Telinha\",\"image\":{\"@type\":\"ImageObject\",\"inLanguage\":\"pt-PT\",\"@id\":\"https:\/\/portaltela.pt\/s.01k8rhncp4jt1\/2025\/11\/talking-bot-125x125.png\",\"url\":\"https:\/\/portaltela.pt\/s.01k8rhncp4jt1\/2025\/11\/talking-bot-125x125.png\",\"contentUrl\":\"https:\/\/portaltela.pt\/s.01k8rhncp4jt1\/2025\/11\/talking-bot-125x125.png\",\"caption\":\"Telinha\"},\"sameAs\":[\"https:\/\/portaltela.pt\/\"],\"url\":\"https:\/\/portaltela.pt\/por\/367410592786\/\"}]}<\/script>\n<!-- \/ Yoast SEO plugin. -->","yoast_head_json":{"title":"Kika Veselko em casa nos Jogos Ol\u00edmpicos mira qualifica\u00e7\u00e3o e medalha - Portal Tela Portugal","robots":{"index":"index","follow":"follow","max-snippet":"max-snippet:-1","max-image-preview":"max-image-preview:large","max-video-preview":"max-video-preview:-1"},"og_locale":"pt_PT","og_type":"article","og_title":"Kika Veselko em casa nos Jogos Ol\u00edmpicos mira qualifica\u00e7\u00e3o e medalha - Portal Tela Portugal","og_description":"Francisca (Kika) Veselko, 22 anos, prepara-se para estrear-se na elite do surf mundial. A atleta de Carcavelos integra o grupo que compete entre as melhores do planeta. Foi campe\u00e3 do Mundo j\u00fanior em 2023. A participa\u00e7\u00e3o nos Jogos Ol\u00edmpicos em casa \u00e9 um objetivo destacado. Garante estar preparada para qualificar-se e lutar por uma medalha.","og_url":"https:\/\/portaltela.pt\/noticias\/2026\/02\/13\/kika-veselko-em-casa-nos-jogos-olimpicos-mira-qualificacao-e-medalha\/","og_site_name":"Portal Tela Portugal","article_published_time":"2026-02-13T11:55:00+00:00","author":"Telinha","twitter_card":"summary_large_image","twitter_misc":{"Escrito por":"Telinha","Tempo estimado de leitura":"1 minuto"},"schema":{"@context":"https:\/\/schema.org","@graph":[{"@type":"Article","@id":"https:\/\/portaltela.pt\/noticias\/2026\/02\/13\/kika-veselko-em-casa-nos-jogos-olimpicos-mira-qualificacao-e-medalha\/#article","isPartOf":{"@id":"https:\/\/portaltela.pt\/noticias\/2026\/02\/13\/kika-veselko-em-casa-nos-jogos-olimpicos-mira-qualificacao-e-medalha\/"},"author":{"name":"Telinha","@id":"https:\/\/portaltela.pt\/#\/schema\/person\/c4278d4a6028830caff9ee44b42d32ed"},"headline":"Kika Veselko em casa nos Jogos Ol\u00edmpicos mira qualifica\u00e7\u00e3o e medalha","datePublished":"2026-02-13T11:55:00+00:00","mainEntityOfPage":{"@id":"https:\/\/portaltela.pt\/noticias\/2026\/02\/13\/kika-veselko-em-casa-nos-jogos-olimpicos-mira-qualificacao-e-medalha\/"},"wordCount":206,"image":{"@id":"https:\/\/portaltela.pt\/noticias\/2026\/02\/13\/kika-veselko-em-casa-nos-jogos-olimpicos-mira-qualificacao-e-medalha\/#primaryimage"},"thumbnailUrl":"https:\/\/portaltela.pt\/s.01k8rhncp4jt1\/2026\/02\/img_1200x721uu2026-02-12-17-18-48-2421179.jpg","keywords":["atletas","Carcavelos","desporto","desporto feminino","olimp\u00edadas","Portugal"],"articleSection":["Desporto"],"inLanguage":"pt-PT"},{"@type":"WebPage","@id":"https:\/\/portaltela.pt\/noticias\/2026\/02\/13\/kika-veselko-em-casa-nos-jogos-olimpicos-mira-qualificacao-e-medalha\/","url":"https:\/\/portaltela.pt\/noticias\/2026\/02\/13\/kika-veselko-em-casa-nos-jogos-olimpicos-mira-qualificacao-e-medalha\/","name":"Kika Veselko em casa nos Jogos Ol\u00edmpicos mira qualifica\u00e7\u00e3o e medalha - Portal Tela Portugal","isPartOf":{"@id":"https:\/\/portaltela.pt\/#website"},"primaryImageOfPage":{"@id":"https:\/\/portaltela.pt\/noticias\/2026\/02\/13\/kika-veselko-em-casa-nos-jogos-olimpicos-mira-qualificacao-e-medalha\/#primaryimage"},"image":{"@id":"https:\/\/portaltela.pt\/noticias\/2026\/02\/13\/kika-veselko-em-casa-nos-jogos-olimpicos-mira-qualificacao-e-medalha\/#primaryimage"},"thumbnailUrl":"https:\/\/portaltela.pt\/s.01k8rhncp4jt1\/2026\/02\/img_1200x721uu2026-02-12-17-18-48-2421179.jpg","datePublished":"2026-02-13T11:55:00+00:00","author":{"@id":"https:\/\/portaltela.pt\/#\/schema\/person\/c4278d4a6028830caff9ee44b42d32ed"},"breadcrumb":{"@id":"https:\/\/portaltela.pt\/noticias\/2026\/02\/13\/kika-veselko-em-casa-nos-jogos-olimpicos-mira-qualificacao-e-medalha\/#breadcrumb"},"inLanguage":"pt-PT","potentialAction":[{"@type":"ReadAction","target":["https:\/\/portaltela.pt\/noticias\/2026\/02\/13\/kika-veselko-em-casa-nos-jogos-olimpicos-mira-qualificacao-e-medalha\/"]}]},{"@type":"ImageObject","inLanguage":"pt-PT","@id":"https:\/\/portaltela.pt\/noticias\/2026\/02\/13\/kika-veselko-em-casa-nos-jogos-olimpicos-mira-qualificacao-e-medalha\/#primaryimage","url":"https:\/\/portaltela.pt\/s.01k8rhncp4jt1\/2026\/02\/img_1200x721uu2026-02-12-17-18-48-2421179.jpg","contentUrl":"https:\/\/portaltela.pt\/s.01k8rhncp4jt1\/2026\/02\/img_1200x721uu2026-02-12-17-18-48-2421179.jpg","width":796,"height":448,"caption":"Photo"},{"@type":"BreadcrumbList","@id":"https:\/\/portaltela.pt\/noticias\/2026\/02\/13\/kika-veselko-em-casa-nos-jogos-olimpicos-mira-qualificacao-e-medalha\/#breadcrumb","itemListElement":[{"@type":"ListItem","position":1,"name":"In\u00edcio","item":"https:\/\/portaltela.pt\/"},{"@type":"ListItem","position":2,"name":"Kika Veselko em casa nos Jogos Ol\u00edmpicos mira qualifica\u00e7\u00e3o e medalha"}]},{"@type":"WebSite","@id":"https:\/\/portaltela.pt\/#website","url":"https:\/\/portaltela.pt\/","name":"Portal Tela Portugal","description":"","potentialAction":[{"@type":"SearchAction","target":{"@type":"EntryPoint","urlTemplate":"https:\/\/portaltela.pt\/?s={search_term_string}"},"query-input":{"@type":"PropertyValueSpecification","valueRequired":true,"valueName":"search_term_string"}}],"inLanguage":"pt-PT"},{"@type":"Person","@id":"https:\/\/portaltela.pt\/#\/schema\/person\/c4278d4a6028830caff9ee44b42d32ed","name":"Telinha","image":{"@type":"ImageObject","inLanguage":"pt-PT","@id":"https:\/\/portaltela.pt\/s.01k8rhncp4jt1\/2025\/11\/talking-bot-125x125.png","url":"https:\/\/portaltela.pt\/s.01k8rhncp4jt1\/2025\/11\/talking-bot-125x125.png","contentUrl":"https:\/\/portaltela.pt\/s.01k8rhncp4jt1\/2025\/11\/talking-bot-125x125.png","caption":"Telinha"},"sameAs":["https:\/\/portaltela.pt\/"],"url":"https:\/\/portaltela.pt\/por\/367410592786\/"}]}},"_links":{"self":[{"href":"https:\/\/portaltela.pt\/api\/wp\/v2\/posts\/210778","targetHints":{"allow":["GET"]}}],"collection":[{"href":"https:\/\/portaltela.pt\/api\/wp\/v2\/posts"}],"about":[{"href":"https:\/\/portaltela.pt\/api\/wp\/v2\/types\/post"}],"author":[{"embeddable":true,"href":"https:\/\/portaltela.pt\/api\/wp\/v2\/users\/2"}],"replies":[{"embeddable":true,"href":"https:\/\/portaltela.pt\/api\/wp\/v2\/comments?post=210778"}],"version-history":[{"count":0,"href":"https:\/\/portaltela.pt\/api\/wp\/v2\/posts\/210778\/revisions"}],"wp:featuredmedia":[{"embeddable":true,"href":"https:\/\/portaltela.pt\/api\/wp\/v2\/media\/210780"}],"wp:attachment":[{"href":"https:\/\/portaltela.pt\/api\/wp\/v2\/media?parent=210778"}],"wp:term":[{"taxonomy":"category","embeddable":true,"href":"https:\/\/portaltela.pt\/api\/wp\/v2\/categories?post=210778"},{"taxonomy":"post_tag","embeddable":true,"href":"https:\/\/portaltela.pt\/api\/wp\/v2\/tags?post=210778"}],"curies":[{"name":"wp","href":"https:\/\/api.w.org\/{rel}","templated":true}]}}