{"id":210774,"date":"2026-02-13T09:01:00","date_gmt":"2026-02-13T12:01:00","guid":{"rendered":"https:\/\/portaltela.pt\/noticias\/2026\/02\/13\/providencia-cautelar-e-requerida-em-processo-judicial\/"},"modified":"2026-02-13T09:01:00","modified_gmt":"2026-02-13T12:01:00","slug":"providencia-cautelar-e-requerida-em-processo-judicial","status":"publish","type":"post","link":"https:\/\/portaltela.pt\/noticias\/2026\/02\/13\/providencia-cautelar-e-requerida-em-processo-judicial\/","title":{"rendered":"Provid\u00eancia cautelar \u00e9 requerida em processo judicial"},"content":{"rendered":"<p>O Tribunal Judicial da Comarca de Lisboa decretou uma provid\u00eancia cautelar sem audi\u00e7\u00e3o pr\u00e9via, relacionada a reportagens de 11 e 17 de janeiro de 2026. A decis\u00e3o foi tomada no \u00e2mbito de um processo que ainda admite recurso cab\u00edvel.<\/p>\n<p>A RE\/MAX Portugal esclarece que n\u00e3o \u00e9 autora da burla noticiada nas reportagens mencionadas. A empresa, na qualidade de titular dos direitos de Master Franchise, n\u00e3o \u00e9 respons\u00e1vel pelas opera\u00e7\u00f5es espec\u00edficas das redes franchisadas.<\/p>\n<p>Segundo o tribunal, a medida cautelar visa o conjunto de informa\u00e7\u00f5es envolvidas no caso, sem que haja audi\u00e7\u00e3o pr\u00e9via das partes. O objetivo \u00e9 resguardar direitos at\u00e9 que haja novo desfecho processual.<\/p>\n<p>A RE\/MAX Portugal afirma ainda que continuar\u00e1 a acompanhar o processo e apresentar\u00e1 os recursos legais cab\u00edveis. A divulga\u00e7\u00e3o de esclarecimentos pretende garantir a correta leitura dos fatos pelos leitores.<\/p>\n","protected":false},"excerpt":{"rendered":"<ul>\n<li>Por ordem do Tribunal Judicial da Comarca de Lisboa, foi decretada provid\u00eancia cautelar sem audi\u00e7\u00e3o pr\u00e9via, com recurso a interpor contra a decis\u00e3o.<\/li>\n<li>Esclarece-se que a RE\/MAX Portugal n\u00e3o \u00e9 autora da burla noticiada nas reportagens emitidas nos dias onze e dezassete de janeiro de dois mil e vinte e seis.<\/li>\n<li>A RE\/MAX Portugal, na qualidade de titular dos direitos de Master Franchise, n\u00e3o \u00e9 respons\u00e1vel pelas opera\u00e7\u00f5es espec\u00edficas das franchisadas.<\/li>\n<li>Ser\u00e1 interposto o competente recurso contra a decis\u00e3o de provid\u00eancia cautelar.<\/li>\n<li>O esclarecimento visa clarificar a posi\u00e7\u00e3o da empresa face \u00e0s reportagens.<\/li>\n<\/ul>\n","protected":false},"author":2,"featured_media":210777,"comment_status":"closed","ping_status":"closed","sticky":false,"template":"","format":"standard","meta":{"footnotes":""},"categories":[1],"tags":[4648,2861,215,803,3667],"class_list":["post-210774","post","type-post","status-publish","format-standard","has-post-thumbnail","hentry","category-noticias","tag-1o-direito","tag-denuncia-crime","tag-investigacao","tag-justica","tag-processos"],"yoast_head":"<!-- This site is optimized with the Yoast SEO plugin v27.2 - https:\/\/yoast.com\/product\/yoast-seo-wordpress\/ -->\n<title>Provid\u00eancia cautelar \u00e9 requerida em processo judicial - Portal Tela Portugal<\/title>\n<meta name=\"robots\" content=\"index, follow, max-snippet:-1, max-image-preview:large, max-video-preview:-1\" \/>\n<meta property=\"og:locale\" content=\"pt_PT\" \/>\n<meta property=\"og:type\" content=\"article\" \/>\n<meta property=\"og:title\" content=\"Provid\u00eancia cautelar \u00e9 requerida em processo judicial - Portal Tela Portugal\" \/>\n<meta property=\"og:description\" content=\"Por ordem do Tribunal Judicial da Comarca de Lisboa, foi decretada provid\u00eancia cautelar sem audi\u00e7\u00e3o pr\u00e9via, com recurso a interpor contra a decis\u00e3o. Esclarece-se que a RE\/MAX Portugal n\u00e3o \u00e9 autora da burla noticiada nas reportagens emitidas nos dias onze e dezassete de janeiro de dois mil e vinte e seis. A RE\/MAX Portugal, na qualidade de titular dos direitos de Master Franchise, n\u00e3o \u00e9 respons\u00e1vel pelas opera\u00e7\u00f5es espec\u00edficas das franchisadas. Ser\u00e1 interposto o competente recurso contra a decis\u00e3o de provid\u00eancia cautelar. O esclarecimento visa clarificar a posi\u00e7\u00e3o da empresa face \u00e0s reportagens.\" \/>\n<meta property=\"og:url\" content=\"https:\/\/portaltela.pt\/noticias\/2026\/02\/13\/providencia-cautelar-e-requerida-em-processo-judicial\/\" \/>\n<meta property=\"og:site_name\" content=\"Portal Tela Portugal\" \/>\n<meta property=\"article:published_time\" content=\"2026-02-13T12:01:00+00:00\" \/>\n<meta name=\"author\" content=\"Telinha\" \/>\n<meta name=\"twitter:card\" content=\"summary_large_image\" \/>\n<meta name=\"twitter:label1\" content=\"Escrito por\" \/>\n\t<meta name=\"twitter:data1\" content=\"Telinha\" \/>\n\t<meta name=\"twitter:label2\" content=\"Tempo estimado de leitura\" \/>\n\t<meta name=\"twitter:data2\" content=\"1 minuto\" \/>\n<script type=\"application\/ld+json\" class=\"yoast-schema-graph\">{\"@context\":\"https:\/\/schema.org\",\"@graph\":[{\"@type\":\"Article\",\"@id\":\"https:\/\/portaltela.pt\/noticias\/2026\/02\/13\/providencia-cautelar-e-requerida-em-processo-judicial\/#article\",\"isPartOf\":{\"@id\":\"https:\/\/portaltela.pt\/noticias\/2026\/02\/13\/providencia-cautelar-e-requerida-em-processo-judicial\/\"},\"author\":{\"name\":\"Telinha\",\"@id\":\"https:\/\/portaltela.pt\/#\/schema\/person\/c4278d4a6028830caff9ee44b42d32ed\"},\"headline\":\"Provid\u00eancia cautelar \u00e9 requerida em processo judicial\",\"datePublished\":\"2026-02-13T12:01:00+00:00\",\"mainEntityOfPage\":{\"@id\":\"https:\/\/portaltela.pt\/noticias\/2026\/02\/13\/providencia-cautelar-e-requerida-em-processo-judicial\/\"},\"wordCount\":153,\"image\":{\"@id\":\"https:\/\/portaltela.pt\/noticias\/2026\/02\/13\/providencia-cautelar-e-requerida-em-processo-judicial\/#primaryimage\"},\"thumbnailUrl\":\"https:\/\/portaltela.pt\/s.01k8rhncp4jt1\/2026\/02\/img_1500x1000uu2024-06-13-17-46-35-1679688-1.jpg\",\"keywords\":[\"1\u00ba Direito\",\"den\u00fancia-crime\",\"investiga\u00e7\u00e3o\",\"justi\u00e7a\",\"processos\"],\"articleSection\":[\"Not\u00edcias\"],\"inLanguage\":\"pt-PT\"},{\"@type\":\"WebPage\",\"@id\":\"https:\/\/portaltela.pt\/noticias\/2026\/02\/13\/providencia-cautelar-e-requerida-em-processo-judicial\/\",\"url\":\"https:\/\/portaltela.pt\/noticias\/2026\/02\/13\/providencia-cautelar-e-requerida-em-processo-judicial\/\",\"name\":\"Provid\u00eancia cautelar \u00e9 requerida em processo judicial - Portal Tela Portugal\",\"isPartOf\":{\"@id\":\"https:\/\/portaltela.pt\/#website\"},\"primaryImageOfPage\":{\"@id\":\"https:\/\/portaltela.pt\/noticias\/2026\/02\/13\/providencia-cautelar-e-requerida-em-processo-judicial\/#primaryimage\"},\"image\":{\"@id\":\"https:\/\/portaltela.pt\/noticias\/2026\/02\/13\/providencia-cautelar-e-requerida-em-processo-judicial\/#primaryimage\"},\"thumbnailUrl\":\"https:\/\/portaltela.pt\/s.01k8rhncp4jt1\/2026\/02\/img_1500x1000uu2024-06-13-17-46-35-1679688-1.jpg\",\"datePublished\":\"2026-02-13T12:01:00+00:00\",\"author\":{\"@id\":\"https:\/\/portaltela.pt\/#\/schema\/person\/c4278d4a6028830caff9ee44b42d32ed\"},\"breadcrumb\":{\"@id\":\"https:\/\/portaltela.pt\/noticias\/2026\/02\/13\/providencia-cautelar-e-requerida-em-processo-judicial\/#breadcrumb\"},\"inLanguage\":\"pt-PT\",\"potentialAction\":[{\"@type\":\"ReadAction\",\"target\":[\"https:\/\/portaltela.pt\/noticias\/2026\/02\/13\/providencia-cautelar-e-requerida-em-processo-judicial\/\"]}]},{\"@type\":\"ImageObject\",\"inLanguage\":\"pt-PT\",\"@id\":\"https:\/\/portaltela.pt\/noticias\/2026\/02\/13\/providencia-cautelar-e-requerida-em-processo-judicial\/#primaryimage\",\"url\":\"https:\/\/portaltela.pt\/s.01k8rhncp4jt1\/2026\/02\/img_1500x1000uu2024-06-13-17-46-35-1679688-1.jpg\",\"contentUrl\":\"https:\/\/portaltela.pt\/s.01k8rhncp4jt1\/2026\/02\/img_1500x1000uu2024-06-13-17-46-35-1679688-1.jpg\",\"width\":796,\"height\":448,\"caption\":\"Tribunal\"},{\"@type\":\"BreadcrumbList\",\"@id\":\"https:\/\/portaltela.pt\/noticias\/2026\/02\/13\/providencia-cautelar-e-requerida-em-processo-judicial\/#breadcrumb\",\"itemListElement\":[{\"@type\":\"ListItem\",\"position\":1,\"name\":\"In\u00edcio\",\"item\":\"https:\/\/portaltela.pt\/\"},{\"@type\":\"ListItem\",\"position\":2,\"name\":\"Provid\u00eancia cautelar \u00e9 requerida em processo judicial\"}]},{\"@type\":\"WebSite\",\"@id\":\"https:\/\/portaltela.pt\/#website\",\"url\":\"https:\/\/portaltela.pt\/\",\"name\":\"Portal Tela Portugal\",\"description\":\"\",\"potentialAction\":[{\"@type\":\"SearchAction\",\"target\":{\"@type\":\"EntryPoint\",\"urlTemplate\":\"https:\/\/portaltela.pt\/?s={search_term_string}\"},\"query-input\":{\"@type\":\"PropertyValueSpecification\",\"valueRequired\":true,\"valueName\":\"search_term_string\"}}],\"inLanguage\":\"pt-PT\"},{\"@type\":\"Person\",\"@id\":\"https:\/\/portaltela.pt\/#\/schema\/person\/c4278d4a6028830caff9ee44b42d32ed\",\"name\":\"Telinha\",\"image\":{\"@type\":\"ImageObject\",\"inLanguage\":\"pt-PT\",\"@id\":\"https:\/\/portaltela.pt\/s.01k8rhncp4jt1\/2025\/11\/talking-bot-125x125.png\",\"url\":\"https:\/\/portaltela.pt\/s.01k8rhncp4jt1\/2025\/11\/talking-bot-125x125.png\",\"contentUrl\":\"https:\/\/portaltela.pt\/s.01k8rhncp4jt1\/2025\/11\/talking-bot-125x125.png\",\"caption\":\"Telinha\"},\"sameAs\":[\"https:\/\/portaltela.pt\/\"],\"url\":\"https:\/\/portaltela.pt\/por\/367410592786\/\"}]}<\/script>\n<!-- \/ Yoast SEO plugin. -->","yoast_head_json":{"title":"Provid\u00eancia cautelar \u00e9 requerida em processo judicial - Portal Tela Portugal","robots":{"index":"index","follow":"follow","max-snippet":"max-snippet:-1","max-image-preview":"max-image-preview:large","max-video-preview":"max-video-preview:-1"},"og_locale":"pt_PT","og_type":"article","og_title":"Provid\u00eancia cautelar \u00e9 requerida em processo judicial - Portal Tela Portugal","og_description":"Por ordem do Tribunal Judicial da Comarca de Lisboa, foi decretada provid\u00eancia cautelar sem audi\u00e7\u00e3o pr\u00e9via, com recurso a interpor contra a decis\u00e3o. Esclarece-se que a RE\/MAX Portugal n\u00e3o \u00e9 autora da burla noticiada nas reportagens emitidas nos dias onze e dezassete de janeiro de dois mil e vinte e seis. A RE\/MAX Portugal, na qualidade de titular dos direitos de Master Franchise, n\u00e3o \u00e9 respons\u00e1vel pelas opera\u00e7\u00f5es espec\u00edficas das franchisadas. Ser\u00e1 interposto o competente recurso contra a decis\u00e3o de provid\u00eancia cautelar. O esclarecimento visa clarificar a posi\u00e7\u00e3o da empresa face \u00e0s reportagens.","og_url":"https:\/\/portaltela.pt\/noticias\/2026\/02\/13\/providencia-cautelar-e-requerida-em-processo-judicial\/","og_site_name":"Portal Tela Portugal","article_published_time":"2026-02-13T12:01:00+00:00","author":"Telinha","twitter_card":"summary_large_image","twitter_misc":{"Escrito por":"Telinha","Tempo estimado de leitura":"1 minuto"},"schema":{"@context":"https:\/\/schema.org","@graph":[{"@type":"Article","@id":"https:\/\/portaltela.pt\/noticias\/2026\/02\/13\/providencia-cautelar-e-requerida-em-processo-judicial\/#article","isPartOf":{"@id":"https:\/\/portaltela.pt\/noticias\/2026\/02\/13\/providencia-cautelar-e-requerida-em-processo-judicial\/"},"author":{"name":"Telinha","@id":"https:\/\/portaltela.pt\/#\/schema\/person\/c4278d4a6028830caff9ee44b42d32ed"},"headline":"Provid\u00eancia cautelar \u00e9 requerida em processo judicial","datePublished":"2026-02-13T12:01:00+00:00","mainEntityOfPage":{"@id":"https:\/\/portaltela.pt\/noticias\/2026\/02\/13\/providencia-cautelar-e-requerida-em-processo-judicial\/"},"wordCount":153,"image":{"@id":"https:\/\/portaltela.pt\/noticias\/2026\/02\/13\/providencia-cautelar-e-requerida-em-processo-judicial\/#primaryimage"},"thumbnailUrl":"https:\/\/portaltela.pt\/s.01k8rhncp4jt1\/2026\/02\/img_1500x1000uu2024-06-13-17-46-35-1679688-1.jpg","keywords":["1\u00ba Direito","den\u00fancia-crime","investiga\u00e7\u00e3o","justi\u00e7a","processos"],"articleSection":["Not\u00edcias"],"inLanguage":"pt-PT"},{"@type":"WebPage","@id":"https:\/\/portaltela.pt\/noticias\/2026\/02\/13\/providencia-cautelar-e-requerida-em-processo-judicial\/","url":"https:\/\/portaltela.pt\/noticias\/2026\/02\/13\/providencia-cautelar-e-requerida-em-processo-judicial\/","name":"Provid\u00eancia cautelar \u00e9 requerida em processo judicial - Portal Tela Portugal","isPartOf":{"@id":"https:\/\/portaltela.pt\/#website"},"primaryImageOfPage":{"@id":"https:\/\/portaltela.pt\/noticias\/2026\/02\/13\/providencia-cautelar-e-requerida-em-processo-judicial\/#primaryimage"},"image":{"@id":"https:\/\/portaltela.pt\/noticias\/2026\/02\/13\/providencia-cautelar-e-requerida-em-processo-judicial\/#primaryimage"},"thumbnailUrl":"https:\/\/portaltela.pt\/s.01k8rhncp4jt1\/2026\/02\/img_1500x1000uu2024-06-13-17-46-35-1679688-1.jpg","datePublished":"2026-02-13T12:01:00+00:00","author":{"@id":"https:\/\/portaltela.pt\/#\/schema\/person\/c4278d4a6028830caff9ee44b42d32ed"},"breadcrumb":{"@id":"https:\/\/portaltela.pt\/noticias\/2026\/02\/13\/providencia-cautelar-e-requerida-em-processo-judicial\/#breadcrumb"},"inLanguage":"pt-PT","potentialAction":[{"@type":"ReadAction","target":["https:\/\/portaltela.pt\/noticias\/2026\/02\/13\/providencia-cautelar-e-requerida-em-processo-judicial\/"]}]},{"@type":"ImageObject","inLanguage":"pt-PT","@id":"https:\/\/portaltela.pt\/noticias\/2026\/02\/13\/providencia-cautelar-e-requerida-em-processo-judicial\/#primaryimage","url":"https:\/\/portaltela.pt\/s.01k8rhncp4jt1\/2026\/02\/img_1500x1000uu2024-06-13-17-46-35-1679688-1.jpg","contentUrl":"https:\/\/portaltela.pt\/s.01k8rhncp4jt1\/2026\/02\/img_1500x1000uu2024-06-13-17-46-35-1679688-1.jpg","width":796,"height":448,"caption":"Tribunal"},{"@type":"BreadcrumbList","@id":"https:\/\/portaltela.pt\/noticias\/2026\/02\/13\/providencia-cautelar-e-requerida-em-processo-judicial\/#breadcrumb","itemListElement":[{"@type":"ListItem","position":1,"name":"In\u00edcio","item":"https:\/\/portaltela.pt\/"},{"@type":"ListItem","position":2,"name":"Provid\u00eancia cautelar \u00e9 requerida em processo judicial"}]},{"@type":"WebSite","@id":"https:\/\/portaltela.pt\/#website","url":"https:\/\/portaltela.pt\/","name":"Portal Tela Portugal","description":"","potentialAction":[{"@type":"SearchAction","target":{"@type":"EntryPoint","urlTemplate":"https:\/\/portaltela.pt\/?s={search_term_string}"},"query-input":{"@type":"PropertyValueSpecification","valueRequired":true,"valueName":"search_term_string"}}],"inLanguage":"pt-PT"},{"@type":"Person","@id":"https:\/\/portaltela.pt\/#\/schema\/person\/c4278d4a6028830caff9ee44b42d32ed","name":"Telinha","image":{"@type":"ImageObject","inLanguage":"pt-PT","@id":"https:\/\/portaltela.pt\/s.01k8rhncp4jt1\/2025\/11\/talking-bot-125x125.png","url":"https:\/\/portaltela.pt\/s.01k8rhncp4jt1\/2025\/11\/talking-bot-125x125.png","contentUrl":"https:\/\/portaltela.pt\/s.01k8rhncp4jt1\/2025\/11\/talking-bot-125x125.png","caption":"Telinha"},"sameAs":["https:\/\/portaltela.pt\/"],"url":"https:\/\/portaltela.pt\/por\/367410592786\/"}]}},"_links":{"self":[{"href":"https:\/\/portaltela.pt\/api\/wp\/v2\/posts\/210774","targetHints":{"allow":["GET"]}}],"collection":[{"href":"https:\/\/portaltela.pt\/api\/wp\/v2\/posts"}],"about":[{"href":"https:\/\/portaltela.pt\/api\/wp\/v2\/types\/post"}],"author":[{"embeddable":true,"href":"https:\/\/portaltela.pt\/api\/wp\/v2\/users\/2"}],"replies":[{"embeddable":true,"href":"https:\/\/portaltela.pt\/api\/wp\/v2\/comments?post=210774"}],"version-history":[{"count":0,"href":"https:\/\/portaltela.pt\/api\/wp\/v2\/posts\/210774\/revisions"}],"wp:featuredmedia":[{"embeddable":true,"href":"https:\/\/portaltela.pt\/api\/wp\/v2\/media\/210777"}],"wp:attachment":[{"href":"https:\/\/portaltela.pt\/api\/wp\/v2\/media?parent=210774"}],"wp:term":[{"taxonomy":"category","embeddable":true,"href":"https:\/\/portaltela.pt\/api\/wp\/v2\/categories?post=210774"},{"taxonomy":"post_tag","embeddable":true,"href":"https:\/\/portaltela.pt\/api\/wp\/v2\/tags?post=210774"}],"curies":[{"name":"wp","href":"https:\/\/api.w.org\/{rel}","templated":true}]}}