{"id":210743,"date":"2026-02-13T08:18:00","date_gmt":"2026-02-13T11:18:00","guid":{"rendered":"https:\/\/portaltela.pt\/noticias\/2026\/02\/13\/pedro-santos-e-joao-pedro-silva-vencem-premio-carlos-paredes-com-frutos-maduros\/"},"modified":"2026-02-13T08:18:00","modified_gmt":"2026-02-13T11:18:00","slug":"pedro-santos-e-joao-pedro-silva-vencem-premio-carlos-paredes-com-frutos-maduros","status":"publish","type":"post","link":"https:\/\/portaltela.pt\/noticias\/2026\/02\/13\/pedro-santos-e-joao-pedro-silva-vencem-premio-carlos-paredes-com-frutos-maduros\/","title":{"rendered":"Pedro Santos e Jo\u00e3o Pedro Silva vencem Pr\u00e9mio Carlos Paredes com Frutos Maduros"},"content":{"rendered":"<p>Pedro Santos e Jo\u00e3o Pedro Silva venceram a edi\u00e7\u00e3o de 2025 do pr\u00e9mio Carlos Paredes com o \u00e1lbum Frutos Maduros. O disco, editado pela Artway, junta Santos ao acorde\u00e3o, Silva ao saxofone, electr\u00f3nica e percuss\u00f5es, com Rita Maria a interpretar a voz.<\/p>\n<p>A decis\u00e3o foi divulgada pela C\u00e2mara Municipal de Vila Franca de Xira, entidade que atribui o pr\u00e9mio. O j\u00fari, composto por Lu\u00edsa Amaro, Carlos Alberto Moniz, Rui Filipe dos Reis e Telmo Lopes, votou por maioria.<\/p>\n<p>Frutos Maduros inclui interpreta\u00e7\u00f5es de Bernardo Sassetti, Daniel Bernardes, Jorge Salgueiro, Lino Guerreiro e M\u00e1rio Laginha, apresentando uma abordagem de m\u00fasica instrumental n\u00e3o erudita de raiz popular. O pr\u00e9mio ser\u00e1 entregue em data ainda por definir.<\/p>\n<h3>Sobre o pr\u00e9mio Carlos Paredes<\/h3>\n<p>Institu\u00eddo em 2003 pela C\u00e2mara Municipal, o galard\u00e3o distingue trabalhos discogr\u00e1ficos de m\u00fasica instrumental n\u00e3o erudita, editados no ano anterior. Entre os vencedores anteriores est\u00e3o nomes como Bernardo Sassetti, M\u00e1rio Laginha, Pedro J\u00f3ia, Carminho e Cristina Branco.<\/p>\n","protected":false},"excerpt":{"rendered":"<ul>\n<li>Pedro Santos e Jo\u00e3o Pedro Silva venceram a edi\u00e7\u00e3o de 2025 do pr\u00e9mio Carlos Paredes com o disco Frutos Maduros, editado pela Artway.<\/li>\n<li>A obra conta com Pedro Santos no acorde\u00e3o, Jo\u00e3o Pedro Silva no saxofone, na electr\u00f3nica e nas percuss\u00f5es, e Rita Maria na voz.<\/li>\n<li>O pr\u00e9mio foi anunciado pela C\u00e2mara Municipal de Vila Franca de Xira, por maioria de um j\u00fari constitu\u00eddo por Lu\u00edsa Amaro, Carlos Alberto Moniz, Rui Filipe dos Reis e Telmo Lopes.<\/li>\n<li>O j\u00fari destacou a capacidade de recriar qualidade e de apresentar uma nova composi\u00e7\u00e3o a partir de obras j\u00e1 com valor art\u00edstico significativo.<\/li>\n<li>O pr\u00e9mio, criado em 2003 pela autarquia, visa distinguir trabalhos discogr\u00e1ficos de m\u00fasica instrumental n\u00e3o erudita de raiz popular editados no ano anterior; j\u00e1 foram premiados Bernardo Sassetti, M\u00e1rio Laginha, Pedro J\u00f3ia, Carminho e Cristina Branco.<\/li>\n<\/ul>\n","protected":false},"author":2,"featured_media":210751,"comment_status":"closed","ping_status":"closed","sticky":false,"template":"","format":"standard","meta":{"footnotes":""},"categories":[1],"tags":[5449,5431,122,1014,3529,3980],"class_list":["post-210743","post","type-post","status-publish","format-standard","has-post-thumbnail","hentry","category-noticias","tag-camara-municipal","tag-carlos-paredes","tag-musica","tag-portugal","tag-saxofones","tag-vila-franca-de-xira"],"yoast_head":"<!-- This site is optimized with the Yoast SEO plugin v27.2 - https:\/\/yoast.com\/product\/yoast-seo-wordpress\/ -->\n<title>Pedro Santos e Jo\u00e3o Pedro Silva vencem Pr\u00e9mio Carlos Paredes com Frutos Maduros - Portal Tela Portugal<\/title>\n<meta name=\"robots\" content=\"index, follow, max-snippet:-1, max-image-preview:large, max-video-preview:-1\" \/>\n<meta property=\"og:locale\" content=\"pt_PT\" \/>\n<meta property=\"og:type\" content=\"article\" \/>\n<meta property=\"og:title\" content=\"Pedro Santos e Jo\u00e3o Pedro Silva vencem Pr\u00e9mio Carlos Paredes com Frutos Maduros - Portal Tela Portugal\" \/>\n<meta property=\"og:description\" content=\"Pedro Santos e Jo\u00e3o Pedro Silva venceram a edi\u00e7\u00e3o de 2025 do pr\u00e9mio Carlos Paredes com o disco Frutos Maduros, editado pela Artway. A obra conta com Pedro Santos no acorde\u00e3o, Jo\u00e3o Pedro Silva no saxofone, na electr\u00f3nica e nas percuss\u00f5es, e Rita Maria na voz. O pr\u00e9mio foi anunciado pela C\u00e2mara Municipal de Vila Franca de Xira, por maioria de um j\u00fari constitu\u00eddo por Lu\u00edsa Amaro, Carlos Alberto Moniz, Rui Filipe dos Reis e Telmo Lopes. O j\u00fari destacou a capacidade de recriar qualidade e de apresentar uma nova composi\u00e7\u00e3o a partir de obras j\u00e1 com valor art\u00edstico significativo. O pr\u00e9mio, criado em 2003 pela autarquia, visa distinguir trabalhos discogr\u00e1ficos de m\u00fasica instrumental n\u00e3o erudita de raiz popular editados no ano anterior; j\u00e1 foram premiados Bernardo Sassetti, M\u00e1rio Laginha, Pedro J\u00f3ia, Carminho e Cristina Branco.\" \/>\n<meta property=\"og:url\" content=\"https:\/\/portaltela.pt\/noticias\/2026\/02\/13\/pedro-santos-e-joao-pedro-silva-vencem-premio-carlos-paredes-com-frutos-maduros\/\" \/>\n<meta property=\"og:site_name\" content=\"Portal Tela Portugal\" \/>\n<meta property=\"article:published_time\" content=\"2026-02-13T11:18:00+00:00\" \/>\n<meta name=\"author\" content=\"Telinha\" \/>\n<meta name=\"twitter:card\" content=\"summary_large_image\" \/>\n<meta name=\"twitter:label1\" content=\"Escrito por\" \/>\n\t<meta name=\"twitter:data1\" content=\"Telinha\" \/>\n\t<meta name=\"twitter:label2\" content=\"Tempo estimado de leitura\" \/>\n\t<meta name=\"twitter:data2\" content=\"1 minuto\" \/>\n<script type=\"application\/ld+json\" class=\"yoast-schema-graph\">{\"@context\":\"https:\/\/schema.org\",\"@graph\":[{\"@type\":\"Article\",\"@id\":\"https:\/\/portaltela.pt\/noticias\/2026\/02\/13\/pedro-santos-e-joao-pedro-silva-vencem-premio-carlos-paredes-com-frutos-maduros\/#article\",\"isPartOf\":{\"@id\":\"https:\/\/portaltela.pt\/noticias\/2026\/02\/13\/pedro-santos-e-joao-pedro-silva-vencem-premio-carlos-paredes-com-frutos-maduros\/\"},\"author\":{\"name\":\"Telinha\",\"@id\":\"https:\/\/portaltela.pt\/#\/schema\/person\/c4278d4a6028830caff9ee44b42d32ed\"},\"headline\":\"Pedro Santos e Jo\u00e3o Pedro Silva vencem Pr\u00e9mio Carlos Paredes com Frutos Maduros\",\"datePublished\":\"2026-02-13T11:18:00+00:00\",\"mainEntityOfPage\":{\"@id\":\"https:\/\/portaltela.pt\/noticias\/2026\/02\/13\/pedro-santos-e-joao-pedro-silva-vencem-premio-carlos-paredes-com-frutos-maduros\/\"},\"wordCount\":195,\"image\":{\"@id\":\"https:\/\/portaltela.pt\/noticias\/2026\/02\/13\/pedro-santos-e-joao-pedro-silva-vencem-premio-carlos-paredes-com-frutos-maduros\/#primaryimage\"},\"thumbnailUrl\":\"https:\/\/portaltela.pt\/s.01k8rhncp4jt1\/2026\/02\/tpUHdbIMAGENStypePNGshare1oBarraFacebook_Ipsilon.png\",\"keywords\":[\"C\u00e2mara Municipal\",\"Carlos Paredes\",\"m\u00fasica\",\"Portugal\",\"saxofones\",\"Vila Franca de Xira\"],\"articleSection\":[\"Not\u00edcias\"],\"inLanguage\":\"pt-PT\"},{\"@type\":\"WebPage\",\"@id\":\"https:\/\/portaltela.pt\/noticias\/2026\/02\/13\/pedro-santos-e-joao-pedro-silva-vencem-premio-carlos-paredes-com-frutos-maduros\/\",\"url\":\"https:\/\/portaltela.pt\/noticias\/2026\/02\/13\/pedro-santos-e-joao-pedro-silva-vencem-premio-carlos-paredes-com-frutos-maduros\/\",\"name\":\"Pedro Santos e Jo\u00e3o Pedro Silva vencem Pr\u00e9mio Carlos Paredes com Frutos Maduros - Portal Tela Portugal\",\"isPartOf\":{\"@id\":\"https:\/\/portaltela.pt\/#website\"},\"primaryImageOfPage\":{\"@id\":\"https:\/\/portaltela.pt\/noticias\/2026\/02\/13\/pedro-santos-e-joao-pedro-silva-vencem-premio-carlos-paredes-com-frutos-maduros\/#primaryimage\"},\"image\":{\"@id\":\"https:\/\/portaltela.pt\/noticias\/2026\/02\/13\/pedro-santos-e-joao-pedro-silva-vencem-premio-carlos-paredes-com-frutos-maduros\/#primaryimage\"},\"thumbnailUrl\":\"https:\/\/portaltela.pt\/s.01k8rhncp4jt1\/2026\/02\/tpUHdbIMAGENStypePNGshare1oBarraFacebook_Ipsilon.png\",\"datePublished\":\"2026-02-13T11:18:00+00:00\",\"author\":{\"@id\":\"https:\/\/portaltela.pt\/#\/schema\/person\/c4278d4a6028830caff9ee44b42d32ed\"},\"breadcrumb\":{\"@id\":\"https:\/\/portaltela.pt\/noticias\/2026\/02\/13\/pedro-santos-e-joao-pedro-silva-vencem-premio-carlos-paredes-com-frutos-maduros\/#breadcrumb\"},\"inLanguage\":\"pt-PT\",\"potentialAction\":[{\"@type\":\"ReadAction\",\"target\":[\"https:\/\/portaltela.pt\/noticias\/2026\/02\/13\/pedro-santos-e-joao-pedro-silva-vencem-premio-carlos-paredes-com-frutos-maduros\/\"]}]},{\"@type\":\"ImageObject\",\"inLanguage\":\"pt-PT\",\"@id\":\"https:\/\/portaltela.pt\/noticias\/2026\/02\/13\/pedro-santos-e-joao-pedro-silva-vencem-premio-carlos-paredes-com-frutos-maduros\/#primaryimage\",\"url\":\"https:\/\/portaltela.pt\/s.01k8rhncp4jt1\/2026\/02\/tpUHdbIMAGENStypePNGshare1oBarraFacebook_Ipsilon.png\",\"contentUrl\":\"https:\/\/portaltela.pt\/s.01k8rhncp4jt1\/2026\/02\/tpUHdbIMAGENStypePNGshare1oBarraFacebook_Ipsilon.png\",\"width\":1200,\"height\":630,\"caption\":\"A dupla de m\u00fasicos agora premiada, Jo\u00e3o Pedro Silva e Pedro Santos\"},{\"@type\":\"BreadcrumbList\",\"@id\":\"https:\/\/portaltela.pt\/noticias\/2026\/02\/13\/pedro-santos-e-joao-pedro-silva-vencem-premio-carlos-paredes-com-frutos-maduros\/#breadcrumb\",\"itemListElement\":[{\"@type\":\"ListItem\",\"position\":1,\"name\":\"In\u00edcio\",\"item\":\"https:\/\/portaltela.pt\/\"},{\"@type\":\"ListItem\",\"position\":2,\"name\":\"Pedro Santos e Jo\u00e3o Pedro Silva vencem Pr\u00e9mio Carlos Paredes com Frutos Maduros\"}]},{\"@type\":\"WebSite\",\"@id\":\"https:\/\/portaltela.pt\/#website\",\"url\":\"https:\/\/portaltela.pt\/\",\"name\":\"Portal Tela Portugal\",\"description\":\"\",\"potentialAction\":[{\"@type\":\"SearchAction\",\"target\":{\"@type\":\"EntryPoint\",\"urlTemplate\":\"https:\/\/portaltela.pt\/?s={search_term_string}\"},\"query-input\":{\"@type\":\"PropertyValueSpecification\",\"valueRequired\":true,\"valueName\":\"search_term_string\"}}],\"inLanguage\":\"pt-PT\"},{\"@type\":\"Person\",\"@id\":\"https:\/\/portaltela.pt\/#\/schema\/person\/c4278d4a6028830caff9ee44b42d32ed\",\"name\":\"Telinha\",\"image\":{\"@type\":\"ImageObject\",\"inLanguage\":\"pt-PT\",\"@id\":\"https:\/\/portaltela.pt\/s.01k8rhncp4jt1\/2025\/11\/talking-bot-125x125.png\",\"url\":\"https:\/\/portaltela.pt\/s.01k8rhncp4jt1\/2025\/11\/talking-bot-125x125.png\",\"contentUrl\":\"https:\/\/portaltela.pt\/s.01k8rhncp4jt1\/2025\/11\/talking-bot-125x125.png\",\"caption\":\"Telinha\"},\"sameAs\":[\"https:\/\/portaltela.pt\/\"],\"url\":\"https:\/\/portaltela.pt\/por\/367410592786\/\"}]}<\/script>\n<!-- \/ Yoast SEO plugin. -->","yoast_head_json":{"title":"Pedro Santos e Jo\u00e3o Pedro Silva vencem Pr\u00e9mio Carlos Paredes com Frutos Maduros - Portal Tela Portugal","robots":{"index":"index","follow":"follow","max-snippet":"max-snippet:-1","max-image-preview":"max-image-preview:large","max-video-preview":"max-video-preview:-1"},"og_locale":"pt_PT","og_type":"article","og_title":"Pedro Santos e Jo\u00e3o Pedro Silva vencem Pr\u00e9mio Carlos Paredes com Frutos Maduros - Portal Tela Portugal","og_description":"Pedro Santos e Jo\u00e3o Pedro Silva venceram a edi\u00e7\u00e3o de 2025 do pr\u00e9mio Carlos Paredes com o disco Frutos Maduros, editado pela Artway. A obra conta com Pedro Santos no acorde\u00e3o, Jo\u00e3o Pedro Silva no saxofone, na electr\u00f3nica e nas percuss\u00f5es, e Rita Maria na voz. O pr\u00e9mio foi anunciado pela C\u00e2mara Municipal de Vila Franca de Xira, por maioria de um j\u00fari constitu\u00eddo por Lu\u00edsa Amaro, Carlos Alberto Moniz, Rui Filipe dos Reis e Telmo Lopes. O j\u00fari destacou a capacidade de recriar qualidade e de apresentar uma nova composi\u00e7\u00e3o a partir de obras j\u00e1 com valor art\u00edstico significativo. O pr\u00e9mio, criado em 2003 pela autarquia, visa distinguir trabalhos discogr\u00e1ficos de m\u00fasica instrumental n\u00e3o erudita de raiz popular editados no ano anterior; j\u00e1 foram premiados Bernardo Sassetti, M\u00e1rio Laginha, Pedro J\u00f3ia, Carminho e Cristina Branco.","og_url":"https:\/\/portaltela.pt\/noticias\/2026\/02\/13\/pedro-santos-e-joao-pedro-silva-vencem-premio-carlos-paredes-com-frutos-maduros\/","og_site_name":"Portal Tela Portugal","article_published_time":"2026-02-13T11:18:00+00:00","author":"Telinha","twitter_card":"summary_large_image","twitter_misc":{"Escrito por":"Telinha","Tempo estimado de leitura":"1 minuto"},"schema":{"@context":"https:\/\/schema.org","@graph":[{"@type":"Article","@id":"https:\/\/portaltela.pt\/noticias\/2026\/02\/13\/pedro-santos-e-joao-pedro-silva-vencem-premio-carlos-paredes-com-frutos-maduros\/#article","isPartOf":{"@id":"https:\/\/portaltela.pt\/noticias\/2026\/02\/13\/pedro-santos-e-joao-pedro-silva-vencem-premio-carlos-paredes-com-frutos-maduros\/"},"author":{"name":"Telinha","@id":"https:\/\/portaltela.pt\/#\/schema\/person\/c4278d4a6028830caff9ee44b42d32ed"},"headline":"Pedro Santos e Jo\u00e3o Pedro Silva vencem Pr\u00e9mio Carlos Paredes com Frutos Maduros","datePublished":"2026-02-13T11:18:00+00:00","mainEntityOfPage":{"@id":"https:\/\/portaltela.pt\/noticias\/2026\/02\/13\/pedro-santos-e-joao-pedro-silva-vencem-premio-carlos-paredes-com-frutos-maduros\/"},"wordCount":195,"image":{"@id":"https:\/\/portaltela.pt\/noticias\/2026\/02\/13\/pedro-santos-e-joao-pedro-silva-vencem-premio-carlos-paredes-com-frutos-maduros\/#primaryimage"},"thumbnailUrl":"https:\/\/portaltela.pt\/s.01k8rhncp4jt1\/2026\/02\/tpUHdbIMAGENStypePNGshare1oBarraFacebook_Ipsilon.png","keywords":["C\u00e2mara Municipal","Carlos Paredes","m\u00fasica","Portugal","saxofones","Vila Franca de Xira"],"articleSection":["Not\u00edcias"],"inLanguage":"pt-PT"},{"@type":"WebPage","@id":"https:\/\/portaltela.pt\/noticias\/2026\/02\/13\/pedro-santos-e-joao-pedro-silva-vencem-premio-carlos-paredes-com-frutos-maduros\/","url":"https:\/\/portaltela.pt\/noticias\/2026\/02\/13\/pedro-santos-e-joao-pedro-silva-vencem-premio-carlos-paredes-com-frutos-maduros\/","name":"Pedro Santos e Jo\u00e3o Pedro Silva vencem Pr\u00e9mio Carlos Paredes com Frutos Maduros - Portal Tela Portugal","isPartOf":{"@id":"https:\/\/portaltela.pt\/#website"},"primaryImageOfPage":{"@id":"https:\/\/portaltela.pt\/noticias\/2026\/02\/13\/pedro-santos-e-joao-pedro-silva-vencem-premio-carlos-paredes-com-frutos-maduros\/#primaryimage"},"image":{"@id":"https:\/\/portaltela.pt\/noticias\/2026\/02\/13\/pedro-santos-e-joao-pedro-silva-vencem-premio-carlos-paredes-com-frutos-maduros\/#primaryimage"},"thumbnailUrl":"https:\/\/portaltela.pt\/s.01k8rhncp4jt1\/2026\/02\/tpUHdbIMAGENStypePNGshare1oBarraFacebook_Ipsilon.png","datePublished":"2026-02-13T11:18:00+00:00","author":{"@id":"https:\/\/portaltela.pt\/#\/schema\/person\/c4278d4a6028830caff9ee44b42d32ed"},"breadcrumb":{"@id":"https:\/\/portaltela.pt\/noticias\/2026\/02\/13\/pedro-santos-e-joao-pedro-silva-vencem-premio-carlos-paredes-com-frutos-maduros\/#breadcrumb"},"inLanguage":"pt-PT","potentialAction":[{"@type":"ReadAction","target":["https:\/\/portaltela.pt\/noticias\/2026\/02\/13\/pedro-santos-e-joao-pedro-silva-vencem-premio-carlos-paredes-com-frutos-maduros\/"]}]},{"@type":"ImageObject","inLanguage":"pt-PT","@id":"https:\/\/portaltela.pt\/noticias\/2026\/02\/13\/pedro-santos-e-joao-pedro-silva-vencem-premio-carlos-paredes-com-frutos-maduros\/#primaryimage","url":"https:\/\/portaltela.pt\/s.01k8rhncp4jt1\/2026\/02\/tpUHdbIMAGENStypePNGshare1oBarraFacebook_Ipsilon.png","contentUrl":"https:\/\/portaltela.pt\/s.01k8rhncp4jt1\/2026\/02\/tpUHdbIMAGENStypePNGshare1oBarraFacebook_Ipsilon.png","width":1200,"height":630,"caption":"A dupla de m\u00fasicos agora premiada, Jo\u00e3o Pedro Silva e Pedro Santos"},{"@type":"BreadcrumbList","@id":"https:\/\/portaltela.pt\/noticias\/2026\/02\/13\/pedro-santos-e-joao-pedro-silva-vencem-premio-carlos-paredes-com-frutos-maduros\/#breadcrumb","itemListElement":[{"@type":"ListItem","position":1,"name":"In\u00edcio","item":"https:\/\/portaltela.pt\/"},{"@type":"ListItem","position":2,"name":"Pedro Santos e Jo\u00e3o Pedro Silva vencem Pr\u00e9mio Carlos Paredes com Frutos Maduros"}]},{"@type":"WebSite","@id":"https:\/\/portaltela.pt\/#website","url":"https:\/\/portaltela.pt\/","name":"Portal Tela Portugal","description":"","potentialAction":[{"@type":"SearchAction","target":{"@type":"EntryPoint","urlTemplate":"https:\/\/portaltela.pt\/?s={search_term_string}"},"query-input":{"@type":"PropertyValueSpecification","valueRequired":true,"valueName":"search_term_string"}}],"inLanguage":"pt-PT"},{"@type":"Person","@id":"https:\/\/portaltela.pt\/#\/schema\/person\/c4278d4a6028830caff9ee44b42d32ed","name":"Telinha","image":{"@type":"ImageObject","inLanguage":"pt-PT","@id":"https:\/\/portaltela.pt\/s.01k8rhncp4jt1\/2025\/11\/talking-bot-125x125.png","url":"https:\/\/portaltela.pt\/s.01k8rhncp4jt1\/2025\/11\/talking-bot-125x125.png","contentUrl":"https:\/\/portaltela.pt\/s.01k8rhncp4jt1\/2025\/11\/talking-bot-125x125.png","caption":"Telinha"},"sameAs":["https:\/\/portaltela.pt\/"],"url":"https:\/\/portaltela.pt\/por\/367410592786\/"}]}},"_links":{"self":[{"href":"https:\/\/portaltela.pt\/api\/wp\/v2\/posts\/210743","targetHints":{"allow":["GET"]}}],"collection":[{"href":"https:\/\/portaltela.pt\/api\/wp\/v2\/posts"}],"about":[{"href":"https:\/\/portaltela.pt\/api\/wp\/v2\/types\/post"}],"author":[{"embeddable":true,"href":"https:\/\/portaltela.pt\/api\/wp\/v2\/users\/2"}],"replies":[{"embeddable":true,"href":"https:\/\/portaltela.pt\/api\/wp\/v2\/comments?post=210743"}],"version-history":[{"count":0,"href":"https:\/\/portaltela.pt\/api\/wp\/v2\/posts\/210743\/revisions"}],"wp:featuredmedia":[{"embeddable":true,"href":"https:\/\/portaltela.pt\/api\/wp\/v2\/media\/210751"}],"wp:attachment":[{"href":"https:\/\/portaltela.pt\/api\/wp\/v2\/media?parent=210743"}],"wp:term":[{"taxonomy":"category","embeddable":true,"href":"https:\/\/portaltela.pt\/api\/wp\/v2\/categories?post=210743"},{"taxonomy":"post_tag","embeddable":true,"href":"https:\/\/portaltela.pt\/api\/wp\/v2\/tags?post=210743"}],"curies":[{"name":"wp","href":"https:\/\/api.w.org\/{rel}","templated":true}]}}